{"id":21774,"date":"2009-05-19T20:01:22","date_gmt":"2009-05-19T18:01:22","guid":{"rendered":"http:\/\/www.visit-ulcinj.com\/blog\/?p=21774"},"modified":"2009-05-19T20:02:16","modified_gmt":"2009-05-19T18:02:16","slug":"albanska-parlamentarna-stranka-forca-trazi-referendum","status":"publish","type":"post","link":"https:\/\/www.visit-ulcinj.com\/blog\/2009\/05\/19\/albanska-parlamentarna-stranka-forca-trazi-referendum\/","title":{"rendered":"Albanska parlamentarna stranka FORCA tra\u017ei referendum"},"content":{"rendered":"<p><a href=\"http:\/\/www.visit-ulcinj.com\/blog\/wp-content\/uploads\/2009\/05\/forca-trazi-referendum.jpg\"><img loading=\"lazy\" class=\"alignleft size-full wp-image-21775\" title=\"forca-trazi-referendum\" src=\"http:\/\/www.visit-ulcinj.com\/blog\/wp-content\/uploads\/2009\/05\/forca-trazi-referendum.jpg\" alt=\"forca-trazi-referendum\" width=\"580\" height=\"247\" \/><\/a>Albanska parlamentarna stranka FORCA najavila je ju?e da ?e uobli?iti formalnu inicijativu u Skup\u0161tini Crne Gore da se raspi\u0161e referendum o davanju statusa op\u0161tine Tuzima. Lider te partije Nazif Cungu u razgovoru za &#8220;Dan&#8221; optu\u017eio je DPS da je prekr\u0161ila obe?anje koje je dala albanskim politi?kim predstavnicima da ?e Tuzi imati status op\u0161tine.<br \/>\n&#8211; DPS izgleda obe?ava mnogo toga, ali vjerujemo da ?e u narednom periodu najavu da ?e Tuzi biti op\u0161tina, zaista i ostvariti &#8211; kazao je Cungu.<br \/>\nOn je rekao da uz poslanika njegove stranke, predstavnici Demokratske unije Albanaca, koalicije Perspektiva i Albanske koalicije pru\u017eaju podr\u0161ku da se u Malesiji organizuje referendum. Cungu navodi da uz zahtjeve ?etiri albanska poslanika i trojica parlamentaraca iz Bo\u0161nja?ke stranke tra\u017ee da se Petnjici da status op\u0161tine.<br \/>\n&#8211; To zna?i da ?emo u novom sazivu imati strukturu u parlamentu koja ?e tra\u017eiti decentralizaciju u punom smslu te rije?i, da se Tuzima da status op\u0161tine. Sada je sve u rukama DPS-a, kao najja?e stranke ali mi\u0161ljenja smo da ?e na kraju popustiti i dati nam referendum &#8211; naveo je Cungu.<br \/>\n?lan Predsjedni\u0161tva DPS-a Miodrag Vukovi?, komentari\u0161u?i zahtjeve albanskih i bo\u0161nja?kih stranka, isti?e da su legitimni i nagovje\u0161tava da je DPS spremna da o njima razgovara. Ka\u017ee da ?e DPS sa?ekati sa izja\u0161avanjem dok se na osnovu Ustava ne osavremene novi zakoni.<br \/>\n&#8211; Onda ?emo se lako politi?ki dogovarati i o decentralizaciji kao procesu pribli\u017eavanja politike neposredno gra?anima &#8211; ka\u017ee Vukovi? za &#8220;Dan&#8221;.<br \/>\nPo njegovoj ocjeni, radi se na novom zakonu o teritorijalnoj podjeli Crne Gore, definisanju gradova, op\u0161tina, oblika lokalne zajednice, na?inu upravljanja i drugim detaljima.<br \/>\n&#8211; Tim zakonom, a zajedno sa njim radi se i na zakonu o lokalnoj samoupravi, a pitanje je ho?e li to biti novi ili izmjene postoje?eg, ima?emo nove akte, savremenije, prilago?ene evropskom pravu i povelji o lokalnoj samoupravi. Omogu?ava se decentralizacija, ne regionalizacija, ve? decentralizacija u evropskom smislu te rije?i &#8211; tvrdi Vukovi?.<br \/>\nNajavio je da ?e novim zakonima biti definisani osnovni uslovi za stvaranje oblika lokalne samouprave svuda gdje su se ispunjavaju kriterijumi koje ti akti budu predvi?ali. Vukovi? je napomenuo da ?e biti definisane i procedure.<br \/>\n&#8211; Po sada\u0161njem zakonu, kolege su u pravu, oni mogu da pokrenu inicijativu i da insistiraju u Skup\u0161tini na tim pitanjima, pa ?emo vidjeti i dogovoriti se. Da se razumijemo, novi zakoni ne?e smanjiti, zakinuti, suspendovati neka prava iz postoje?ih naprotiv, u?ini?e ih savremenijim a to ?e olak\u0161ati put ka, kako te kolege ka\u017eu, stvaranju novih op\u0161tina &#8211; kazao je Vukovi?.<\/p>\n<p><strong>M.V.<\/strong><\/p>\n<p><strong><br \/>\n<\/strong><\/p>\n<p><strong>Nedostaje reda u Podgorici<\/strong><br \/>\nMiodrag Vukovi? podsje?a da su u Podgorici stvorene gradske op\u0161tine u Golubovcima i Tuzima &#8220;pa eto koliko je tu problema&#8221;.<br \/>\n&#8211; Razni su nesporazumi izme?u Glavnog grada i op\u0161tina oko finansiranja i nadle\u017enosti i mislim da u sre?noj zemlji toga ne bi smjelo biti, ve? precizno i nesumnjivo zakonodavstvo a onda je lako definisati prostore i uslove &#8211; isti?e Vukovi?.<\/p>\n<p><strong>Tvrde da nema secesije<\/strong><br \/>\nOdbacuju?i ocjene da bi davanje statusa Tuzima op\u0161tine zna?ilo secesiju podru?ja Malesije od Crne Gore, Nazif Cungu tvrdi da je &#8220;decentralizacija ekonomski i va\u017ean politi?ki interes&#8221;.<br \/>\nOn je podsjetio da su politi?kim sporazumom pri dono\u0161enju Ustva odredili da se u Tuzima organizuje referendum.<br \/>\n&#8211; Zakon predvi?a da plebiscit bude na?in da Tuzi dobiju status op\u0161tine. Na\u0161 stav je nepromijenjen. Njega dijele i albanski funkcioneri u DPS-u, oni nam ka\u017eu kada razgovaramo da Tuzima treba dati op\u0161tinu, ali kada se glasa, oni moraju po\u0161tovati partijski stav koji ovom na\u0161em zahtjevu, zasad nije bio naklonjen &#8211; podvla?i Cungu.<\/p>\n<p><a href=\"http:\/\/www.dan.cg.yu\/index.php?nivo=3&amp;rubrika=Politika&amp;datum=2009-05-18&amp;clanak=187733\" target=\"_blank\"><strong>DAN<\/strong><\/a><\/p>\n","protected":false},"excerpt":{"rendered":"<p>Albanska parlamentarna stranka FORCA najavila je ju?e da ?e uobli?iti formalnu inicijativu u Skup\u0161tini Crne Gore da se raspi\u0161e referendum o davanju statusa op\u0161tine Tuzima. Lider te partije Nazif Cungu u razgovoru za &#8220;Dan&#8221; optu\u017eio je DPS da je prekr\u0161ila obe?anje koje je dala albanskim politi?kim predstavnicima da ?e Tuzi imati status op\u0161tine. &#8211; DPS [&hellip;]<\/p>\n","protected":false},"author":1,"featured_media":0,"comment_status":"open","ping_status":"closed","sticky":false,"template":"","format":"standard","meta":{"spay_email":"","jetpack_publicize_message":"","jetpack_is_tweetstorm":false,"jetpack_publicize_feature_enabled":true},"categories":[8337],"tags":[10573,10568,10567,10571,10570,10572,10574,10569],"jetpack_publicize_connections":[],"yoast_head":"<!-- This site is optimized with the Yoast SEO plugin v19.1 - https:\/\/yoast.com\/wordpress\/plugins\/seo\/ -->\n<title>Albanska parlamentarna stranka FORCA tra\u017ei referendum - Lajme nga Ulqini<\/title>\n<meta name=\"description\" content=\"Albanska parlamentarna stranka FORCA najavila je ju?e da ?e uobli?iti formalnu inicijativu u Skup\u0161tini Crne Gore da se raspi\u0161e referendum o davanju\" \/>\n<meta name=\"robots\" content=\"index, follow, max-snippet:-1, max-image-preview:large, max-video-preview:-1\" \/>\n<link rel=\"canonical\" href=\"https:\/\/www.visit-ulcinj.com\/blog\/2009\/05\/19\/albanska-parlamentarna-stranka-forca-trazi-referendum\/\" \/>\n<meta property=\"og:locale\" content=\"en_US\" \/>\n<meta property=\"og:type\" content=\"article\" \/>\n<meta property=\"og:title\" content=\"Albanska parlamentarna stranka FORCA tra\u017ei referendum - Lajme nga Ulqini\" \/>\n<meta property=\"og:description\" content=\"Albanska parlamentarna stranka FORCA najavila je ju?e da ?e uobli?iti formalnu inicijativu u Skup\u0161tini Crne Gore da se raspi\u0161e referendum o davanju\" \/>\n<meta property=\"og:url\" content=\"https:\/\/www.visit-ulcinj.com\/blog\/2009\/05\/19\/albanska-parlamentarna-stranka-forca-trazi-referendum\/\" \/>\n<meta property=\"og:site_name\" content=\"Lajme nga Ulqini\" \/>\n<meta property=\"article:published_time\" content=\"2009-05-19T18:01:22+00:00\" \/>\n<meta property=\"article:modified_time\" content=\"2009-05-19T18:02:16+00:00\" \/>\n<meta property=\"og:image\" content=\"http:\/\/www.visit-ulcinj.com\/blog\/wp-content\/uploads\/2009\/05\/forca-trazi-referendum.jpg\" \/>\n<meta name=\"twitter:label1\" content=\"Written by\" \/>\n\t<meta name=\"twitter:data1\" content=\"ulqini\" \/>\n\t<meta name=\"twitter:label2\" content=\"Est. reading time\" \/>\n\t<meta name=\"twitter:data2\" content=\"3 minutes\" \/>\n<script type=\"application\/ld+json\" class=\"yoast-schema-graph\">{\"@context\":\"https:\/\/schema.org\",\"@graph\":[{\"@type\":\"WebSite\",\"@id\":\"https:\/\/www.visit-ulcinj.com\/blog\/#website\",\"url\":\"https:\/\/www.visit-ulcinj.com\/blog\/\",\"name\":\"Lajme nga Ulqini\",\"description\":\"Lajme,Vijesti,Ulqini,Ulqin,Crna Gora,Mali i Zi\",\"potentialAction\":[{\"@type\":\"SearchAction\",\"target\":{\"@type\":\"EntryPoint\",\"urlTemplate\":\"https:\/\/www.visit-ulcinj.com\/blog\/?s={search_term_string}\"},\"query-input\":\"required name=search_term_string\"}],\"inLanguage\":\"en-US\"},{\"@type\":\"ImageObject\",\"inLanguage\":\"en-US\",\"@id\":\"https:\/\/www.visit-ulcinj.com\/blog\/2009\/05\/19\/albanska-parlamentarna-stranka-forca-trazi-referendum\/#primaryimage\",\"url\":\"https:\/\/www.visit-ulcinj.com\/blog\/wp-content\/uploads\/2009\/05\/forca-trazi-referendum.jpg\",\"contentUrl\":\"https:\/\/www.visit-ulcinj.com\/blog\/wp-content\/uploads\/2009\/05\/forca-trazi-referendum.jpg\",\"width\":\"624\",\"height\":\"247\"},{\"@type\":\"WebPage\",\"@id\":\"https:\/\/www.visit-ulcinj.com\/blog\/2009\/05\/19\/albanska-parlamentarna-stranka-forca-trazi-referendum\/#webpage\",\"url\":\"https:\/\/www.visit-ulcinj.com\/blog\/2009\/05\/19\/albanska-parlamentarna-stranka-forca-trazi-referendum\/\",\"name\":\"Albanska parlamentarna stranka FORCA tra\u017ei referendum - Lajme nga Ulqini\",\"isPartOf\":{\"@id\":\"https:\/\/www.visit-ulcinj.com\/blog\/#website\"},\"primaryImageOfPage\":{\"@id\":\"https:\/\/www.visit-ulcinj.com\/blog\/2009\/05\/19\/albanska-parlamentarna-stranka-forca-trazi-referendum\/#primaryimage\"},\"datePublished\":\"2009-05-19T18:01:22+00:00\",\"dateModified\":\"2009-05-19T18:02:16+00:00\",\"author\":{\"@id\":\"https:\/\/www.visit-ulcinj.com\/blog\/#\/schema\/person\/dcab619c614d3038751c63bc2aadc06d\"},\"description\":\"Albanska parlamentarna stranka FORCA najavila je ju?e da ?e uobli?iti formalnu inicijativu u Skup\u0161tini Crne Gore da se raspi\u0161e referendum o davanju\",\"breadcrumb\":{\"@id\":\"https:\/\/www.visit-ulcinj.com\/blog\/2009\/05\/19\/albanska-parlamentarna-stranka-forca-trazi-referendum\/#breadcrumb\"},\"inLanguage\":\"en-US\",\"potentialAction\":[{\"@type\":\"ReadAction\",\"target\":[\"https:\/\/www.visit-ulcinj.com\/blog\/2009\/05\/19\/albanska-parlamentarna-stranka-forca-trazi-referendum\/\"]}]},{\"@type\":\"BreadcrumbList\",\"@id\":\"https:\/\/www.visit-ulcinj.com\/blog\/2009\/05\/19\/albanska-parlamentarna-stranka-forca-trazi-referendum\/#breadcrumb\",\"itemListElement\":[{\"@type\":\"ListItem\",\"position\":1,\"name\":\"Albanska parlamentarna stranka FORCA tra\u017ei referendum\"}]},{\"@type\":\"Person\",\"@id\":\"https:\/\/www.visit-ulcinj.com\/blog\/#\/schema\/person\/dcab619c614d3038751c63bc2aadc06d\",\"name\":\"ulqini\",\"sameAs\":[\"http:\/\/www.visit-ulcinj.com\"],\"url\":\"https:\/\/www.visit-ulcinj.com\/blog\/author\/admin\/\"}]}<\/script>\n<!-- \/ Yoast SEO plugin. -->","yoast_head_json":{"title":"Albanska parlamentarna stranka FORCA tra\u017ei referendum - Lajme nga Ulqini","description":"Albanska parlamentarna stranka FORCA najavila je ju?e da ?e uobli?iti formalnu inicijativu u Skup\u0161tini Crne Gore da se raspi\u0161e referendum o davanju","robots":{"index":"index","follow":"follow","max-snippet":"max-snippet:-1","max-image-preview":"max-image-preview:large","max-video-preview":"max-video-preview:-1"},"canonical":"https:\/\/www.visit-ulcinj.com\/blog\/2009\/05\/19\/albanska-parlamentarna-stranka-forca-trazi-referendum\/","og_locale":"en_US","og_type":"article","og_title":"Albanska parlamentarna stranka FORCA tra\u017ei referendum - Lajme nga Ulqini","og_description":"Albanska parlamentarna stranka FORCA najavila je ju?e da ?e uobli?iti formalnu inicijativu u Skup\u0161tini Crne Gore da se raspi\u0161e referendum o davanju","og_url":"https:\/\/www.visit-ulcinj.com\/blog\/2009\/05\/19\/albanska-parlamentarna-stranka-forca-trazi-referendum\/","og_site_name":"Lajme nga Ulqini","article_published_time":"2009-05-19T18:01:22+00:00","article_modified_time":"2009-05-19T18:02:16+00:00","og_image":[{"url":"http:\/\/www.visit-ulcinj.com\/blog\/wp-content\/uploads\/2009\/05\/forca-trazi-referendum.jpg"}],"twitter_misc":{"Written by":"ulqini","Est. reading time":"3 minutes"},"schema":{"@context":"https:\/\/schema.org","@graph":[{"@type":"WebSite","@id":"https:\/\/www.visit-ulcinj.com\/blog\/#website","url":"https:\/\/www.visit-ulcinj.com\/blog\/","name":"Lajme nga Ulqini","description":"Lajme,Vijesti,Ulqini,Ulqin,Crna Gora,Mali i Zi","potentialAction":[{"@type":"SearchAction","target":{"@type":"EntryPoint","urlTemplate":"https:\/\/www.visit-ulcinj.com\/blog\/?s={search_term_string}"},"query-input":"required name=search_term_string"}],"inLanguage":"en-US"},{"@type":"ImageObject","inLanguage":"en-US","@id":"https:\/\/www.visit-ulcinj.com\/blog\/2009\/05\/19\/albanska-parlamentarna-stranka-forca-trazi-referendum\/#primaryimage","url":"https:\/\/www.visit-ulcinj.com\/blog\/wp-content\/uploads\/2009\/05\/forca-trazi-referendum.jpg","contentUrl":"https:\/\/www.visit-ulcinj.com\/blog\/wp-content\/uploads\/2009\/05\/forca-trazi-referendum.jpg","width":"624","height":"247"},{"@type":"WebPage","@id":"https:\/\/www.visit-ulcinj.com\/blog\/2009\/05\/19\/albanska-parlamentarna-stranka-forca-trazi-referendum\/#webpage","url":"https:\/\/www.visit-ulcinj.com\/blog\/2009\/05\/19\/albanska-parlamentarna-stranka-forca-trazi-referendum\/","name":"Albanska parlamentarna stranka FORCA tra\u017ei referendum - Lajme nga Ulqini","isPartOf":{"@id":"https:\/\/www.visit-ulcinj.com\/blog\/#website"},"primaryImageOfPage":{"@id":"https:\/\/www.visit-ulcinj.com\/blog\/2009\/05\/19\/albanska-parlamentarna-stranka-forca-trazi-referendum\/#primaryimage"},"datePublished":"2009-05-19T18:01:22+00:00","dateModified":"2009-05-19T18:02:16+00:00","author":{"@id":"https:\/\/www.visit-ulcinj.com\/blog\/#\/schema\/person\/dcab619c614d3038751c63bc2aadc06d"},"description":"Albanska parlamentarna stranka FORCA najavila je ju?e da ?e uobli?iti formalnu inicijativu u Skup\u0161tini Crne Gore da se raspi\u0161e referendum o davanju","breadcrumb":{"@id":"https:\/\/www.visit-ulcinj.com\/blog\/2009\/05\/19\/albanska-parlamentarna-stranka-forca-trazi-referendum\/#breadcrumb"},"inLanguage":"en-US","potentialAction":[{"@type":"ReadAction","target":["https:\/\/www.visit-ulcinj.com\/blog\/2009\/05\/19\/albanska-parlamentarna-stranka-forca-trazi-referendum\/"]}]},{"@type":"BreadcrumbList","@id":"https:\/\/www.visit-ulcinj.com\/blog\/2009\/05\/19\/albanska-parlamentarna-stranka-forca-trazi-referendum\/#breadcrumb","itemListElement":[{"@type":"ListItem","position":1,"name":"Albanska parlamentarna stranka FORCA tra\u017ei referendum"}]},{"@type":"Person","@id":"https:\/\/www.visit-ulcinj.com\/blog\/#\/schema\/person\/dcab619c614d3038751c63bc2aadc06d","name":"ulqini","sameAs":["http:\/\/www.visit-ulcinj.com"],"url":"https:\/\/www.visit-ulcinj.com\/blog\/author\/admin\/"}]}},"jetpack_featured_media_url":"","jetpack_sharing_enabled":true,"jetpack_shortlink":"https:\/\/wp.me\/pe6lTn-5Fc","_links":{"self":[{"href":"https:\/\/www.visit-ulcinj.com\/blog\/wp-json\/wp\/v2\/posts\/21774"}],"collection":[{"href":"https:\/\/www.visit-ulcinj.com\/blog\/wp-json\/wp\/v2\/posts"}],"about":[{"href":"https:\/\/www.visit-ulcinj.com\/blog\/wp-json\/wp\/v2\/types\/post"}],"author":[{"embeddable":true,"href":"https:\/\/www.visit-ulcinj.com\/blog\/wp-json\/wp\/v2\/users\/1"}],"replies":[{"embeddable":true,"href":"https:\/\/www.visit-ulcinj.com\/blog\/wp-json\/wp\/v2\/comments?post=21774"}],"version-history":[{"count":0,"href":"https:\/\/www.visit-ulcinj.com\/blog\/wp-json\/wp\/v2\/posts\/21774\/revisions"}],"wp:attachment":[{"href":"https:\/\/www.visit-ulcinj.com\/blog\/wp-json\/wp\/v2\/media?parent=21774"}],"wp:term":[{"taxonomy":"category","embeddable":true,"href":"https:\/\/www.visit-ulcinj.com\/blog\/wp-json\/wp\/v2\/categories?post=21774"},{"taxonomy":"post_tag","embeddable":true,"href":"https:\/\/www.visit-ulcinj.com\/blog\/wp-json\/wp\/v2\/tags?post=21774"}],"curies":[{"name":"wp","href":"https:\/\/api.w.org\/{rel}","templated":true}]}}