{"id":21779,"date":"2009-05-19T20:19:40","date_gmt":"2009-05-19T18:19:40","guid":{"rendered":"http:\/\/www.visit-ulcinj.com\/blog\/?p=21779"},"modified":"2009-05-19T20:20:18","modified_gmt":"2009-05-19T18:20:18","slug":"klubi-i-karatese-%e2%80%9dulqini%e2%80%9d-gjithnje-i-pari","status":"publish","type":"post","link":"https:\/\/www.visit-ulcinj.com\/blog\/2009\/05\/19\/klubi-i-karatese-%e2%80%9dulqini%e2%80%9d-gjithnje-i-pari\/","title":{"rendered":"Klubi i karates\u00eb \u201dUlqini\u201d Gjithnj\u00eb i Pari"},"content":{"rendered":"<p><strong><a href=\"http:\/\/www.visit-ulcinj.com\/blog\/wp-content\/uploads\/2009\/05\/klubi-i-karatese-ulqini.jpg\"><img loading=\"lazy\" class=\"alignleft size-full wp-image-21780\" title=\"klubi-i-karatese-ulqini\" src=\"http:\/\/www.visit-ulcinj.com\/blog\/wp-content\/uploads\/2009\/05\/klubi-i-karatese-ulqini.jpg\" alt=\"klubi-i-karatese-ulqini\" width=\"580\" height=\"400\" \/><\/a>KLUBI I KARATES\u00cb \u201cULQINI\u201d I PARI N\u00cb RENDITJEN E P\u00cbRGJITHSHME N\u00cb TURNEUN E III T\u00cb KARATES\u00cb \u201cGRAND PRIX MEDITERAN\u201d<\/strong><\/p>\n<p><strong>\u201dULQINI\u201d GJITHNJ\u00cb I PARI <\/strong><\/p>\n<p>T\u00eb shtun\u00ebn, m\u00eb 16 maj 2009 n\u00eb Podgoric u mbajt Turneu i 3-t\u00eb i karates\u00eb \u201cGRAND PRIX MEDITERAN\u201d, n\u00eb t\u00eb cilin klubi i karates\u00eb \u201cUlqini\u201d u shpall klubi m\u00eb i mir\u00eb i turneut.<\/p>\n<p>Garuesit e KK \u201cUlqini\u201d arrit\u00ebn t\u00eb fitojn\u00eb 123 medalje: 44 medalje t\u00eb arta, 41 t\u00eb argjendta dhe 38 t\u00eb bronzta n\u00eb disiplinat individuale dhe ato ekipore. N\u00eb vend t\u00eb dyt\u00eb u rendit klubi i karates\u00eb \u201cBuduqnost\u201d i Podgoric\u00ebs, n\u00eb vend t\u00eb tret\u00eb u rendit klubi i karates\u00eb \u201cBar\u201d i Tivarit, vendi i kat\u00ebrt i takoi klubit t\u00eb karates\u00eb \u201cNikshiq\u201d i Nikshiqit nd\u00ebrsa vendi i pest i takoi klubit t\u00eb karates\u00eb \u201cSport riva\u201d t\u00eb Herceg Novit .<\/p>\n<p>N\u00eb k\u00ebt\u00eb gar\u00eb mor\u00ebn pjes\u00eb 19 klube me mbi 450 garues, KK \u201cUlqini\u201d u paraqit me 85 garues, ku prej tyre ishin 18 garues\u00eb q\u00eb mor\u00ebn pjes\u00eb p\u00ebr her\u00eb t\u00eb par\u00eb. KK \u201cUlqini\u201d ishte duksh\u00ebm m\u00eb i suksessh\u00ebm se sa klubet tjera pjes\u00ebmarr\u00ebse edhe n\u00eb k\u00ebt\u00eb turne.<\/p>\n<p>Ky sukses i klubit t\u00eb karates\u00eb \u201cUlqini\u201d nuk \u00ebsht\u00eb rast\u00ebsi, por merit\u00eb e p\u00ebrvoj\u00ebs shum\u00ebvje\u00e7are n\u00eb k\u00ebt\u00eb sport, t\u00eb cil\u00ebn po e d\u00ebshmojm\u00eb n\u00eb \u00e7do gar\u00eb n\u00eb t\u00eb cil\u00ebn marrim pjes\u00eb, duke u renditur gjithmon\u00eb nd\u00ebr t\u00eb par\u00ebt &#8211; shprehen nj\u00ebz\u00ebri trajner\u00ebt profesionist\u00eb t\u00eb klubit Naim Duraku, Mirsad Nasradini, Kujtim Sukaliqi dhe kryetrajneri Ruzhdi Rama.<\/p>\n<p><strong>Nga Klubi i karates\u00eb \u201cUlqini\u201d n\u00eb k\u00ebt\u00eb Turne me medalje t\u00eb arta u shp\u00ebrblyen k\u00ebta garues\u00eb:<\/strong><\/p>\n<p>Me nga tri medalje t\u00eb arta u kuror\u00ebzuan Dardan Ceka, Radica Dashiq, Diamant Rexha, me nga dy medalje u kuror\u00ebzuan Blerta Tahiri, Edisa Shaba, Gentiana Kuqi, Seida Suma, Antigona Rama, Diell\u00ebza Rama, Lulzim Suma, Muhamet Kraja, nd\u00ebrsa nga nji t\u00eb art fituan Dorian Veliq, Gentian Kaleziq, Gabriella Junkoviq, Enis Rexha, Rexhep Shaba, Ibrahim Zogaj, Shpetim Gjeka, Xheneta Gjekaj, Xhemale Elezoviq, Jehona Musliq, Albion Durakoviq, Angjella Marnikoviq, Lumdita Paleviq, Granit Rexha, Dragoljub Dashiq, Fatmir Kurmemoviq, Viktor Curoviq, Liridon Elezoviq, dhe Xhenis Rexhepi.<\/p>\n<p>P\u00ebrve\u00e7 k\u00ebtyre medaljeve k\u00ebta garues u kuror\u00ebzuan edhe me medalje t\u00eb tjera.<\/p>\n<p>Me nga disa medalje t\u00eb tjara u shp\u00ebrblyen edhe k\u00ebta garues\u00eb:<\/p>\n<p>Eliza Salihu, Mehmet gjeka, Gabriell Byty\u00e7i, Gent Kabashi, Rijan Tula, Arbenita \u00c7obi, Egzon Kraja, Enis Vukoviq, Arben Elezoviq, David Simoni, Nermin Suma, Adnan Kuqi, Ensar Marshiq, Bledar Seferi, Bledar Kabashi, Ardit Boleviq, Mark Daboviq, Edon Ceka, Milena Peshiq, Katarina Marnikoviq, Andrea Llukiq, Nihada Llesheviq, Adnan Kurmemi, Enis Shaba, Jeton Luka, Nderim Cuca, Teufik Shurdha, Admir Luka, Darko Dashiq, Lavdim Tula, Pavle Pecoviq, Edin Kraja, Ardit Gjeka, Vladen Peshiq, Behlul Peroviq, Ilir Muja, Ramazan Gjekaj, Ardit Llolla, Blerim Veliq, Hantie Ibro\u00e7i, Nermin Llesheviq, Liridon Tula, Sandro Pecoviq dhe Leart Llolla.<\/p>\n<p>Sukseset e klubit \u201cUlqini\u201d d\u00ebshmojn\u00eb p\u00ebr pun\u00ebn profesionale t\u00eb ekipit tan\u00eb t\u00eb trajner\u00ebve dhe p\u00ebr seriozitetin e disiplin\u00ebn q\u00eb mbizot\u00ebrojn\u00eb n\u00eb sallat tona t\u00eb st\u00ebrvitjeve. Ne jemi t\u00eb vet\u00ebdijsh\u00ebm p\u00ebr p\u00ebrgjegj\u00ebsin\u00eb q\u00eb mbajm\u00eb mbi supe p\u00ebr t\u00eb edukuar e udh\u00ebhequr n\u00eb rrug\u00eb t\u00eb drejt\u00eb k\u00ebta t\u00eb rinj e t\u00eb reja, t\u00eb cil\u00ebt me kaq vullnet ushtrojn\u00eb dhe na p\u00ebrfaq\u00ebsojn\u00eb me dinjitet n\u00eb \u00e7do gar\u00eb ku marrim pjes\u00eb. Jemi krenar\u00eb p\u00ebr ta, sepse sukseset e tyre jan\u00eb suksese t\u00eb t\u00eb gjith\u00eb neve, t\u00eb t\u00eb gjith\u00eb qytetar\u00ebve t\u00eb komun\u00ebs s\u00eb Ulqinit. Gjithmon\u00eb kemi qen\u00eb, jemi dhe do t\u00eb mbetemi nd\u00ebr m\u00eb t\u00eb mir\u00ebt dhe shpresojm\u00eb se k\u00ebto rezultate t\u00eb shk\u00eblqyeshme nga vendi dhe jasht\u00eb do t\u00eb dij\u00eb dikush t\u2019i vler\u00ebsoj\u00eb dhe t\u00eb na ndihmoj\u00eb, sepse koh\u00ebve t\u00eb fundit vet\u00eb garuesit jan\u00eb t\u00eb detyruar t\u00eb b\u00ebjn\u00eb nj\u00eb pjes\u00eb t\u00eb pages\u00ebs p\u00ebr pjes\u00ebmarrje n\u00eb gara, nd\u00ebrsa pjes\u00ebn tjet\u00ebr e b\u00ebn udh\u00ebheq\u00ebsia e klubit nga vet\u00ebkontributi dhe nga pagesa e an\u00ebtar\u00ebsis\u00eb mujore, gj\u00eb q\u00eb nuk ndodh askund n\u00eb bot\u00eb.<\/p>\n<p>Ne p\u00ebrs\u00ebri apelojm\u00eb te t\u00eb gjith\u00eb qytetar\u00ebt dhe institucionet q\u00eb t\u00eb kthejn\u00eb kok\u00ebn kah t\u00eb rinjt\u00eb tan\u00eb, sepse duke qen\u00eb prezentues tan\u00eb t\u00eb denj\u00eb, e meritojn\u00eb p\u00ebrkrahjen e t\u00eb gjith\u00eb neve, thon\u00eb drejtuesit e k\u00ebtij klubi.<\/p>\n<p><strong>Sh\u00ebrbimi Informativ i Klubit t\u00eb karates\u00eb \u201cUlqini\u201d <\/strong><\/p>\n<!--YouTube Error: bad URL entered-->\n","protected":false},"excerpt":{"rendered":"<p>KLUBI I KARATES\u00cb \u201cULQINI\u201d I PARI N\u00cb RENDITJEN E P\u00cbRGJITHSHME N\u00cb TURNEUN E III T\u00cb KARATES\u00cb \u201cGRAND PRIX MEDITERAN\u201d \u201dULQINI\u201d GJITHNJ\u00cb I PARI T\u00eb shtun\u00ebn, m\u00eb 16 maj 2009 n\u00eb Podgoric u mbajt Turneu i 3-t\u00eb i karates\u00eb \u201cGRAND PRIX MEDITERAN\u201d, n\u00eb t\u00eb cilin klubi i karates\u00eb \u201cUlqini\u201d u shpall klubi m\u00eb i mir\u00eb i [&hellip;]<\/p>\n","protected":false},"author":1,"featured_media":0,"comment_status":"open","ping_status":"closed","sticky":false,"template":"","format":"standard","meta":{"spay_email":"","jetpack_publicize_message":"","jetpack_is_tweetstorm":false,"jetpack_publicize_feature_enabled":true},"categories":[3],"tags":[5848,5834,9707,10582,5844,5829,2065,10591,7330,5839,9708,10598,10596,2925,5836,9711,5821,7322,5835,2074,5831,7334,2920,2931,2927,10589,10585,5838,5827,10590,2917,10583,10586,8984,10587,7328,5828,2063,10599,5840,2921,2067,5845,5841,7310,10575,2079,10594,10601,10584,7333,2934,5830,95,2929,10577,7329,10592,2078,10578,2077,5846,10579,10600,2915,10593,7320,10576,10597,2933,10588,9710,2932,10602,2928,9706,1005,18,2621,10595,10581,10580,5825],"jetpack_publicize_connections":[],"yoast_head":"<!-- This site is optimized with the Yoast SEO plugin v19.1 - https:\/\/yoast.com\/wordpress\/plugins\/seo\/ -->\n<title>Klubi i karates\u00eb \u201dUlqini\u201d Gjithnj\u00eb i Pari - Lajme nga Ulqini<\/title>\n<meta name=\"description\" content=\"KLUBI I KARATES\u00cb \u201cULQINI\u201d I PARI N\u00cb RENDITJEN E P\u00cbRGJITHSHME N\u00cb TURNEUN E III T\u00cb KARATES\u00cb \u201cGRAND PRIX MEDITERAN\u201d \u201dULQINI\u201d GJITHNJ\u00cb I PARI T\u00eb shtun\u00ebn, m\u00eb\" \/>\n<meta name=\"robots\" content=\"index, follow, max-snippet:-1, max-image-preview:large, max-video-preview:-1\" \/>\n<link rel=\"canonical\" href=\"https:\/\/www.visit-ulcinj.com\/blog\/2009\/05\/19\/klubi-i-karatese-\u201dulqini\u201d-gjithnje-i-pari\/\" \/>\n<meta property=\"og:locale\" content=\"en_US\" \/>\n<meta property=\"og:type\" content=\"article\" \/>\n<meta property=\"og:title\" content=\"Klubi i karates\u00eb \u201dUlqini\u201d Gjithnj\u00eb i Pari - Lajme nga Ulqini\" \/>\n<meta property=\"og:description\" content=\"KLUBI I KARATES\u00cb \u201cULQINI\u201d I PARI N\u00cb RENDITJEN E P\u00cbRGJITHSHME N\u00cb TURNEUN E III T\u00cb KARATES\u00cb \u201cGRAND PRIX MEDITERAN\u201d \u201dULQINI\u201d GJITHNJ\u00cb I PARI T\u00eb shtun\u00ebn, m\u00eb\" \/>\n<meta property=\"og:url\" content=\"https:\/\/www.visit-ulcinj.com\/blog\/2009\/05\/19\/klubi-i-karatese-\u201dulqini\u201d-gjithnje-i-pari\/\" \/>\n<meta property=\"og:site_name\" content=\"Lajme nga Ulqini\" \/>\n<meta property=\"article:published_time\" content=\"2009-05-19T18:19:40+00:00\" \/>\n<meta property=\"article:modified_time\" content=\"2009-05-19T18:20:18+00:00\" \/>\n<meta property=\"og:image\" content=\"http:\/\/www.visit-ulcinj.com\/blog\/wp-content\/uploads\/2009\/05\/klubi-i-karatese-ulqini.jpg\" \/>\n<meta name=\"twitter:label1\" content=\"Written by\" \/>\n\t<meta name=\"twitter:data1\" content=\"ulqini\" \/>\n\t<meta name=\"twitter:label2\" content=\"Est. reading time\" \/>\n\t<meta name=\"twitter:data2\" content=\"4 minutes\" \/>\n<script type=\"application\/ld+json\" class=\"yoast-schema-graph\">{\"@context\":\"https:\/\/schema.org\",\"@graph\":[{\"@type\":\"WebSite\",\"@id\":\"https:\/\/www.visit-ulcinj.com\/blog\/#website\",\"url\":\"https:\/\/www.visit-ulcinj.com\/blog\/\",\"name\":\"Lajme nga Ulqini\",\"description\":\"Lajme,Vijesti,Ulqini,Ulqin,Crna Gora,Mali i Zi\",\"potentialAction\":[{\"@type\":\"SearchAction\",\"target\":{\"@type\":\"EntryPoint\",\"urlTemplate\":\"https:\/\/www.visit-ulcinj.com\/blog\/?s={search_term_string}\"},\"query-input\":\"required name=search_term_string\"}],\"inLanguage\":\"en-US\"},{\"@type\":\"ImageObject\",\"inLanguage\":\"en-US\",\"@id\":\"https:\/\/www.visit-ulcinj.com\/blog\/2009\/05\/19\/klubi-i-karatese-%e2%80%9dulqini%e2%80%9d-gjithnje-i-pari\/#primaryimage\",\"url\":\"https:\/\/www.visit-ulcinj.com\/blog\/wp-content\/uploads\/2009\/05\/klubi-i-karatese-ulqini.jpg\",\"contentUrl\":\"https:\/\/www.visit-ulcinj.com\/blog\/wp-content\/uploads\/2009\/05\/klubi-i-karatese-ulqini.jpg\",\"width\":\"1282\",\"height\":\"971\"},{\"@type\":\"WebPage\",\"@id\":\"https:\/\/www.visit-ulcinj.com\/blog\/2009\/05\/19\/klubi-i-karatese-%e2%80%9dulqini%e2%80%9d-gjithnje-i-pari\/#webpage\",\"url\":\"https:\/\/www.visit-ulcinj.com\/blog\/2009\/05\/19\/klubi-i-karatese-%e2%80%9dulqini%e2%80%9d-gjithnje-i-pari\/\",\"name\":\"Klubi i karates\u00eb \u201dUlqini\u201d Gjithnj\u00eb i Pari - Lajme nga Ulqini\",\"isPartOf\":{\"@id\":\"https:\/\/www.visit-ulcinj.com\/blog\/#website\"},\"primaryImageOfPage\":{\"@id\":\"https:\/\/www.visit-ulcinj.com\/blog\/2009\/05\/19\/klubi-i-karatese-%e2%80%9dulqini%e2%80%9d-gjithnje-i-pari\/#primaryimage\"},\"datePublished\":\"2009-05-19T18:19:40+00:00\",\"dateModified\":\"2009-05-19T18:20:18+00:00\",\"author\":{\"@id\":\"https:\/\/www.visit-ulcinj.com\/blog\/#\/schema\/person\/dcab619c614d3038751c63bc2aadc06d\"},\"description\":\"KLUBI I KARATES\u00cb \u201cULQINI\u201d I PARI N\u00cb RENDITJEN E P\u00cbRGJITHSHME N\u00cb TURNEUN E III T\u00cb KARATES\u00cb \u201cGRAND PRIX MEDITERAN\u201d \u201dULQINI\u201d GJITHNJ\u00cb I PARI T\u00eb shtun\u00ebn, m\u00eb\",\"breadcrumb\":{\"@id\":\"https:\/\/www.visit-ulcinj.com\/blog\/2009\/05\/19\/klubi-i-karatese-%e2%80%9dulqini%e2%80%9d-gjithnje-i-pari\/#breadcrumb\"},\"inLanguage\":\"en-US\",\"potentialAction\":[{\"@type\":\"ReadAction\",\"target\":[\"https:\/\/www.visit-ulcinj.com\/blog\/2009\/05\/19\/klubi-i-karatese-%e2%80%9dulqini%e2%80%9d-gjithnje-i-pari\/\"]}]},{\"@type\":\"BreadcrumbList\",\"@id\":\"https:\/\/www.visit-ulcinj.com\/blog\/2009\/05\/19\/klubi-i-karatese-%e2%80%9dulqini%e2%80%9d-gjithnje-i-pari\/#breadcrumb\",\"itemListElement\":[{\"@type\":\"ListItem\",\"position\":1,\"name\":\"Klubi i karates\u00eb \u201dUlqini\u201d Gjithnj\u00eb i Pari\"}]},{\"@type\":\"Person\",\"@id\":\"https:\/\/www.visit-ulcinj.com\/blog\/#\/schema\/person\/dcab619c614d3038751c63bc2aadc06d\",\"name\":\"ulqini\",\"sameAs\":[\"http:\/\/www.visit-ulcinj.com\"],\"url\":\"https:\/\/www.visit-ulcinj.com\/blog\/author\/admin\/\"}]}<\/script>\n<!-- \/ Yoast SEO plugin. -->","yoast_head_json":{"title":"Klubi i karates\u00eb \u201dUlqini\u201d Gjithnj\u00eb i Pari - Lajme nga Ulqini","description":"KLUBI I KARATES\u00cb \u201cULQINI\u201d I PARI N\u00cb RENDITJEN E P\u00cbRGJITHSHME N\u00cb TURNEUN E III T\u00cb KARATES\u00cb \u201cGRAND PRIX MEDITERAN\u201d \u201dULQINI\u201d GJITHNJ\u00cb I PARI T\u00eb shtun\u00ebn, m\u00eb","robots":{"index":"index","follow":"follow","max-snippet":"max-snippet:-1","max-image-preview":"max-image-preview:large","max-video-preview":"max-video-preview:-1"},"canonical":"https:\/\/www.visit-ulcinj.com\/blog\/2009\/05\/19\/klubi-i-karatese-\u201dulqini\u201d-gjithnje-i-pari\/","og_locale":"en_US","og_type":"article","og_title":"Klubi i karates\u00eb \u201dUlqini\u201d Gjithnj\u00eb i Pari - Lajme nga Ulqini","og_description":"KLUBI I KARATES\u00cb \u201cULQINI\u201d I PARI N\u00cb RENDITJEN E P\u00cbRGJITHSHME N\u00cb TURNEUN E III T\u00cb KARATES\u00cb \u201cGRAND PRIX MEDITERAN\u201d \u201dULQINI\u201d GJITHNJ\u00cb I PARI T\u00eb shtun\u00ebn, m\u00eb","og_url":"https:\/\/www.visit-ulcinj.com\/blog\/2009\/05\/19\/klubi-i-karatese-\u201dulqini\u201d-gjithnje-i-pari\/","og_site_name":"Lajme nga Ulqini","article_published_time":"2009-05-19T18:19:40+00:00","article_modified_time":"2009-05-19T18:20:18+00:00","og_image":[{"url":"http:\/\/www.visit-ulcinj.com\/blog\/wp-content\/uploads\/2009\/05\/klubi-i-karatese-ulqini.jpg"}],"twitter_misc":{"Written by":"ulqini","Est. reading time":"4 minutes"},"schema":{"@context":"https:\/\/schema.org","@graph":[{"@type":"WebSite","@id":"https:\/\/www.visit-ulcinj.com\/blog\/#website","url":"https:\/\/www.visit-ulcinj.com\/blog\/","name":"Lajme nga Ulqini","description":"Lajme,Vijesti,Ulqini,Ulqin,Crna Gora,Mali i Zi","potentialAction":[{"@type":"SearchAction","target":{"@type":"EntryPoint","urlTemplate":"https:\/\/www.visit-ulcinj.com\/blog\/?s={search_term_string}"},"query-input":"required name=search_term_string"}],"inLanguage":"en-US"},{"@type":"ImageObject","inLanguage":"en-US","@id":"https:\/\/www.visit-ulcinj.com\/blog\/2009\/05\/19\/klubi-i-karatese-%e2%80%9dulqini%e2%80%9d-gjithnje-i-pari\/#primaryimage","url":"https:\/\/www.visit-ulcinj.com\/blog\/wp-content\/uploads\/2009\/05\/klubi-i-karatese-ulqini.jpg","contentUrl":"https:\/\/www.visit-ulcinj.com\/blog\/wp-content\/uploads\/2009\/05\/klubi-i-karatese-ulqini.jpg","width":"1282","height":"971"},{"@type":"WebPage","@id":"https:\/\/www.visit-ulcinj.com\/blog\/2009\/05\/19\/klubi-i-karatese-%e2%80%9dulqini%e2%80%9d-gjithnje-i-pari\/#webpage","url":"https:\/\/www.visit-ulcinj.com\/blog\/2009\/05\/19\/klubi-i-karatese-%e2%80%9dulqini%e2%80%9d-gjithnje-i-pari\/","name":"Klubi i karates\u00eb \u201dUlqini\u201d Gjithnj\u00eb i Pari - Lajme nga Ulqini","isPartOf":{"@id":"https:\/\/www.visit-ulcinj.com\/blog\/#website"},"primaryImageOfPage":{"@id":"https:\/\/www.visit-ulcinj.com\/blog\/2009\/05\/19\/klubi-i-karatese-%e2%80%9dulqini%e2%80%9d-gjithnje-i-pari\/#primaryimage"},"datePublished":"2009-05-19T18:19:40+00:00","dateModified":"2009-05-19T18:20:18+00:00","author":{"@id":"https:\/\/www.visit-ulcinj.com\/blog\/#\/schema\/person\/dcab619c614d3038751c63bc2aadc06d"},"description":"KLUBI I KARATES\u00cb \u201cULQINI\u201d I PARI N\u00cb RENDITJEN E P\u00cbRGJITHSHME N\u00cb TURNEUN E III T\u00cb KARATES\u00cb \u201cGRAND PRIX MEDITERAN\u201d \u201dULQINI\u201d GJITHNJ\u00cb I PARI T\u00eb shtun\u00ebn, m\u00eb","breadcrumb":{"@id":"https:\/\/www.visit-ulcinj.com\/blog\/2009\/05\/19\/klubi-i-karatese-%e2%80%9dulqini%e2%80%9d-gjithnje-i-pari\/#breadcrumb"},"inLanguage":"en-US","potentialAction":[{"@type":"ReadAction","target":["https:\/\/www.visit-ulcinj.com\/blog\/2009\/05\/19\/klubi-i-karatese-%e2%80%9dulqini%e2%80%9d-gjithnje-i-pari\/"]}]},{"@type":"BreadcrumbList","@id":"https:\/\/www.visit-ulcinj.com\/blog\/2009\/05\/19\/klubi-i-karatese-%e2%80%9dulqini%e2%80%9d-gjithnje-i-pari\/#breadcrumb","itemListElement":[{"@type":"ListItem","position":1,"name":"Klubi i karates\u00eb \u201dUlqini\u201d Gjithnj\u00eb i Pari"}]},{"@type":"Person","@id":"https:\/\/www.visit-ulcinj.com\/blog\/#\/schema\/person\/dcab619c614d3038751c63bc2aadc06d","name":"ulqini","sameAs":["http:\/\/www.visit-ulcinj.com"],"url":"https:\/\/www.visit-ulcinj.com\/blog\/author\/admin\/"}]}},"jetpack_featured_media_url":"","jetpack_sharing_enabled":true,"jetpack_shortlink":"https:\/\/wp.me\/pe6lTn-5Fh","_links":{"self":[{"href":"https:\/\/www.visit-ulcinj.com\/blog\/wp-json\/wp\/v2\/posts\/21779"}],"collection":[{"href":"https:\/\/www.visit-ulcinj.com\/blog\/wp-json\/wp\/v2\/posts"}],"about":[{"href":"https:\/\/www.visit-ulcinj.com\/blog\/wp-json\/wp\/v2\/types\/post"}],"author":[{"embeddable":true,"href":"https:\/\/www.visit-ulcinj.com\/blog\/wp-json\/wp\/v2\/users\/1"}],"replies":[{"embeddable":true,"href":"https:\/\/www.visit-ulcinj.com\/blog\/wp-json\/wp\/v2\/comments?post=21779"}],"version-history":[{"count":0,"href":"https:\/\/www.visit-ulcinj.com\/blog\/wp-json\/wp\/v2\/posts\/21779\/revisions"}],"wp:attachment":[{"href":"https:\/\/www.visit-ulcinj.com\/blog\/wp-json\/wp\/v2\/media?parent=21779"}],"wp:term":[{"taxonomy":"category","embeddable":true,"href":"https:\/\/www.visit-ulcinj.com\/blog\/wp-json\/wp\/v2\/categories?post=21779"},{"taxonomy":"post_tag","embeddable":true,"href":"https:\/\/www.visit-ulcinj.com\/blog\/wp-json\/wp\/v2\/tags?post=21779"}],"curies":[{"name":"wp","href":"https:\/\/api.w.org\/{rel}","templated":true}]}}