{"id":2181,"date":"2008-08-04T05:48:23","date_gmt":"2008-08-04T10:48:23","guid":{"rendered":"http:\/\/www.visit-ulcinj.com\/blog\/?p=2181"},"modified":"2008-08-04T06:34:54","modified_gmt":"2008-08-04T11:34:54","slug":"o","status":"publish","type":"post","link":"https:\/\/www.visit-ulcinj.com\/blog\/2008\/08\/04\/o\/","title":{"rendered":"Odbornici u Ulcinju verifikovali odluke Gzima Hajdinage"},"content":{"rendered":"<p><a href=\"http:\/\/www.visit-ulcinj.com\/blog\/wp-content\/uploads\/2008\/05\/skupstina-ulcinj_kuvendi-i-ulqinit.jpg\"><img loading=\"lazy\" class=\"alignleft size-medium wp-image-1773\" title=\"skupstina ulcinj_kuvendi i ulqinit\" src=\"http:\/\/www.visit-ulcinj.com\/blog\/wp-content\/uploads\/2008\/05\/skupstina-ulcinj_kuvendi-i-ulqinit.jpg\" alt=\"\" width=\"300\" height=\"210\" \/><\/a><strong>Porez na firmu ili naziv od 30 do petsto eura<\/strong><br \/>\nUlcinj &#8211; Odbornici u ulcinjskom parlamentu verifikovali su ju?e, ve?inom glasova, odluku o izmjenama i dopunama odluke o porezu na potro\u0161nju i odluku o porezu na firmu ili naziv, koje je prije nekoliko mjeseci donio gradona?elnik Gzim Hajdinaga.<br \/>\nOdlukom o porezu na firmu ili naziv, koja je ju?e zavrijedjela najvi\u0161e pa\u017enje odbornika, precizirano je da fizi?ka lica porez od 30 do 100 eura pla?aju u zavisnosti od zone u kojoj vr\u0161e djelatnost, a pravna lica i do 500 eura u zavisnosti od ostvarenih prihoda ili visine aktive, odnosno broja zaposlenih.<br \/>\nU ?lanu 6 te odluke pi\u0161e da porez ne pla?aju novoosnovana pravna i fizi?ka lica za prvu godinu obavljanja djelatnosti, zatim, dr\u017eavne slu\u017ebe, jedinice lokalne samouprave, te javni fondovi i ustanove ?iji je osniva? Crna Gora ili jedinica lokalne samouprave i politi?ke stranke.<br \/>\nOdbornici opozicije nijesu glasali za verifikaciju te odluke, zato \u0161to ona, kako su kazali, nije pro\u0161la neophodnu zakonsku proceduru.<br \/>\n-Poni\u0161tite ovu nezakonitu odluku i vratite ljudima pare koje ste uzeli &#8211; poru?io je aktuelnoj ve?ini odbornik \u201cForce\u201d Fuad Had\u017eibeti. On je dodao da je protiv toga da Ulcinj ima najve?e takse u Crnoj Gori.<br \/>\nI njegov kolega iz \u201cForce\u201d D\u017eaudet Cakuli zalo\u017eio se da na snazi ostane ranija odluka koja predvi?a manje poreze na firmu ili naziv. <a href=\"http:\/\/www.visit-ulcinj.com\/blog\/wp-content\/uploads\/2008\/01\/tahir-tahiri-ldmz-2.thumbnail.jpg\"><img loading=\"lazy\" class=\"size-thumbnail wp-image-326 alignright\" title=\"Tahir Tahiri LDMZ\" src=\"http:\/\/www.visit-ulcinj.com\/blog\/wp-content\/uploads\/2008\/01\/tahir-tahiri-ldmz-2.thumbnail.jpg\" alt=\"\" width=\"124\" height=\"128\" \/><\/a><br \/>\nOdbornik Demokratskog saveza Tahir Tahiri kazao je da nema kompletan materijal, te da ne?e glasati za ne\u0161to sa ?ime nije upoznat, nakon ?ega je skup\u0161tinska slu\u017eba odbornicima podijelila kopije \u201cSlu\u017ebenog lista\u201d u kojem je objavljena odluka.<br \/>\nZa razliku od njih, glavni administrator Pjeter Ljulj?uraj kazao je da su se stekli uslovi da odluka bude verifikovana \u201cbudu?i da je pro\u0161la svu neophodnu zakonsku proceduru\u201d.<br \/>\nOdbornici su usvojili i odluku o pe?atima i potvrdili imenovanje Kaplana Mu?aja (PDP) na funkciju direktora Komunalnog preduze?a.<br \/>\nSkup\u0161tina op\u0161tine Ulcinj rad nastavlja danas.<br \/>\n<strong><br \/>\nBa\u0161ovi?: Moramo misliti i na kasu<\/strong><br \/>\nOdbornik DPS i predsjednik skup\u0161tinskog Odbora za statut i propise Borislav Ba\u0161ovi? potvrdio je da su odluke zakonite i da su ranije ve? bile u skup\u0161tinskoj proceduri.<br \/>\n&#8211; Imamo manji bud\u017eet od svih ostalih primorskih op\u0161tina. Dajte da ne\u0161to uradimo povodom tog pitanja i ova odluka ide u prilog tome &#8211; kazao je Ba\u0161ovi?.<br \/>\nS.A.<br \/>\nIzvor \/ Vijesti<\/p>\n","protected":false},"excerpt":{"rendered":"<p><img loading=\"lazy\" class=\"alignleft size-medium wp-image-1773\" title=\"skupstina ulcinj_kuvendi i ulqinit\" src=\"http:\/\/www.visit-ulcinj.com\/blog\/wp-content\/uploads\/2008\/05\/skupstina-ulcinj_kuvendi-i-ulqinit.jpg\" alt=\"\" width=\"140\" height=\"140\" \/><\/p>\n","protected":false},"author":1,"featured_media":0,"comment_status":"open","ping_status":"closed","sticky":false,"template":"","format":"standard","meta":{"spay_email":"","jetpack_publicize_message":"","jetpack_is_tweetstorm":false,"jetpack_publicize_feature_enabled":true},"categories":[10,1,12],"tags":[700,140,899],"jetpack_publicize_connections":[],"yoast_head":"<!-- This site is optimized with the Yoast SEO plugin v19.1 - https:\/\/yoast.com\/wordpress\/plugins\/seo\/ -->\n<title>Odbornici u Ulcinju verifikovali odluke Gzima Hajdinage - Lajme nga Ulqini<\/title>\n<meta name=\"robots\" content=\"index, follow, max-snippet:-1, max-image-preview:large, max-video-preview:-1\" \/>\n<link rel=\"canonical\" href=\"https:\/\/www.visit-ulcinj.com\/blog\/2008\/08\/04\/o\/\" \/>\n<meta property=\"og:locale\" content=\"en_US\" \/>\n<meta property=\"og:type\" content=\"article\" \/>\n<meta property=\"og:title\" content=\"Odbornici u Ulcinju verifikovali odluke Gzima Hajdinage - Lajme nga Ulqini\" \/>\n<meta property=\"og:url\" content=\"https:\/\/www.visit-ulcinj.com\/blog\/2008\/08\/04\/o\/\" \/>\n<meta property=\"og:site_name\" content=\"Lajme nga Ulqini\" \/>\n<meta property=\"article:published_time\" content=\"2008-08-04T10:48:23+00:00\" \/>\n<meta property=\"article:modified_time\" content=\"2008-08-04T11:34:54+00:00\" \/>\n<meta property=\"og:image\" content=\"http:\/\/www.visit-ulcinj.com\/blog\/wp-content\/uploads\/2008\/05\/skupstina-ulcinj_kuvendi-i-ulqinit.jpg\" \/>\n<meta name=\"twitter:label1\" content=\"Written by\" \/>\n\t<meta name=\"twitter:data1\" content=\"ulqini\" \/>\n\t<meta name=\"twitter:label2\" content=\"Est. reading time\" \/>\n\t<meta name=\"twitter:data2\" content=\"2 minutes\" \/>\n<script type=\"application\/ld+json\" class=\"yoast-schema-graph\">{\"@context\":\"https:\/\/schema.org\",\"@graph\":[{\"@type\":\"WebSite\",\"@id\":\"https:\/\/www.visit-ulcinj.com\/blog\/#website\",\"url\":\"https:\/\/www.visit-ulcinj.com\/blog\/\",\"name\":\"Lajme nga Ulqini\",\"description\":\"Lajme,Vijesti,Ulqini,Ulqin,Crna Gora,Mali i Zi\",\"potentialAction\":[{\"@type\":\"SearchAction\",\"target\":{\"@type\":\"EntryPoint\",\"urlTemplate\":\"https:\/\/www.visit-ulcinj.com\/blog\/?s={search_term_string}\"},\"query-input\":\"required name=search_term_string\"}],\"inLanguage\":\"en-US\"},{\"@type\":\"ImageObject\",\"inLanguage\":\"en-US\",\"@id\":\"https:\/\/www.visit-ulcinj.com\/blog\/2008\/08\/04\/o\/#primaryimage\",\"url\":\"http:\/\/www.visit-ulcinj.com\/blog\/wp-content\/uploads\/2008\/05\/skupstina-ulcinj_kuvendi-i-ulqinit.jpg\",\"contentUrl\":\"http:\/\/www.visit-ulcinj.com\/blog\/wp-content\/uploads\/2008\/05\/skupstina-ulcinj_kuvendi-i-ulqinit.jpg\"},{\"@type\":\"WebPage\",\"@id\":\"https:\/\/www.visit-ulcinj.com\/blog\/2008\/08\/04\/o\/#webpage\",\"url\":\"https:\/\/www.visit-ulcinj.com\/blog\/2008\/08\/04\/o\/\",\"name\":\"Odbornici u Ulcinju verifikovali odluke Gzima Hajdinage - Lajme nga Ulqini\",\"isPartOf\":{\"@id\":\"https:\/\/www.visit-ulcinj.com\/blog\/#website\"},\"primaryImageOfPage\":{\"@id\":\"https:\/\/www.visit-ulcinj.com\/blog\/2008\/08\/04\/o\/#primaryimage\"},\"datePublished\":\"2008-08-04T10:48:23+00:00\",\"dateModified\":\"2008-08-04T11:34:54+00:00\",\"author\":{\"@id\":\"https:\/\/www.visit-ulcinj.com\/blog\/#\/schema\/person\/dcab619c614d3038751c63bc2aadc06d\"},\"breadcrumb\":{\"@id\":\"https:\/\/www.visit-ulcinj.com\/blog\/2008\/08\/04\/o\/#breadcrumb\"},\"inLanguage\":\"en-US\",\"potentialAction\":[{\"@type\":\"ReadAction\",\"target\":[\"https:\/\/www.visit-ulcinj.com\/blog\/2008\/08\/04\/o\/\"]}]},{\"@type\":\"BreadcrumbList\",\"@id\":\"https:\/\/www.visit-ulcinj.com\/blog\/2008\/08\/04\/o\/#breadcrumb\",\"itemListElement\":[{\"@type\":\"ListItem\",\"position\":1,\"name\":\"Odbornici u Ulcinju verifikovali odluke Gzima Hajdinage\"}]},{\"@type\":\"Person\",\"@id\":\"https:\/\/www.visit-ulcinj.com\/blog\/#\/schema\/person\/dcab619c614d3038751c63bc2aadc06d\",\"name\":\"ulqini\",\"sameAs\":[\"http:\/\/www.visit-ulcinj.com\"],\"url\":\"https:\/\/www.visit-ulcinj.com\/blog\/author\/admin\/\"}]}<\/script>\n<!-- \/ Yoast SEO plugin. -->","yoast_head_json":{"title":"Odbornici u Ulcinju verifikovali odluke Gzima Hajdinage - Lajme nga Ulqini","robots":{"index":"index","follow":"follow","max-snippet":"max-snippet:-1","max-image-preview":"max-image-preview:large","max-video-preview":"max-video-preview:-1"},"canonical":"https:\/\/www.visit-ulcinj.com\/blog\/2008\/08\/04\/o\/","og_locale":"en_US","og_type":"article","og_title":"Odbornici u Ulcinju verifikovali odluke Gzima Hajdinage - Lajme nga Ulqini","og_url":"https:\/\/www.visit-ulcinj.com\/blog\/2008\/08\/04\/o\/","og_site_name":"Lajme nga Ulqini","article_published_time":"2008-08-04T10:48:23+00:00","article_modified_time":"2008-08-04T11:34:54+00:00","og_image":[{"url":"http:\/\/www.visit-ulcinj.com\/blog\/wp-content\/uploads\/2008\/05\/skupstina-ulcinj_kuvendi-i-ulqinit.jpg"}],"twitter_misc":{"Written by":"ulqini","Est. reading time":"2 minutes"},"schema":{"@context":"https:\/\/schema.org","@graph":[{"@type":"WebSite","@id":"https:\/\/www.visit-ulcinj.com\/blog\/#website","url":"https:\/\/www.visit-ulcinj.com\/blog\/","name":"Lajme nga Ulqini","description":"Lajme,Vijesti,Ulqini,Ulqin,Crna Gora,Mali i Zi","potentialAction":[{"@type":"SearchAction","target":{"@type":"EntryPoint","urlTemplate":"https:\/\/www.visit-ulcinj.com\/blog\/?s={search_term_string}"},"query-input":"required name=search_term_string"}],"inLanguage":"en-US"},{"@type":"ImageObject","inLanguage":"en-US","@id":"https:\/\/www.visit-ulcinj.com\/blog\/2008\/08\/04\/o\/#primaryimage","url":"http:\/\/www.visit-ulcinj.com\/blog\/wp-content\/uploads\/2008\/05\/skupstina-ulcinj_kuvendi-i-ulqinit.jpg","contentUrl":"http:\/\/www.visit-ulcinj.com\/blog\/wp-content\/uploads\/2008\/05\/skupstina-ulcinj_kuvendi-i-ulqinit.jpg"},{"@type":"WebPage","@id":"https:\/\/www.visit-ulcinj.com\/blog\/2008\/08\/04\/o\/#webpage","url":"https:\/\/www.visit-ulcinj.com\/blog\/2008\/08\/04\/o\/","name":"Odbornici u Ulcinju verifikovali odluke Gzima Hajdinage - Lajme nga Ulqini","isPartOf":{"@id":"https:\/\/www.visit-ulcinj.com\/blog\/#website"},"primaryImageOfPage":{"@id":"https:\/\/www.visit-ulcinj.com\/blog\/2008\/08\/04\/o\/#primaryimage"},"datePublished":"2008-08-04T10:48:23+00:00","dateModified":"2008-08-04T11:34:54+00:00","author":{"@id":"https:\/\/www.visit-ulcinj.com\/blog\/#\/schema\/person\/dcab619c614d3038751c63bc2aadc06d"},"breadcrumb":{"@id":"https:\/\/www.visit-ulcinj.com\/blog\/2008\/08\/04\/o\/#breadcrumb"},"inLanguage":"en-US","potentialAction":[{"@type":"ReadAction","target":["https:\/\/www.visit-ulcinj.com\/blog\/2008\/08\/04\/o\/"]}]},{"@type":"BreadcrumbList","@id":"https:\/\/www.visit-ulcinj.com\/blog\/2008\/08\/04\/o\/#breadcrumb","itemListElement":[{"@type":"ListItem","position":1,"name":"Odbornici u Ulcinju verifikovali odluke Gzima Hajdinage"}]},{"@type":"Person","@id":"https:\/\/www.visit-ulcinj.com\/blog\/#\/schema\/person\/dcab619c614d3038751c63bc2aadc06d","name":"ulqini","sameAs":["http:\/\/www.visit-ulcinj.com"],"url":"https:\/\/www.visit-ulcinj.com\/blog\/author\/admin\/"}]}},"jetpack_featured_media_url":"","jetpack_sharing_enabled":true,"jetpack_shortlink":"https:\/\/wp.me\/se6lTn-o","_links":{"self":[{"href":"https:\/\/www.visit-ulcinj.com\/blog\/wp-json\/wp\/v2\/posts\/2181"}],"collection":[{"href":"https:\/\/www.visit-ulcinj.com\/blog\/wp-json\/wp\/v2\/posts"}],"about":[{"href":"https:\/\/www.visit-ulcinj.com\/blog\/wp-json\/wp\/v2\/types\/post"}],"author":[{"embeddable":true,"href":"https:\/\/www.visit-ulcinj.com\/blog\/wp-json\/wp\/v2\/users\/1"}],"replies":[{"embeddable":true,"href":"https:\/\/www.visit-ulcinj.com\/blog\/wp-json\/wp\/v2\/comments?post=2181"}],"version-history":[{"count":0,"href":"https:\/\/www.visit-ulcinj.com\/blog\/wp-json\/wp\/v2\/posts\/2181\/revisions"}],"wp:attachment":[{"href":"https:\/\/www.visit-ulcinj.com\/blog\/wp-json\/wp\/v2\/media?parent=2181"}],"wp:term":[{"taxonomy":"category","embeddable":true,"href":"https:\/\/www.visit-ulcinj.com\/blog\/wp-json\/wp\/v2\/categories?post=2181"},{"taxonomy":"post_tag","embeddable":true,"href":"https:\/\/www.visit-ulcinj.com\/blog\/wp-json\/wp\/v2\/tags?post=2181"}],"curies":[{"name":"wp","href":"https:\/\/api.w.org\/{rel}","templated":true}]}}