{"id":21813,"date":"2009-05-20T20:19:10","date_gmt":"2009-05-20T18:19:10","guid":{"rendered":"http:\/\/www.visit-ulcinj.com\/blog\/?p=21813"},"modified":"2009-05-22T15:57:38","modified_gmt":"2009-05-22T13:57:38","slug":"manifestimi-tradicional-pranvera-ne-ane-te-malit-2009","status":"publish","type":"post","link":"https:\/\/www.visit-ulcinj.com\/blog\/2009\/05\/20\/manifestimi-tradicional-pranvera-ne-ane-te-malit-2009\/","title":{"rendered":"Programi i manifestimit tradicional &#8220;PRANVERA N\u00cb AN\u00cb T\u00cb MALIT 2009&#8221;"},"content":{"rendered":"<p><strong><a href=\"http:\/\/www.visit-ulcinj.com\/blog\/wp-content\/uploads\/2009\/05\/programi-i-manifestimit1.jpg\"><img loading=\"lazy\" class=\"alignleft size-full wp-image-21814\" title=\"programi-i-manifestimit1\" src=\"http:\/\/www.visit-ulcinj.com\/blog\/wp-content\/uploads\/2009\/05\/programi-i-manifestimit1.jpg\" alt=\"programi-i-manifestimit1\" width=\"580\" height=\"780\" \/><\/a>Manifestimi tradicional  &#8220;PRANVERA N\u00cb AN\u00cb T\u00cb MALIT 2009&#8221;<\/strong><\/p>\n<p><strong><br \/>\nProgrami:<br \/>\nE premte, 22 maj 2009<\/strong><\/p>\n<p><strong><\/strong><\/p>\n<ul>\n<li><strong>Prezantimi i eksponateve t\u00eb gjetura gjat\u00eb g\u00ebrmimeve arkeologjike n\u00eb Shas<\/strong><\/li>\n<li><strong> (Muzeu n\u00eb Kala, ora 18.00)<\/strong><\/li>\n<\/ul>\n<ul>\n<li><strong>Promovimi i librit \u201cShasi i lasht\u00eb, monument i kultur\u00ebs\u201d<\/strong><\/li>\n<li><strong> (Hoteli \u201cMediteran\u201d, ora 19.30)<br \/>\n<\/strong><\/li>\n<\/ul>\n<ul>\n<li><strong>Shfaqja e filmit dokumentar mbi Shasin i autores Monika Stafa<\/strong><\/li>\n<\/ul>\n<p><strong> (Hoteli \u201cMediteran, ora 20.30)<br \/>\n<\/strong><\/p>\n<ul>\n<li><strong>Koktej <\/strong><\/li>\n<\/ul>\n<p><strong><br \/>\nE shtun\u00eb, 23 maj 2009 \u2013 Dita e sportit<\/strong><\/p>\n<p><strong><\/strong><\/p>\n<ul>\n<li><strong>Gara n\u00eb vrapim (nisja te Shkolla e Kryth\u00ebs, ora 09.30)<\/strong><\/li>\n<\/ul>\n<ul>\n<li><strong>Turne n\u00eb volejboll (te Restorant \u201cShasi\u201d, ora 11.00)<\/strong><\/li>\n<\/ul>\n<ul>\n<li><strong>Turne n\u00eb shah (te Restorant \u201cShasi\u201d, ora 12.00)<\/strong><\/li>\n<\/ul>\n<p><strong><br \/>\nE diel, 24 maj 2009 &#8211; Dita qendrore e manifestimit (Stadiumi i Shasit, ora 16.00)<\/strong><\/p>\n<p><strong><\/strong><\/p>\n<ul>\n<li><strong>&#8211; program kulturo \u2013 artistik<\/strong><\/li>\n<\/ul>\n<ul>\n<li><strong>&#8211; muzik\u00eb dhe k\u00ebng\u00eb<\/strong><\/li>\n<\/ul>\n<ul>\n<li><strong>&#8211; lojra popullore tradicionale<\/strong><\/li>\n<\/ul>\n<ul>\n<li><strong>&#8211; humor<\/strong><\/li>\n<\/ul>\n<ul>\n<li><strong>&#8211; ushqim tradicional, etj.<\/strong><\/li>\n<\/ul>\n<p><strong><br \/>\nB\u00ebju edhe ti pjes\u00eb e manifestimit!<\/strong><\/p>\n<p><strong>Ju mir\u00ebpresim! Manifestimi \u201cPranvera n\u00eb An\u00eb t\u00eb Malit\u201d 22-24 maj 2009<\/strong><br \/>\n<!--YouTube Error: bad URL entered--><\/p>\n<p>Per te gjashtin vite me radhe ne qytetin antik te Shasit mbahet manifestimi gjithepopullor &#8220;Manifestimi \u201cPranvera n\u00eb An\u00eb t\u00eb Malit\u201d 22-24 maj 2009. Shasi edhe kete vite o ti pres mysafiret te shumte nga qytetet tjera shqiptare si Ulqini, Tivari, Shkodra, Tuzi, Plava, Lezha, Tirana, Prishtina,Shkupi,Presheva etj. Anamalasit ne qytetin e tyre te lashte do te presin mysafiret me ushqime tradicionale:buke kallamoqi, laknur, dollme, embelsira nga me te ndryeshme. Lojrat popullore do te jen atraksion i ve\u00e7ante per mysafiret e shumte qe do ta mbushin fushen buze liqenit te Shasit. Humoriste dhe kengetare te ftuar nga te gjitha viset shqiptare do ta  shtojn bukurine e ketij manifestimi.<\/p>\n<h1><span lang=\"en-us\">Thirrje p\u00ebr t\u00eb kontribuar<\/span><\/h1>\n<p><span lang=\"en-us\"><br \/>\n<\/span><\/p>\n<p><!-- **** INSERT NEWS ITEMS HERE **** --><span lang=\"en-us\"><strong>P\u00ebr mbar\u00ebvajtjen e t\u00eb gjitha aktiviteteve t\u00eb  \t\t\tplanifikuara, n\u00eb kuadrin e t\u00eb cil\u00ebve \u00ebsht\u00eb edhe manifestimi  \t\t\ttradicional &#8220;Pranvera n\u00eb An\u00eb t\u00eb Malit 2009&#8221;, shoqata ORA ka nevoj\u00eb  \t\t\tedhe p\u00ebr kontributin tuaj.<\/strong> <\/span><\/p>\n<p><span lang=\"en-us\">Kontributet tuaja brenda Malit te Zi mund te  \t\t\tderdh\u00ebn n\u00eb xhirollogarin\u00eb e shoqat\u00ebs ORA e cila \u00ebsht\u00eb:<br \/>\n<\/span>BANKA KOMERCIALE<span lang=\"en-us\"> <\/span>MALAZEZE \u2013 Filiali  \t\t\tUlqin, <span lang=\"en-us\">nr i xhirollogaris\u00eb: <\/span>510 \u2013 10123 \u2013  \t\t\t32<\/p>\n<p><span lang=\"en-us\">Gjithashtu p\u00ebr bashk\u00ebatdhetaret ton\u00eb q\u00eb  \t\t\tjetojn\u00eb jasht\u00eb vendlindjes instruksionet p\u00ebr pages\u00eb mund ti gjejn\u00eb  \t\t\tk\u00ebtu:<\/span><\/p>\n<p><strong>P\u00ebr Europ\u00eb &#8211; <em> <a href=\"http:\/\/shoqata-ora.org\/Donatoret\/CKB%20-%20udhezimi%20per%20pagese%20nga%20Europa.doc\"> shkarkoje k\u00ebtu<\/a><\/em><\/strong><strong><br \/>\nP\u00ebr Amerik\u00eb &#8211; \t\t\t<a href=\"http:\/\/shoqata-ora.org\/Donatoret\/CKB%20-%20udhezimi%20per%20pagese%20nga%20Amerika.doc\"><em> shkarkoje k\u00ebtu<\/em><\/a><\/strong><\/p>\n<p><a href=\"http:\/\/shoqata-ora.org\/\"><strong>http:\/\/shoqata-ora.org\/<\/strong><\/a><\/p>\n<p><strong>\n\t\t<style type=\"text\/css\">\n\t\t\t#gallery-1 {\n\t\t\t\tmargin: auto;\n\t\t\t}\n\t\t\t#gallery-1 .gallery-item {\n\t\t\t\tfloat: left;\n\t\t\t\tmargin-top: 10px;\n\t\t\t\ttext-align: center;\n\t\t\t\twidth: 33%;\n\t\t\t}\n\t\t\t#gallery-1 img {\n\t\t\t\tborder: 2px solid #cfcfcf;\n\t\t\t}\n\t\t\t#gallery-1 .gallery-caption {\n\t\t\t\tmargin-left: 0;\n\t\t\t}\n\t\t\t\/* see gallery_shortcode() in wp-includes\/media.php *\/\n\t\t<\/style>\n\t\t<div id='gallery-1' class='gallery galleryid-21813 gallery-columns-3 gallery-size-thumbnail'><dl class='gallery-item'>\n\t\t\t<dt class='gallery-icon portrait'>\n\t\t\t\t<a href='https:\/\/www.visit-ulcinj.com\/blog\/2009\/05\/20\/manifestimi-tradicional-pranvera-ne-ane-te-malit-2009\/programi-i-manifestimit1\/'><img width=\"150\" height=\"150\" src=\"https:\/\/www.visit-ulcinj.com\/blog\/wp-content\/uploads\/2009\/05\/programi-i-manifestimit1-150x150.jpg\" class=\"attachment-thumbnail size-thumbnail\" alt=\"\" loading=\"lazy\" \/><\/a>\n\t\t\t<\/dt><\/dl><dl class='gallery-item'>\n\t\t\t<dt class='gallery-icon portrait'>\n\t\t\t\t<a href='https:\/\/www.visit-ulcinj.com\/blog\/2009\/05\/20\/manifestimi-tradicional-pranvera-ne-ane-te-malit-2009\/shasi_lashte_-_monument_i_kultures1\/'><img width=\"150\" height=\"150\" src=\"https:\/\/www.visit-ulcinj.com\/blog\/wp-content\/uploads\/2009\/05\/shasi_lashte_-_monument_i_kultures1-150x150.jpg\" class=\"attachment-thumbnail size-thumbnail\" alt=\"\" loading=\"lazy\" \/><\/a>\n\t\t\t<\/dt><\/dl><dl class='gallery-item'>\n\t\t\t<dt class='gallery-icon landscape'>\n\t\t\t\t<a href='https:\/\/www.visit-ulcinj.com\/blog\/2009\/05\/20\/manifestimi-tradicional-pranvera-ne-ane-te-malit-2009\/shasi_lashte_-_monument_i_kultures21\/'><img width=\"150\" height=\"150\" src=\"https:\/\/www.visit-ulcinj.com\/blog\/wp-content\/uploads\/2009\/05\/shasi_lashte_-_monument_i_kultures21-150x150.jpg\" class=\"attachment-thumbnail size-thumbnail\" alt=\"\" loading=\"lazy\" \/><\/a>\n\t\t\t<\/dt><\/dl><br style=\"clear: both\" \/><dl class='gallery-item'>\n\t\t\t<dt class='gallery-icon landscape'>\n\t\t\t\t<a href='https:\/\/www.visit-ulcinj.com\/blog\/2009\/05\/20\/manifestimi-tradicional-pranvera-ne-ane-te-malit-2009\/shasi_lashte_-_monument_i_kultures31\/'><img width=\"150\" height=\"150\" src=\"https:\/\/www.visit-ulcinj.com\/blog\/wp-content\/uploads\/2009\/05\/shasi_lashte_-_monument_i_kultures31-150x150.jpg\" class=\"attachment-thumbnail size-thumbnail\" alt=\"\" loading=\"lazy\" \/><\/a>\n\t\t\t<\/dt><\/dl><dl class='gallery-item'>\n\t\t\t<dt class='gallery-icon landscape'>\n\t\t\t\t<a href='https:\/\/www.visit-ulcinj.com\/blog\/2009\/05\/20\/manifestimi-tradicional-pranvera-ne-ane-te-malit-2009\/shasi_lashte_-_monument_i_kultures41\/'><img width=\"150\" height=\"150\" src=\"https:\/\/www.visit-ulcinj.com\/blog\/wp-content\/uploads\/2009\/05\/shasi_lashte_-_monument_i_kultures41-150x150.jpg\" class=\"attachment-thumbnail size-thumbnail\" alt=\"\" loading=\"lazy\" \/><\/a>\n\t\t\t<\/dt><\/dl><dl class='gallery-item'>\n\t\t\t<dt class='gallery-icon landscape'>\n\t\t\t\t<a href='https:\/\/www.visit-ulcinj.com\/blog\/2009\/05\/20\/manifestimi-tradicional-pranvera-ne-ane-te-malit-2009\/shasi_lashte_-_monument_i_kultures51\/'><img width=\"150\" height=\"150\" src=\"https:\/\/www.visit-ulcinj.com\/blog\/wp-content\/uploads\/2009\/05\/shasi_lashte_-_monument_i_kultures51-150x150.jpg\" class=\"attachment-thumbnail size-thumbnail\" alt=\"\" loading=\"lazy\" \/><\/a>\n\t\t\t<\/dt><\/dl><br style=\"clear: both\" \/><dl class='gallery-item'>\n\t\t\t<dt class='gallery-icon landscape'>\n\t\t\t\t<a href='https:\/\/www.visit-ulcinj.com\/blog\/2009\/05\/20\/manifestimi-tradicional-pranvera-ne-ane-te-malit-2009\/shasi_lashte_-_monument_i_kultures61\/'><img width=\"150\" height=\"150\" src=\"https:\/\/www.visit-ulcinj.com\/blog\/wp-content\/uploads\/2009\/05\/shasi_lashte_-_monument_i_kultures61-150x150.jpg\" class=\"attachment-thumbnail size-thumbnail\" alt=\"\" loading=\"lazy\" \/><\/a>\n\t\t\t<\/dt><\/dl><dl class='gallery-item'>\n\t\t\t<dt class='gallery-icon landscape'>\n\t\t\t\t<a href='https:\/\/www.visit-ulcinj.com\/blog\/2009\/05\/20\/manifestimi-tradicional-pranvera-ne-ane-te-malit-2009\/shasi_lashte_-_monument_i_kultures71\/'><img width=\"150\" height=\"150\" src=\"https:\/\/www.visit-ulcinj.com\/blog\/wp-content\/uploads\/2009\/05\/shasi_lashte_-_monument_i_kultures71-150x150.jpg\" class=\"attachment-thumbnail size-thumbnail\" alt=\"\" loading=\"lazy\" \/><\/a>\n\t\t\t<\/dt><\/dl><dl class='gallery-item'>\n\t\t\t<dt class='gallery-icon landscape'>\n\t\t\t\t<a href='https:\/\/www.visit-ulcinj.com\/blog\/2009\/05\/20\/manifestimi-tradicional-pranvera-ne-ane-te-malit-2009\/shasi_lashte_-_monument_i_kultures81\/'><img width=\"150\" height=\"150\" src=\"https:\/\/www.visit-ulcinj.com\/blog\/wp-content\/uploads\/2009\/05\/shasi_lashte_-_monument_i_kultures81-150x150.jpg\" class=\"attachment-thumbnail size-thumbnail\" alt=\"\" loading=\"lazy\" \/><\/a>\n\t\t\t<\/dt><\/dl><br style=\"clear: both\" \/><dl class='gallery-item'>\n\t\t\t<dt class='gallery-icon landscape'>\n\t\t\t\t<a href='https:\/\/www.visit-ulcinj.com\/blog\/2009\/05\/20\/manifestimi-tradicional-pranvera-ne-ane-te-malit-2009\/shasi_lashte_-_monument_i_kultures101\/'><img width=\"150\" height=\"150\" src=\"https:\/\/www.visit-ulcinj.com\/blog\/wp-content\/uploads\/2009\/05\/shasi_lashte_-_monument_i_kultures101-150x150.jpg\" class=\"attachment-thumbnail size-thumbnail\" alt=\"\" loading=\"lazy\" \/><\/a>\n\t\t\t<\/dt><\/dl><dl class='gallery-item'>\n\t\t\t<dt class='gallery-icon portrait'>\n\t\t\t\t<a href='https:\/\/www.visit-ulcinj.com\/blog\/2009\/05\/20\/manifestimi-tradicional-pranvera-ne-ane-te-malit-2009\/shasi_lashte_-_monument_i_kultures111\/'><img width=\"150\" height=\"150\" src=\"https:\/\/www.visit-ulcinj.com\/blog\/wp-content\/uploads\/2009\/05\/shasi_lashte_-_monument_i_kultures111-150x150.jpg\" class=\"attachment-thumbnail size-thumbnail\" alt=\"\" loading=\"lazy\" \/><\/a>\n\t\t\t<\/dt><\/dl><dl class='gallery-item'>\n\t\t\t<dt class='gallery-icon landscape'>\n\t\t\t\t<a href='https:\/\/www.visit-ulcinj.com\/blog\/2009\/05\/20\/manifestimi-tradicional-pranvera-ne-ane-te-malit-2009\/shasi_lashte_-_monument_i_kultures121\/'><img width=\"150\" height=\"150\" src=\"https:\/\/www.visit-ulcinj.com\/blog\/wp-content\/uploads\/2009\/05\/shasi_lashte_-_monument_i_kultures121-150x150.jpg\" class=\"attachment-thumbnail size-thumbnail\" alt=\"\" loading=\"lazy\" \/><\/a>\n\t\t\t<\/dt><\/dl><br style=\"clear: both\" \/><dl class='gallery-item'>\n\t\t\t<dt class='gallery-icon landscape'>\n\t\t\t\t<a href='https:\/\/www.visit-ulcinj.com\/blog\/2009\/05\/20\/manifestimi-tradicional-pranvera-ne-ane-te-malit-2009\/shasi_lashte_-_monument_i_kultures13\/'><img width=\"150\" height=\"150\" src=\"https:\/\/www.visit-ulcinj.com\/blog\/wp-content\/uploads\/2009\/05\/shasi_lashte_-_monument_i_kultures13-150x150.jpg\" class=\"attachment-thumbnail size-thumbnail\" alt=\"\" loading=\"lazy\" \/><\/a>\n\t\t\t<\/dt><\/dl><dl class='gallery-item'>\n\t\t\t<dt class='gallery-icon landscape'>\n\t\t\t\t<a href='https:\/\/www.visit-ulcinj.com\/blog\/2009\/05\/20\/manifestimi-tradicional-pranvera-ne-ane-te-malit-2009\/shasi_lashte_-_monument_i_kulturesismet-kallaba1\/'><img width=\"150\" height=\"150\" src=\"https:\/\/www.visit-ulcinj.com\/blog\/wp-content\/uploads\/2009\/05\/shasi_lashte_-_monument_i_kulturesismet-kallaba1-150x150.jpg\" class=\"attachment-thumbnail size-thumbnail\" alt=\"\" loading=\"lazy\" \/><\/a>\n\t\t\t<\/dt><\/dl><dl class='gallery-item'>\n\t\t\t<dt class='gallery-icon portrait'>\n\t\t\t\t<a href='https:\/\/www.visit-ulcinj.com\/blog\/2009\/05\/20\/manifestimi-tradicional-pranvera-ne-ane-te-malit-2009\/shasi_lashte_-_monument_i_kultures_rexhep-lika1\/'><img width=\"150\" height=\"150\" src=\"https:\/\/www.visit-ulcinj.com\/blog\/wp-content\/uploads\/2009\/05\/shasi_lashte_-_monument_i_kultures_rexhep-lika1-150x150.jpg\" class=\"attachment-thumbnail size-thumbnail\" alt=\"\" loading=\"lazy\" \/><\/a>\n\t\t\t<\/dt><\/dl><br style=\"clear: both\" \/>\n\t\t<\/div>\n<br \/>\n<\/strong><\/p>\n<p><strong><span>Kjo video eshte nje pjese nga dokumentari Exclusive te autores Monika Stafa, shfaqur per here te pare me dt. 10.05.2009, ne kanalin prestigjoz Top Channel.<br \/>\nIniciativen per realizimin e ketij dokumentari e ka dhene shoqata ORA, Ana e Malit &#8211; Ulqin, iniciative qe u perkrah menjehere nga autorja ne fjale.<br \/>\nFaleminderit! <\/span><\/strong><\/p>\n<p><strong><span class=\"hLink\">Shasi<\/span> <span class=\"hLink\">emision<\/span> <span class=\"hLink\">realizuar<\/span> <span class=\"hLink\">nga<\/span> <span class=\"hLink\">Top<\/span> <span class=\"hLink\">Channel<\/span> dhe ju d\u00ebshirojm shikim t\u00eb kansh\u00ebm prej 30 minutash.<br \/>\n<\/strong><\/p>\n<p>[flv width=&#8221;580&#8243; height=&#8221;380&#8243;]http:\/\/shqiphost2.top-channel.tv\/18754796\/procesisportiv\/exclusive10maj.flv[\/flv]<\/p>\n<p style=\"text-align: center;\"><a class=\"aligncenter\" title=\"???? ????,?????,Ulcinj,Montenegru,??????????,?ernoqoriya,Besplatni internet oglasi,Besplatni oglasi,besplatni mali oglasi,besplatni turisti\u00e8ki oglasi,oglasi, usluge, turizam,Turisti\u00e8ke usluge,Doma?i turizam,Besplatni Oglasnik,Brzi Oglasi Besplatno,Besplatno OglasavanjeTurizam,besplatni oglasi sa slikom,Turisticki informator besplatni,li\u00e8ni-oglasi,BESPLATNI Turisticki OGLASI SA SLIKAMA,BESPLATNI Turisticki Oglasi saVideom,turisticki smestaj oglasi,Turisti\u00e8ki vodi\u00e8 balkana,BESPLATNA REZERVACIJA SMESTAJA,Postavite besplatno Vas oglas,FREE TOURIST GUIDES,Izdavanje-Turizam oglasi,Balkan Turisticki vodic,shpallje turistike falas,Shpallje Falas,Shpallje falas per Komplekse Turistike,Lajmerime,Njoftime,shpallje shqip per shqiptaret ne shqiperi kosova maqedoni,mal te zi,???????????,Montenegiro,?ern? Hora,??????????,Cz\u00f4rnog\u00f3ra,Cz\u00f4rn\u00f4 G\u00f3ra,Carna G\u00f3ra,T?ernogooria,?ernogoriya,Montain\u00e9agr\u00f3,Montenegwo,?orna Hora,Montenegr\u00f3,M?ntenigro,Chernogoriya ,?\u00earnogor\u00ee ,?????????,????????? ,??????? ,Montes Nigrae,Mons Niger,M\u00f4ntenegr\u00f4,Muntenegru,??????????,Czarnog?ra,Muntinigru,Muntenegro,&lt;br &gt;&lt;\/a&gt; Muntenegru,\t?ierna Hora,Cxerngora,????????,?rna gora,Moontineegro,?ornog\u00f9ra,?ernogori\u00fda,Chernogoriya,Mont?negro,????? ???? ,?r?na Gora,?r?nogorije,?ernogorija,?arnahoryja,??????????,???????????????????? ,?ern\u00f4g\u00f4riy\u00e2,M\u00fbnt\u00een\u00ee?r\u00fb,????? ?????? ,????????,??????????,???????????,M\u00e2nten\u00eegro,???? ????? ,????????,M\u00f4ntenegr\u00f4,????????????,???????\u00fd???,???????\u00fd????,????????????,Muntenegru, ????? ????, Montenegr?,chambres ? louer ? ulcinj, location de vacance, location saisonni?res,location de vacance, Locations vacance, h?bergements vacances, logements de vacances, location maison avec piscine, Location vacance, locations de vacance, h?bergements de vacances, locations entre particulier, logements vacance, vacances ? Mont?n?gro - location ? Ulcinj ,location  de bigorre,Urlaub in Ulcinj -Montenegro,Hotelbewertungen Ulcinj,Reisen Ulcinj, Urlaub Ulcinj,Hotel in Serbien und Montenegro von Urlaubern bewertet,Billig Urlaub in Ulcinj,ferienh?user,ferienwohnung,Billige Ferienh?user,Ferienwohnung ULCINJ,Ferien an der Adria,Urlaub im Ferienhaus ulcinjBilligreisen Ulcinj,Pauschalreisen,FKK Strand Ada Bojana ulcinj,Last Minute Angebote ulcinj,Preise f?r Lastminute,Kleinanzeigen gratis,Ausflug nach Ulcinj,FKK-Reisen ada bojana,FKK-Urlaub ulcinj,Privatni smje?taj,rezervacija smje?taja,apartmani,sobe,ku?e,odmor,sobe za odmor ulcinj,Pretra?ivanje privatnog smje?taja,rooms rent accommodation ulcinj, rentail private accommodation ulcinj,?elite rezervirati privatni smje?taj,Private accommodation,Smje?taj ulcinj,Pushime Verore ulqin,pushime t? lira n? ulqin,Pushime ne plazh,Pushime te kendshme,dhoma per pushime ulqin,dhoma me qera ulqin,dhoma te lira ulqin,pushime te lira ulqin,mali i zi,kosova,maqedoni,shqiperi,Pushime ne det te ulqinit,godi?nji odmor u ulcinj,odmor u ulcinj,Ku?a za odmor,kuda na odmor,ljetovanje u ulcinj,slobodne sobe,dhoma te lira,ku?a uz more,turisti?ka ponuda,odmor i zabava,povolne cene,sobe,usluge,Mjesto za Va? odmor , Place for Your holiday,Odmor portal,putovanaja,Iznajmljivanje soba ulcinj,odmor ulcinj info,Va?e mjesto za odmor ulcinj,nudisticka plaza ada bojana,smjestaj ponuda ulcinj,lokacioni i dhomave ulqin,deti,plazhet e bukura,diskoteka,zbavitja,.\" href=\"http:\/\/www.visit-ulcinj.com\/tourism\/\" target=\"_blank\"><img loading=\"lazy\" class=\"aligncenter\" title=\"SHPALLJE TURISTIKE FALAS,FREE TOURIST GUIDES,BESPLATNI TURISTI?KI OGLASI,balkan holiday rentals,ALBANIJA,ALBANIA,SHQIPERIJA,CRNA GORA,HRVATSKA,KROACIA,SLOVENIJA,MAKEDONIJA,MAKEDONIA,SRBIJA,MONTENEGRO,MALI I ZI,\" src=\"http:\/\/www.visit-ulcinj.com\/blog\/wp-content\/uploads\/2008\/09\/balkanholidayrentals.gif\" alt=\"Apatin,  Aran?elovac,  ?uprija,  ?a?ak,  ?apljina,  ?itluk,  ?abac,  ?ipovo,  ?iroki Brijeg,  ?ep?e,  ?ivinice,  Ba?ka Palanka,  Banja Luka,  Banovi?i,  Be?ej,  beograd,  Biha?,  Bijeljina,  Bor,  Bor?a,  Bosanska Gradi?ka,  Bosanska Krupa,  Bosanski ?amac,  Bosanski Brod,  Bosanski Novi,  Br?ko,  Bu?im,  Bugojno,  Cazin,  Crna Gora,  Derventa,  Doboj,  Donji Vakuf,  Drvar,  Dubrovnik,  Fo?a,  Fojnica,  Glamo?,  Gora?de,  Gornji Milanovac,  Gornji Vakuf,  gostivar,  Gra?anica,  Grada?ac,  Gradiska,  Grahovo,  Had?i?i,  Ilid?a,  In?ija,  Jablanica,  Jagodina,  Jajce,  Kakanj,  Kalu?erica,  Kikinda,  Klju?,  Konjic,  Kotor Varo?,  Kragujevac,  Kraljevo,  Kru?evac,  Kula,  Kupres,  Lakta?i,  Lazarevac,  Leskovac,  Livno,  Ljubinje,  ljublana,  Ljubu?ki,  Loznica,  Lukavac,  Maglaj,  Mladenovac,  Modri?a,  montenegro erlajnz,  mostar,  Mrkonji? Grad,  Neum,  Ni?,  Novi Pazar,  Novi Sad,  Novi Travnik,  Obrenovac,  Od?ak,  ohrid,  Ora?je,  Pale,  Pan?evo,  Para?in,  Pirot,  Po?arevac,  Podgorica,  Priboj,  Prijedor,  Prokuplje,  Prozor,  pula,  rijeka,  Ruma,  Sanski Most,  Sarajevo,  Senta,  serbija,  sibenik,  skopje,  Smederevo,  Smederevska Palanka,  Sokolac,  Sombor,  split,  Srebrenica,  Srebrenik,  Sremska Mitrovica,  Stolac,  Struga,  Subotica,  Temerin,  Tesli?,  tetovo,  Travnik,  Trebinje,  tuzla,  U?ice,  ulcinj,  Valjevo,  Velika Kladu?a,  Vi?egrad,  Visoko,  Vitez,  Vogo??a,  vojvodina,  Vranje,  Vr?ac,  Vrbas,  zadar,  Zagreb,  Zaje?ar,  Zavidovi?i,  Zenica,  Zrenjanin,  Zvornik,copacabana ulcinj,  h?tels,  hotel ulqin,  Kosova,  Mali i Zi,  Maqedonija,  Montenegro,  montenegro tourisme plage,  montenegro ulcinj,  Shpallje Falas,  Shpallje Falas per shitjen e shtepis se juaj,  Shpallje Falas per villat e juaj,  Shpallje Falas Real Estate,  Shpallje Falas turistike,  shqiperija,  tourisme,  Ulci?,  ulcinj,  ulqin,  ulqin hotel,  ulqini,  ulqini 2007,Ada Bojana,  Alba?czyk,  Cita di Dolcino,  Copacabana,  Czarnog?ra,  Czarnog?rzec,  Don Kichota,  Ma\u00b3a Pla?a,  Mandra,  MIGUEL DE SERVANTES,  p?\u00b3wyspy Marjan,  Pla?a Valdanos,  Rzeka Bojana,  Shas \/ ?as \/ Sva?,  Ulci?,  Ulcinjsk\u00b9 Riwier?,  Wielka Pla?a,  Wyspa Bojana,GORA,??????????,???????,??????????, ?ern? Hora,TO ULCINJ \/ ULQIN,MONTENEGRO, Czarnog?ra, Muntenegru, ????? ????, Montenegr?,ulcinj, location de vacance, location saisonni?res, louer chambres,location de vacance, Locations vacance, h?bergements vacances, logements de vacances, location maison avec piscine, Location vacance, locations de vacance, h?bergements de vacances, location, locations entre particulier, logements vacance, vacances ? Mont?n?gro - location ? Ulcinj ,location  de bigorre,Albaniku,  Artana,  Bujanoci,  Burimi,  Dardana,  Dardan?,  De?an,  Dibra,  Drenas,  Drenasi,  Ferizaj,  Ferizaji,  Fush? Kosova,Besplatni internet oglasi,Besplatni oglasi,besplatni mali oglasi,besplatni turisti?ki oglasi,oglasi, usluge, turizam,Turisti?ke usluge,Doma?i turizam,Besplatni Oglasnik,Brzi Oglasi Besplatno,Besplatno OglasavanjeTurizam,besplatni oglasi sa slikom,Turisticki informator besplatni,li?ni-oglasi,BESPLATNI Turisticki OGLASI SA SLIKAMA,BESPLATNI Turisticki Oglasi saVideom,turisticki smestaj oglasi,Turisti?ki vodi? balkana,BESPLATNA REZERVACIJA SMESTAJA,Postavite besplatno Vas oglas,FREE TOURIST GUIDES,Izdavanje-Turizam oglasi,Balkan Turisticki vodic,shpallje turistike falas,Shpallje Falas,Shpallje falas per Komplekse Turistike,Lajmerime,Njoftime,shpallje shqip per shqiptaret ne shqiperi kosova maqedoni,mal te zi,Fush? Kosov?,  Gjakova,  Gjakov?,  Gjilan,  Gjilani,  Gostivari,  Istog,  Istog\u2022,  Ka?anik,  Ka?aniku,  Kastrioti,  K?r?ova,  Klina,  Klin?,  Kumanova,  Leposaviq,  Leskovci,  Likova,  Lipjan,  Lipjani,  Malisheva,  Malishev?,  Manastiri,  Medvegja,  Mitrovica,  Mitrovic?,  Novob?rd?,  Obiliq\u2022 Rahovec,  Ohri,  Peja,  Pej?,  Podujeva,  Podujev?,  Presheva,  Prishtina,  Prishtin?,  Prizren,  Prizreni,  Rahoveci,  Sharri,  Sharri (Kosov?),  Shkupi,  Sht?rpca,  Sht?rpc?,  Shtime,  Sk?nderaj,  Struga,  Tetova,  Theranda,  Therand?,  Triumf Riza,  Veleshta,  Viti,  Vitia,  Vushtrri,  Vushtrria,  Zubin Potok,  Zubin Potoku,  Zvecan,  Zve?ani,Struga,Gostivari,Gostivar,Ker?ova,Tirana,Durr?si,Elbasani,Shkodra,Tuzi,Vlora, Kor?a,Fieri,Berati,Lushnja ,Kavaja,Pogradeci,La?i,Gjirokastra,Patosi,Kruja,Ku?ova,Kuk?si,Lezha,Saranda,Peshkopia,Burreli,C?rriku,?orovoda,Shijaku,Librazhdi,Tepelena,Gramshi,Poli?ani,Bulqiza,P?rmeti,Fush?Kruja,Kamza,Rr?sheni,Ballshi,Mamurrasi,BajramCurri,Erseka,Peqini,Divjaka,Selenica,Bilishti,Roskoveci,Puka,Memaliaj,Rrogozhina,Ura Vajgurore,Himara,Delvina,Vora,Kopliku,Maliqi,P?rrenjasi,Kruma, Libohova,Orikumi,Fush?-Arr?za,Sh?ngjini,Rubiku,Miloti, Leskoviku,Konispoli,K?lcyra,Krasta,K?rraba,Manastiri,Hara?ina,Likova,Prilepi,Zajazi,Vrap?ishti,Bogovin?,\" width=\"520\" height=\"120\" \/><\/a><\/p>\n","protected":false},"excerpt":{"rendered":"<p>Manifestimi tradicional &#8220;PRANVERA N\u00cb AN\u00cb T\u00cb MALIT 2009&#8221; Programi: E premte, 22 maj 2009 Prezantimi i eksponateve t\u00eb gjetura gjat\u00eb g\u00ebrmimeve arkeologjike n\u00eb Shas (Muzeu n\u00eb Kala, ora 18.00) Promovimi i librit \u201cShasi i lasht\u00eb, monument i kultur\u00ebs\u201d (Hoteli \u201cMediteran\u201d, ora 19.30) Shfaqja e filmit dokumentar mbi Shasin i autores Monika Stafa (Hoteli \u201cMediteran, ora [&hellip;]<\/p>\n","protected":false},"author":1,"featured_media":0,"comment_status":"open","ping_status":"closed","sticky":false,"template":"","format":"standard","meta":{"spay_email":"","jetpack_publicize_message":"","jetpack_is_tweetstorm":false,"jetpack_publicize_feature_enabled":true},"categories":[4],"tags":[10607,3505,3510,3502,10605,3516,3511,10471,3504,3506,3499,3509,3507,49,3500,3228,10473,3512,95,10603,10608,10474,10470,3227,3513,10606,3514,2187,5314,2354,2306,3501,10472,3231,3617,2350,354,3508,3503,3515,3498,3797,1005,201,200,18,10604],"jetpack_publicize_connections":[],"yoast_head":"<!-- This site is optimized with the Yoast SEO plugin v19.1 - https:\/\/yoast.com\/wordpress\/plugins\/seo\/ -->\n<title>Programi i manifestimit tradicional &quot;PRANVERA N\u00cb AN\u00cb T\u00cb MALIT 2009&quot; - Lajme nga Ulqini<\/title>\n<meta name=\"description\" content=\"Manifestimi tradicional &quot;PRANVERA N\u00cb AN\u00cb T\u00cb MALIT 2009&quot; Programi: E premte, 22 maj 2009 Prezantimi i eksponateve t\u00eb gjetura gjat\u00eb g\u00ebrmimeve arkeologjike\" \/>\n<meta name=\"robots\" content=\"index, follow, max-snippet:-1, max-image-preview:large, max-video-preview:-1\" \/>\n<link rel=\"canonical\" href=\"https:\/\/www.visit-ulcinj.com\/blog\/2009\/05\/20\/manifestimi-tradicional-pranvera-ne-ane-te-malit-2009\/\" \/>\n<meta property=\"og:locale\" content=\"en_US\" \/>\n<meta property=\"og:type\" content=\"article\" \/>\n<meta property=\"og:title\" content=\"Programi i manifestimit tradicional &quot;PRANVERA N\u00cb AN\u00cb T\u00cb MALIT 2009&quot; - Lajme nga Ulqini\" \/>\n<meta property=\"og:description\" content=\"Manifestimi tradicional &quot;PRANVERA N\u00cb AN\u00cb T\u00cb MALIT 2009&quot; Programi: E premte, 22 maj 2009 Prezantimi i eksponateve t\u00eb gjetura gjat\u00eb g\u00ebrmimeve arkeologjike\" \/>\n<meta property=\"og:url\" content=\"https:\/\/www.visit-ulcinj.com\/blog\/2009\/05\/20\/manifestimi-tradicional-pranvera-ne-ane-te-malit-2009\/\" \/>\n<meta property=\"og:site_name\" content=\"Lajme nga Ulqini\" \/>\n<meta property=\"article:published_time\" content=\"2009-05-20T18:19:10+00:00\" \/>\n<meta property=\"article:modified_time\" content=\"2009-05-22T13:57:38+00:00\" \/>\n<meta property=\"og:image\" content=\"https:\/\/www.visit-ulcinj.com\/blog\/wp-content\/uploads\/2009\/05\/programi-i-manifestimit1-150x150.jpg\" \/>\n<meta name=\"twitter:label1\" content=\"Written by\" \/>\n\t<meta name=\"twitter:data1\" content=\"ulqini\" \/>\n\t<meta name=\"twitter:label2\" content=\"Est. reading time\" \/>\n\t<meta name=\"twitter:data2\" content=\"2 minutes\" \/>\n<script type=\"application\/ld+json\" class=\"yoast-schema-graph\">{\"@context\":\"https:\/\/schema.org\",\"@graph\":[{\"@type\":\"WebSite\",\"@id\":\"https:\/\/www.visit-ulcinj.com\/blog\/#website\",\"url\":\"https:\/\/www.visit-ulcinj.com\/blog\/\",\"name\":\"Lajme nga Ulqini\",\"description\":\"Lajme,Vijesti,Ulqini,Ulqin,Crna Gora,Mali i Zi\",\"potentialAction\":[{\"@type\":\"SearchAction\",\"target\":{\"@type\":\"EntryPoint\",\"urlTemplate\":\"https:\/\/www.visit-ulcinj.com\/blog\/?s={search_term_string}\"},\"query-input\":\"required name=search_term_string\"}],\"inLanguage\":\"en-US\"},{\"@type\":\"ImageObject\",\"inLanguage\":\"en-US\",\"@id\":\"https:\/\/www.visit-ulcinj.com\/blog\/2009\/05\/20\/manifestimi-tradicional-pranvera-ne-ane-te-malit-2009\/#primaryimage\",\"url\":\"https:\/\/www.visit-ulcinj.com\/blog\/wp-content\/uploads\/2009\/05\/programi-i-manifestimit1.jpg\",\"contentUrl\":\"https:\/\/www.visit-ulcinj.com\/blog\/wp-content\/uploads\/2009\/05\/programi-i-manifestimit1.jpg\",\"width\":\"700\",\"height\":\"980\"},{\"@type\":\"WebPage\",\"@id\":\"https:\/\/www.visit-ulcinj.com\/blog\/2009\/05\/20\/manifestimi-tradicional-pranvera-ne-ane-te-malit-2009\/#webpage\",\"url\":\"https:\/\/www.visit-ulcinj.com\/blog\/2009\/05\/20\/manifestimi-tradicional-pranvera-ne-ane-te-malit-2009\/\",\"name\":\"Programi i manifestimit tradicional \\\"PRANVERA N\u00cb AN\u00cb T\u00cb MALIT 2009\\\" - Lajme nga Ulqini\",\"isPartOf\":{\"@id\":\"https:\/\/www.visit-ulcinj.com\/blog\/#website\"},\"primaryImageOfPage\":{\"@id\":\"https:\/\/www.visit-ulcinj.com\/blog\/2009\/05\/20\/manifestimi-tradicional-pranvera-ne-ane-te-malit-2009\/#primaryimage\"},\"datePublished\":\"2009-05-20T18:19:10+00:00\",\"dateModified\":\"2009-05-22T13:57:38+00:00\",\"author\":{\"@id\":\"https:\/\/www.visit-ulcinj.com\/blog\/#\/schema\/person\/dcab619c614d3038751c63bc2aadc06d\"},\"description\":\"Manifestimi tradicional \\\"PRANVERA N\u00cb AN\u00cb T\u00cb MALIT 2009\\\" Programi: E premte, 22 maj 2009 Prezantimi i eksponateve t\u00eb gjetura gjat\u00eb g\u00ebrmimeve arkeologjike\",\"breadcrumb\":{\"@id\":\"https:\/\/www.visit-ulcinj.com\/blog\/2009\/05\/20\/manifestimi-tradicional-pranvera-ne-ane-te-malit-2009\/#breadcrumb\"},\"inLanguage\":\"en-US\",\"potentialAction\":[{\"@type\":\"ReadAction\",\"target\":[\"https:\/\/www.visit-ulcinj.com\/blog\/2009\/05\/20\/manifestimi-tradicional-pranvera-ne-ane-te-malit-2009\/\"]}]},{\"@type\":\"BreadcrumbList\",\"@id\":\"https:\/\/www.visit-ulcinj.com\/blog\/2009\/05\/20\/manifestimi-tradicional-pranvera-ne-ane-te-malit-2009\/#breadcrumb\",\"itemListElement\":[{\"@type\":\"ListItem\",\"position\":1,\"name\":\"Programi i manifestimit tradicional &#8220;PRANVERA N\u00cb AN\u00cb T\u00cb MALIT 2009&#8221;\"}]},{\"@type\":\"Person\",\"@id\":\"https:\/\/www.visit-ulcinj.com\/blog\/#\/schema\/person\/dcab619c614d3038751c63bc2aadc06d\",\"name\":\"ulqini\",\"sameAs\":[\"http:\/\/www.visit-ulcinj.com\"],\"url\":\"https:\/\/www.visit-ulcinj.com\/blog\/author\/admin\/\"}]}<\/script>\n<!-- \/ Yoast SEO plugin. -->","yoast_head_json":{"title":"Programi i manifestimit tradicional \"PRANVERA N\u00cb AN\u00cb T\u00cb MALIT 2009\" - Lajme nga Ulqini","description":"Manifestimi tradicional \"PRANVERA N\u00cb AN\u00cb T\u00cb MALIT 2009\" Programi: E premte, 22 maj 2009 Prezantimi i eksponateve t\u00eb gjetura gjat\u00eb g\u00ebrmimeve arkeologjike","robots":{"index":"index","follow":"follow","max-snippet":"max-snippet:-1","max-image-preview":"max-image-preview:large","max-video-preview":"max-video-preview:-1"},"canonical":"https:\/\/www.visit-ulcinj.com\/blog\/2009\/05\/20\/manifestimi-tradicional-pranvera-ne-ane-te-malit-2009\/","og_locale":"en_US","og_type":"article","og_title":"Programi i manifestimit tradicional \"PRANVERA N\u00cb AN\u00cb T\u00cb MALIT 2009\" - Lajme nga Ulqini","og_description":"Manifestimi tradicional \"PRANVERA N\u00cb AN\u00cb T\u00cb MALIT 2009\" Programi: E premte, 22 maj 2009 Prezantimi i eksponateve t\u00eb gjetura gjat\u00eb g\u00ebrmimeve arkeologjike","og_url":"https:\/\/www.visit-ulcinj.com\/blog\/2009\/05\/20\/manifestimi-tradicional-pranvera-ne-ane-te-malit-2009\/","og_site_name":"Lajme nga Ulqini","article_published_time":"2009-05-20T18:19:10+00:00","article_modified_time":"2009-05-22T13:57:38+00:00","og_image":[{"url":"https:\/\/www.visit-ulcinj.com\/blog\/wp-content\/uploads\/2009\/05\/programi-i-manifestimit1-150x150.jpg"}],"twitter_misc":{"Written by":"ulqini","Est. reading time":"2 minutes"},"schema":{"@context":"https:\/\/schema.org","@graph":[{"@type":"WebSite","@id":"https:\/\/www.visit-ulcinj.com\/blog\/#website","url":"https:\/\/www.visit-ulcinj.com\/blog\/","name":"Lajme nga Ulqini","description":"Lajme,Vijesti,Ulqini,Ulqin,Crna Gora,Mali i Zi","potentialAction":[{"@type":"SearchAction","target":{"@type":"EntryPoint","urlTemplate":"https:\/\/www.visit-ulcinj.com\/blog\/?s={search_term_string}"},"query-input":"required name=search_term_string"}],"inLanguage":"en-US"},{"@type":"ImageObject","inLanguage":"en-US","@id":"https:\/\/www.visit-ulcinj.com\/blog\/2009\/05\/20\/manifestimi-tradicional-pranvera-ne-ane-te-malit-2009\/#primaryimage","url":"https:\/\/www.visit-ulcinj.com\/blog\/wp-content\/uploads\/2009\/05\/programi-i-manifestimit1.jpg","contentUrl":"https:\/\/www.visit-ulcinj.com\/blog\/wp-content\/uploads\/2009\/05\/programi-i-manifestimit1.jpg","width":"700","height":"980"},{"@type":"WebPage","@id":"https:\/\/www.visit-ulcinj.com\/blog\/2009\/05\/20\/manifestimi-tradicional-pranvera-ne-ane-te-malit-2009\/#webpage","url":"https:\/\/www.visit-ulcinj.com\/blog\/2009\/05\/20\/manifestimi-tradicional-pranvera-ne-ane-te-malit-2009\/","name":"Programi i manifestimit tradicional \"PRANVERA N\u00cb AN\u00cb T\u00cb MALIT 2009\" - Lajme nga Ulqini","isPartOf":{"@id":"https:\/\/www.visit-ulcinj.com\/blog\/#website"},"primaryImageOfPage":{"@id":"https:\/\/www.visit-ulcinj.com\/blog\/2009\/05\/20\/manifestimi-tradicional-pranvera-ne-ane-te-malit-2009\/#primaryimage"},"datePublished":"2009-05-20T18:19:10+00:00","dateModified":"2009-05-22T13:57:38+00:00","author":{"@id":"https:\/\/www.visit-ulcinj.com\/blog\/#\/schema\/person\/dcab619c614d3038751c63bc2aadc06d"},"description":"Manifestimi tradicional \"PRANVERA N\u00cb AN\u00cb T\u00cb MALIT 2009\" Programi: E premte, 22 maj 2009 Prezantimi i eksponateve t\u00eb gjetura gjat\u00eb g\u00ebrmimeve arkeologjike","breadcrumb":{"@id":"https:\/\/www.visit-ulcinj.com\/blog\/2009\/05\/20\/manifestimi-tradicional-pranvera-ne-ane-te-malit-2009\/#breadcrumb"},"inLanguage":"en-US","potentialAction":[{"@type":"ReadAction","target":["https:\/\/www.visit-ulcinj.com\/blog\/2009\/05\/20\/manifestimi-tradicional-pranvera-ne-ane-te-malit-2009\/"]}]},{"@type":"BreadcrumbList","@id":"https:\/\/www.visit-ulcinj.com\/blog\/2009\/05\/20\/manifestimi-tradicional-pranvera-ne-ane-te-malit-2009\/#breadcrumb","itemListElement":[{"@type":"ListItem","position":1,"name":"Programi i manifestimit tradicional &#8220;PRANVERA N\u00cb AN\u00cb T\u00cb MALIT 2009&#8221;"}]},{"@type":"Person","@id":"https:\/\/www.visit-ulcinj.com\/blog\/#\/schema\/person\/dcab619c614d3038751c63bc2aadc06d","name":"ulqini","sameAs":["http:\/\/www.visit-ulcinj.com"],"url":"https:\/\/www.visit-ulcinj.com\/blog\/author\/admin\/"}]}},"jetpack_featured_media_url":"","jetpack_sharing_enabled":true,"jetpack_shortlink":"https:\/\/wp.me\/pe6lTn-5FP","_links":{"self":[{"href":"https:\/\/www.visit-ulcinj.com\/blog\/wp-json\/wp\/v2\/posts\/21813"}],"collection":[{"href":"https:\/\/www.visit-ulcinj.com\/blog\/wp-json\/wp\/v2\/posts"}],"about":[{"href":"https:\/\/www.visit-ulcinj.com\/blog\/wp-json\/wp\/v2\/types\/post"}],"author":[{"embeddable":true,"href":"https:\/\/www.visit-ulcinj.com\/blog\/wp-json\/wp\/v2\/users\/1"}],"replies":[{"embeddable":true,"href":"https:\/\/www.visit-ulcinj.com\/blog\/wp-json\/wp\/v2\/comments?post=21813"}],"version-history":[{"count":0,"href":"https:\/\/www.visit-ulcinj.com\/blog\/wp-json\/wp\/v2\/posts\/21813\/revisions"}],"wp:attachment":[{"href":"https:\/\/www.visit-ulcinj.com\/blog\/wp-json\/wp\/v2\/media?parent=21813"}],"wp:term":[{"taxonomy":"category","embeddable":true,"href":"https:\/\/www.visit-ulcinj.com\/blog\/wp-json\/wp\/v2\/categories?post=21813"},{"taxonomy":"post_tag","embeddable":true,"href":"https:\/\/www.visit-ulcinj.com\/blog\/wp-json\/wp\/v2\/tags?post=21813"}],"curies":[{"name":"wp","href":"https:\/\/api.w.org\/{rel}","templated":true}]}}