{"id":21844,"date":"2009-05-21T14:32:26","date_gmt":"2009-05-21T12:32:26","guid":{"rendered":"http:\/\/www.visit-ulcinj.com\/blog\/?p=21844"},"modified":"2009-05-21T14:32:26","modified_gmt":"2009-05-21T12:32:26","slug":"shoqata-ora-ben-thirrje-per-te-kontribuar","status":"publish","type":"post","link":"https:\/\/www.visit-ulcinj.com\/blog\/2009\/05\/21\/shoqata-ora-ben-thirrje-per-te-kontribuar\/","title":{"rendered":"Shoqata ORA ben thirrje p\u00ebr t\u00eb kontribuar"},"content":{"rendered":"<p><a class=\"\u0160asko jezero, liqeni Shasit, Shasi, shas, Ruins of Shas, \u0160as, Sas, Sva?, G\u00ebrmadhat e Shasit, Kishat e Shasit, Grad Sva?, ilirske gradine, katedrala Sva?, Crkva Sva?, sva? 365 crkava, \u0160as See, ulcinj, ulqin, ulqini, ada bojana, montenegro,ana malit,Amulli, Bojku, Brajsha, Dodaj, Dragina, Edicioni i gjasht\u00eb, Fraskanjeli, Kalimani, Katerkolla, Kllezna, Kosiq, Kosova, Kravari, krytha, Lezha, Lisna Bore, Mali i Zi, Manifestimi \u201cPranvera n\u00eb An\u00eb t\u00eb Malit\u201d 22-24 maj 2009, Manifestimit \u201cPranvera n\u00eb An\u00eb t\u00eb Malit\u201d, milla, Muriqani, Oblika, plava, Presheva, Prishtina, Rashtisha, Selita, Shasi, shkodra, Shkupi, Shqip\u00ebria, Shtegvasha, Shtodri, Shtufi, Sukubina, tirana, tivari, Tuzi,\u0160asko jezero.liqeni Shasit, Shasi.shas, Ruins of Shas, \u0160as, Sas, Sva?, Shasi, G\u00ebrmadhat e Shasit, Kishat e Shasit, Grad Sva?, ilirske gradine, katedrala Sva?, Crkva Sva?, Sva?,Shoqata \u201cOra\u201d,Muzeu i Ulqinit,Mileva Nikolaidis,Qendra e Kultur\u00ebs,190 eksponate,Qendr\u00ebs s\u00eb Kultur\u00ebs Ulqin, z. Shaban Gjeka, g\u00ebrmimeve arkeologjike n\u00eb Shas,Manifestimi &quot;Pranvera n\u00eb An\u00eb t\u00eb Malit&quot;,UNESCO,Qytetit t\u00eb Vjet\u00ebr te Shasit,Kishave t\u00eb Shasit,Dr. Nail Draga,Gazmend Kova\u00e7i,Ismet Kallaba,OJQ &quot;Ora&quot;,\" style=\"\u0160asko jezero, liqeni Shasit, Shasi, shas, Ruins of Shas, \u0160as, Sas, Sva?, G\u00ebrmadhat e Shasit, Kishat e Shasit, Grad Sva?, ilirske gradine, katedrala Sva?, Crkva Sva?, sva? 365 crkava, \u0160as See, ulcinj, ulqin, ulqini, ada bojana, montenegro,ana malit,Amulli, Bojku, Brajsha, Dodaj, Dragina, Edicioni i gjasht\u00eb, Fraskanjeli, Kalimani, Katerkolla, Kllezna, Kosiq, Kosova, Kravari, krytha, Lezha, Lisna Bore, Mali i Zi, Manifestimi \u201cPranvera n\u00eb An\u00eb t\u00eb Malit\u201d 22-24 maj 2009, Manifestimit \u201cPranvera n\u00eb An\u00eb t\u00eb Malit\u201d, milla, Muriqani, Oblika, plava, Presheva, Prishtina, Rashtisha, Selita, Shasi, shkodra, Shkupi, Shqip\u00ebria, Shtegvasha, Shtodri, Shtufi, Sukubina, tirana, tivari, Tuzi,\u0160asko jezero.liqeni Shasit, Shasi.shas, Ruins of Shas, \u0160as, Sas, Sva?, Shasi, G\u00ebrmadhat e Shasit, Kishat e Shasit, Grad Sva?, ilirske gradine, katedrala Sva?, Crkva Sva?, Sva?,Shoqata \u201cOra\u201d,Muzeu i Ulqinit,Mileva Nikolaidis,Qendra e Kultur\u00ebs,190 eksponate,Qendr\u00ebs s\u00eb Kultur\u00ebs Ulqin, z. Shaban Gjeka, g\u00ebrmimeve arkeologjike n\u00eb Shas,Manifestimi &quot;Pranvera n\u00eb An\u00eb t\u00eb Malit&quot;,UNESCO,Qytetit t\u00eb Vjet\u00ebr te Shasit,Kishave t\u00eb Shasit,Dr. Nail Draga,Gazmend Kova\u00e7i,Ismet Kallaba,OJQ &quot;Ora&quot;,\" title=\"\u0160asko jezero, liqeni Shasit, Shasi, shas, Ruins of Shas, \u0160as, Sas, Sva?, G\u00ebrmadhat e Shasit, Kishat e Shasit, Grad Sva?, ilirske gradine, katedrala Sva?, Crkva Sva?, sva? 365 crkava, \u0160as See, ulcinj, ulqin, ulqini, ada bojana, montenegro,ana malit,Amulli, Bojku, Brajsha, Dodaj, Dragina, Edicioni i gjasht\u00eb, Fraskanjeli, Kalimani, Katerkolla, Kllezna, Kosiq, Kosova, Kravari, krytha, Lezha, Lisna Bore, Mali i Zi, Manifestimi \u201cPranvera n\u00eb An\u00eb t\u00eb Malit\u201d 22-24 maj 2009, Manifestimit \u201cPranvera n\u00eb An\u00eb t\u00eb Malit\u201d, milla, Muriqani, Oblika, plava, Presheva, Prishtina, Rashtisha, Selita, Shasi, shkodra, Shkupi, Shqip\u00ebria, Shtegvasha, Shtodri, Shtufi, Sukubina, tirana, tivari, Tuzi,\u0160asko jezero.liqeni Shasit, Shasi.shas, Ruins of Shas, \u0160as, Sas, Sva?, Shasi, G\u00ebrmadhat e Shasit, Kishat e Shasit, Grad Sva?, ilirske gradine, katedrala Sva?, Crkva Sva?, Sva?,Shoqata \u201cOra\u201d,Muzeu i Ulqinit,Mileva Nikolaidis,Qendra e Kultur\u00ebs,190 eksponate,Qendr\u00ebs s\u00eb Kultur\u00ebs Ulqin, z. Shaban Gjeka, g\u00ebrmimeve arkeologjike n\u00eb Shas,Manifestimi &quot;Pranvera n\u00eb An\u00eb t\u00eb Malit&quot;,UNESCO,Qytetit t\u00eb Vjet\u00ebr te Shasit,Kishave t\u00eb Shasit,Dr. Nail Draga,Gazmend Kova\u00e7i,Ismet Kallaba,OJQ &quot;Ora&quot;,\" rel=\"\u0160asko jezero, liqeni Shasit, Shasi, shas, Ruins of Shas, \u0160as, Sas, Sva?, G\u00ebrmadhat e Shasit, Kishat e Shasit, Grad Sva?, ilirske gradine, katedrala Sva?, Crkva Sva?, sva? 365 crkava, \u0160as See, ulcinj, ulqin, ulqini, ada bojana, montenegro,ana malit,Amulli, Bojku, Brajsha, Dodaj, Dragina, Edicioni i gjasht\u00eb, Fraskanjeli, Kalimani, Katerkolla, Kllezna, Kosiq, Kosova, Kravari, krytha, Lezha, Lisna Bore, Mali i Zi, Manifestimi \u201cPranvera n\u00eb An\u00eb t\u00eb Malit\u201d 22-24 maj 2009, Manifestimit \u201cPranvera n\u00eb An\u00eb t\u00eb Malit\u201d, milla, Muriqani, Oblika, plava, Presheva, Prishtina, Rashtisha, Selita, Shasi, shkodra, Shkupi, Shqip\u00ebria, Shtegvasha, Shtodri, Shtufi, Sukubina, tirana, tivari, Tuzi,\u0160asko jezero.liqeni Shasit, Shasi.shas, Ruins of Shas, \u0160as, Sas, Sva?, Shasi, G\u00ebrmadhat e Shasit, Kishat e Shasit, Grad Sva?, ilirske gradine, katedrala Sva?, Crkva Sva?, Sva?,Shoqata \u201cOra\u201d,Muzeu i Ulqinit,Mileva Nikolaidis,Qendra e Kultur\u00ebs,190 eksponate,Qendr\u00ebs s\u00eb Kultur\u00ebs Ulqin, z. Shaban Gjeka, g\u00ebrmimeve arkeologjike n\u00eb Shas,Manifestimi &quot;Pranvera n\u00eb An\u00eb t\u00eb Malit&quot;,UNESCO,Qytetit t\u00eb Vjet\u00ebr te Shasit,Kishave t\u00eb Shasit,Dr. Nail Draga,Gazmend Kova\u00e7i,Ismet Kallaba,OJQ &quot;Ora&quot;,\" href=\"http:\/\/www.visit-ulcinj.com\/blog\/wp-content\/uploads\/2009\/05\/shoqata-ora.jpg\"><img loading=\"lazy\" class=\"alignleft size-full wp-image-21845\" title=\"shoqata-ora\" src=\"http:\/\/www.visit-ulcinj.com\/blog\/wp-content\/uploads\/2009\/05\/shoqata-ora.jpg\" alt=\"shoqata-ora\" width=\"580\" height=\"400\" \/><\/a>P\u00ebr mbar\u00ebvajtjen e t\u00eb gjitha aktiviteteve t\u00eb  \t\t\tplanifikuara, n\u00eb kuadrin e t\u00eb cil\u00ebve \u00ebsht\u00eb edhe manifestimi  \t\t\ttradicional &#8220;Pranvera n\u00eb An\u00eb t\u00eb Malit 2009&#8221;, shoqata ORA ka nevoj\u00eb  \t\t\tedhe p\u00ebr kontributin tuaj.<\/p>\n<p>Kontributet tuaja brenda Malit te Zi mund te  \t\t\tderdh\u00ebn n\u00eb xhirollogarin\u00eb e shoqat\u00ebs ORA e cila \u00ebsht\u00eb:<br \/>\nBANKA KOMERCIALE MALAZEZE \u2013 Filiali  \t\t\tUlqin, nr i xhirollogaris\u00eb: 510 \u2013 10123 \u2013  \t\t\t32<\/p>\n<p>Gjithashtu p\u00ebr bashk\u00ebatdhetaret ton\u00eb q\u00eb  \t\t\tjetojn\u00eb jasht\u00eb vendlindjes instruksionet p\u00ebr pages\u00eb mund ti gjejn\u00eb  \t\t\tk\u00ebtu:<\/p>\n<p><strong>P\u00ebr Europ\u00eb &#8211; <em> <a href=\"http:\/\/shoqata-ora.org\/Donatoret\/CKB%20-%20udhezimi%20per%20pagese%20nga%20Europa.doc\"> shkarkoje k\u00ebtu<\/a><\/em><br \/>\nP\u00ebr Amerik\u00eb &#8211; \t\t\t<a href=\"http:\/\/shoqata-ora.org\/Donatoret\/CKB%20-%20udhezimi%20per%20pagese%20nga%20Amerika.doc\"><em> shkarkoje k\u00ebtu<\/em><\/a><\/strong><\/p>\n<p><strong><em><a class=\"\u0160asko jezero, liqeni Shasit, Shasi, shas, Ruins of Shas, \u0160as, Sas, Sva?, G\u00ebrmadhat e Shasit, Kishat e Shasit, Grad Sva?, ilirske gradine, katedrala Sva?, Crkva Sva?, sva? 365 crkava, \u0160as See, ulcinj, ulqin, ulqini, ada bojana, montenegro,ana malit,Amulli, Bojku, Brajsha, Dodaj, Dragina, Edicioni i gjasht\u00eb, Fraskanjeli, Kalimani, Katerkolla, Kllezna, Kosiq, Kosova, Kravari, krytha, Lezha, Lisna Bore, Mali i Zi, Manifestimi \u201cPranvera n\u00eb An\u00eb t\u00eb Malit\u201d 22-24 maj 2009, Manifestimit \u201cPranvera n\u00eb An\u00eb t\u00eb Malit\u201d, milla, Muriqani, Oblika, plava, Presheva, Prishtina, Rashtisha, Selita, Shasi, shkodra, Shkupi, Shqip\u00ebria, Shtegvasha, Shtodri, Shtufi, Sukubina, tirana, tivari, Tuzi,\u0160asko jezero.liqeni Shasit, Shasi.shas, Ruins of Shas, \u0160as, Sas, Sva?, Shasi, G\u00ebrmadhat e Shasit, Kishat e Shasit, Grad Sva?, ilirske gradine, katedrala Sva?, Crkva Sva?, Sva?,Shoqata \u201cOra\u201d,Muzeu i Ulqinit,Mileva Nikolaidis,Qendra e Kultur\u00ebs,190 eksponate,Qendr\u00ebs s\u00eb Kultur\u00ebs Ulqin, z. Shaban Gjeka, g\u00ebrmimeve arkeologjike n\u00eb Shas,Manifestimi &quot;Pranvera n\u00eb An\u00eb t\u00eb Malit&quot;,UNESCO,Qytetit t\u00eb Vjet\u00ebr te Shasit,Kishave t\u00eb Shasit,Dr. Nail Draga,Gazmend Kova\u00e7i,Ismet Kallaba,OJQ &quot;Ora&quot;,\" style=\"\u0160asko jezero, liqeni Shasit, Shasi, shas, Ruins of Shas, \u0160as, Sas, Sva?, G\u00ebrmadhat e Shasit, Kishat e Shasit, Grad Sva?, ilirske gradine, katedrala Sva?, Crkva Sva?, sva? 365 crkava, \u0160as See, ulcinj, ulqin, ulqini, ada bojana, montenegro,ana malit,Amulli, Bojku, Brajsha, Dodaj, Dragina, Edicioni i gjasht\u00eb, Fraskanjeli, Kalimani, Katerkolla, Kllezna, Kosiq, Kosova, Kravari, krytha, Lezha, Lisna Bore, Mali i Zi, Manifestimi \u201cPranvera n\u00eb An\u00eb t\u00eb Malit\u201d 22-24 maj 2009, Manifestimit \u201cPranvera n\u00eb An\u00eb t\u00eb Malit\u201d, milla, Muriqani, Oblika, plava, Presheva, Prishtina, Rashtisha, Selita, Shasi, shkodra, Shkupi, Shqip\u00ebria, Shtegvasha, Shtodri, Shtufi, Sukubina, tirana, tivari, Tuzi,\u0160asko jezero.liqeni Shasit, Shasi.shas, Ruins of Shas, \u0160as, Sas, Sva?, Shasi, G\u00ebrmadhat e Shasit, Kishat e Shasit, Grad Sva?, ilirske gradine, katedrala Sva?, Crkva Sva?, Sva?,Shoqata \u201cOra\u201d,Muzeu i Ulqinit,Mileva Nikolaidis,Qendra e Kultur\u00ebs,190 eksponate,Qendr\u00ebs s\u00eb Kultur\u00ebs Ulqin, z. Shaban Gjeka, g\u00ebrmimeve arkeologjike n\u00eb Shas,Manifestimi &quot;Pranvera n\u00eb An\u00eb t\u00eb Malit&quot;,UNESCO,Qytetit t\u00eb Vjet\u00ebr te Shasit,Kishave t\u00eb Shasit,Dr. Nail Draga,Gazmend Kova\u00e7i,Ismet Kallaba,OJQ &quot;Ora&quot;,\" title=\"\u0160asko jezero, liqeni Shasit, Shasi, shas, Ruins of Shas, \u0160as, Sas, Sva?, G\u00ebrmadhat e Shasit, Kishat e Shasit, Grad Sva?, ilirske gradine, katedrala Sva?, Crkva Sva?, sva? 365 crkava, \u0160as See, ulcinj, ulqin, ulqini, ada bojana, montenegro,ana malit,Amulli, Bojku, Brajsha, Dodaj, Dragina, Edicioni i gjasht\u00eb, Fraskanjeli, Kalimani, Katerkolla, Kllezna, Kosiq, Kosova, Kravari, krytha, Lezha, Lisna Bore, Mali i Zi, Manifestimi \u201cPranvera n\u00eb An\u00eb t\u00eb Malit\u201d 22-24 maj 2009, Manifestimit \u201cPranvera n\u00eb An\u00eb t\u00eb Malit\u201d, milla, Muriqani, Oblika, plava, Presheva, Prishtina, Rashtisha, Selita, Shasi, shkodra, Shkupi, Shqip\u00ebria, Shtegvasha, Shtodri, Shtufi, Sukubina, tirana, tivari, Tuzi,\u0160asko jezero.liqeni Shasit, Shasi.shas, Ruins of Shas, \u0160as, Sas, Sva?, Shasi, G\u00ebrmadhat e Shasit, Kishat e Shasit, Grad Sva?, ilirske gradine, katedrala Sva?, Crkva Sva?, Sva?,Shoqata \u201cOra\u201d,Muzeu i Ulqinit,Mileva Nikolaidis,Qendra e Kultur\u00ebs,190 eksponate,Qendr\u00ebs s\u00eb Kultur\u00ebs Ulqin, z. Shaban Gjeka, g\u00ebrmimeve arkeologjike n\u00eb Shas,Manifestimi &quot;Pranvera n\u00eb An\u00eb t\u00eb Malit&quot;,UNESCO,Qytetit t\u00eb Vjet\u00ebr te Shasit,Kishave t\u00eb Shasit,Dr. Nail Draga,Gazmend Kova\u00e7i,Ismet Kallaba,OJQ &quot;Ora&quot;,\" rel=\"\u0160asko jezero, liqeni Shasit, Shasi, shas, Ruins of Shas, \u0160as, Sas, Sva?, G\u00ebrmadhat e Shasit, Kishat e Shasit, Grad Sva?, ilirske gradine, katedrala Sva?, Crkva Sva?, sva? 365 crkava, \u0160as See, ulcinj, ulqin, ulqini, ada bojana, montenegro,ana malit,Amulli, Bojku, Brajsha, Dodaj, Dragina, Edicioni i gjasht\u00eb, Fraskanjeli, Kalimani, Katerkolla, Kllezna, Kosiq, Kosova, Kravari, krytha, Lezha, Lisna Bore, Mali i Zi, Manifestimi \u201cPranvera n\u00eb An\u00eb t\u00eb Malit\u201d 22-24 maj 2009, Manifestimit \u201cPranvera n\u00eb An\u00eb t\u00eb Malit\u201d, milla, Muriqani, Oblika, plava, Presheva, Prishtina, Rashtisha, Selita, Shasi, shkodra, Shkupi, Shqip\u00ebria, Shtegvasha, Shtodri, Shtufi, Sukubina, tirana, tivari, Tuzi,\u0160asko jezero.liqeni Shasit, Shasi.shas, Ruins of Shas, \u0160as, Sas, Sva?, Shasi, G\u00ebrmadhat e Shasit, Kishat e Shasit, Grad Sva?, ilirske gradine, katedrala Sva?, Crkva Sva?, Sva?,Shoqata \u201cOra\u201d,Muzeu i Ulqinit,Mileva Nikolaidis,Qendra e Kultur\u00ebs,190 eksponate,Qendr\u00ebs s\u00eb Kultur\u00ebs Ulqin, z. Shaban Gjeka, g\u00ebrmimeve arkeologjike n\u00eb Shas,Manifestimi &quot;Pranvera n\u00eb An\u00eb t\u00eb Malit&quot;,UNESCO,Qytetit t\u00eb Vjet\u00ebr te Shasit,Kishave t\u00eb Shasit,Dr. Nail Draga,Gazmend Kova\u00e7i,Ismet Kallaba,OJQ &quot;Ora&quot;,\" href=\"http:\/\/www.visit-ulcinj.com\/blog\/wp-content\/uploads\/2009\/05\/manifestimi-tradicional-_pranvera-ne-ane-te-malit.jpg\"><img loading=\"lazy\" class=\"alignleft size-full wp-image-21846\" title=\"manifestimi-tradicional-_pranvera-ne-ane-te-malit\" src=\"http:\/\/www.visit-ulcinj.com\/blog\/wp-content\/uploads\/2009\/05\/manifestimi-tradicional-_pranvera-ne-ane-te-malit.jpg\" alt=\"manifestimi-tradicional-_pranvera-ne-ane-te-malit\" width=\"580\" height=\"397\" \/><\/a><br \/>\n<\/em><\/strong><\/p>\n<p><strong>Shoqata \u201cOra\u201d inicon konservimin e eksponateve t\u00eb gjetura gjat\u00eb g\u00ebrmimeve arkeologjike n\u00eb Shas<\/strong><\/p>\n<p>Shoqata \u201cOra\u201d i \u00ebsht\u00eb drejtuar Qendr\u00ebs s\u00eb Kultur\u00ebs Ulqin me k\u00ebrkes\u00ebn p\u00ebr inicimin e realizimit t\u00eb konservimit t\u00eb eksponateve arkeologjike t\u00eb gjetura gjat\u00eb g\u00ebrmimeve arkeologjike n\u00eb Shas.<br \/>\nN\u00eb k\u00ebrkes\u00ebn-iniciativ\u00ebn drejtuar drejtorit t\u00eb Qendr\u00ebs s\u00eb Kultur\u00ebs Ulqin, z. Shaban Gjeka, Shoqata \u201cOra\u201d rikujton se kjo organizat\u00eb m\u00eb 16-17 maj 2008 ka organizuar Sesionin Shkencor \u201cShasi i lasht\u00eb, monument i kultur\u00ebs\u201d. Nga ky sesion jan\u00eb nxjerr\u00eb p\u00ebrfundimet, nj\u00ebri prej t\u00eb cil\u00ebve \u00ebsht\u00eb q\u00eb t\u00eb b\u00ebhet konservimi i eksponateve arkeologjike t\u00eb gjetura gjat\u00eb g\u00ebrmimeve arkeologjike n\u00eb vitin 1985 n\u00eb Shas.<\/p>\n<p>K\u00ebrkes\u00ebs i ka paraprir\u00eb nj\u00eb vizit\u00eb e p\u00ebrfaq\u00ebsuesve t\u00eb Shoqat\u00ebs \u201cOra\u201d n\u00eb Muzeun e Ulqinit, m\u00eb 3 tetor 2008, me q\u00ebllim t\u00eb njohjes me gjendjen e eksponateve arkeologjike. P\u00ebrfaq\u00ebsuesit e Shoqat\u00ebs \u201cOra\u201d jan\u00eb njoftuar nga udh\u00ebheq\u00ebsja e k\u00ebtij muzeu, znj. Mileva Nikolaidis, se n\u00eb depon e tij ndodhen rreth 190 eksponate t\u00eb ndryshme t\u00eb pakonservuara, t\u00eb gjetura gjat\u00eb g\u00ebrmimeve arkeologjike n\u00eb Shas.<\/p>\n<p>N\u00eb k\u00ebrkes\u00eb thuhet se Organizata joqeveritare \u201cOra\u201d do t\u00eb mundohet q\u00eb brenda nj\u00eb afati sa m\u00eb t\u00eb shkurt\u00ebr kohor t\u00eb grumbulloj\u00eb mjetet e nevojshme financiare p\u00ebr realizimin e konservimit t\u00eb eksponatave n\u00eb fjal\u00eb.<br \/>\n\u201cOra\u201d k\u00ebrkon nga Qendra e Kultur\u00ebs nd\u00ebrmarrjen e t\u00eb gjitha procedurave t\u00eb nevojshme paraprake p\u00ebr realizimin e projektit t\u00eb konservimit t\u00eb eksponateve t\u00eb lartp\u00ebrmendura<span lang=\"en-us\"><strong><em>.<\/p>\n<p><\/em><\/strong><\/span><\/p>\n<p><a title=\"Shoqata ORA \" href=\"http:\/\/shoqata-ora.org\/index.html\" target=\"_blank\"><strong>http:\/\/shoqata-ora.org<\/strong><\/a><\/p>\n<p><strong><span>Kjo video eshte nje pjese nga dokumentari Exclusive te autores Monika Stafa, shfaqur per here te pare me dt. 10.05.2009, ne kanalin prestigjoz Top Channel.<\/span><\/strong><\/p>\n<p><strong>Iniciativen per realizimin e ketij dokumentari e ka dhene shoqata ORA, Ana e Malit &#8211; Ulqin, iniciative qe u perkrah menjehere nga autorja ne fjale.<\/strong><\/p>\n<p><strong>Faleminderit! <\/strong><\/p>\n<p><strong><span class=\"hLink\">Shasi<\/span> <span class=\"hLink\">emision<\/span> <span class=\"hLink\">realizuar<\/span> <span class=\"hLink\">nga<\/span> <span class=\"hLink\">Top<\/span> <span class=\"hLink\">Channel<\/span> dhe ju d\u00ebshirojm shikim t\u00eb kansh\u00ebm .<a title=\"Shoqata ORA \" href=\"http:\/\/www.youtube.com\/user\/shoqataora\" target=\"_blank\">Video I-II-III-IV<\/a><\/p>\n<p><\/strong>[flv width=&#8221;580&#8243; height=&#8221;380&#8243;]http:\/\/shqiphost2.top-channel.tv\/18754796\/procesisportiv\/exclusive10maj.flv[\/flv]<\/p>\n","protected":false},"excerpt":{"rendered":"<p>P\u00ebr mbar\u00ebvajtjen e t\u00eb gjitha aktiviteteve t\u00eb planifikuara, n\u00eb kuadrin e t\u00eb cil\u00ebve \u00ebsht\u00eb edhe manifestimi tradicional &#8220;Pranvera n\u00eb An\u00eb t\u00eb Malit 2009&#8221;, shoqata ORA ka nevoj\u00eb edhe p\u00ebr kontributin tuaj. Kontributet tuaja brenda Malit te Zi mund te derdh\u00ebn n\u00eb xhirollogarin\u00eb e shoqat\u00ebs ORA e cila \u00ebsht\u00eb: BANKA KOMERCIALE MALAZEZE \u2013 Filiali Ulqin, nr [&hellip;]<\/p>\n","protected":false},"author":1,"featured_media":0,"comment_status":"open","ping_status":"closed","sticky":false,"template":"","format":"standard","meta":{"spay_email":"","jetpack_publicize_message":"","jetpack_is_tweetstorm":false,"jetpack_publicize_feature_enabled":true},"categories":[1],"tags":[10615,138,3505,212,3510,3502,4507,3516,2761,3511,10471,3504,10621,3927,10617,4504,4505,3490,3506,4506,3499,4503,10620,3509,3507,49,3500,3228,10473,3928,3512,95,10618,10474,10470,883,3227,79,3513,10613,3514,10622,10624,5314,2354,2306,10614,889,10619,3501,4502,10472,2083,3231,4501,3617,2350,10623,10462,354,3508,3503,3515,3498,2081,10612,3797,1005,201,19,200,18,307,10616,2082,3975,513,4500],"jetpack_publicize_connections":[],"yoast_head":"<!-- This site is optimized with the Yoast SEO plugin v19.1 - https:\/\/yoast.com\/wordpress\/plugins\/seo\/ -->\n<title>Shoqata ORA ben thirrje p\u00ebr t\u00eb kontribuar - Lajme nga Ulqini<\/title>\n<meta name=\"description\" content=\"P\u00ebr mbar\u00ebvajtjen e t\u00eb gjitha aktiviteteve t\u00eb planifikuara, n\u00eb kuadrin e t\u00eb cil\u00ebve \u00ebsht\u00eb edhe manifestimi tradicional &quot;Pranvera n\u00eb An\u00eb t\u00eb Malit 2009&quot;,\" \/>\n<meta name=\"robots\" content=\"index, follow, max-snippet:-1, max-image-preview:large, max-video-preview:-1\" \/>\n<link rel=\"canonical\" href=\"https:\/\/www.visit-ulcinj.com\/blog\/2009\/05\/21\/shoqata-ora-ben-thirrje-per-te-kontribuar\/\" \/>\n<meta property=\"og:locale\" content=\"en_US\" \/>\n<meta property=\"og:type\" content=\"article\" \/>\n<meta property=\"og:title\" content=\"Shoqata ORA ben thirrje p\u00ebr t\u00eb kontribuar - Lajme nga Ulqini\" \/>\n<meta property=\"og:description\" content=\"P\u00ebr mbar\u00ebvajtjen e t\u00eb gjitha aktiviteteve t\u00eb planifikuara, n\u00eb kuadrin e t\u00eb cil\u00ebve \u00ebsht\u00eb edhe manifestimi tradicional &quot;Pranvera n\u00eb An\u00eb t\u00eb Malit 2009&quot;,\" \/>\n<meta property=\"og:url\" content=\"https:\/\/www.visit-ulcinj.com\/blog\/2009\/05\/21\/shoqata-ora-ben-thirrje-per-te-kontribuar\/\" \/>\n<meta property=\"og:site_name\" content=\"Lajme nga Ulqini\" \/>\n<meta property=\"article:published_time\" content=\"2009-05-21T12:32:26+00:00\" \/>\n<meta property=\"og:image\" content=\"http:\/\/www.visit-ulcinj.com\/blog\/wp-content\/uploads\/2009\/05\/shoqata-ora.jpg\" \/>\n<meta name=\"twitter:label1\" content=\"Written by\" \/>\n\t<meta name=\"twitter:data1\" content=\"ulqini\" \/>\n\t<meta name=\"twitter:label2\" content=\"Est. reading time\" \/>\n\t<meta name=\"twitter:data2\" content=\"2 minutes\" \/>\n<script type=\"application\/ld+json\" class=\"yoast-schema-graph\">{\"@context\":\"https:\/\/schema.org\",\"@graph\":[{\"@type\":\"WebSite\",\"@id\":\"https:\/\/www.visit-ulcinj.com\/blog\/#website\",\"url\":\"https:\/\/www.visit-ulcinj.com\/blog\/\",\"name\":\"Lajme nga Ulqini\",\"description\":\"Lajme,Vijesti,Ulqini,Ulqin,Crna Gora,Mali i Zi\",\"potentialAction\":[{\"@type\":\"SearchAction\",\"target\":{\"@type\":\"EntryPoint\",\"urlTemplate\":\"https:\/\/www.visit-ulcinj.com\/blog\/?s={search_term_string}\"},\"query-input\":\"required name=search_term_string\"}],\"inLanguage\":\"en-US\"},{\"@type\":\"ImageObject\",\"inLanguage\":\"en-US\",\"@id\":\"https:\/\/www.visit-ulcinj.com\/blog\/2009\/05\/21\/shoqata-ora-ben-thirrje-per-te-kontribuar\/#primaryimage\",\"url\":\"https:\/\/www.visit-ulcinj.com\/blog\/wp-content\/uploads\/2009\/05\/shoqata-ora.jpg\",\"contentUrl\":\"https:\/\/www.visit-ulcinj.com\/blog\/wp-content\/uploads\/2009\/05\/shoqata-ora.jpg\",\"width\":\"600\",\"height\":\"629\"},{\"@type\":\"WebPage\",\"@id\":\"https:\/\/www.visit-ulcinj.com\/blog\/2009\/05\/21\/shoqata-ora-ben-thirrje-per-te-kontribuar\/#webpage\",\"url\":\"https:\/\/www.visit-ulcinj.com\/blog\/2009\/05\/21\/shoqata-ora-ben-thirrje-per-te-kontribuar\/\",\"name\":\"Shoqata ORA ben thirrje p\u00ebr t\u00eb kontribuar - Lajme nga Ulqini\",\"isPartOf\":{\"@id\":\"https:\/\/www.visit-ulcinj.com\/blog\/#website\"},\"primaryImageOfPage\":{\"@id\":\"https:\/\/www.visit-ulcinj.com\/blog\/2009\/05\/21\/shoqata-ora-ben-thirrje-per-te-kontribuar\/#primaryimage\"},\"datePublished\":\"2009-05-21T12:32:26+00:00\",\"dateModified\":\"2009-05-21T12:32:26+00:00\",\"author\":{\"@id\":\"https:\/\/www.visit-ulcinj.com\/blog\/#\/schema\/person\/dcab619c614d3038751c63bc2aadc06d\"},\"description\":\"P\u00ebr mbar\u00ebvajtjen e t\u00eb gjitha aktiviteteve t\u00eb planifikuara, n\u00eb kuadrin e t\u00eb cil\u00ebve \u00ebsht\u00eb edhe manifestimi tradicional \\\"Pranvera n\u00eb An\u00eb t\u00eb Malit 2009\\\",\",\"breadcrumb\":{\"@id\":\"https:\/\/www.visit-ulcinj.com\/blog\/2009\/05\/21\/shoqata-ora-ben-thirrje-per-te-kontribuar\/#breadcrumb\"},\"inLanguage\":\"en-US\",\"potentialAction\":[{\"@type\":\"ReadAction\",\"target\":[\"https:\/\/www.visit-ulcinj.com\/blog\/2009\/05\/21\/shoqata-ora-ben-thirrje-per-te-kontribuar\/\"]}]},{\"@type\":\"BreadcrumbList\",\"@id\":\"https:\/\/www.visit-ulcinj.com\/blog\/2009\/05\/21\/shoqata-ora-ben-thirrje-per-te-kontribuar\/#breadcrumb\",\"itemListElement\":[{\"@type\":\"ListItem\",\"position\":1,\"name\":\"Shoqata ORA ben thirrje p\u00ebr t\u00eb kontribuar\"}]},{\"@type\":\"Person\",\"@id\":\"https:\/\/www.visit-ulcinj.com\/blog\/#\/schema\/person\/dcab619c614d3038751c63bc2aadc06d\",\"name\":\"ulqini\",\"sameAs\":[\"http:\/\/www.visit-ulcinj.com\"],\"url\":\"https:\/\/www.visit-ulcinj.com\/blog\/author\/admin\/\"}]}<\/script>\n<!-- \/ Yoast SEO plugin. -->","yoast_head_json":{"title":"Shoqata ORA ben thirrje p\u00ebr t\u00eb kontribuar - Lajme nga Ulqini","description":"P\u00ebr mbar\u00ebvajtjen e t\u00eb gjitha aktiviteteve t\u00eb planifikuara, n\u00eb kuadrin e t\u00eb cil\u00ebve \u00ebsht\u00eb edhe manifestimi tradicional \"Pranvera n\u00eb An\u00eb t\u00eb Malit 2009\",","robots":{"index":"index","follow":"follow","max-snippet":"max-snippet:-1","max-image-preview":"max-image-preview:large","max-video-preview":"max-video-preview:-1"},"canonical":"https:\/\/www.visit-ulcinj.com\/blog\/2009\/05\/21\/shoqata-ora-ben-thirrje-per-te-kontribuar\/","og_locale":"en_US","og_type":"article","og_title":"Shoqata ORA ben thirrje p\u00ebr t\u00eb kontribuar - Lajme nga Ulqini","og_description":"P\u00ebr mbar\u00ebvajtjen e t\u00eb gjitha aktiviteteve t\u00eb planifikuara, n\u00eb kuadrin e t\u00eb cil\u00ebve \u00ebsht\u00eb edhe manifestimi tradicional \"Pranvera n\u00eb An\u00eb t\u00eb Malit 2009\",","og_url":"https:\/\/www.visit-ulcinj.com\/blog\/2009\/05\/21\/shoqata-ora-ben-thirrje-per-te-kontribuar\/","og_site_name":"Lajme nga Ulqini","article_published_time":"2009-05-21T12:32:26+00:00","og_image":[{"url":"http:\/\/www.visit-ulcinj.com\/blog\/wp-content\/uploads\/2009\/05\/shoqata-ora.jpg"}],"twitter_misc":{"Written by":"ulqini","Est. reading time":"2 minutes"},"schema":{"@context":"https:\/\/schema.org","@graph":[{"@type":"WebSite","@id":"https:\/\/www.visit-ulcinj.com\/blog\/#website","url":"https:\/\/www.visit-ulcinj.com\/blog\/","name":"Lajme nga Ulqini","description":"Lajme,Vijesti,Ulqini,Ulqin,Crna Gora,Mali i Zi","potentialAction":[{"@type":"SearchAction","target":{"@type":"EntryPoint","urlTemplate":"https:\/\/www.visit-ulcinj.com\/blog\/?s={search_term_string}"},"query-input":"required name=search_term_string"}],"inLanguage":"en-US"},{"@type":"ImageObject","inLanguage":"en-US","@id":"https:\/\/www.visit-ulcinj.com\/blog\/2009\/05\/21\/shoqata-ora-ben-thirrje-per-te-kontribuar\/#primaryimage","url":"https:\/\/www.visit-ulcinj.com\/blog\/wp-content\/uploads\/2009\/05\/shoqata-ora.jpg","contentUrl":"https:\/\/www.visit-ulcinj.com\/blog\/wp-content\/uploads\/2009\/05\/shoqata-ora.jpg","width":"600","height":"629"},{"@type":"WebPage","@id":"https:\/\/www.visit-ulcinj.com\/blog\/2009\/05\/21\/shoqata-ora-ben-thirrje-per-te-kontribuar\/#webpage","url":"https:\/\/www.visit-ulcinj.com\/blog\/2009\/05\/21\/shoqata-ora-ben-thirrje-per-te-kontribuar\/","name":"Shoqata ORA ben thirrje p\u00ebr t\u00eb kontribuar - Lajme nga Ulqini","isPartOf":{"@id":"https:\/\/www.visit-ulcinj.com\/blog\/#website"},"primaryImageOfPage":{"@id":"https:\/\/www.visit-ulcinj.com\/blog\/2009\/05\/21\/shoqata-ora-ben-thirrje-per-te-kontribuar\/#primaryimage"},"datePublished":"2009-05-21T12:32:26+00:00","dateModified":"2009-05-21T12:32:26+00:00","author":{"@id":"https:\/\/www.visit-ulcinj.com\/blog\/#\/schema\/person\/dcab619c614d3038751c63bc2aadc06d"},"description":"P\u00ebr mbar\u00ebvajtjen e t\u00eb gjitha aktiviteteve t\u00eb planifikuara, n\u00eb kuadrin e t\u00eb cil\u00ebve \u00ebsht\u00eb edhe manifestimi tradicional \"Pranvera n\u00eb An\u00eb t\u00eb Malit 2009\",","breadcrumb":{"@id":"https:\/\/www.visit-ulcinj.com\/blog\/2009\/05\/21\/shoqata-ora-ben-thirrje-per-te-kontribuar\/#breadcrumb"},"inLanguage":"en-US","potentialAction":[{"@type":"ReadAction","target":["https:\/\/www.visit-ulcinj.com\/blog\/2009\/05\/21\/shoqata-ora-ben-thirrje-per-te-kontribuar\/"]}]},{"@type":"BreadcrumbList","@id":"https:\/\/www.visit-ulcinj.com\/blog\/2009\/05\/21\/shoqata-ora-ben-thirrje-per-te-kontribuar\/#breadcrumb","itemListElement":[{"@type":"ListItem","position":1,"name":"Shoqata ORA ben thirrje p\u00ebr t\u00eb kontribuar"}]},{"@type":"Person","@id":"https:\/\/www.visit-ulcinj.com\/blog\/#\/schema\/person\/dcab619c614d3038751c63bc2aadc06d","name":"ulqini","sameAs":["http:\/\/www.visit-ulcinj.com"],"url":"https:\/\/www.visit-ulcinj.com\/blog\/author\/admin\/"}]}},"jetpack_featured_media_url":"","jetpack_sharing_enabled":true,"jetpack_shortlink":"https:\/\/wp.me\/pe6lTn-5Gk","_links":{"self":[{"href":"https:\/\/www.visit-ulcinj.com\/blog\/wp-json\/wp\/v2\/posts\/21844"}],"collection":[{"href":"https:\/\/www.visit-ulcinj.com\/blog\/wp-json\/wp\/v2\/posts"}],"about":[{"href":"https:\/\/www.visit-ulcinj.com\/blog\/wp-json\/wp\/v2\/types\/post"}],"author":[{"embeddable":true,"href":"https:\/\/www.visit-ulcinj.com\/blog\/wp-json\/wp\/v2\/users\/1"}],"replies":[{"embeddable":true,"href":"https:\/\/www.visit-ulcinj.com\/blog\/wp-json\/wp\/v2\/comments?post=21844"}],"version-history":[{"count":0,"href":"https:\/\/www.visit-ulcinj.com\/blog\/wp-json\/wp\/v2\/posts\/21844\/revisions"}],"wp:attachment":[{"href":"https:\/\/www.visit-ulcinj.com\/blog\/wp-json\/wp\/v2\/media?parent=21844"}],"wp:term":[{"taxonomy":"category","embeddable":true,"href":"https:\/\/www.visit-ulcinj.com\/blog\/wp-json\/wp\/v2\/categories?post=21844"},{"taxonomy":"post_tag","embeddable":true,"href":"https:\/\/www.visit-ulcinj.com\/blog\/wp-json\/wp\/v2\/tags?post=21844"}],"curies":[{"name":"wp","href":"https:\/\/api.w.org\/{rel}","templated":true}]}}