{"id":21849,"date":"2009-05-21T14:58:50","date_gmt":"2009-05-21T12:58:50","guid":{"rendered":"http:\/\/www.visit-ulcinj.com\/blog\/?p=21849"},"modified":"2009-05-21T14:58:50","modified_gmt":"2009-05-21T12:58:50","slug":"hajdinaga-se-shpejti-rruga-shasit-me-dy-traka","status":"publish","type":"post","link":"https:\/\/www.visit-ulcinj.com\/blog\/2009\/05\/21\/hajdinaga-se-shpejti-rruga-shasit-me-dy-traka\/","title":{"rendered":"Hajdinaga: S\u00eb shpejti rruga Shasit me dy traka"},"content":{"rendered":"<p><a class=\"\u0160asko jezero, liqeni Shasit, Shasi, shas, Ruins of Shas, \u0160as, Sas, Sva?, G\u00ebrmadhat e Shasit, Kishat e Shasit, Grad Sva?, ilirske gradine, katedrala Sva?, Crkva Sva?, sva? 365 crkava, \u0160as See, ulcinj, ulqin, ulqini, ada bojana, montenegro,ana malit,Amulli, Bojku, Brajsha, Dodaj, Dragina, Edicioni i gjasht\u00eb, Fraskanjeli, Kalimani, Katerkolla, Kllezna, Kosiq, Kosova, Kravari, krytha, Lezha, Lisna Bore, Mali i Zi, Manifestimi \u201cPranvera n\u00eb An\u00eb t\u00eb Malit\u201d 22-24 maj 2009, Manifestimit \u201cPranvera n\u00eb An\u00eb t\u00eb Malit\u201d, milla, Muriqani, Oblika, plava, Presheva, Prishtina, Rashtisha, Selita, Shasi, shkodra, Shkupi, Shqip\u00ebria, Shtegvasha, Shtodri, Shtufi, Sukubina, tirana, tivari, Tuzi,\u0160asko jezero.liqeni Shasit, Shasi.shas, Ruins of Shas, \u0160as, Sas, Sva?, Shasi, G\u00ebrmadhat e Shasit, Kishat e Shasit, Grad Sva?, ilirske gradine, katedrala Sva?, Crkva Sva?, Sva?,Shoqata \u201cOra\u201d,Muzeu i Ulqinit,Mileva Nikolaidis,Qendra e Kultur\u00ebs,190 eksponate,Qendr\u00ebs s\u00eb Kultur\u00ebs Ulqin, z. Shaban Gjeka, g\u00ebrmimeve arkeologjike n\u00eb Shas,Manifestimi &quot;Pranvera n\u00eb An\u00eb t\u00eb Malit&quot;,UNESCO,Qytetit t\u00eb Vjet\u00ebr te Shasit,Kishave t\u00eb Shasit,Dr. Nail Draga,Gazmend Kova\u00e7i,Ismet Kallaba,OJQ &quot;Ora&quot;, kryetari i Komunes Ulqin Gezim Hajdinaga,Gjergj Daboviq , Moteli i Shasit,Rexhep Tagani,\" style=\"\u0160asko jezero, liqeni Shasit, Shasi, shas, Ruins of Shas, \u0160as, Sas, Sva?, G\u00ebrmadhat e Shasit, Kishat e Shasit, Grad Sva?, ilirske gradine, katedrala Sva?, Crkva Sva?, sva? 365 crkava, \u0160as See, ulcinj, ulqin, ulqini, ada bojana, montenegro,ana malit,Amulli, Bojku, Brajsha, Dodaj, Dragina, Edicioni i gjasht\u00eb, Fraskanjeli, Kalimani, Katerkolla, Kllezna, Kosiq, Kosova, Kravari, krytha, Lezha, Lisna Bore, Mali i Zi, Manifestimi \u201cPranvera n\u00eb An\u00eb t\u00eb Malit\u201d 22-24 maj 2009, Manifestimit \u201cPranvera n\u00eb An\u00eb t\u00eb Malit\u201d, milla, Muriqani, Oblika, plava, Presheva, Prishtina, Rashtisha, Selita, Shasi, shkodra, Shkupi, Shqip\u00ebria, Shtegvasha, Shtodri, Shtufi, Sukubina, tirana, tivari, Tuzi,\u0160asko jezero.liqeni Shasit, Shasi.shas, Ruins of Shas, \u0160as, Sas, Sva?, Shasi, G\u00ebrmadhat e Shasit, Kishat e Shasit, Grad Sva?, ilirske gradine, katedrala Sva?, Crkva Sva?, Sva?,Shoqata \u201cOra\u201d,Muzeu i Ulqinit,Mileva Nikolaidis,Qendra e Kultur\u00ebs,190 eksponate,Qendr\u00ebs s\u00eb Kultur\u00ebs Ulqin, z. Shaban Gjeka, g\u00ebrmimeve arkeologjike n\u00eb Shas,Manifestimi &quot;Pranvera n\u00eb An\u00eb t\u00eb Malit&quot;,UNESCO,Qytetit t\u00eb Vjet\u00ebr te Shasit,Kishave t\u00eb Shasit,Dr. Nail Draga,Gazmend Kova\u00e7i,Ismet Kallaba,OJQ &quot;Ora&quot;, kryetari i Komunes Ulqin Gezim Hajdinaga,Gjergj Daboviq , Moteli i Shasit,Rexhep Tagani,\" title=\"\u0160asko jezero, liqeni Shasit, Shasi, shas, Ruins of Shas, \u0160as, Sas, Sva?, G\u00ebrmadhat e Shasit, Kishat e Shasit, Grad Sva?, ilirske gradine, katedrala Sva?, Crkva Sva?, sva? 365 crkava, \u0160as See, ulcinj, ulqin, ulqini, ada bojana, montenegro,ana malit,Amulli, Bojku, Brajsha, Dodaj, Dragina, Edicioni i gjasht\u00eb, Fraskanjeli, Kalimani, Katerkolla, Kllezna, Kosiq, Kosova, Kravari, krytha, Lezha, Lisna Bore, Mali i Zi, Manifestimi \u201cPranvera n\u00eb An\u00eb t\u00eb Malit\u201d 22-24 maj 2009, Manifestimit \u201cPranvera n\u00eb An\u00eb t\u00eb Malit\u201d, milla, Muriqani, Oblika, plava, Presheva, Prishtina, Rashtisha, Selita, Shasi, shkodra, Shkupi, Shqip\u00ebria, Shtegvasha, Shtodri, Shtufi, Sukubina, tirana, tivari, Tuzi,\u0160asko jezero.liqeni Shasit, Shasi.shas, Ruins of Shas, \u0160as, Sas, Sva?, Shasi, G\u00ebrmadhat e Shasit, Kishat e Shasit, Grad Sva?, ilirske gradine, katedrala Sva?, Crkva Sva?, Sva?,Shoqata \u201cOra\u201d,Muzeu i Ulqinit,Mileva Nikolaidis,Qendra e Kultur\u00ebs,190 eksponate,Qendr\u00ebs s\u00eb Kultur\u00ebs Ulqin, z. Shaban Gjeka, g\u00ebrmimeve arkeologjike n\u00eb Shas,Manifestimi &quot;Pranvera n\u00eb An\u00eb t\u00eb Malit&quot;,UNESCO,Qytetit t\u00eb Vjet\u00ebr te Shasit,Kishave t\u00eb Shasit,Dr. Nail Draga,Gazmend Kova\u00e7i,Ismet Kallaba,OJQ &quot;Ora&quot;, kryetari i Komunes Ulqin Gezim Hajdinaga,Gjergj Daboviq , Moteli i Shasit,Rexhep Tagani,\" rel=\"\u0160asko jezero, liqeni Shasit, Shasi, shas, Ruins of Shas, \u0160as, Sas, Sva?, G\u00ebrmadhat e Shasit, Kishat e Shasit, Grad Sva?, ilirske gradine, katedrala Sva?, Crkva Sva?, sva? 365 crkava, \u0160as See, ulcinj, ulqin, ulqini, ada bojana, montenegro,ana malit,Amulli, Bojku, Brajsha, Dodaj, Dragina, Edicioni i gjasht\u00eb, Fraskanjeli, Kalimani, Katerkolla, Kllezna, Kosiq, Kosova, Kravari, krytha, Lezha, Lisna Bore, Mali i Zi, Manifestimi \u201cPranvera n\u00eb An\u00eb t\u00eb Malit\u201d 22-24 maj 2009, Manifestimit \u201cPranvera n\u00eb An\u00eb t\u00eb Malit\u201d, milla, Muriqani, Oblika, plava, Presheva, Prishtina, Rashtisha, Selita, Shasi, shkodra, Shkupi, Shqip\u00ebria, Shtegvasha, Shtodri, Shtufi, Sukubina, tirana, tivari, Tuzi,\u0160asko jezero.liqeni Shasit, Shasi.shas, Ruins of Shas, \u0160as, Sas, Sva?, Shasi, G\u00ebrmadhat e Shasit, Kishat e Shasit, Grad Sva?, ilirske gradine, katedrala Sva?, Crkva Sva?, Sva?,Shoqata \u201cOra\u201d,Muzeu i Ulqinit,Mileva Nikolaidis,Qendra e Kultur\u00ebs,190 eksponate,Qendr\u00ebs s\u00eb Kultur\u00ebs Ulqin, z. Shaban Gjeka, g\u00ebrmimeve arkeologjike n\u00eb Shas,Manifestimi &quot;Pranvera n\u00eb An\u00eb t\u00eb Malit&quot;,UNESCO,Qytetit t\u00eb Vjet\u00ebr te Shasit,Kishave t\u00eb Shasit,Dr. Nail Draga,Gazmend Kova\u00e7i,Ismet Kallaba,OJQ &quot;Ora&quot;, kryetari i Komunes Ulqin Gezim Hajdinaga,Gjergj Daboviq , Moteli i Shasit,Rexhep Tagani,\" href=\"http:\/\/www.visit-ulcinj.com\/blog\/wp-content\/uploads\/2009\/05\/asfaltimi-i-rruges-se-shasit_ulqin_mali-i-zi.jpg\"><img loading=\"lazy\" class=\"alignleft size-full wp-image-21850\" title=\"asfaltimi-i-rruges-se-shasit_ulqin_mali-i-zi\" src=\"http:\/\/www.visit-ulcinj.com\/blog\/wp-content\/uploads\/2009\/05\/asfaltimi-i-rruges-se-shasit_ulqin_mali-i-zi.jpg\" alt=\"asfaltimi-i-rruges-se-shasit_ulqin_mali-i-zi\" width=\"580\" height=\"400\" \/><\/a>N\u00eb muajin shkurt autoritetet lokale t\u00eb Ulqini kan\u00eb intervenuar p\u00ebr sanimin e gjendjes s\u00eb rrug\u00ebs Kat\u00ebrkoll &#8211; Shas, e cila \u00ebsht\u00eb n\u00eb nd\u00ebrtim e sip\u00ebr. Me tamponimin q\u00eb \u00ebsht\u00eb b\u00ebr\u00eb dhe me shtrirjen e asfaltit me gjansi 5 metrash ose dy traka p\u00ebr ecjen e automjeteve, kjo rrug\u00eb tani mund\u00ebson qarkullim pa probleme t\u00eb automjeteve. Banor\u00ebt e k\u00ebsaj ane tanim\u00eb jan\u00eb t\u00eb k\u00ebnaqur me gjendjen e rrug\u00ebs, nd\u00ebrsa nga komuna njoftojn\u00eb se \u00ebsht\u00eb kjo nj\u00eb zgjidhje e financimit t\u00eb k\u00ebsaj rruge pasi rruga p\u00ebr Lima n\u00eb Ulqin d\u00ebshtoj.Por sido si qoft deri n\u00eb nd\u00ebrtimin e rrug\u00ebs Kat\u00ebrkoll &#8211; Shas do b\u00ebhet me standardet e duhura europiane.<br \/>\n\u201cDeri n\u00eb rregullimin e plot\u00eb t\u00eb rrug\u00ebs Kat\u00ebrkoll &#8211; Shas , nj\u00eb ekip mobil i Komun\u00ebs s\u00eb Ulqinit gjat\u00eb stin\u00ebs s\u00eb dimrit n\u00eb vazhdim\u00ebsi do t\u00eb kujdeset p\u00ebr mir\u00ebmbajtjen e k\u00ebsaj rruge, do t\u00eb mbushen dhe do t\u00eb rrafshohen t\u00eb gjitha gropat eventuale, me q\u00ebllim q\u00eb kjo rrug\u00eb t\u00eb jet\u00eb funksionale\u201d, njoftojn\u00eb nga kabineti i kryetarit t\u00eb Komun\u00ebs s\u00eb Ulqinit. Nga ky kabinet, ftojn\u00eb banor\u00ebt e Shasit q\u00eb t\u00eb ken\u00eb mir\u00ebkuptim deri n\u00eb p\u00ebrfundimin e punimeve n\u00eb k\u00ebt\u00eb rrug\u00eb.<br \/>\nSipas planit, kjo rrug\u00eb do t\u00eb jet\u00eb me gjat\u00ebsi prej 5,5 kilometra,kurse e gjer\u00eb 6,5 metra, me trotuare,por parashihet edhe ndri\u00e7im publik dhe sinjalizim.<br \/>\nKy projekt madh\u00ebshtor do t\u00eb kushtoj af\u00ebr 700 mij\u00eb euro,kurse mbarimi i pun\u00ebs t\u00eb\u00a0 k\u00ebtij projekti\u00a0 Kat\u00ebrkoll &#8211; Shas parapahet deri n\u00eb fillim t\u00eb sezonit turistik lajmron Tehno Put nga Podgorica.<\/p>\n<p><strong>Lajme nga Ulqini<\/strong><\/p>\n<p><strong><!--YouTube Error: bad URL entered--><br \/>\n<\/strong><\/p>\n","protected":false},"excerpt":{"rendered":"<p>N\u00eb muajin shkurt autoritetet lokale t\u00eb Ulqini kan\u00eb intervenuar p\u00ebr sanimin e gjendjes s\u00eb rrug\u00ebs Kat\u00ebrkoll &#8211; Shas, e cila \u00ebsht\u00eb n\u00eb nd\u00ebrtim e sip\u00ebr. Me tamponimin q\u00eb \u00ebsht\u00eb b\u00ebr\u00eb dhe me shtrirjen e asfaltit me gjansi 5 metrash ose dy traka p\u00ebr ecjen e automjeteve, kjo rrug\u00eb tani mund\u00ebson qarkullim pa probleme t\u00eb automjeteve. [&hellip;]<\/p>\n","protected":false},"author":1,"featured_media":0,"comment_status":"open","ping_status":"closed","sticky":false,"template":"","format":"standard","meta":{"spay_email":"","jetpack_publicize_message":"","jetpack_is_tweetstorm":false,"jetpack_publicize_feature_enabled":true},"categories":[1],"tags":[10615,138,3505,212,3510,3502,4507,3516,2761,3511,10471,3504,10621,3927,10617,4153,4504,4505,3490,3506,4506,3499,4503,10620,3509,3507,49,3500,2611,3228,10473,3928,3512,95,10618,10474,10470,883,3227,79,10625,3513,10613,3514,10622,5314,2354,2306,10614,889,10619,3501,10626,4502,10472,2083,3231,4501,3617,2350,10462,354,3508,3503,3515,3498,2081,10612,3797,1005,201,19,200,18,307,10616,2082,3975,513,4500],"jetpack_publicize_connections":[],"yoast_head":"<!-- This site is optimized with the Yoast SEO plugin v19.1 - https:\/\/yoast.com\/wordpress\/plugins\/seo\/ -->\n<title>Hajdinaga: S\u00eb shpejti rruga Shasit me dy traka - Lajme nga Ulqini<\/title>\n<meta name=\"description\" content=\"N\u00eb muajin shkurt autoritetet lokale t\u00eb Ulqini kan\u00eb intervenuar p\u00ebr sanimin e gjendjes s\u00eb rrug\u00ebs Kat\u00ebrkoll - Shas, e cila \u00ebsht\u00eb n\u00eb nd\u00ebrtim e sip\u00ebr. Me\" \/>\n<meta name=\"robots\" content=\"index, follow, max-snippet:-1, max-image-preview:large, max-video-preview:-1\" \/>\n<link rel=\"canonical\" href=\"https:\/\/www.visit-ulcinj.com\/blog\/2009\/05\/21\/hajdinaga-se-shpejti-rruga-shasit-me-dy-traka\/\" \/>\n<meta property=\"og:locale\" content=\"en_US\" \/>\n<meta property=\"og:type\" content=\"article\" \/>\n<meta property=\"og:title\" content=\"Hajdinaga: S\u00eb shpejti rruga Shasit me dy traka - Lajme nga Ulqini\" \/>\n<meta property=\"og:description\" content=\"N\u00eb muajin shkurt autoritetet lokale t\u00eb Ulqini kan\u00eb intervenuar p\u00ebr sanimin e gjendjes s\u00eb rrug\u00ebs Kat\u00ebrkoll - Shas, e cila \u00ebsht\u00eb n\u00eb nd\u00ebrtim e sip\u00ebr. Me\" \/>\n<meta property=\"og:url\" content=\"https:\/\/www.visit-ulcinj.com\/blog\/2009\/05\/21\/hajdinaga-se-shpejti-rruga-shasit-me-dy-traka\/\" \/>\n<meta property=\"og:site_name\" content=\"Lajme nga Ulqini\" \/>\n<meta property=\"article:published_time\" content=\"2009-05-21T12:58:50+00:00\" \/>\n<meta property=\"og:image\" content=\"http:\/\/www.visit-ulcinj.com\/blog\/wp-content\/uploads\/2009\/05\/asfaltimi-i-rruges-se-shasit_ulqin_mali-i-zi.jpg\" \/>\n<meta name=\"twitter:label1\" content=\"Written by\" \/>\n\t<meta name=\"twitter:data1\" content=\"ulqini\" \/>\n\t<meta name=\"twitter:label2\" content=\"Est. reading time\" \/>\n\t<meta name=\"twitter:data2\" content=\"1 minute\" \/>\n<script type=\"application\/ld+json\" class=\"yoast-schema-graph\">{\"@context\":\"https:\/\/schema.org\",\"@graph\":[{\"@type\":\"WebSite\",\"@id\":\"https:\/\/www.visit-ulcinj.com\/blog\/#website\",\"url\":\"https:\/\/www.visit-ulcinj.com\/blog\/\",\"name\":\"Lajme nga Ulqini\",\"description\":\"Lajme,Vijesti,Ulqini,Ulqin,Crna Gora,Mali i Zi\",\"potentialAction\":[{\"@type\":\"SearchAction\",\"target\":{\"@type\":\"EntryPoint\",\"urlTemplate\":\"https:\/\/www.visit-ulcinj.com\/blog\/?s={search_term_string}\"},\"query-input\":\"required name=search_term_string\"}],\"inLanguage\":\"en-US\"},{\"@type\":\"ImageObject\",\"inLanguage\":\"en-US\",\"@id\":\"https:\/\/www.visit-ulcinj.com\/blog\/2009\/05\/21\/hajdinaga-se-shpejti-rruga-shasit-me-dy-traka\/#primaryimage\",\"url\":\"https:\/\/www.visit-ulcinj.com\/blog\/wp-content\/uploads\/2009\/05\/asfaltimi-i-rruges-se-shasit_ulqin_mali-i-zi.jpg\",\"contentUrl\":\"https:\/\/www.visit-ulcinj.com\/blog\/wp-content\/uploads\/2009\/05\/asfaltimi-i-rruges-se-shasit_ulqin_mali-i-zi.jpg\",\"width\":\"624\",\"height\":\"447\"},{\"@type\":\"WebPage\",\"@id\":\"https:\/\/www.visit-ulcinj.com\/blog\/2009\/05\/21\/hajdinaga-se-shpejti-rruga-shasit-me-dy-traka\/#webpage\",\"url\":\"https:\/\/www.visit-ulcinj.com\/blog\/2009\/05\/21\/hajdinaga-se-shpejti-rruga-shasit-me-dy-traka\/\",\"name\":\"Hajdinaga: S\u00eb shpejti rruga Shasit me dy traka - Lajme nga Ulqini\",\"isPartOf\":{\"@id\":\"https:\/\/www.visit-ulcinj.com\/blog\/#website\"},\"primaryImageOfPage\":{\"@id\":\"https:\/\/www.visit-ulcinj.com\/blog\/2009\/05\/21\/hajdinaga-se-shpejti-rruga-shasit-me-dy-traka\/#primaryimage\"},\"datePublished\":\"2009-05-21T12:58:50+00:00\",\"dateModified\":\"2009-05-21T12:58:50+00:00\",\"author\":{\"@id\":\"https:\/\/www.visit-ulcinj.com\/blog\/#\/schema\/person\/dcab619c614d3038751c63bc2aadc06d\"},\"description\":\"N\u00eb muajin shkurt autoritetet lokale t\u00eb Ulqini kan\u00eb intervenuar p\u00ebr sanimin e gjendjes s\u00eb rrug\u00ebs Kat\u00ebrkoll - Shas, e cila \u00ebsht\u00eb n\u00eb nd\u00ebrtim e sip\u00ebr. Me\",\"breadcrumb\":{\"@id\":\"https:\/\/www.visit-ulcinj.com\/blog\/2009\/05\/21\/hajdinaga-se-shpejti-rruga-shasit-me-dy-traka\/#breadcrumb\"},\"inLanguage\":\"en-US\",\"potentialAction\":[{\"@type\":\"ReadAction\",\"target\":[\"https:\/\/www.visit-ulcinj.com\/blog\/2009\/05\/21\/hajdinaga-se-shpejti-rruga-shasit-me-dy-traka\/\"]}]},{\"@type\":\"BreadcrumbList\",\"@id\":\"https:\/\/www.visit-ulcinj.com\/blog\/2009\/05\/21\/hajdinaga-se-shpejti-rruga-shasit-me-dy-traka\/#breadcrumb\",\"itemListElement\":[{\"@type\":\"ListItem\",\"position\":1,\"name\":\"Hajdinaga: S\u00eb shpejti rruga Shasit me dy traka\"}]},{\"@type\":\"Person\",\"@id\":\"https:\/\/www.visit-ulcinj.com\/blog\/#\/schema\/person\/dcab619c614d3038751c63bc2aadc06d\",\"name\":\"ulqini\",\"sameAs\":[\"http:\/\/www.visit-ulcinj.com\"],\"url\":\"https:\/\/www.visit-ulcinj.com\/blog\/author\/admin\/\"}]}<\/script>\n<!-- \/ Yoast SEO plugin. -->","yoast_head_json":{"title":"Hajdinaga: S\u00eb shpejti rruga Shasit me dy traka - Lajme nga Ulqini","description":"N\u00eb muajin shkurt autoritetet lokale t\u00eb Ulqini kan\u00eb intervenuar p\u00ebr sanimin e gjendjes s\u00eb rrug\u00ebs Kat\u00ebrkoll - Shas, e cila \u00ebsht\u00eb n\u00eb nd\u00ebrtim e sip\u00ebr. Me","robots":{"index":"index","follow":"follow","max-snippet":"max-snippet:-1","max-image-preview":"max-image-preview:large","max-video-preview":"max-video-preview:-1"},"canonical":"https:\/\/www.visit-ulcinj.com\/blog\/2009\/05\/21\/hajdinaga-se-shpejti-rruga-shasit-me-dy-traka\/","og_locale":"en_US","og_type":"article","og_title":"Hajdinaga: S\u00eb shpejti rruga Shasit me dy traka - Lajme nga Ulqini","og_description":"N\u00eb muajin shkurt autoritetet lokale t\u00eb Ulqini kan\u00eb intervenuar p\u00ebr sanimin e gjendjes s\u00eb rrug\u00ebs Kat\u00ebrkoll - Shas, e cila \u00ebsht\u00eb n\u00eb nd\u00ebrtim e sip\u00ebr. Me","og_url":"https:\/\/www.visit-ulcinj.com\/blog\/2009\/05\/21\/hajdinaga-se-shpejti-rruga-shasit-me-dy-traka\/","og_site_name":"Lajme nga Ulqini","article_published_time":"2009-05-21T12:58:50+00:00","og_image":[{"url":"http:\/\/www.visit-ulcinj.com\/blog\/wp-content\/uploads\/2009\/05\/asfaltimi-i-rruges-se-shasit_ulqin_mali-i-zi.jpg"}],"twitter_misc":{"Written by":"ulqini","Est. reading time":"1 minute"},"schema":{"@context":"https:\/\/schema.org","@graph":[{"@type":"WebSite","@id":"https:\/\/www.visit-ulcinj.com\/blog\/#website","url":"https:\/\/www.visit-ulcinj.com\/blog\/","name":"Lajme nga Ulqini","description":"Lajme,Vijesti,Ulqini,Ulqin,Crna Gora,Mali i Zi","potentialAction":[{"@type":"SearchAction","target":{"@type":"EntryPoint","urlTemplate":"https:\/\/www.visit-ulcinj.com\/blog\/?s={search_term_string}"},"query-input":"required name=search_term_string"}],"inLanguage":"en-US"},{"@type":"ImageObject","inLanguage":"en-US","@id":"https:\/\/www.visit-ulcinj.com\/blog\/2009\/05\/21\/hajdinaga-se-shpejti-rruga-shasit-me-dy-traka\/#primaryimage","url":"https:\/\/www.visit-ulcinj.com\/blog\/wp-content\/uploads\/2009\/05\/asfaltimi-i-rruges-se-shasit_ulqin_mali-i-zi.jpg","contentUrl":"https:\/\/www.visit-ulcinj.com\/blog\/wp-content\/uploads\/2009\/05\/asfaltimi-i-rruges-se-shasit_ulqin_mali-i-zi.jpg","width":"624","height":"447"},{"@type":"WebPage","@id":"https:\/\/www.visit-ulcinj.com\/blog\/2009\/05\/21\/hajdinaga-se-shpejti-rruga-shasit-me-dy-traka\/#webpage","url":"https:\/\/www.visit-ulcinj.com\/blog\/2009\/05\/21\/hajdinaga-se-shpejti-rruga-shasit-me-dy-traka\/","name":"Hajdinaga: S\u00eb shpejti rruga Shasit me dy traka - Lajme nga Ulqini","isPartOf":{"@id":"https:\/\/www.visit-ulcinj.com\/blog\/#website"},"primaryImageOfPage":{"@id":"https:\/\/www.visit-ulcinj.com\/blog\/2009\/05\/21\/hajdinaga-se-shpejti-rruga-shasit-me-dy-traka\/#primaryimage"},"datePublished":"2009-05-21T12:58:50+00:00","dateModified":"2009-05-21T12:58:50+00:00","author":{"@id":"https:\/\/www.visit-ulcinj.com\/blog\/#\/schema\/person\/dcab619c614d3038751c63bc2aadc06d"},"description":"N\u00eb muajin shkurt autoritetet lokale t\u00eb Ulqini kan\u00eb intervenuar p\u00ebr sanimin e gjendjes s\u00eb rrug\u00ebs Kat\u00ebrkoll - Shas, e cila \u00ebsht\u00eb n\u00eb nd\u00ebrtim e sip\u00ebr. Me","breadcrumb":{"@id":"https:\/\/www.visit-ulcinj.com\/blog\/2009\/05\/21\/hajdinaga-se-shpejti-rruga-shasit-me-dy-traka\/#breadcrumb"},"inLanguage":"en-US","potentialAction":[{"@type":"ReadAction","target":["https:\/\/www.visit-ulcinj.com\/blog\/2009\/05\/21\/hajdinaga-se-shpejti-rruga-shasit-me-dy-traka\/"]}]},{"@type":"BreadcrumbList","@id":"https:\/\/www.visit-ulcinj.com\/blog\/2009\/05\/21\/hajdinaga-se-shpejti-rruga-shasit-me-dy-traka\/#breadcrumb","itemListElement":[{"@type":"ListItem","position":1,"name":"Hajdinaga: S\u00eb shpejti rruga Shasit me dy traka"}]},{"@type":"Person","@id":"https:\/\/www.visit-ulcinj.com\/blog\/#\/schema\/person\/dcab619c614d3038751c63bc2aadc06d","name":"ulqini","sameAs":["http:\/\/www.visit-ulcinj.com"],"url":"https:\/\/www.visit-ulcinj.com\/blog\/author\/admin\/"}]}},"jetpack_featured_media_url":"","jetpack_sharing_enabled":true,"jetpack_shortlink":"https:\/\/wp.me\/pe6lTn-5Gp","_links":{"self":[{"href":"https:\/\/www.visit-ulcinj.com\/blog\/wp-json\/wp\/v2\/posts\/21849"}],"collection":[{"href":"https:\/\/www.visit-ulcinj.com\/blog\/wp-json\/wp\/v2\/posts"}],"about":[{"href":"https:\/\/www.visit-ulcinj.com\/blog\/wp-json\/wp\/v2\/types\/post"}],"author":[{"embeddable":true,"href":"https:\/\/www.visit-ulcinj.com\/blog\/wp-json\/wp\/v2\/users\/1"}],"replies":[{"embeddable":true,"href":"https:\/\/www.visit-ulcinj.com\/blog\/wp-json\/wp\/v2\/comments?post=21849"}],"version-history":[{"count":0,"href":"https:\/\/www.visit-ulcinj.com\/blog\/wp-json\/wp\/v2\/posts\/21849\/revisions"}],"wp:attachment":[{"href":"https:\/\/www.visit-ulcinj.com\/blog\/wp-json\/wp\/v2\/media?parent=21849"}],"wp:term":[{"taxonomy":"category","embeddable":true,"href":"https:\/\/www.visit-ulcinj.com\/blog\/wp-json\/wp\/v2\/categories?post=21849"},{"taxonomy":"post_tag","embeddable":true,"href":"https:\/\/www.visit-ulcinj.com\/blog\/wp-json\/wp\/v2\/tags?post=21849"}],"curies":[{"name":"wp","href":"https:\/\/api.w.org\/{rel}","templated":true}]}}