{"id":21857,"date":"2009-05-21T20:31:52","date_gmt":"2009-05-21T18:31:52","guid":{"rendered":"http:\/\/www.visit-ulcinj.com\/blog\/?p=21857"},"modified":"2011-05-15T14:47:03","modified_gmt":"2011-05-15T13:47:03","slug":"milo-dukanovic-zadovoljan-sam-pripremom-turisticke-sezone","status":"publish","type":"post","link":"https:\/\/www.visit-ulcinj.com\/blog\/2009\/05\/21\/milo-dukanovic-zadovoljan-sam-pripremom-turisticke-sezone\/","title":{"rendered":"Milo Djukanovi?: Zadovoljan sam pripremom turisticke sezone"},"content":{"rendered":"<p><a href=\"http:\/\/www.visit-ulcinj.com\/blog\/wp-content\/uploads\/2009\/05\/milo-dukanovic.jpg\"><img loading=\"lazy\" class=\"alignleft size-full wp-image-21858\" title=\"SCG-DJUKANOVICH-INTERVJU\" src=\"http:\/\/www.visit-ulcinj.com\/blog\/wp-content\/uploads\/2009\/05\/milo-dukanovic.jpg\" alt=\"SCG-DJUKANOVICH-INTERVJU\" width=\"580\" height=\"300\" \/><\/a>PODGORICA &#8211; Po?etkom juna putevi u Crnoj Gori bi?e o?i\u0161?eni od brojnih ma\u0161ina i turistima ?e biti ponu?eni bolji uslovi za putovanje u odnosu na prethodne godine, tvrdi crnogorski premijer Milo ?ukanovi?.<br \/>\n?ukanovi? je, kako ka\u017ee, u dobroj mjeri zadovoljan pripremom turisti?ke sezone i reakcijom vi\u0161e subjekata na inpute iz Vlade koji obezbje?uju kvalitetniji do?ek \u0161pica ljetnje turisti?ke sezone. On smatra da je puno subjekata odreagovalo na pravi na?in, a naveo je i primjer op\u0161tina u kojim su sni\u017eene razne takse, dok su turisti?ki poslenici spustili cijene.<br \/>\n&#8211; Puno je ura?eno na konkurentnosti turisti?ke ponude u kriznoj godini, a prigovori se uglavnom odnose na infrastrukturnu nedovr\u0161enost Crne Gore, \u0161to treba sagledati u realnom kontekstu, rekao je ?ukanovi?.<br \/>\nOn je podsjetio da ova godina nije bila naklonjena gra?evinarima, jer je bila duga ki\u0161na sezona. ?ukanovi? je dodao da se u\u017eurbano radi na crnogorskoj putnoj mre\u017ei i da ima jo\u0161 puno otovorenih radova, \u0161to, kako je naveo djeluje dosta dramati?no.<\/p>\n<p><strong>Autor\/izvor: Mina-business <\/strong><\/p>\n<p><strong>[flv width=&#8221;580&#8243; height=&#8221;380&#8243;]http:\/\/videooglasi.net\/videos\/files\/0\/280\/280_Montenegro_travel.m4v.flv[\/flv]<br \/>\n<\/strong><\/p>\n","protected":false},"excerpt":{"rendered":"<p>PODGORICA &#8211; Po?etkom juna putevi u Crnoj Gori bi?e o?i\u0161?eni od brojnih ma\u0161ina i turistima ?e biti ponu?eni bolji uslovi za putovanje u odnosu na prethodne godine, tvrdi crnogorski premijer Milo ?ukanovi?. ?ukanovi? je, kako ka\u017ee, u dobroj mjeri zadovoljan pripremom turisti?ke sezone i reakcijom vi\u0161e subjekata na inpute iz Vlade koji obezbje?uju kvalitetniji do?ek [&hellip;]<\/p>\n","protected":false},"author":1,"featured_media":0,"comment_status":"open","ping_status":"closed","sticky":false,"template":"","format":"standard","meta":{"spay_email":"","jetpack_publicize_message":"","jetpack_is_tweetstorm":false,"jetpack_publicize_feature_enabled":true},"categories":[8337],"tags":[4032,748,3520,10353,10349,21,10342,20,10630,1789,3967,10351,10348,1924,2440,10350,10343,3523,79,10352,10345,3527,10347,10346,9581,1334,3696,19,1923,10344],"jetpack_publicize_connections":[],"yoast_head":"<!-- This site is optimized with the Yoast SEO plugin v19.1 - https:\/\/yoast.com\/wordpress\/plugins\/seo\/ -->\n<title>Milo Djukanovi?: Zadovoljan sam pripremom turisticke sezone - Lajme nga Ulqini<\/title>\n<meta name=\"description\" content=\"PODGORICA - Po?etkom juna putevi u Crnoj Gori bi?e o?i\u0161?eni od brojnih ma\u0161ina i turistima ?e biti ponu?eni bolji uslovi za putovanje u odnosu na prethodne\" \/>\n<meta name=\"robots\" content=\"index, follow, max-snippet:-1, max-image-preview:large, max-video-preview:-1\" \/>\n<link rel=\"canonical\" href=\"https:\/\/www.visit-ulcinj.com\/blog\/2009\/05\/21\/milo-dukanovic-zadovoljan-sam-pripremom-turisticke-sezone\/\" \/>\n<meta property=\"og:locale\" content=\"en_US\" \/>\n<meta property=\"og:type\" content=\"article\" \/>\n<meta property=\"og:title\" content=\"Milo Djukanovi?: Zadovoljan sam pripremom turisticke sezone - Lajme nga Ulqini\" \/>\n<meta property=\"og:description\" content=\"PODGORICA - Po?etkom juna putevi u Crnoj Gori bi?e o?i\u0161?eni od brojnih ma\u0161ina i turistima ?e biti ponu?eni bolji uslovi za putovanje u odnosu na prethodne\" \/>\n<meta property=\"og:url\" content=\"https:\/\/www.visit-ulcinj.com\/blog\/2009\/05\/21\/milo-dukanovic-zadovoljan-sam-pripremom-turisticke-sezone\/\" \/>\n<meta property=\"og:site_name\" content=\"Lajme nga Ulqini\" \/>\n<meta property=\"article:published_time\" content=\"2009-05-21T18:31:52+00:00\" \/>\n<meta property=\"article:modified_time\" content=\"2011-05-15T13:47:03+00:00\" \/>\n<meta property=\"og:image\" content=\"http:\/\/www.visit-ulcinj.com\/blog\/wp-content\/uploads\/2009\/05\/milo-dukanovic.jpg\" \/>\n<meta name=\"twitter:label1\" content=\"Written by\" \/>\n\t<meta name=\"twitter:data1\" content=\"ulqini\" \/>\n\t<meta name=\"twitter:label2\" content=\"Est. reading time\" \/>\n\t<meta name=\"twitter:data2\" content=\"1 minute\" \/>\n<script type=\"application\/ld+json\" class=\"yoast-schema-graph\">{\"@context\":\"https:\/\/schema.org\",\"@graph\":[{\"@type\":\"WebSite\",\"@id\":\"https:\/\/www.visit-ulcinj.com\/blog\/#website\",\"url\":\"https:\/\/www.visit-ulcinj.com\/blog\/\",\"name\":\"Lajme nga Ulqini\",\"description\":\"Lajme,Vijesti,Ulqini,Ulqin,Crna Gora,Mali i Zi\",\"potentialAction\":[{\"@type\":\"SearchAction\",\"target\":{\"@type\":\"EntryPoint\",\"urlTemplate\":\"https:\/\/www.visit-ulcinj.com\/blog\/?s={search_term_string}\"},\"query-input\":\"required name=search_term_string\"}],\"inLanguage\":\"en-US\"},{\"@type\":\"ImageObject\",\"inLanguage\":\"en-US\",\"@id\":\"https:\/\/www.visit-ulcinj.com\/blog\/2009\/05\/21\/milo-dukanovic-zadovoljan-sam-pripremom-turisticke-sezone\/#primaryimage\",\"url\":\"https:\/\/www.visit-ulcinj.com\/blog\/wp-content\/uploads\/2009\/05\/milo-dukanovic.jpg\",\"contentUrl\":\"https:\/\/www.visit-ulcinj.com\/blog\/wp-content\/uploads\/2009\/05\/milo-dukanovic.jpg\",\"width\":\"470\",\"height\":\"269\"},{\"@type\":\"WebPage\",\"@id\":\"https:\/\/www.visit-ulcinj.com\/blog\/2009\/05\/21\/milo-dukanovic-zadovoljan-sam-pripremom-turisticke-sezone\/#webpage\",\"url\":\"https:\/\/www.visit-ulcinj.com\/blog\/2009\/05\/21\/milo-dukanovic-zadovoljan-sam-pripremom-turisticke-sezone\/\",\"name\":\"Milo Djukanovi?: Zadovoljan sam pripremom turisticke sezone - Lajme nga Ulqini\",\"isPartOf\":{\"@id\":\"https:\/\/www.visit-ulcinj.com\/blog\/#website\"},\"primaryImageOfPage\":{\"@id\":\"https:\/\/www.visit-ulcinj.com\/blog\/2009\/05\/21\/milo-dukanovic-zadovoljan-sam-pripremom-turisticke-sezone\/#primaryimage\"},\"datePublished\":\"2009-05-21T18:31:52+00:00\",\"dateModified\":\"2011-05-15T13:47:03+00:00\",\"author\":{\"@id\":\"https:\/\/www.visit-ulcinj.com\/blog\/#\/schema\/person\/dcab619c614d3038751c63bc2aadc06d\"},\"description\":\"PODGORICA - Po?etkom juna putevi u Crnoj Gori bi?e o?i\u0161?eni od brojnih ma\u0161ina i turistima ?e biti ponu?eni bolji uslovi za putovanje u odnosu na prethodne\",\"breadcrumb\":{\"@id\":\"https:\/\/www.visit-ulcinj.com\/blog\/2009\/05\/21\/milo-dukanovic-zadovoljan-sam-pripremom-turisticke-sezone\/#breadcrumb\"},\"inLanguage\":\"en-US\",\"potentialAction\":[{\"@type\":\"ReadAction\",\"target\":[\"https:\/\/www.visit-ulcinj.com\/blog\/2009\/05\/21\/milo-dukanovic-zadovoljan-sam-pripremom-turisticke-sezone\/\"]}]},{\"@type\":\"BreadcrumbList\",\"@id\":\"https:\/\/www.visit-ulcinj.com\/blog\/2009\/05\/21\/milo-dukanovic-zadovoljan-sam-pripremom-turisticke-sezone\/#breadcrumb\",\"itemListElement\":[{\"@type\":\"ListItem\",\"position\":1,\"name\":\"Milo Djukanovi?: Zadovoljan sam pripremom turisticke sezone\"}]},{\"@type\":\"Person\",\"@id\":\"https:\/\/www.visit-ulcinj.com\/blog\/#\/schema\/person\/dcab619c614d3038751c63bc2aadc06d\",\"name\":\"ulqini\",\"sameAs\":[\"http:\/\/www.visit-ulcinj.com\"],\"url\":\"https:\/\/www.visit-ulcinj.com\/blog\/author\/admin\/\"}]}<\/script>\n<!-- \/ Yoast SEO plugin. -->","yoast_head_json":{"title":"Milo Djukanovi?: Zadovoljan sam pripremom turisticke sezone - Lajme nga Ulqini","description":"PODGORICA - Po?etkom juna putevi u Crnoj Gori bi?e o?i\u0161?eni od brojnih ma\u0161ina i turistima ?e biti ponu?eni bolji uslovi za putovanje u odnosu na prethodne","robots":{"index":"index","follow":"follow","max-snippet":"max-snippet:-1","max-image-preview":"max-image-preview:large","max-video-preview":"max-video-preview:-1"},"canonical":"https:\/\/www.visit-ulcinj.com\/blog\/2009\/05\/21\/milo-dukanovic-zadovoljan-sam-pripremom-turisticke-sezone\/","og_locale":"en_US","og_type":"article","og_title":"Milo Djukanovi?: Zadovoljan sam pripremom turisticke sezone - Lajme nga Ulqini","og_description":"PODGORICA - Po?etkom juna putevi u Crnoj Gori bi?e o?i\u0161?eni od brojnih ma\u0161ina i turistima ?e biti ponu?eni bolji uslovi za putovanje u odnosu na prethodne","og_url":"https:\/\/www.visit-ulcinj.com\/blog\/2009\/05\/21\/milo-dukanovic-zadovoljan-sam-pripremom-turisticke-sezone\/","og_site_name":"Lajme nga Ulqini","article_published_time":"2009-05-21T18:31:52+00:00","article_modified_time":"2011-05-15T13:47:03+00:00","og_image":[{"url":"http:\/\/www.visit-ulcinj.com\/blog\/wp-content\/uploads\/2009\/05\/milo-dukanovic.jpg"}],"twitter_misc":{"Written by":"ulqini","Est. reading time":"1 minute"},"schema":{"@context":"https:\/\/schema.org","@graph":[{"@type":"WebSite","@id":"https:\/\/www.visit-ulcinj.com\/blog\/#website","url":"https:\/\/www.visit-ulcinj.com\/blog\/","name":"Lajme nga Ulqini","description":"Lajme,Vijesti,Ulqini,Ulqin,Crna Gora,Mali i Zi","potentialAction":[{"@type":"SearchAction","target":{"@type":"EntryPoint","urlTemplate":"https:\/\/www.visit-ulcinj.com\/blog\/?s={search_term_string}"},"query-input":"required name=search_term_string"}],"inLanguage":"en-US"},{"@type":"ImageObject","inLanguage":"en-US","@id":"https:\/\/www.visit-ulcinj.com\/blog\/2009\/05\/21\/milo-dukanovic-zadovoljan-sam-pripremom-turisticke-sezone\/#primaryimage","url":"https:\/\/www.visit-ulcinj.com\/blog\/wp-content\/uploads\/2009\/05\/milo-dukanovic.jpg","contentUrl":"https:\/\/www.visit-ulcinj.com\/blog\/wp-content\/uploads\/2009\/05\/milo-dukanovic.jpg","width":"470","height":"269"},{"@type":"WebPage","@id":"https:\/\/www.visit-ulcinj.com\/blog\/2009\/05\/21\/milo-dukanovic-zadovoljan-sam-pripremom-turisticke-sezone\/#webpage","url":"https:\/\/www.visit-ulcinj.com\/blog\/2009\/05\/21\/milo-dukanovic-zadovoljan-sam-pripremom-turisticke-sezone\/","name":"Milo Djukanovi?: Zadovoljan sam pripremom turisticke sezone - Lajme nga Ulqini","isPartOf":{"@id":"https:\/\/www.visit-ulcinj.com\/blog\/#website"},"primaryImageOfPage":{"@id":"https:\/\/www.visit-ulcinj.com\/blog\/2009\/05\/21\/milo-dukanovic-zadovoljan-sam-pripremom-turisticke-sezone\/#primaryimage"},"datePublished":"2009-05-21T18:31:52+00:00","dateModified":"2011-05-15T13:47:03+00:00","author":{"@id":"https:\/\/www.visit-ulcinj.com\/blog\/#\/schema\/person\/dcab619c614d3038751c63bc2aadc06d"},"description":"PODGORICA - Po?etkom juna putevi u Crnoj Gori bi?e o?i\u0161?eni od brojnih ma\u0161ina i turistima ?e biti ponu?eni bolji uslovi za putovanje u odnosu na prethodne","breadcrumb":{"@id":"https:\/\/www.visit-ulcinj.com\/blog\/2009\/05\/21\/milo-dukanovic-zadovoljan-sam-pripremom-turisticke-sezone\/#breadcrumb"},"inLanguage":"en-US","potentialAction":[{"@type":"ReadAction","target":["https:\/\/www.visit-ulcinj.com\/blog\/2009\/05\/21\/milo-dukanovic-zadovoljan-sam-pripremom-turisticke-sezone\/"]}]},{"@type":"BreadcrumbList","@id":"https:\/\/www.visit-ulcinj.com\/blog\/2009\/05\/21\/milo-dukanovic-zadovoljan-sam-pripremom-turisticke-sezone\/#breadcrumb","itemListElement":[{"@type":"ListItem","position":1,"name":"Milo Djukanovi?: Zadovoljan sam pripremom turisticke sezone"}]},{"@type":"Person","@id":"https:\/\/www.visit-ulcinj.com\/blog\/#\/schema\/person\/dcab619c614d3038751c63bc2aadc06d","name":"ulqini","sameAs":["http:\/\/www.visit-ulcinj.com"],"url":"https:\/\/www.visit-ulcinj.com\/blog\/author\/admin\/"}]}},"jetpack_featured_media_url":"","jetpack_sharing_enabled":true,"jetpack_shortlink":"https:\/\/wp.me\/pe6lTn-5Gx","_links":{"self":[{"href":"https:\/\/www.visit-ulcinj.com\/blog\/wp-json\/wp\/v2\/posts\/21857"}],"collection":[{"href":"https:\/\/www.visit-ulcinj.com\/blog\/wp-json\/wp\/v2\/posts"}],"about":[{"href":"https:\/\/www.visit-ulcinj.com\/blog\/wp-json\/wp\/v2\/types\/post"}],"author":[{"embeddable":true,"href":"https:\/\/www.visit-ulcinj.com\/blog\/wp-json\/wp\/v2\/users\/1"}],"replies":[{"embeddable":true,"href":"https:\/\/www.visit-ulcinj.com\/blog\/wp-json\/wp\/v2\/comments?post=21857"}],"version-history":[{"count":0,"href":"https:\/\/www.visit-ulcinj.com\/blog\/wp-json\/wp\/v2\/posts\/21857\/revisions"}],"wp:attachment":[{"href":"https:\/\/www.visit-ulcinj.com\/blog\/wp-json\/wp\/v2\/media?parent=21857"}],"wp:term":[{"taxonomy":"category","embeddable":true,"href":"https:\/\/www.visit-ulcinj.com\/blog\/wp-json\/wp\/v2\/categories?post=21857"},{"taxonomy":"post_tag","embeddable":true,"href":"https:\/\/www.visit-ulcinj.com\/blog\/wp-json\/wp\/v2\/tags?post=21857"}],"curies":[{"name":"wp","href":"https:\/\/api.w.org\/{rel}","templated":true}]}}