{"id":2187,"date":"2008-08-04T06:12:22","date_gmt":"2008-08-04T11:12:22","guid":{"rendered":"http:\/\/www.visit-ulcinj.com\/blog\/?p=2187"},"modified":"2008-08-04T15:26:52","modified_gmt":"2008-08-04T20:26:52","slug":"mali-i-zi-se-shpeji-do-ta-njohe-kosoven-thote-deputeti-sinshtaj","status":"publish","type":"post","link":"https:\/\/www.visit-ulcinj.com\/blog\/2008\/08\/04\/mali-i-zi-se-shpeji-do-ta-njohe-kosoven-thote-deputeti-sinshtaj\/","title":{"rendered":"Mali i Zi s\u00eb shpejti do ta njoh\u00eb Kosov\u00ebn, thot\u00eb deputeti Sinshtaj"},"content":{"rendered":"<p><a href=\"http:\/\/www.visit-ulcinj.com\/blog\/wp-content\/uploads\/2008\/03\/vasel-sinishtaj01.jpg\"><img loading=\"lazy\" class=\"alignleft\" src=\"http:\/\/www.visit-ulcinj.com\/blog\/wp-content\/uploads\/2008\/03\/vasel-sinishtaj01.thumbnail.jpg\" alt=\"vasel sinishtaj01\" width=\"200\" height=\"176\" \/><\/a>Deputeti i Alternativ\u00ebs Shqiptare Vesel Sinishtaj ka deklaruar se Mali i Zi s\u00eb shpeji do ta njoh\u00eb Kosov\u00ebn. Duke u mb\u00ebshtetur n\u00eb burimet nd\u00ebrkomb\u00ebtare Sinishtaj ka th\u00ebn\u00eb p\u00ebr nj\u00eb TV malazez se njohja mund t\u00eb ndodh\u00eb n\u00eb gjysm\u00ebn e par\u00eb t\u00eb gushtit. &#8220;Nuk duam t\u00eb p\u00ebrzihemi n\u00eb pun\u00ebt e qeveris\u00eb apo ajo q\u00eb i p\u00ebrket qeveris\u00eb rreth njohjes s\u00eb pavar\u00ebsis\u00eb s\u00eb Kosov\u00ebs, mir\u00ebpo burimet tona dhe ajo q\u00eb kemi nga komuniteti nd\u00ebrkomb\u00ebtar, mendojn\u00eb se m\u00eb s\u00eb miri \u00ebsht\u00eb q\u00eb kjo t\u00eb jet\u00eb nga 5 deri m\u00eb 15 gusht&#8221;, ka th\u00ebn\u00eb Sinishtaj. Nga ana tjet\u00ebr ai shtron \u00e7\u00ebshtjen n\u00ebse do t\u00eb ket\u00eb revolt\u00eb ose reaksion t\u00eb partive proserbe si\u00e7 kan\u00eb paralajm\u00ebruar lider\u00ebt e tyre. Sinishtaj ka porositur ato parti se nuk duhet luajtur me emocionet e qytetar\u00ebve t\u00eb cil\u00ebt mendojn\u00eb ndryshe, duke shtuar se n\u00ebse shtetet e fuqishme nd\u00ebrkomb\u00ebtare e kan\u00eb njohur Kosov\u00ebn, nuk ka arsye q\u00eb edhe Mali i Zi t\u00eb mos e b\u00ebj\u00eb k\u00ebt\u00eb. Nd\u00ebrkaq lideri i Partis\u00eb Popullore Serbe Andrija Mandiq ka parajm\u00ebruar autoritetet malazeze q\u00eb t\u00eb mendojn\u00eb seriozisht p\u00ebr rrezikun e njojhes s\u00eb mundshme t\u00eb pavar\u00ebsis\u00eb s\u00eb Kosov\u00ebs p\u00ebr stabilitetin e k\u00ebtij vendi shumetnik. Ai ka th\u00ebn\u00eb se Malin e Zi e presin protesta masive n\u00ebse qeveria e njeh pavar\u00ebsin\u00eb e Kosov\u00ebs dhe se partia e tij &#8220;do t\u00eb marr\u00eb p\u00ebrgjegj\u00ebsin\u00eb si t\u00eb kanalizoj\u00eb pak\u00ebnaq\u00ebsin\u00eb popullore&#8221;. Por menjeher\u00eb ka ardhur reagimi i Partis\u00eb Demokratike t\u00eb Socialist\u00ebve n\u00eb pushtet nga drejtori i saj politik Pedrag Sekuliq, i cili ka th\u00ebn\u00eb se lideri i Partis\u00eb Popullore Serbe dhe partia e tij ka koh\u00eb q\u00eb nuk paraqesin ndonj\u00eb forc\u00eb serioze politike dhe se k\u00ebrc\u00ebnimet e tij me protesta masive nuk duhet t\u00eb merren seriozisht. N\u00eb an\u00ebn tjet\u00ebr lideri i Partis\u00eb Demokratike Serbe Ranko Kadiq ka th\u00ebn\u00eb se frika e regjimit malazez nga reagimet e popullit \u00ebsht\u00eb faktori m\u00eb i r\u00ebnd\u00ebsish\u00ebm, i cili e shtyn njohjen e pavar\u00ebsis\u00eb s\u00eb Kosov\u00ebs.<br \/>\n<strong>Burimi \/ Qik<\/strong><\/p>\n","protected":false},"excerpt":{"rendered":"<p><img loading=\"lazy\" class=\"attachment wp-att-1018 alignleft\" src=\"http:\/\/www.visit-ulcinj.com\/blog\/wp-content\/uploads\/2008\/03\/vasel-sinishtaj01.thumbnail.jpg\" alt=\"vasel sinishtaj01\" width=\"140\" height=\"140\" \/><\/p>\n","protected":false},"author":1,"featured_media":0,"comment_status":"open","ping_status":"closed","sticky":false,"template":"","format":"standard","meta":{"spay_email":"","jetpack_publicize_message":"","jetpack_is_tweetstorm":false,"jetpack_publicize_feature_enabled":true},"categories":[10,1,12],"tags":[4246],"jetpack_publicize_connections":[],"yoast_head":"<!-- This site is optimized with the Yoast SEO plugin v19.1 - https:\/\/yoast.com\/wordpress\/plugins\/seo\/ -->\n<title>Mali i Zi s\u00eb shpejti do ta njoh\u00eb Kosov\u00ebn, thot\u00eb deputeti Sinshtaj - Lajme nga Ulqini<\/title>\n<meta name=\"robots\" content=\"index, follow, max-snippet:-1, max-image-preview:large, max-video-preview:-1\" \/>\n<link rel=\"canonical\" href=\"https:\/\/www.visit-ulcinj.com\/blog\/2008\/08\/04\/mali-i-zi-se-shpeji-do-ta-njohe-kosoven-thote-deputeti-sinshtaj\/\" \/>\n<meta property=\"og:locale\" content=\"en_US\" \/>\n<meta property=\"og:type\" content=\"article\" \/>\n<meta property=\"og:title\" content=\"Mali i Zi s\u00eb shpejti do ta njoh\u00eb Kosov\u00ebn, thot\u00eb deputeti Sinshtaj - Lajme nga Ulqini\" \/>\n<meta property=\"og:url\" content=\"https:\/\/www.visit-ulcinj.com\/blog\/2008\/08\/04\/mali-i-zi-se-shpeji-do-ta-njohe-kosoven-thote-deputeti-sinshtaj\/\" \/>\n<meta property=\"og:site_name\" content=\"Lajme nga Ulqini\" \/>\n<meta property=\"article:published_time\" content=\"2008-08-04T11:12:22+00:00\" \/>\n<meta property=\"article:modified_time\" content=\"2008-08-04T20:26:52+00:00\" \/>\n<meta property=\"og:image\" content=\"http:\/\/www.visit-ulcinj.com\/blog\/wp-content\/uploads\/2008\/03\/vasel-sinishtaj01.thumbnail.jpg\" \/>\n<meta name=\"twitter:label1\" content=\"Written by\" \/>\n\t<meta name=\"twitter:data1\" content=\"ulqini\" \/>\n\t<meta name=\"twitter:label2\" content=\"Est. reading time\" \/>\n\t<meta name=\"twitter:data2\" content=\"2 minutes\" \/>\n<script type=\"application\/ld+json\" class=\"yoast-schema-graph\">{\"@context\":\"https:\/\/schema.org\",\"@graph\":[{\"@type\":\"WebSite\",\"@id\":\"https:\/\/www.visit-ulcinj.com\/blog\/#website\",\"url\":\"https:\/\/www.visit-ulcinj.com\/blog\/\",\"name\":\"Lajme nga Ulqini\",\"description\":\"Lajme,Vijesti,Ulqini,Ulqin,Crna Gora,Mali i Zi\",\"potentialAction\":[{\"@type\":\"SearchAction\",\"target\":{\"@type\":\"EntryPoint\",\"urlTemplate\":\"https:\/\/www.visit-ulcinj.com\/blog\/?s={search_term_string}\"},\"query-input\":\"required name=search_term_string\"}],\"inLanguage\":\"en-US\"},{\"@type\":\"ImageObject\",\"inLanguage\":\"en-US\",\"@id\":\"https:\/\/www.visit-ulcinj.com\/blog\/2008\/08\/04\/mali-i-zi-se-shpeji-do-ta-njohe-kosoven-thote-deputeti-sinshtaj\/#primaryimage\",\"url\":\"http:\/\/www.visit-ulcinj.com\/blog\/wp-content\/uploads\/2008\/03\/vasel-sinishtaj01.thumbnail.jpg\",\"contentUrl\":\"http:\/\/www.visit-ulcinj.com\/blog\/wp-content\/uploads\/2008\/03\/vasel-sinishtaj01.thumbnail.jpg\"},{\"@type\":\"WebPage\",\"@id\":\"https:\/\/www.visit-ulcinj.com\/blog\/2008\/08\/04\/mali-i-zi-se-shpeji-do-ta-njohe-kosoven-thote-deputeti-sinshtaj\/#webpage\",\"url\":\"https:\/\/www.visit-ulcinj.com\/blog\/2008\/08\/04\/mali-i-zi-se-shpeji-do-ta-njohe-kosoven-thote-deputeti-sinshtaj\/\",\"name\":\"Mali i Zi s\u00eb shpejti do ta njoh\u00eb Kosov\u00ebn, thot\u00eb deputeti Sinshtaj - Lajme nga Ulqini\",\"isPartOf\":{\"@id\":\"https:\/\/www.visit-ulcinj.com\/blog\/#website\"},\"primaryImageOfPage\":{\"@id\":\"https:\/\/www.visit-ulcinj.com\/blog\/2008\/08\/04\/mali-i-zi-se-shpeji-do-ta-njohe-kosoven-thote-deputeti-sinshtaj\/#primaryimage\"},\"datePublished\":\"2008-08-04T11:12:22+00:00\",\"dateModified\":\"2008-08-04T20:26:52+00:00\",\"author\":{\"@id\":\"https:\/\/www.visit-ulcinj.com\/blog\/#\/schema\/person\/dcab619c614d3038751c63bc2aadc06d\"},\"breadcrumb\":{\"@id\":\"https:\/\/www.visit-ulcinj.com\/blog\/2008\/08\/04\/mali-i-zi-se-shpeji-do-ta-njohe-kosoven-thote-deputeti-sinshtaj\/#breadcrumb\"},\"inLanguage\":\"en-US\",\"potentialAction\":[{\"@type\":\"ReadAction\",\"target\":[\"https:\/\/www.visit-ulcinj.com\/blog\/2008\/08\/04\/mali-i-zi-se-shpeji-do-ta-njohe-kosoven-thote-deputeti-sinshtaj\/\"]}]},{\"@type\":\"BreadcrumbList\",\"@id\":\"https:\/\/www.visit-ulcinj.com\/blog\/2008\/08\/04\/mali-i-zi-se-shpeji-do-ta-njohe-kosoven-thote-deputeti-sinshtaj\/#breadcrumb\",\"itemListElement\":[{\"@type\":\"ListItem\",\"position\":1,\"name\":\"Mali i Zi s\u00eb shpejti do ta njoh\u00eb Kosov\u00ebn, thot\u00eb deputeti Sinshtaj\"}]},{\"@type\":\"Person\",\"@id\":\"https:\/\/www.visit-ulcinj.com\/blog\/#\/schema\/person\/dcab619c614d3038751c63bc2aadc06d\",\"name\":\"ulqini\",\"sameAs\":[\"http:\/\/www.visit-ulcinj.com\"],\"url\":\"https:\/\/www.visit-ulcinj.com\/blog\/author\/admin\/\"}]}<\/script>\n<!-- \/ Yoast SEO plugin. -->","yoast_head_json":{"title":"Mali i Zi s\u00eb shpejti do ta njoh\u00eb Kosov\u00ebn, thot\u00eb deputeti Sinshtaj - Lajme nga Ulqini","robots":{"index":"index","follow":"follow","max-snippet":"max-snippet:-1","max-image-preview":"max-image-preview:large","max-video-preview":"max-video-preview:-1"},"canonical":"https:\/\/www.visit-ulcinj.com\/blog\/2008\/08\/04\/mali-i-zi-se-shpeji-do-ta-njohe-kosoven-thote-deputeti-sinshtaj\/","og_locale":"en_US","og_type":"article","og_title":"Mali i Zi s\u00eb shpejti do ta njoh\u00eb Kosov\u00ebn, thot\u00eb deputeti Sinshtaj - Lajme nga Ulqini","og_url":"https:\/\/www.visit-ulcinj.com\/blog\/2008\/08\/04\/mali-i-zi-se-shpeji-do-ta-njohe-kosoven-thote-deputeti-sinshtaj\/","og_site_name":"Lajme nga Ulqini","article_published_time":"2008-08-04T11:12:22+00:00","article_modified_time":"2008-08-04T20:26:52+00:00","og_image":[{"url":"http:\/\/www.visit-ulcinj.com\/blog\/wp-content\/uploads\/2008\/03\/vasel-sinishtaj01.thumbnail.jpg"}],"twitter_misc":{"Written by":"ulqini","Est. reading time":"2 minutes"},"schema":{"@context":"https:\/\/schema.org","@graph":[{"@type":"WebSite","@id":"https:\/\/www.visit-ulcinj.com\/blog\/#website","url":"https:\/\/www.visit-ulcinj.com\/blog\/","name":"Lajme nga Ulqini","description":"Lajme,Vijesti,Ulqini,Ulqin,Crna Gora,Mali i Zi","potentialAction":[{"@type":"SearchAction","target":{"@type":"EntryPoint","urlTemplate":"https:\/\/www.visit-ulcinj.com\/blog\/?s={search_term_string}"},"query-input":"required name=search_term_string"}],"inLanguage":"en-US"},{"@type":"ImageObject","inLanguage":"en-US","@id":"https:\/\/www.visit-ulcinj.com\/blog\/2008\/08\/04\/mali-i-zi-se-shpeji-do-ta-njohe-kosoven-thote-deputeti-sinshtaj\/#primaryimage","url":"http:\/\/www.visit-ulcinj.com\/blog\/wp-content\/uploads\/2008\/03\/vasel-sinishtaj01.thumbnail.jpg","contentUrl":"http:\/\/www.visit-ulcinj.com\/blog\/wp-content\/uploads\/2008\/03\/vasel-sinishtaj01.thumbnail.jpg"},{"@type":"WebPage","@id":"https:\/\/www.visit-ulcinj.com\/blog\/2008\/08\/04\/mali-i-zi-se-shpeji-do-ta-njohe-kosoven-thote-deputeti-sinshtaj\/#webpage","url":"https:\/\/www.visit-ulcinj.com\/blog\/2008\/08\/04\/mali-i-zi-se-shpeji-do-ta-njohe-kosoven-thote-deputeti-sinshtaj\/","name":"Mali i Zi s\u00eb shpejti do ta njoh\u00eb Kosov\u00ebn, thot\u00eb deputeti Sinshtaj - Lajme nga Ulqini","isPartOf":{"@id":"https:\/\/www.visit-ulcinj.com\/blog\/#website"},"primaryImageOfPage":{"@id":"https:\/\/www.visit-ulcinj.com\/blog\/2008\/08\/04\/mali-i-zi-se-shpeji-do-ta-njohe-kosoven-thote-deputeti-sinshtaj\/#primaryimage"},"datePublished":"2008-08-04T11:12:22+00:00","dateModified":"2008-08-04T20:26:52+00:00","author":{"@id":"https:\/\/www.visit-ulcinj.com\/blog\/#\/schema\/person\/dcab619c614d3038751c63bc2aadc06d"},"breadcrumb":{"@id":"https:\/\/www.visit-ulcinj.com\/blog\/2008\/08\/04\/mali-i-zi-se-shpeji-do-ta-njohe-kosoven-thote-deputeti-sinshtaj\/#breadcrumb"},"inLanguage":"en-US","potentialAction":[{"@type":"ReadAction","target":["https:\/\/www.visit-ulcinj.com\/blog\/2008\/08\/04\/mali-i-zi-se-shpeji-do-ta-njohe-kosoven-thote-deputeti-sinshtaj\/"]}]},{"@type":"BreadcrumbList","@id":"https:\/\/www.visit-ulcinj.com\/blog\/2008\/08\/04\/mali-i-zi-se-shpeji-do-ta-njohe-kosoven-thote-deputeti-sinshtaj\/#breadcrumb","itemListElement":[{"@type":"ListItem","position":1,"name":"Mali i Zi s\u00eb shpejti do ta njoh\u00eb Kosov\u00ebn, thot\u00eb deputeti Sinshtaj"}]},{"@type":"Person","@id":"https:\/\/www.visit-ulcinj.com\/blog\/#\/schema\/person\/dcab619c614d3038751c63bc2aadc06d","name":"ulqini","sameAs":["http:\/\/www.visit-ulcinj.com"],"url":"https:\/\/www.visit-ulcinj.com\/blog\/author\/admin\/"}]}},"jetpack_featured_media_url":"","jetpack_sharing_enabled":true,"jetpack_shortlink":"https:\/\/wp.me\/pe6lTn-zh","_links":{"self":[{"href":"https:\/\/www.visit-ulcinj.com\/blog\/wp-json\/wp\/v2\/posts\/2187"}],"collection":[{"href":"https:\/\/www.visit-ulcinj.com\/blog\/wp-json\/wp\/v2\/posts"}],"about":[{"href":"https:\/\/www.visit-ulcinj.com\/blog\/wp-json\/wp\/v2\/types\/post"}],"author":[{"embeddable":true,"href":"https:\/\/www.visit-ulcinj.com\/blog\/wp-json\/wp\/v2\/users\/1"}],"replies":[{"embeddable":true,"href":"https:\/\/www.visit-ulcinj.com\/blog\/wp-json\/wp\/v2\/comments?post=2187"}],"version-history":[{"count":0,"href":"https:\/\/www.visit-ulcinj.com\/blog\/wp-json\/wp\/v2\/posts\/2187\/revisions"}],"wp:attachment":[{"href":"https:\/\/www.visit-ulcinj.com\/blog\/wp-json\/wp\/v2\/media?parent=2187"}],"wp:term":[{"taxonomy":"category","embeddable":true,"href":"https:\/\/www.visit-ulcinj.com\/blog\/wp-json\/wp\/v2\/categories?post=2187"},{"taxonomy":"post_tag","embeddable":true,"href":"https:\/\/www.visit-ulcinj.com\/blog\/wp-json\/wp\/v2\/tags?post=2187"}],"curies":[{"name":"wp","href":"https:\/\/api.w.org\/{rel}","templated":true}]}}