{"id":21896,"date":"2009-05-23T15:30:53","date_gmt":"2009-05-23T13:30:53","guid":{"rendered":"http:\/\/www.visit-ulcinj.com\/blog\/?p=21896"},"modified":"2009-05-23T15:30:53","modified_gmt":"2009-05-23T13:30:53","slug":"izbori-u-malesiji-kucaju-na-vrata","status":"publish","type":"post","link":"https:\/\/www.visit-ulcinj.com\/blog\/2009\/05\/23\/izbori-u-malesiji-kucaju-na-vrata\/","title":{"rendered":"Izbori u Malesiji kucaju na vrata"},"content":{"rendered":"<p><strong><a href=\"http:\/\/www.visit-ulcinj.com\/blog\/wp-content\/uploads\/2009\/05\/nikoll-camaj_skupstine-gradske-opstine-tuzi.jpg\"><img loading=\"lazy\" class=\"alignleft size-full wp-image-21897\" title=\"nikoll-camaj_skupstine-gradske-opstine-tuzi\" src=\"http:\/\/www.visit-ulcinj.com\/blog\/wp-content\/uploads\/2009\/05\/nikoll-camaj_skupstine-gradske-opstine-tuzi.jpg\" alt=\"nikoll-camaj_skupstine-gradske-opstine-tuzi\" width=\"580\" height=\"400\" \/><\/a>Devetnaesta sjednica Skup\u0161tine gradske op\u0161tine Tuzi, koja je bila zakazana za srijedu, 20. maj, odlo\u017eena je na neodre?eno zbog nedostatka kvoruma. <\/strong>Predstavnici opozicije &#8211; odbornici DPS-a, DUA i Bo\u0161nja?ke stranke nisu do\u0161li na zasijedanje, a prema rije?ima predsjednika parlamenta Nikole Camaja, nenajavljeno, zbog bolesti, izostao je i Ljui? Jun?aj, odbornik vladaju?e Albanske alternative.<br \/>\n&#8211; Nadamo se da ?e biti bolje odborniku, kome je, po njegovoj i izjavi njegove porodice, iznenada pozlilo. Zakonski rok za odr\u017eavanje sjednice je 5. jun. Nastoja?emo da se organizujemo do tada da ne bismo podlegli sankcijama. Vidje?emo kako ?e se pona\u0161ati Glavni grad, ali o tom potom, ja ra?unam da ?emo uspjeti da se sastanemo do 5. juna &#8211; rekao je Camaj.<br \/>\nOn se osvrnuo i na izostanak opozicionih odbornika.<br \/>\n&#8211; Opozicija nam je iz kruga ljekara i ambulante pa su vjerovatno imali informaciju i zato nisu do\u0161li, znaju?i da nemamo kvorum. Ranije, kada je na dnevnom redu bilo davanje mi\u0161ljenja na rad javnih ustanova, \u0161to je na\u0161a obaveza, ali i potreba Glavnog grada, opozicija nam je ?inila kvorum iako nam jedan odbornik nije bio prisutan. Ovaj put o?ekuju ne\u0161to krupnije, pa nisu do\u0161li da nam, da tako ka\u017eem, pomognu da damo mi\u0161ljenja na akta koja Skup\u0161tini Glavnog grada trebaju 3. juna &#8211; kazao je Camaj.<br \/>\n<a href=\"http:\/\/www.visit-ulcinj.com\/blog\/wp-content\/uploads\/2009\/05\/sjednica-skupstine-gradske-opstine-tuzi.jpg\"><img loading=\"lazy\" class=\"alignleft size-medium wp-image-21900\" title=\"sjednica-skupstine-gradske-opstine-tuzi\" src=\"http:\/\/www.visit-ulcinj.com\/blog\/wp-content\/uploads\/2009\/05\/sjednica-skupstine-gradske-opstine-tuzi-300x225.jpg\" alt=\"sjednica-skupstine-gradske-opstine-tuzi\" width=\"300\" height=\"225\" srcset=\"https:\/\/www.visit-ulcinj.com\/blog\/wp-content\/uploads\/2009\/05\/sjednica-skupstine-gradske-opstine-tuzi-300x225.jpg 300w, https:\/\/www.visit-ulcinj.com\/blog\/wp-content\/uploads\/2009\/05\/sjednica-skupstine-gradske-opstine-tuzi.jpg 1024w\" sizes=\"(max-width: 300px) 100vw, 300px\" \/><\/a>Skup\u0161tina Gradske op\u0161tine Tuzi ne uspijeva da se sastane jo\u0161 od po?etka marta, najprije zbog neslaganja u vladaju?oj koaliciji, a potom i zbog unutra\u0161njeg raskola u Albanskoj alternativi iz koje je istupilo nekoliko odbornika, uklju?uju?i i predsjednika GO Smailja ?unmuljaja.<br \/>\nZa dnevni red devetnaeste sjednice parlamenta predlo\u017eeni su Program rada Skup\u0161tine GO Tuzi za 2009. godinu, Odluka o kriterijumima, na?inu i postupku raspodjele sredstava nevladinim organizacijama, Odluka o uslovima, na?inu i postupku za dodjelu nagrada GO Tuzi, Plan i program razvoja GO Tuzi za 2009. godinu, Odluka o formiranju Komisije za pra?enje aktivnosti na stvaranju uslova za organizovani otkup i plasman poljoprivrednih proizvoda sa podru?ja GO Tuzi i davanje mi\u0161ljenja na izvje\u0161taje o radu javnih ustanova Glavnog grada za 2008. godinu.<br \/>\n<strong>S.P.<\/strong><br \/>\n<strong><a href=\"http:\/\/www.visit-ulcinj.com\/blog\/wp-content\/uploads\/2009\/05\/bosnjacka-stranka-crne-gore_logo.jpg\"><img loading=\"lazy\" class=\"alignleft size-full wp-image-21898\" title=\"bosnjacka-stranka-crne-gore_logo\" src=\"http:\/\/www.visit-ulcinj.com\/blog\/wp-content\/uploads\/2009\/05\/bosnjacka-stranka-crne-gore_logo.jpg\" alt=\"bosnjacka-stranka-crne-gore_logo\" width=\"580\" height=\"139\" \/><\/a><br \/>\nBo\u0161nja?ka stranka spremna za izbore<\/strong><br \/>\nIspred Bo\u0161nja?ke stranke Ned\u017ead Dre\u0161evi? rekao je da ve? du\u017ee vrijeme ne prisustvuju zasjedanjima, jer je rad odbornika u Skup\u0161tini Gradske op\u0161tine Tuzi neizdr\u017eiv.<br \/>\n&#8211; Prisustvo takvim sjednicama je obi?na danguba. Odr\u017eala se Skup\u0161tina ili ne, ne mijenja se ni\u0161ta. Zasad je na\u0161 stav da ne prisustvujemo sjednicama, jer se ni odbornici vladaju?e koalicije ne mogu dogovoriti me?usobno kako ?e funkcionisati i raditi. Tako?e, spremni smo za nove izbore jer se sjednica sigurno ne?e odr\u017eati &#8211; kazao je Dre\u0161evi?.<br \/>\n<strong><br \/>\n<a href=\"http:\/\/www.visit-ulcinj.com\/blog\/wp-content\/uploads\/2009\/05\/halil-dukovic_odbornik-dps-a.jpg\"><img loading=\"lazy\" class=\"alignleft size-full wp-image-21899\" title=\"halil-dukovic_odbornik-dps-a\" src=\"http:\/\/www.visit-ulcinj.com\/blog\/wp-content\/uploads\/2009\/05\/halil-dukovic_odbornik-dps-a.jpg\" alt=\"halil-dukovic_odbornik-dps-a\" width=\"240\" height=\"264\" \/><\/a>Dukovi?: DPS vi\u0161e ne?e dolaziti na sjednice<\/strong><br \/>\n\u0160ef Kluba odbornika DPS-a u Gradskoj op\u0161tini Tuzi\u00a0 kazao je za &#8220;Dan&#8221; da je Skup\u0161tina GO odavno izgubila legitimitet i legalitet.<br \/>\n&#8211; Ne zna se ko ?ini ve?inu, ko je ko u odborni?kim klubovima i koje partije ?ine ve?inu. Predsjednika Skup\u0161tine GO Tuzi podr\u017eavaju samo tri odbornika. Skup\u0161tina se vi\u0161e ne bavi poslovima za koje je nadle\u017ena, prvenstveno ne misli na razvoj GO Tuzi, ve? se bave foteljama i beneficijama &#8211; kazao je Dukovi?.<br \/>\nOn je dodao da odbornici vladaju?e koalicije u GO Tuzi poku\u0161avaju sebi da produ\u017ee mandat za jo\u0161 tri mjeseca.<br \/>\n&#8211; \u0160to se DPS-a ti?e vi\u0161e ne?emo prisustvovati sjednicama. Ukoliko ne odr\u017ee sjednicu do 5. juna raspu\u0161ta se Gradska op\u0161tina Tuzi i raspisuju novi izbori za koje smo spremni &#8211; kazao je Dukovi?.<br \/>\n<strong>P.D.<br \/>\n<a href=\"http:\/\/www.dan.cg.yu\/index.php?nivo=3&amp;rubrika=Podgoricom&amp;datum=2009-05-22&amp;clanak=188127\" target=\"_blank\">DAN<\/a><\/strong><\/p>\n","protected":false},"excerpt":{"rendered":"<p>Devetnaesta sjednica Skup\u0161tine gradske op\u0161tine Tuzi, koja je bila zakazana za srijedu, 20. maj, odlo\u017eena je na neodre?eno zbog nedostatka kvoruma. Predstavnici opozicije &#8211; odbornici DPS-a, DUA i Bo\u0161nja?ke stranke nisu do\u0161li na zasijedanje, a prema rije?ima predsjednika parlamenta Nikole Camaja, nenajavljeno, zbog bolesti, izostao je i Ljui? Jun?aj, odbornik vladaju?e Albanske alternative. &#8211; Nadamo [&hellip;]<\/p>\n","protected":false},"author":1,"featured_media":0,"comment_status":"open","ping_status":"closed","sticky":false,"template":"","format":"standard","meta":{"spay_email":"","jetpack_publicize_message":"","jetpack_is_tweetstorm":false,"jetpack_publicize_feature_enabled":true},"categories":[8337],"tags":[10650,87,10651,10646,10645,10647,10649,10648,10644],"jetpack_publicize_connections":[],"yoast_head":"<!-- This site is optimized with the Yoast SEO plugin v19.1 - https:\/\/yoast.com\/wordpress\/plugins\/seo\/ -->\n<title>Izbori u Malesiji kucaju na vrata - Lajme nga Ulqini<\/title>\n<meta name=\"description\" content=\"Devetnaesta sjednica Skup\u0161tine gradske op\u0161tine Tuzi, koja je bila zakazana za srijedu, 20. maj, odlo\u017eena je na neodre?eno zbog nedostatka kvoruma.\" \/>\n<meta name=\"robots\" content=\"index, follow, max-snippet:-1, max-image-preview:large, max-video-preview:-1\" \/>\n<link rel=\"canonical\" href=\"https:\/\/www.visit-ulcinj.com\/blog\/2009\/05\/23\/izbori-u-malesiji-kucaju-na-vrata\/\" \/>\n<meta property=\"og:locale\" content=\"en_US\" \/>\n<meta property=\"og:type\" content=\"article\" \/>\n<meta property=\"og:title\" content=\"Izbori u Malesiji kucaju na vrata - Lajme nga Ulqini\" \/>\n<meta property=\"og:description\" content=\"Devetnaesta sjednica Skup\u0161tine gradske op\u0161tine Tuzi, koja je bila zakazana za srijedu, 20. maj, odlo\u017eena je na neodre?eno zbog nedostatka kvoruma.\" \/>\n<meta property=\"og:url\" content=\"https:\/\/www.visit-ulcinj.com\/blog\/2009\/05\/23\/izbori-u-malesiji-kucaju-na-vrata\/\" \/>\n<meta property=\"og:site_name\" content=\"Lajme nga Ulqini\" \/>\n<meta property=\"article:published_time\" content=\"2009-05-23T13:30:53+00:00\" \/>\n<meta property=\"og:image\" content=\"http:\/\/www.visit-ulcinj.com\/blog\/wp-content\/uploads\/2009\/05\/nikoll-camaj_skupstine-gradske-opstine-tuzi.jpg\" \/>\n<meta name=\"twitter:label1\" content=\"Written by\" \/>\n\t<meta name=\"twitter:data1\" content=\"ulqini\" \/>\n\t<meta name=\"twitter:label2\" content=\"Est. reading time\" \/>\n\t<meta name=\"twitter:data2\" content=\"3 minutes\" \/>\n<script type=\"application\/ld+json\" class=\"yoast-schema-graph\">{\"@context\":\"https:\/\/schema.org\",\"@graph\":[{\"@type\":\"WebSite\",\"@id\":\"https:\/\/www.visit-ulcinj.com\/blog\/#website\",\"url\":\"https:\/\/www.visit-ulcinj.com\/blog\/\",\"name\":\"Lajme nga Ulqini\",\"description\":\"Lajme,Vijesti,Ulqini,Ulqin,Crna Gora,Mali i Zi\",\"potentialAction\":[{\"@type\":\"SearchAction\",\"target\":{\"@type\":\"EntryPoint\",\"urlTemplate\":\"https:\/\/www.visit-ulcinj.com\/blog\/?s={search_term_string}\"},\"query-input\":\"required name=search_term_string\"}],\"inLanguage\":\"en-US\"},{\"@type\":\"ImageObject\",\"inLanguage\":\"en-US\",\"@id\":\"https:\/\/www.visit-ulcinj.com\/blog\/2009\/05\/23\/izbori-u-malesiji-kucaju-na-vrata\/#primaryimage\",\"url\":\"https:\/\/www.visit-ulcinj.com\/blog\/wp-content\/uploads\/2009\/05\/nikoll-camaj_skupstine-gradske-opstine-tuzi.jpg\",\"contentUrl\":\"https:\/\/www.visit-ulcinj.com\/blog\/wp-content\/uploads\/2009\/05\/nikoll-camaj_skupstine-gradske-opstine-tuzi.jpg\",\"width\":\"640\",\"height\":\"480\"},{\"@type\":\"WebPage\",\"@id\":\"https:\/\/www.visit-ulcinj.com\/blog\/2009\/05\/23\/izbori-u-malesiji-kucaju-na-vrata\/#webpage\",\"url\":\"https:\/\/www.visit-ulcinj.com\/blog\/2009\/05\/23\/izbori-u-malesiji-kucaju-na-vrata\/\",\"name\":\"Izbori u Malesiji kucaju na vrata - Lajme nga Ulqini\",\"isPartOf\":{\"@id\":\"https:\/\/www.visit-ulcinj.com\/blog\/#website\"},\"primaryImageOfPage\":{\"@id\":\"https:\/\/www.visit-ulcinj.com\/blog\/2009\/05\/23\/izbori-u-malesiji-kucaju-na-vrata\/#primaryimage\"},\"datePublished\":\"2009-05-23T13:30:53+00:00\",\"dateModified\":\"2009-05-23T13:30:53+00:00\",\"author\":{\"@id\":\"https:\/\/www.visit-ulcinj.com\/blog\/#\/schema\/person\/dcab619c614d3038751c63bc2aadc06d\"},\"description\":\"Devetnaesta sjednica Skup\u0161tine gradske op\u0161tine Tuzi, koja je bila zakazana za srijedu, 20. maj, odlo\u017eena je na neodre?eno zbog nedostatka kvoruma.\",\"breadcrumb\":{\"@id\":\"https:\/\/www.visit-ulcinj.com\/blog\/2009\/05\/23\/izbori-u-malesiji-kucaju-na-vrata\/#breadcrumb\"},\"inLanguage\":\"en-US\",\"potentialAction\":[{\"@type\":\"ReadAction\",\"target\":[\"https:\/\/www.visit-ulcinj.com\/blog\/2009\/05\/23\/izbori-u-malesiji-kucaju-na-vrata\/\"]}]},{\"@type\":\"BreadcrumbList\",\"@id\":\"https:\/\/www.visit-ulcinj.com\/blog\/2009\/05\/23\/izbori-u-malesiji-kucaju-na-vrata\/#breadcrumb\",\"itemListElement\":[{\"@type\":\"ListItem\",\"position\":1,\"name\":\"Izbori u Malesiji kucaju na vrata\"}]},{\"@type\":\"Person\",\"@id\":\"https:\/\/www.visit-ulcinj.com\/blog\/#\/schema\/person\/dcab619c614d3038751c63bc2aadc06d\",\"name\":\"ulqini\",\"sameAs\":[\"http:\/\/www.visit-ulcinj.com\"],\"url\":\"https:\/\/www.visit-ulcinj.com\/blog\/author\/admin\/\"}]}<\/script>\n<!-- \/ Yoast SEO plugin. -->","yoast_head_json":{"title":"Izbori u Malesiji kucaju na vrata - Lajme nga Ulqini","description":"Devetnaesta sjednica Skup\u0161tine gradske op\u0161tine Tuzi, koja je bila zakazana za srijedu, 20. maj, odlo\u017eena je na neodre?eno zbog nedostatka kvoruma.","robots":{"index":"index","follow":"follow","max-snippet":"max-snippet:-1","max-image-preview":"max-image-preview:large","max-video-preview":"max-video-preview:-1"},"canonical":"https:\/\/www.visit-ulcinj.com\/blog\/2009\/05\/23\/izbori-u-malesiji-kucaju-na-vrata\/","og_locale":"en_US","og_type":"article","og_title":"Izbori u Malesiji kucaju na vrata - Lajme nga Ulqini","og_description":"Devetnaesta sjednica Skup\u0161tine gradske op\u0161tine Tuzi, koja je bila zakazana za srijedu, 20. maj, odlo\u017eena je na neodre?eno zbog nedostatka kvoruma.","og_url":"https:\/\/www.visit-ulcinj.com\/blog\/2009\/05\/23\/izbori-u-malesiji-kucaju-na-vrata\/","og_site_name":"Lajme nga Ulqini","article_published_time":"2009-05-23T13:30:53+00:00","og_image":[{"url":"http:\/\/www.visit-ulcinj.com\/blog\/wp-content\/uploads\/2009\/05\/nikoll-camaj_skupstine-gradske-opstine-tuzi.jpg"}],"twitter_misc":{"Written by":"ulqini","Est. reading time":"3 minutes"},"schema":{"@context":"https:\/\/schema.org","@graph":[{"@type":"WebSite","@id":"https:\/\/www.visit-ulcinj.com\/blog\/#website","url":"https:\/\/www.visit-ulcinj.com\/blog\/","name":"Lajme nga Ulqini","description":"Lajme,Vijesti,Ulqini,Ulqin,Crna Gora,Mali i Zi","potentialAction":[{"@type":"SearchAction","target":{"@type":"EntryPoint","urlTemplate":"https:\/\/www.visit-ulcinj.com\/blog\/?s={search_term_string}"},"query-input":"required name=search_term_string"}],"inLanguage":"en-US"},{"@type":"ImageObject","inLanguage":"en-US","@id":"https:\/\/www.visit-ulcinj.com\/blog\/2009\/05\/23\/izbori-u-malesiji-kucaju-na-vrata\/#primaryimage","url":"https:\/\/www.visit-ulcinj.com\/blog\/wp-content\/uploads\/2009\/05\/nikoll-camaj_skupstine-gradske-opstine-tuzi.jpg","contentUrl":"https:\/\/www.visit-ulcinj.com\/blog\/wp-content\/uploads\/2009\/05\/nikoll-camaj_skupstine-gradske-opstine-tuzi.jpg","width":"640","height":"480"},{"@type":"WebPage","@id":"https:\/\/www.visit-ulcinj.com\/blog\/2009\/05\/23\/izbori-u-malesiji-kucaju-na-vrata\/#webpage","url":"https:\/\/www.visit-ulcinj.com\/blog\/2009\/05\/23\/izbori-u-malesiji-kucaju-na-vrata\/","name":"Izbori u Malesiji kucaju na vrata - Lajme nga Ulqini","isPartOf":{"@id":"https:\/\/www.visit-ulcinj.com\/blog\/#website"},"primaryImageOfPage":{"@id":"https:\/\/www.visit-ulcinj.com\/blog\/2009\/05\/23\/izbori-u-malesiji-kucaju-na-vrata\/#primaryimage"},"datePublished":"2009-05-23T13:30:53+00:00","dateModified":"2009-05-23T13:30:53+00:00","author":{"@id":"https:\/\/www.visit-ulcinj.com\/blog\/#\/schema\/person\/dcab619c614d3038751c63bc2aadc06d"},"description":"Devetnaesta sjednica Skup\u0161tine gradske op\u0161tine Tuzi, koja je bila zakazana za srijedu, 20. maj, odlo\u017eena je na neodre?eno zbog nedostatka kvoruma.","breadcrumb":{"@id":"https:\/\/www.visit-ulcinj.com\/blog\/2009\/05\/23\/izbori-u-malesiji-kucaju-na-vrata\/#breadcrumb"},"inLanguage":"en-US","potentialAction":[{"@type":"ReadAction","target":["https:\/\/www.visit-ulcinj.com\/blog\/2009\/05\/23\/izbori-u-malesiji-kucaju-na-vrata\/"]}]},{"@type":"BreadcrumbList","@id":"https:\/\/www.visit-ulcinj.com\/blog\/2009\/05\/23\/izbori-u-malesiji-kucaju-na-vrata\/#breadcrumb","itemListElement":[{"@type":"ListItem","position":1,"name":"Izbori u Malesiji kucaju na vrata"}]},{"@type":"Person","@id":"https:\/\/www.visit-ulcinj.com\/blog\/#\/schema\/person\/dcab619c614d3038751c63bc2aadc06d","name":"ulqini","sameAs":["http:\/\/www.visit-ulcinj.com"],"url":"https:\/\/www.visit-ulcinj.com\/blog\/author\/admin\/"}]}},"jetpack_featured_media_url":"","jetpack_sharing_enabled":true,"jetpack_shortlink":"https:\/\/wp.me\/pe6lTn-5Ha","_links":{"self":[{"href":"https:\/\/www.visit-ulcinj.com\/blog\/wp-json\/wp\/v2\/posts\/21896"}],"collection":[{"href":"https:\/\/www.visit-ulcinj.com\/blog\/wp-json\/wp\/v2\/posts"}],"about":[{"href":"https:\/\/www.visit-ulcinj.com\/blog\/wp-json\/wp\/v2\/types\/post"}],"author":[{"embeddable":true,"href":"https:\/\/www.visit-ulcinj.com\/blog\/wp-json\/wp\/v2\/users\/1"}],"replies":[{"embeddable":true,"href":"https:\/\/www.visit-ulcinj.com\/blog\/wp-json\/wp\/v2\/comments?post=21896"}],"version-history":[{"count":0,"href":"https:\/\/www.visit-ulcinj.com\/blog\/wp-json\/wp\/v2\/posts\/21896\/revisions"}],"wp:attachment":[{"href":"https:\/\/www.visit-ulcinj.com\/blog\/wp-json\/wp\/v2\/media?parent=21896"}],"wp:term":[{"taxonomy":"category","embeddable":true,"href":"https:\/\/www.visit-ulcinj.com\/blog\/wp-json\/wp\/v2\/categories?post=21896"},{"taxonomy":"post_tag","embeddable":true,"href":"https:\/\/www.visit-ulcinj.com\/blog\/wp-json\/wp\/v2\/tags?post=21896"}],"curies":[{"name":"wp","href":"https:\/\/api.w.org\/{rel}","templated":true}]}}