{"id":219,"date":"2008-01-19T17:56:10","date_gmt":"2008-01-19T22:56:10","guid":{"rendered":"http:\/\/www.visit-ulcinj.com\/blog\/2008\/01\/19\/219\/"},"modified":"2008-02-12T19:11:59","modified_gmt":"2008-02-13T00:11:59","slug":"deputetet-e-kuvendit-te-malit-te-zi-votuan-pro-tekstit-te-kushtetutes","status":"publish","type":"post","link":"https:\/\/www.visit-ulcinj.com\/blog\/2008\/01\/19\/deputetet-e-kuvendit-te-malit-te-zi-votuan-pro-tekstit-te-kushtetutes\/","title":{"rendered":"Deputet\u00ebt e Kuvendit t\u00eb Malit t\u00eb Zi votuan pro tekstit t\u00eb Kushtetut\u00ebs"},"content":{"rendered":"<h4> Deputet\u00ebt e Kuvendit t\u00eb Malit t\u00eb Zi votuan pro tekstit t\u00eb Kushtetut\u00ebs<\/h4>\n<!--YouTube Error: bad URL entered-->\n<p>Ligjv\u00ebn\u00ebsit e Malit t\u00eb Zi u deklaruan t\u00eb h\u00ebn\u00ebn pro propozimit t\u00eb tekstit t\u00eb Kushtetut\u00ebs s\u00eb re, n\u00eb m\u00ebnyr\u00eb q\u00eb k\u00ebto alternativa t\u00eb dalin n\u00eb diskutim publik brenda 30 dit\u00ebsh.<br \/>\nAlternativat e propozuara nga K\u00ebshilli kushtetues u miratuan me 65 vota pro dhe 2 kund\u00ebr. Deputeti i Lidhjes Demokratike (LD n\u00eb MZ), Mehmet Bardhi, ka deklaruar se propozimi \u00ebsht\u00eb i papranuesh\u00ebm dhe se ai \u00ebsht\u00eb kund\u00ebr tij. Bardhi ka k\u00ebrkuar q\u00eb t\u00eb sigurohen t\u00eb drejtat e pakicave n\u00eb m\u00ebnyr\u00eb individuale dhe kolektive.<!--more--><br \/>\nEdhe deputeti i Unionit Demokratik t\u00eb Shqiptar\u00ebve (UDSH), Ferhat Dinosha, ka deklaruar se duke u bazuar n\u00eb dekad\u00ebn e fundit ku shteti i Malit t\u00eb Zi ka pasur kujdes ndaj pakicave, tani t\u00eb drejtat duhet t\u00eb definohen me ligj.<br \/>\nT\u00eb gjith\u00eb shefat e klubeve t\u00eb deputet\u00ebve n\u00eb Parlament kan\u00eb vler\u00ebsuar se Kushtetuta si akti m\u00eb i lart\u00eb juridik, \u00ebsht\u00eb nj\u00eb provim i pjekuris\u00eb dhe se duhet t\u00eb k\u00ebnaq interesat e t\u00eb gjith\u00eb qytetar\u00ebve.<\/p>\n<h6><strong>K\u00cbSHILLI P\u00cbR LIRIT\u00cb DHE T\u00cb DREJTAT E NJERIUT FORMOI GRUPIN PUNUES P\u00cbR P\u00cbRPUNIMIN E PROPOZIMT T\u00cb VENDIMIT P\u00cbR KRIJIMIN E FONDIT P\u00cbR PAKICA 22.03.2007<\/strong><\/h6>\n<h5><strong>Obligim ligjor dhe kushtetues<\/strong><\/h5>\n<p>Grupi punues i p\u00ebrb\u00ebr\u00eb nga Vasel Sinishtaj (koordinator), dr. Omer Axhoviq, dr. Amer Haliloviq, Bozho Nikoliq, t\u00eb p\u00ebrkrahur edhe nga Rifat Rastoder (n\u00eb seanc\u00ebn e s\u00eb h\u00ebnes p\u00ebr krijimin e Fondit p\u00ebr Pakica) mor\u00ebn p\u00ebrsip\u00ebr q\u00eb deri n\u00eb fund t\u00eb k\u00ebtij muaji ta p\u00ebrpunojn\u00eb edhe nj\u00eb her\u00eb Propozimin e vendimit p\u00ebr krijimin e Fondit p\u00ebr Pakica, inicuar muaj m\u00eb par\u00eb nga deputeti i ASH, Vasel Sinishtaj. T\u00eb gjith\u00eb fol\u00ebsit e p\u00ebrkrah\u00ebn krijimin e Fondit, duke e karakterizuar at\u00eb si nevoj\u00eb dhe obligim ligjor. Gjat\u00eb debatit pati edhe propozime q\u00eb nj\u00eb her\u00eb t\u00eb miratohet Kushtetuta e re, pastaj t\u00eb krijohet Fondi. Propozuesi i k\u00ebtij vendimi, Vasel Sinishtaj, e p\u00ebrkrahi themelimin e Grupit punues duke konstatuar se me nj\u00eb dialog dhe pun\u00eb korrekte do ta realizohet kjo detyr\u00eb deri m\u00eb 31 mars, por n\u00eb an\u00ebn tjet\u00ebr ai tha edhe se &#8211; afati ligjor p\u00ebr themelimin e k\u00ebtij fondi ka skaduar.<\/p>\n<p>K\u00ebshilli Parlamentar p\u00ebr t\u00eb Drejtat dhe Lirit\u00eb e Njeriut n\u00eb seanc\u00ebn e s\u00eb h\u00ebnes mori vendimin p\u00ebr formimin e nj\u00eb grupi punues prej kat\u00ebr an\u00ebtar\u00ebsh ( Vasel Sinishtaj, ASH &#8211; koordinator, Bozho Nikoliq (IQK), dr Omer Axhoviq (PDS) dhe Amer Haliloviq (PB) me q\u00ebllim q\u00eb Propozimi i vendimit p\u00ebr krijimin e Fondit p\u00ebr Pakica ( inicuar nga Vasel Sinishtaj) edhe nj\u00eb her\u00eb t\u00eb p\u00ebrpunohet q\u00eb t\u00eb vihet deri te nj\u00eb formulim, i cili do t\u00eb ket\u00eb p\u00ebrkrahjen e shumic\u00ebs s\u00eb grupit punues dhe me k\u00ebt\u00eb formulim t\u00eb dilet para K\u00ebshillit t\u00eb Kuvendit p\u00ebr Lirit\u00eb dhe t\u00eb Drejtat e Njeriut m\u00eb 31 mars, me \u00e7ka ky k\u00ebshill pas aprovimit do t\u00eb duhej q\u00eb t`ia propozoj\u00eb Kuvendit t\u00eb Malit t\u00eb Zi.<\/p>\n<p><strong>Themelimi i Fondit nuk duhet t\u00eb zvarritet<\/strong><\/p>\n<p>&#8220;Zvarritja e themelimit t\u00eb Fondit mund t\u00eb jet\u00eb vet\u00ebm zvarritje e koh\u00ebs p\u00ebr t`iu shmangur obligimit p\u00ebr sigurimin e t\u00eb hollave&#8221;, ka th\u00ebn\u00eb p\u00ebr &#8220;Koh\u00ebn javore&#8221; propozuesi i vendimit p\u00ebr krijimin e Fondit p\u00ebr Pakica, Vasel Sinishtaj. Sipas tij dikush e keqkupton Fondin si shum\u00eb t\u00eb hollash, por n\u00eb t\u00eb v\u00ebrtet\u00eb thot\u00eb ai: &#8220;Ky \u00ebsht\u00eb vet\u00ebm nj\u00eb trup punues, i cili do t\u00eb merrej me avancimin e t\u00eb drejtave dhe lirive t\u00eb pakicave&#8221;. Deputeti Sinishtaj nuk e ka t\u00eb qart\u00eb se pse deri m\u00eb tani askush nga an\u00ebtar\u00ebt e K\u00ebshillit nuk ka treguar interesim q\u00eb ky dokument t\u00eb p\u00ebrpunohet, ose t\u00eb nd\u00ebrrohet, pasi q\u00eb, si\u00e7 thot\u00eb ai: &#8220;Propozimi i vendimit \u00ebsht\u00eb dor\u00ebzuar q\u00eb n\u00eb fillim t\u00eb janarit t\u00eb k\u00ebtij viti&#8221;. Sipas tij, detyr\u00eb kryesore e Fondit do t\u00eb jet\u00eb ruajtja dhe zhvillimi i pakicave n\u00eb fush\u00ebn e kultur\u00ebs, informimit, gjuh\u00ebs, identitetit etj. Ai \u00ebsht\u00eb i mendimit se propozimi i vendimit p\u00ebr krijimin e Fondit p\u00ebr Pakica n\u00eb Mal t\u00eb Zi \u00ebsht\u00eb nj\u00eb risi. &#8220;Meq\u00eb shumica e an\u00ebtar\u00ebve t\u00eb komisionit jan\u00eb mjek\u00eb, neve nuk na nevojitet nj\u00eb sh\u00ebrim mjek\u00ebsor, por nj\u00eb akt ligjor, i cili ka t\u00eb b\u00ebj\u00eb me baz\u00ebn e Kushtetut\u00ebs dhe Ligjin mbi lirit\u00eb dhe t\u00eb drejtat e pakicave&#8221;.<br \/>\nDisa nga fol\u00ebsit e seanc\u00ebs s\u00eb t\u00eb h\u00ebnes potencuan q\u00eb m\u00eb par\u00eb t\u00eb pritet miratimi i Kushtetut\u00ebs s\u00eb re t\u00eb Malit t\u00eb Zi, pastaj t\u00eb krijohet Fondi p\u00ebr Pakica. Sinishtaj k\u00ebt\u00eb e sqaron duke th\u00ebn\u00eb se &#8220;krijimi i Fondit nuk ka pritje. Ai duhet q\u00eb sa m\u00eb par\u00eb t\u00eb krijohet, kurse Kushtetuta nuk ka ngutje, nga se \u00ebsht\u00eb akti m\u00eb i lart\u00eb juridik, por edhe politik i shtetit&#8221; duke shtuar se &#8220;nevojat p\u00ebr formimin e Fondit jan\u00eb t\u00eb nj\u00ebjta, si p\u00ebr ata q\u00eb jan\u00eb n\u00eb parti qytetare, po ashtu edhe p\u00ebr ata n\u00eb partit\u00eb nacionale. Ne si qytetar\u00eb nuk duhet t\u00eb presim se \u00e7far\u00eb do t\u00eb na ofroj\u00eb Qeveria apo Parlamenti, por duhet q\u00eb ne vet\u00eb t\u00eb b\u00ebjm\u00eb k\u00ebrkesa, propozime p\u00ebr avancimin e t\u00eb drejtave t\u00eb pakicave, sidomos kur at\u00eb na e mund\u00ebson Ligji dhe Kushtetuta&#8221;.<\/p>\n<p><strong>Teksti i propozuar n\u00eb mosp\u00ebrputhje me Kushtetut\u00ebn dhe Ligjin<\/strong><\/p>\n<p>Fol\u00ebsi i radh\u00ebs dr. Omer Axhoviq (PDS) gjat\u00eb diskutimit e p\u00ebrkrahi iniciativ\u00ebn p\u00ebr themelimin e Fondit p\u00ebr Pakica, por sipas tij &#8220;propozuesi, Vasel Sinishtaj, si jurist i ka ngat\u00ebrruar rregullat e propozimit t\u00eb k\u00ebtij Fondi. S\u00eb pari, \u00ebsht\u00eb dashur q\u00eb t\u00eb krijohen k\u00ebshillat (K\u00ebshillat qendrore p\u00ebr pakicat nacionale), kurse m\u00eb von\u00eb t\u00eb themelohet edhe Fondi, si p\u00ebrkrahje materiale. Andaj, &#8211; shprehet m\u00eb tej Axhoviq, ideja \u00ebsht\u00eb e mir\u00eb. Ne e p\u00ebrkrahim krijimin e k\u00ebtij fondi, por teksti i propozuar i komshis\u00eb dhe kolegut tim \u00ebsht\u00eb plot\u00ebsisht n\u00eb mosp\u00ebrputhje dhe n\u00eb dis-harmoni me Kushtetut\u00ebn dhe Ligjin&#8221;. An\u00ebtari i k\u00ebtij komisioni, dr. Omer Axhoviq \u00ebsht\u00eb i mendimit q\u00eb m\u00eb par\u00eb t\u00eb miratohet Kushtetuta e re e Malit t\u00eb Zi, pastaj K\u00ebshillat nacionale dhe n\u00eb fund Fondi p\u00ebr Pakica.<\/p>\n<p><strong>Propozimi t vendimit nuk do t\u00eb ket\u00eb p\u00ebrkrahje n\u00eb Kuvendin e Malit t\u00eb Zi<\/strong><\/p>\n<p>Rifat Rastoder (PSD) n\u00eb lidhje me Propozimin e vendimit t\u00eb Vasel Sinishtajt deklaroi se &#8220;nga ana e shumic\u00ebs parlamentare nuk do t\u00eb b\u00ebhet me asnj\u00ebfar\u00eb obstruksioni, para s\u00eb gjithash nga ana ime, q\u00eb me vite t\u00eb t\u00ebra merrem me k\u00ebt\u00eb problematik\u00eb dhe jam nj\u00ebri nga t\u00eb par\u00ebt iniciator\u00eb p\u00ebr krijimin e Fondit p\u00ebr Pakica&#8221;. Ai e vler\u00ebson propozimin e Sinishtajt si nj\u00eb nxitje p\u00ebr zbatimin e nj\u00eb norme ligjore, por sipas tij mjerisht p\u00ebrmbajtja e k\u00ebtij propozimi nuk \u00ebsht\u00eb e till\u00eb q\u00eb t\u00eb mund t\u00eb has\u00eb n\u00eb p\u00ebrkrahje. &#8220;N\u00ebse e duam Fondin, at\u00ebher\u00eb ai duhet t\u00eb krijohet n\u00eb baz\u00eb t\u00eb Ligjit p\u00ebr t\u00eb drejtat e pakicave, ku thuhet se Fondi themelohet p\u00ebr arsye t\u00eb nxitjes s\u00eb aktiviteteve nga fusha e mbrojtjes s\u00eb t\u00eb drejtave t\u00eb pakicave.<br \/>\nGjat\u00eb diskutimit ai shprehu keqardhje se ky propozim i vendimit nuk do t\u00eb ket\u00eb p\u00ebrkrahje n\u00eb Kuvendin e Malit t\u00eb Zi, duke sqaruar se neve na duhet t\u00eb gjejm\u00eb nj\u00eb model, q\u00eb do t\u00eb na sh\u00ebrbente p\u00ebr rregullimin e k\u00ebsaj \u00e7\u00ebshtjeje.<br \/>\nEdhe pse afati p\u00ebr krijimin e Fondit p\u00ebr Pakica ka skaduar, \u00ebsht\u00eb plot\u00ebsisht e arsyeshme dhe ligjore q\u00eb ai brenda k\u00ebtyre 15 dit\u00ebve t\u00eb p\u00ebrkrahet nga an\u00ebtar\u00ebt e K\u00ebshillit, me q\u00ebllim q\u00eb ai t`i d\u00ebrgohet n\u00eb shqyrtim Parlamentit t\u00eb Malit t\u00eb Zi, pasi q\u00eb t\u00eb gjith\u00eb an\u00ebtar\u00ebt e k\u00ebtij komisioni e p\u00ebrkrahin themelimin e Fondit, andaj nuk ka m\u00eb arsye q\u00eb miratimi i tij t\u00eb zvarritet, pasi q\u00eb Ligji p\u00ebr lirit\u00eb dhe t\u00eb drejtat e pakicave \u00ebsh\u00eb miratuar pak p\u00ebrpara referendumit dhe sepse krijimi i Fondit parashihet me ligjin p\u00ebr lirit\u00eb dhe t\u00eb drejtat e Pakicave, ku mjetet p\u00ebr pun\u00ebn e Fondit sigurohen n\u00eb Buxhetin e Republik\u00ebs dhe nga burimet e tjera.<br \/>\nwww.koha javore.cg.yu<br \/>\nRrok Dushaj<br \/>\n<span style=\"background-color: #ff0000\"><\/span><\/p>\n","protected":false},"excerpt":{"rendered":"<p>NOT IMAGE<\/p>\n","protected":false},"author":1,"featured_media":0,"comment_status":"open","ping_status":"closed","sticky":false,"template":"","format":"standard","meta":{"spay_email":"","jetpack_publicize_message":"","jetpack_is_tweetstorm":false,"jetpack_publicize_feature_enabled":true},"categories":[],"tags":[],"jetpack_publicize_connections":[],"yoast_head":"<!-- This site is optimized with the Yoast SEO plugin v19.1 - https:\/\/yoast.com\/wordpress\/plugins\/seo\/ -->\n<title>Deputet\u00ebt e Kuvendit t\u00eb Malit t\u00eb Zi votuan pro tekstit t\u00eb Kushtetut\u00ebs - Lajme nga Ulqini<\/title>\n<meta name=\"description\" content=\"NOT IMAGE\" \/>\n<meta name=\"robots\" content=\"index, follow, max-snippet:-1, max-image-preview:large, max-video-preview:-1\" \/>\n<link rel=\"canonical\" href=\"https:\/\/www.visit-ulcinj.com\/blog\/2008\/01\/19\/deputetet-e-kuvendit-te-malit-te-zi-votuan-pro-tekstit-te-kushtetutes\/\" \/>\n<meta property=\"og:locale\" content=\"en_US\" \/>\n<meta property=\"og:type\" content=\"article\" \/>\n<meta property=\"og:title\" content=\"Deputet\u00ebt e Kuvendit t\u00eb Malit t\u00eb Zi votuan pro tekstit t\u00eb Kushtetut\u00ebs - Lajme nga Ulqini\" \/>\n<meta property=\"og:description\" content=\"NOT IMAGE\" \/>\n<meta property=\"og:url\" content=\"https:\/\/www.visit-ulcinj.com\/blog\/2008\/01\/19\/deputetet-e-kuvendit-te-malit-te-zi-votuan-pro-tekstit-te-kushtetutes\/\" \/>\n<meta property=\"og:site_name\" content=\"Lajme nga Ulqini\" \/>\n<meta property=\"article:published_time\" content=\"2008-01-19T22:56:10+00:00\" \/>\n<meta property=\"article:modified_time\" content=\"2008-02-13T00:11:59+00:00\" \/>\n<meta name=\"twitter:label1\" content=\"Written by\" \/>\n\t<meta name=\"twitter:data1\" content=\"ulqini\" \/>\n\t<meta name=\"twitter:label2\" content=\"Est. reading time\" \/>\n\t<meta name=\"twitter:data2\" content=\"7 minutes\" \/>\n<script type=\"application\/ld+json\" class=\"yoast-schema-graph\">{\"@context\":\"https:\/\/schema.org\",\"@graph\":[{\"@type\":\"WebSite\",\"@id\":\"https:\/\/www.visit-ulcinj.com\/blog\/#website\",\"url\":\"https:\/\/www.visit-ulcinj.com\/blog\/\",\"name\":\"Lajme nga Ulqini\",\"description\":\"Lajme,Vijesti,Ulqini,Ulqin,Crna Gora,Mali i Zi\",\"potentialAction\":[{\"@type\":\"SearchAction\",\"target\":{\"@type\":\"EntryPoint\",\"urlTemplate\":\"https:\/\/www.visit-ulcinj.com\/blog\/?s={search_term_string}\"},\"query-input\":\"required name=search_term_string\"}],\"inLanguage\":\"en-US\"},{\"@type\":\"WebPage\",\"@id\":\"https:\/\/www.visit-ulcinj.com\/blog\/2008\/01\/19\/deputetet-e-kuvendit-te-malit-te-zi-votuan-pro-tekstit-te-kushtetutes\/#webpage\",\"url\":\"https:\/\/www.visit-ulcinj.com\/blog\/2008\/01\/19\/deputetet-e-kuvendit-te-malit-te-zi-votuan-pro-tekstit-te-kushtetutes\/\",\"name\":\"Deputet\u00ebt e Kuvendit t\u00eb Malit t\u00eb Zi votuan pro tekstit t\u00eb Kushtetut\u00ebs - Lajme nga Ulqini\",\"isPartOf\":{\"@id\":\"https:\/\/www.visit-ulcinj.com\/blog\/#website\"},\"datePublished\":\"2008-01-19T22:56:10+00:00\",\"dateModified\":\"2008-02-13T00:11:59+00:00\",\"author\":{\"@id\":\"https:\/\/www.visit-ulcinj.com\/blog\/#\/schema\/person\/dcab619c614d3038751c63bc2aadc06d\"},\"description\":\"NOT IMAGE\",\"breadcrumb\":{\"@id\":\"https:\/\/www.visit-ulcinj.com\/blog\/2008\/01\/19\/deputetet-e-kuvendit-te-malit-te-zi-votuan-pro-tekstit-te-kushtetutes\/#breadcrumb\"},\"inLanguage\":\"en-US\",\"potentialAction\":[{\"@type\":\"ReadAction\",\"target\":[\"https:\/\/www.visit-ulcinj.com\/blog\/2008\/01\/19\/deputetet-e-kuvendit-te-malit-te-zi-votuan-pro-tekstit-te-kushtetutes\/\"]}]},{\"@type\":\"BreadcrumbList\",\"@id\":\"https:\/\/www.visit-ulcinj.com\/blog\/2008\/01\/19\/deputetet-e-kuvendit-te-malit-te-zi-votuan-pro-tekstit-te-kushtetutes\/#breadcrumb\",\"itemListElement\":[{\"@type\":\"ListItem\",\"position\":1,\"name\":\"Deputet\u00ebt e Kuvendit t\u00eb Malit t\u00eb Zi votuan pro tekstit t\u00eb Kushtetut\u00ebs\"}]},{\"@type\":\"Person\",\"@id\":\"https:\/\/www.visit-ulcinj.com\/blog\/#\/schema\/person\/dcab619c614d3038751c63bc2aadc06d\",\"name\":\"ulqini\",\"sameAs\":[\"http:\/\/www.visit-ulcinj.com\"],\"url\":\"https:\/\/www.visit-ulcinj.com\/blog\/author\/admin\/\"}]}<\/script>\n<!-- \/ Yoast SEO plugin. -->","yoast_head_json":{"title":"Deputet\u00ebt e Kuvendit t\u00eb Malit t\u00eb Zi votuan pro tekstit t\u00eb Kushtetut\u00ebs - Lajme nga Ulqini","description":"NOT IMAGE","robots":{"index":"index","follow":"follow","max-snippet":"max-snippet:-1","max-image-preview":"max-image-preview:large","max-video-preview":"max-video-preview:-1"},"canonical":"https:\/\/www.visit-ulcinj.com\/blog\/2008\/01\/19\/deputetet-e-kuvendit-te-malit-te-zi-votuan-pro-tekstit-te-kushtetutes\/","og_locale":"en_US","og_type":"article","og_title":"Deputet\u00ebt e Kuvendit t\u00eb Malit t\u00eb Zi votuan pro tekstit t\u00eb Kushtetut\u00ebs - Lajme nga Ulqini","og_description":"NOT IMAGE","og_url":"https:\/\/www.visit-ulcinj.com\/blog\/2008\/01\/19\/deputetet-e-kuvendit-te-malit-te-zi-votuan-pro-tekstit-te-kushtetutes\/","og_site_name":"Lajme nga Ulqini","article_published_time":"2008-01-19T22:56:10+00:00","article_modified_time":"2008-02-13T00:11:59+00:00","twitter_misc":{"Written by":"ulqini","Est. reading time":"7 minutes"},"schema":{"@context":"https:\/\/schema.org","@graph":[{"@type":"WebSite","@id":"https:\/\/www.visit-ulcinj.com\/blog\/#website","url":"https:\/\/www.visit-ulcinj.com\/blog\/","name":"Lajme nga Ulqini","description":"Lajme,Vijesti,Ulqini,Ulqin,Crna Gora,Mali i Zi","potentialAction":[{"@type":"SearchAction","target":{"@type":"EntryPoint","urlTemplate":"https:\/\/www.visit-ulcinj.com\/blog\/?s={search_term_string}"},"query-input":"required name=search_term_string"}],"inLanguage":"en-US"},{"@type":"WebPage","@id":"https:\/\/www.visit-ulcinj.com\/blog\/2008\/01\/19\/deputetet-e-kuvendit-te-malit-te-zi-votuan-pro-tekstit-te-kushtetutes\/#webpage","url":"https:\/\/www.visit-ulcinj.com\/blog\/2008\/01\/19\/deputetet-e-kuvendit-te-malit-te-zi-votuan-pro-tekstit-te-kushtetutes\/","name":"Deputet\u00ebt e Kuvendit t\u00eb Malit t\u00eb Zi votuan pro tekstit t\u00eb Kushtetut\u00ebs - Lajme nga Ulqini","isPartOf":{"@id":"https:\/\/www.visit-ulcinj.com\/blog\/#website"},"datePublished":"2008-01-19T22:56:10+00:00","dateModified":"2008-02-13T00:11:59+00:00","author":{"@id":"https:\/\/www.visit-ulcinj.com\/blog\/#\/schema\/person\/dcab619c614d3038751c63bc2aadc06d"},"description":"NOT IMAGE","breadcrumb":{"@id":"https:\/\/www.visit-ulcinj.com\/blog\/2008\/01\/19\/deputetet-e-kuvendit-te-malit-te-zi-votuan-pro-tekstit-te-kushtetutes\/#breadcrumb"},"inLanguage":"en-US","potentialAction":[{"@type":"ReadAction","target":["https:\/\/www.visit-ulcinj.com\/blog\/2008\/01\/19\/deputetet-e-kuvendit-te-malit-te-zi-votuan-pro-tekstit-te-kushtetutes\/"]}]},{"@type":"BreadcrumbList","@id":"https:\/\/www.visit-ulcinj.com\/blog\/2008\/01\/19\/deputetet-e-kuvendit-te-malit-te-zi-votuan-pro-tekstit-te-kushtetutes\/#breadcrumb","itemListElement":[{"@type":"ListItem","position":1,"name":"Deputet\u00ebt e Kuvendit t\u00eb Malit t\u00eb Zi votuan pro tekstit t\u00eb Kushtetut\u00ebs"}]},{"@type":"Person","@id":"https:\/\/www.visit-ulcinj.com\/blog\/#\/schema\/person\/dcab619c614d3038751c63bc2aadc06d","name":"ulqini","sameAs":["http:\/\/www.visit-ulcinj.com"],"url":"https:\/\/www.visit-ulcinj.com\/blog\/author\/admin\/"}]}},"jetpack_featured_media_url":"","jetpack_sharing_enabled":true,"jetpack_shortlink":"https:\/\/wp.me\/pe6lTn-3x","_links":{"self":[{"href":"https:\/\/www.visit-ulcinj.com\/blog\/wp-json\/wp\/v2\/posts\/219"}],"collection":[{"href":"https:\/\/www.visit-ulcinj.com\/blog\/wp-json\/wp\/v2\/posts"}],"about":[{"href":"https:\/\/www.visit-ulcinj.com\/blog\/wp-json\/wp\/v2\/types\/post"}],"author":[{"embeddable":true,"href":"https:\/\/www.visit-ulcinj.com\/blog\/wp-json\/wp\/v2\/users\/1"}],"replies":[{"embeddable":true,"href":"https:\/\/www.visit-ulcinj.com\/blog\/wp-json\/wp\/v2\/comments?post=219"}],"version-history":[{"count":0,"href":"https:\/\/www.visit-ulcinj.com\/blog\/wp-json\/wp\/v2\/posts\/219\/revisions"}],"wp:attachment":[{"href":"https:\/\/www.visit-ulcinj.com\/blog\/wp-json\/wp\/v2\/media?parent=219"}],"wp:term":[{"taxonomy":"category","embeddable":true,"href":"https:\/\/www.visit-ulcinj.com\/blog\/wp-json\/wp\/v2\/categories?post=219"},{"taxonomy":"post_tag","embeddable":true,"href":"https:\/\/www.visit-ulcinj.com\/blog\/wp-json\/wp\/v2\/tags?post=219"}],"curies":[{"name":"wp","href":"https:\/\/api.w.org\/{rel}","templated":true}]}}