{"id":21905,"date":"2009-05-23T22:24:49","date_gmt":"2009-05-23T20:24:49","guid":{"rendered":"http:\/\/www.visit-ulcinj.com\/blog\/?p=21905"},"modified":"2009-05-23T22:25:36","modified_gmt":"2009-05-23T20:25:36","slug":"ne-presheve-vritet-deputeti-i-pvd-se-isuf-azizi","status":"publish","type":"post","link":"https:\/\/www.visit-ulcinj.com\/blog\/2009\/05\/23\/ne-presheve-vritet-deputeti-i-pvd-se-isuf-azizi\/","title":{"rendered":"N\u00eb Preshev\u00eb vritet deputeti i PVD-s\u00eb, Isuf Azizi"},"content":{"rendered":"<p><a href=\"http:\/\/www.visit-ulcinj.com\/blog\/wp-content\/uploads\/2009\/05\/vritet-deputeti-i-pvd-se-isuf-azizi.jpg\"><img loading=\"lazy\" class=\"alignleft size-full wp-image-21906\" title=\"vritet-deputeti-i-pvd-se-isuf-azizi\" src=\"http:\/\/www.visit-ulcinj.com\/blog\/wp-content\/uploads\/2009\/05\/vritet-deputeti-i-pvd-se-isuf-azizi.jpg\" alt=\"vritet-deputeti-i-pvd-se-isuf-azizi\" width=\"580\" height=\"320\" \/><\/a>Vrasja ndodhi mbr\u00ebm\u00eb n\u00eb oborrin e banes\u00ebs s\u00eb tij n\u00eb fshatin Rahovic\u00eb t\u00eb <strong>Preshev\u00ebs. Nj\u00eb person ende i paidentifikuar i ka z\u00ebn\u00eb prit\u00eb deputetit t\u00eb Partis\u00eb p\u00ebr Veprim Demokratik n\u00eb Kuvendin Komunal t\u00eb Preshev\u00ebs.<\/strong><br \/>\nPRESHEVE- Deputeti i Partis\u00eb p\u00ebr Veprim Demokratik n\u00eb Kuvendin Komunal t\u00eb Preshev\u00ebs Isuf Azizi, 42 vjec \u00ebsht\u00eb vrar\u00eb mbr\u00ebm\u00eb<br \/>\npara sht\u00ebpis\u00eb s\u00eb tij n\u00eb fshatin Rahovic\u00eb t\u00eb Preshev\u00ebs.<br \/>\nAutoritetet policore t\u00eb Vranj\u00ebs thon\u00eb se Isuf Azizi \u00ebsht\u00eb vrar\u00eb rreth or\u00ebs 22.30 minuta t\u00eb mbremjes, n\u00eb oborrin p\u00ebrball\u00eb<br \/>\nsht\u00ebpis\u00eb s\u00eb tij. Policia ka nisur hetimet p\u00ebr\u00a0 t\u00eb zbardhur ngjarjen e r\u00ebnd\u00eb<br \/>\nMediat kosovare b\u00ebjn\u00eb t\u00eb ditur se Isuf Azizi, babai i pes\u00eb f\u00ebmij\u00ebve \u00ebsh\u00eb q\u00eblluar nga nj\u00eb person ende i paidentifikuar n\u00eb oborrin e para sht\u00ebpis\u00eb s\u00eb tij. Mediat thon\u00eb se autori i ka z\u00ebn\u00eb prit\u00eb deputetit teksa po kthehej nga puna n\u00eb sht\u00ebpi<br \/>\nIsuf Azizi ishte drejtor i kompanis\u00eb &#8220;VALONI PETROL&#8221;, dhe mediat b\u00ebjn\u00eb t\u00eb ditur se vrasja e tij ka shqet\u00ebsuar biznesmen\u00ebt dhe popullat\u00ebn shqiptare n\u00eb rajonin e Preshev\u00ebs.<br \/>\nIsuf Azizi njihej si biznesmen i njohur shqiptare n\u00eb Kosov\u00ebn Lindore, nj\u00ebher\u00ebsh edhe an\u00ebtar i PVD-s\u00eb. Ai njihej si humanist e bamir\u00ebs, por edhe si njeriu q\u00eb i dha kontribut \u00e7lirimit t\u00eb Kosov\u00ebs.<\/p>\n<p><strong>(s.g\/BalkanWeb)<\/strong><\/p>\n","protected":false},"excerpt":{"rendered":"<p>Vrasja ndodhi mbr\u00ebm\u00eb n\u00eb oborrin e banes\u00ebs s\u00eb tij n\u00eb fshatin Rahovic\u00eb t\u00eb Preshev\u00ebs. Nj\u00eb person ende i paidentifikuar i ka z\u00ebn\u00eb prit\u00eb deputetit t\u00eb Partis\u00eb p\u00ebr Veprim Demokratik n\u00eb Kuvendin Komunal t\u00eb Preshev\u00ebs. PRESHEVE- Deputeti i Partis\u00eb p\u00ebr Veprim Demokratik n\u00eb Kuvendin Komunal t\u00eb Preshev\u00ebs Isuf Azizi, 42 vjec \u00ebsht\u00eb vrar\u00eb mbr\u00ebm\u00eb para sht\u00ebpis\u00eb [&hellip;]<\/p>\n","protected":false},"author":1,"featured_media":0,"comment_status":"open","ping_status":"closed","sticky":false,"template":"","format":"standard","meta":{"spay_email":"","jetpack_publicize_message":"","jetpack_is_tweetstorm":false,"jetpack_publicize_feature_enabled":true},"categories":[14],"tags":[10652,10654,10653],"jetpack_publicize_connections":[],"yoast_head":"<!-- This site is optimized with the Yoast SEO plugin v19.1 - https:\/\/yoast.com\/wordpress\/plugins\/seo\/ -->\n<title>N\u00eb Preshev\u00eb vritet deputeti i PVD-s\u00eb, Isuf Azizi - Lajme nga Ulqini<\/title>\n<meta name=\"description\" content=\"Vrasja ndodhi mbr\u00ebm\u00eb n\u00eb oborrin e banes\u00ebs s\u00eb tij n\u00eb fshatin Rahovic\u00eb t\u00eb Preshev\u00ebs. Nj\u00eb person ende i paidentifikuar i ka z\u00ebn\u00eb prit\u00eb deputetit t\u00eb Partis\u00eb\" \/>\n<meta name=\"robots\" content=\"index, follow, max-snippet:-1, max-image-preview:large, max-video-preview:-1\" \/>\n<link rel=\"canonical\" href=\"https:\/\/www.visit-ulcinj.com\/blog\/2009\/05\/23\/ne-presheve-vritet-deputeti-i-pvd-se-isuf-azizi\/\" \/>\n<meta property=\"og:locale\" content=\"en_US\" \/>\n<meta property=\"og:type\" content=\"article\" \/>\n<meta property=\"og:title\" content=\"N\u00eb Preshev\u00eb vritet deputeti i PVD-s\u00eb, Isuf Azizi - Lajme nga Ulqini\" \/>\n<meta property=\"og:description\" content=\"Vrasja ndodhi mbr\u00ebm\u00eb n\u00eb oborrin e banes\u00ebs s\u00eb tij n\u00eb fshatin Rahovic\u00eb t\u00eb Preshev\u00ebs. Nj\u00eb person ende i paidentifikuar i ka z\u00ebn\u00eb prit\u00eb deputetit t\u00eb Partis\u00eb\" \/>\n<meta property=\"og:url\" content=\"https:\/\/www.visit-ulcinj.com\/blog\/2009\/05\/23\/ne-presheve-vritet-deputeti-i-pvd-se-isuf-azizi\/\" \/>\n<meta property=\"og:site_name\" content=\"Lajme nga Ulqini\" \/>\n<meta property=\"article:published_time\" content=\"2009-05-23T20:24:49+00:00\" \/>\n<meta property=\"article:modified_time\" content=\"2009-05-23T20:25:36+00:00\" \/>\n<meta property=\"og:image\" content=\"http:\/\/www.visit-ulcinj.com\/blog\/wp-content\/uploads\/2009\/05\/vritet-deputeti-i-pvd-se-isuf-azizi.jpg\" \/>\n<meta name=\"twitter:label1\" content=\"Written by\" \/>\n\t<meta name=\"twitter:data1\" content=\"ulqini\" \/>\n\t<meta name=\"twitter:label2\" content=\"Est. reading time\" \/>\n\t<meta name=\"twitter:data2\" content=\"1 minute\" \/>\n<script type=\"application\/ld+json\" class=\"yoast-schema-graph\">{\"@context\":\"https:\/\/schema.org\",\"@graph\":[{\"@type\":\"WebSite\",\"@id\":\"https:\/\/www.visit-ulcinj.com\/blog\/#website\",\"url\":\"https:\/\/www.visit-ulcinj.com\/blog\/\",\"name\":\"Lajme nga Ulqini\",\"description\":\"Lajme,Vijesti,Ulqini,Ulqin,Crna Gora,Mali i Zi\",\"potentialAction\":[{\"@type\":\"SearchAction\",\"target\":{\"@type\":\"EntryPoint\",\"urlTemplate\":\"https:\/\/www.visit-ulcinj.com\/blog\/?s={search_term_string}\"},\"query-input\":\"required name=search_term_string\"}],\"inLanguage\":\"en-US\"},{\"@type\":\"ImageObject\",\"inLanguage\":\"en-US\",\"@id\":\"https:\/\/www.visit-ulcinj.com\/blog\/2009\/05\/23\/ne-presheve-vritet-deputeti-i-pvd-se-isuf-azizi\/#primaryimage\",\"url\":\"https:\/\/www.visit-ulcinj.com\/blog\/wp-content\/uploads\/2009\/05\/vritet-deputeti-i-pvd-se-isuf-azizi.jpg\",\"contentUrl\":\"https:\/\/www.visit-ulcinj.com\/blog\/wp-content\/uploads\/2009\/05\/vritet-deputeti-i-pvd-se-isuf-azizi.jpg\",\"width\":\"490\",\"height\":\"320\"},{\"@type\":\"WebPage\",\"@id\":\"https:\/\/www.visit-ulcinj.com\/blog\/2009\/05\/23\/ne-presheve-vritet-deputeti-i-pvd-se-isuf-azizi\/#webpage\",\"url\":\"https:\/\/www.visit-ulcinj.com\/blog\/2009\/05\/23\/ne-presheve-vritet-deputeti-i-pvd-se-isuf-azizi\/\",\"name\":\"N\u00eb Preshev\u00eb vritet deputeti i PVD-s\u00eb, Isuf Azizi - Lajme nga Ulqini\",\"isPartOf\":{\"@id\":\"https:\/\/www.visit-ulcinj.com\/blog\/#website\"},\"primaryImageOfPage\":{\"@id\":\"https:\/\/www.visit-ulcinj.com\/blog\/2009\/05\/23\/ne-presheve-vritet-deputeti-i-pvd-se-isuf-azizi\/#primaryimage\"},\"datePublished\":\"2009-05-23T20:24:49+00:00\",\"dateModified\":\"2009-05-23T20:25:36+00:00\",\"author\":{\"@id\":\"https:\/\/www.visit-ulcinj.com\/blog\/#\/schema\/person\/dcab619c614d3038751c63bc2aadc06d\"},\"description\":\"Vrasja ndodhi mbr\u00ebm\u00eb n\u00eb oborrin e banes\u00ebs s\u00eb tij n\u00eb fshatin Rahovic\u00eb t\u00eb Preshev\u00ebs. Nj\u00eb person ende i paidentifikuar i ka z\u00ebn\u00eb prit\u00eb deputetit t\u00eb Partis\u00eb\",\"breadcrumb\":{\"@id\":\"https:\/\/www.visit-ulcinj.com\/blog\/2009\/05\/23\/ne-presheve-vritet-deputeti-i-pvd-se-isuf-azizi\/#breadcrumb\"},\"inLanguage\":\"en-US\",\"potentialAction\":[{\"@type\":\"ReadAction\",\"target\":[\"https:\/\/www.visit-ulcinj.com\/blog\/2009\/05\/23\/ne-presheve-vritet-deputeti-i-pvd-se-isuf-azizi\/\"]}]},{\"@type\":\"BreadcrumbList\",\"@id\":\"https:\/\/www.visit-ulcinj.com\/blog\/2009\/05\/23\/ne-presheve-vritet-deputeti-i-pvd-se-isuf-azizi\/#breadcrumb\",\"itemListElement\":[{\"@type\":\"ListItem\",\"position\":1,\"name\":\"N\u00eb Preshev\u00eb vritet deputeti i PVD-s\u00eb, Isuf Azizi\"}]},{\"@type\":\"Person\",\"@id\":\"https:\/\/www.visit-ulcinj.com\/blog\/#\/schema\/person\/dcab619c614d3038751c63bc2aadc06d\",\"name\":\"ulqini\",\"sameAs\":[\"http:\/\/www.visit-ulcinj.com\"],\"url\":\"https:\/\/www.visit-ulcinj.com\/blog\/author\/admin\/\"}]}<\/script>\n<!-- \/ Yoast SEO plugin. -->","yoast_head_json":{"title":"N\u00eb Preshev\u00eb vritet deputeti i PVD-s\u00eb, Isuf Azizi - Lajme nga Ulqini","description":"Vrasja ndodhi mbr\u00ebm\u00eb n\u00eb oborrin e banes\u00ebs s\u00eb tij n\u00eb fshatin Rahovic\u00eb t\u00eb Preshev\u00ebs. Nj\u00eb person ende i paidentifikuar i ka z\u00ebn\u00eb prit\u00eb deputetit t\u00eb Partis\u00eb","robots":{"index":"index","follow":"follow","max-snippet":"max-snippet:-1","max-image-preview":"max-image-preview:large","max-video-preview":"max-video-preview:-1"},"canonical":"https:\/\/www.visit-ulcinj.com\/blog\/2009\/05\/23\/ne-presheve-vritet-deputeti-i-pvd-se-isuf-azizi\/","og_locale":"en_US","og_type":"article","og_title":"N\u00eb Preshev\u00eb vritet deputeti i PVD-s\u00eb, Isuf Azizi - Lajme nga Ulqini","og_description":"Vrasja ndodhi mbr\u00ebm\u00eb n\u00eb oborrin e banes\u00ebs s\u00eb tij n\u00eb fshatin Rahovic\u00eb t\u00eb Preshev\u00ebs. Nj\u00eb person ende i paidentifikuar i ka z\u00ebn\u00eb prit\u00eb deputetit t\u00eb Partis\u00eb","og_url":"https:\/\/www.visit-ulcinj.com\/blog\/2009\/05\/23\/ne-presheve-vritet-deputeti-i-pvd-se-isuf-azizi\/","og_site_name":"Lajme nga Ulqini","article_published_time":"2009-05-23T20:24:49+00:00","article_modified_time":"2009-05-23T20:25:36+00:00","og_image":[{"url":"http:\/\/www.visit-ulcinj.com\/blog\/wp-content\/uploads\/2009\/05\/vritet-deputeti-i-pvd-se-isuf-azizi.jpg"}],"twitter_misc":{"Written by":"ulqini","Est. reading time":"1 minute"},"schema":{"@context":"https:\/\/schema.org","@graph":[{"@type":"WebSite","@id":"https:\/\/www.visit-ulcinj.com\/blog\/#website","url":"https:\/\/www.visit-ulcinj.com\/blog\/","name":"Lajme nga Ulqini","description":"Lajme,Vijesti,Ulqini,Ulqin,Crna Gora,Mali i Zi","potentialAction":[{"@type":"SearchAction","target":{"@type":"EntryPoint","urlTemplate":"https:\/\/www.visit-ulcinj.com\/blog\/?s={search_term_string}"},"query-input":"required name=search_term_string"}],"inLanguage":"en-US"},{"@type":"ImageObject","inLanguage":"en-US","@id":"https:\/\/www.visit-ulcinj.com\/blog\/2009\/05\/23\/ne-presheve-vritet-deputeti-i-pvd-se-isuf-azizi\/#primaryimage","url":"https:\/\/www.visit-ulcinj.com\/blog\/wp-content\/uploads\/2009\/05\/vritet-deputeti-i-pvd-se-isuf-azizi.jpg","contentUrl":"https:\/\/www.visit-ulcinj.com\/blog\/wp-content\/uploads\/2009\/05\/vritet-deputeti-i-pvd-se-isuf-azizi.jpg","width":"490","height":"320"},{"@type":"WebPage","@id":"https:\/\/www.visit-ulcinj.com\/blog\/2009\/05\/23\/ne-presheve-vritet-deputeti-i-pvd-se-isuf-azizi\/#webpage","url":"https:\/\/www.visit-ulcinj.com\/blog\/2009\/05\/23\/ne-presheve-vritet-deputeti-i-pvd-se-isuf-azizi\/","name":"N\u00eb Preshev\u00eb vritet deputeti i PVD-s\u00eb, Isuf Azizi - Lajme nga Ulqini","isPartOf":{"@id":"https:\/\/www.visit-ulcinj.com\/blog\/#website"},"primaryImageOfPage":{"@id":"https:\/\/www.visit-ulcinj.com\/blog\/2009\/05\/23\/ne-presheve-vritet-deputeti-i-pvd-se-isuf-azizi\/#primaryimage"},"datePublished":"2009-05-23T20:24:49+00:00","dateModified":"2009-05-23T20:25:36+00:00","author":{"@id":"https:\/\/www.visit-ulcinj.com\/blog\/#\/schema\/person\/dcab619c614d3038751c63bc2aadc06d"},"description":"Vrasja ndodhi mbr\u00ebm\u00eb n\u00eb oborrin e banes\u00ebs s\u00eb tij n\u00eb fshatin Rahovic\u00eb t\u00eb Preshev\u00ebs. Nj\u00eb person ende i paidentifikuar i ka z\u00ebn\u00eb prit\u00eb deputetit t\u00eb Partis\u00eb","breadcrumb":{"@id":"https:\/\/www.visit-ulcinj.com\/blog\/2009\/05\/23\/ne-presheve-vritet-deputeti-i-pvd-se-isuf-azizi\/#breadcrumb"},"inLanguage":"en-US","potentialAction":[{"@type":"ReadAction","target":["https:\/\/www.visit-ulcinj.com\/blog\/2009\/05\/23\/ne-presheve-vritet-deputeti-i-pvd-se-isuf-azizi\/"]}]},{"@type":"BreadcrumbList","@id":"https:\/\/www.visit-ulcinj.com\/blog\/2009\/05\/23\/ne-presheve-vritet-deputeti-i-pvd-se-isuf-azizi\/#breadcrumb","itemListElement":[{"@type":"ListItem","position":1,"name":"N\u00eb Preshev\u00eb vritet deputeti i PVD-s\u00eb, Isuf Azizi"}]},{"@type":"Person","@id":"https:\/\/www.visit-ulcinj.com\/blog\/#\/schema\/person\/dcab619c614d3038751c63bc2aadc06d","name":"ulqini","sameAs":["http:\/\/www.visit-ulcinj.com"],"url":"https:\/\/www.visit-ulcinj.com\/blog\/author\/admin\/"}]}},"jetpack_featured_media_url":"","jetpack_sharing_enabled":true,"jetpack_shortlink":"https:\/\/wp.me\/pe6lTn-5Hj","_links":{"self":[{"href":"https:\/\/www.visit-ulcinj.com\/blog\/wp-json\/wp\/v2\/posts\/21905"}],"collection":[{"href":"https:\/\/www.visit-ulcinj.com\/blog\/wp-json\/wp\/v2\/posts"}],"about":[{"href":"https:\/\/www.visit-ulcinj.com\/blog\/wp-json\/wp\/v2\/types\/post"}],"author":[{"embeddable":true,"href":"https:\/\/www.visit-ulcinj.com\/blog\/wp-json\/wp\/v2\/users\/1"}],"replies":[{"embeddable":true,"href":"https:\/\/www.visit-ulcinj.com\/blog\/wp-json\/wp\/v2\/comments?post=21905"}],"version-history":[{"count":0,"href":"https:\/\/www.visit-ulcinj.com\/blog\/wp-json\/wp\/v2\/posts\/21905\/revisions"}],"wp:attachment":[{"href":"https:\/\/www.visit-ulcinj.com\/blog\/wp-json\/wp\/v2\/media?parent=21905"}],"wp:term":[{"taxonomy":"category","embeddable":true,"href":"https:\/\/www.visit-ulcinj.com\/blog\/wp-json\/wp\/v2\/categories?post=21905"},{"taxonomy":"post_tag","embeddable":true,"href":"https:\/\/www.visit-ulcinj.com\/blog\/wp-json\/wp\/v2\/tags?post=21905"}],"curies":[{"name":"wp","href":"https:\/\/api.w.org\/{rel}","templated":true}]}}