{"id":21916,"date":"2009-05-23T23:45:00","date_gmt":"2009-05-23T21:45:00","guid":{"rendered":"http:\/\/www.visit-ulcinj.com\/blog\/?p=21916"},"modified":"2009-05-23T23:46:02","modified_gmt":"2009-05-23T21:46:02","slug":"adelina-ndez-diskon-rinora-4-ne-zvicer","status":"publish","type":"post","link":"https:\/\/www.visit-ulcinj.com\/blog\/2009\/05\/23\/adelina-ndez-diskon-rinora-4-ne-zvicer\/","title":{"rendered":"Adelina ndez diskon Rinora 4 n\u00eb Zvic\u00ebr"},"content":{"rendered":"<p><a href=\"http:\/\/www.visit-ulcinj.com\/blog\/wp-content\/uploads\/2009\/05\/adelina-ismajli14.jpg\"><img loading=\"lazy\" class=\"alignleft size-full wp-image-21917\" title=\"adelina-ismajli14\" src=\"http:\/\/www.visit-ulcinj.com\/blog\/wp-content\/uploads\/2009\/05\/adelina-ismajli14.jpg\" alt=\"adelina-ismajli14\" width=\"580\" height=\"347\" \/><\/a>Paraqitjet e saja asnj\u00ebher\u00eb nuk kalojn\u00eb n\u00ebn hije dhe pa u v\u00ebrejtur. Ngado q\u00eb shkon b\u00ebn zhurm\u00eb sikur t\u00eb ishte e lindur p\u00ebr sken\u00eb pasi gjithmon\u00eb flitet rreth jet\u00ebs dhe karrier\u00ebs s\u00eb saj. E pse mos t\u00eb flitet pasi ajo sa m\u00eb shum\u00eb kalojn\u00eb vitet, duket akoma m\u00eb seksi dhe mosha si duket nuk i krijon aspak problem.<\/p>\n<p>Nuk kaloi edhe shum\u00eb gjat\u00eb q\u00eb nga publikimi i albumit t\u00eb fundit \u201cFenix\u201d, ku ajo nuk ndaloi s\u00eb promovuari at\u00eb sa n\u00eb intervista, por edhe n\u00eb show t\u00eb ndrysh\u00ebm n\u00ebp\u00ebr vendet ku jetojn\u00eb shqiptar\u00ebt. N\u00eb koh\u00ebn q\u00eb jetojm\u00eb tani n\u00eb k\u00ebt\u00eb kriz\u00eb financiare, ajo \u00ebsht\u00eb e st\u00ebrk\u00ebnaqur nga shitja e albumit. Planet e saj nuk mbarojn\u00eb k\u00ebtu. M\u00eb her\u00ebt treguam se k\u00ebng\u00ebtarja po p\u00ebrgatitet p\u00ebr nj\u00eb s\u00ebr\u00eb koncertesh n\u00eb Shtetet e Bashkuara t\u00eb Amerik\u00ebs s\u00eb bashku me k\u00ebng\u00ebtarin Shpat Kasapi, por jo vet\u00ebm atje pasi ata do t\u00eb vizitojn\u00eb dhe do japin koncerte edhe n\u00eb Kanada, ku p\u00ebr her\u00eb t\u00eb par\u00eb marrin pjes\u00eb q\u00eb t\u00eb dy.<\/p>\n<p>Por jo vet\u00ebm kaq, dit\u00eb m\u00eb par\u00eb paralajm\u00ebruan edhe rreth nj\u00eb dueti t\u00eb cilin ajo e ka p\u00ebrgatitur me reperin Da Ghost. N\u00ebn pranin\u00eb e shum\u00eb simpatizant\u00ebve, k\u00ebnga u promovua n\u00eb diskotek\u00ebn \u201cRinora 4\u201d n\u00eb Zvic\u00ebr. Padyshim q\u00eb do t\u00eb jet\u00eb e p\u00eblqyer nga publiku pasi n\u00eb t\u00eb gjenden edhe ritme folklorike q\u00eb gjithmon\u00eb ka pasur n\u00eb melodit\u00eb e Adelin\u00ebs. Kjo v\u00ebrehet edhe nga klikimet e para q\u00eb ka pasur n\u00eb internet videoja e promovimit. Speciale e asaj mbr\u00ebmje ishte vet\u00eb Adelina, veshja e saj dhe koreografia. L\u00ebvizje seksi dhe koreografi pak m\u00eb ndryshe se her\u00ebt e tjera. Fustani i zi seksi i shkurt\u00ebr, i dizenjuar enkas p\u00ebr at\u00eb promovim shtoi edhe m\u00eb shum\u00eb interesimin e publikut t\u00eb cil\u00ebt t\u00eb k\u00ebnaqur l\u00ebshuan mbr\u00ebmjen n\u00eb or\u00ebt e para t\u00eb m\u00ebngjesit.<\/p>\n<p>Ky ishte edhe nj\u00eb rikthim i Adelin\u00ebs n\u00eb diskotek\u00ebn \u201cRinora 4\u201d pas nj\u00eb pauze, p\u00ebr arsye akoma t\u00eb panjohura. Pas kthimit nga koncertet n\u00eb Amerik\u00eb, ne presim gj\u00ebra t\u00eb reja dhe interesante p\u00ebr publikun nga vet\u00eb Adelina. Foto nga mbr\u00ebmja dhe atmosfera atje ne i kemi publikuar k\u00ebsaj rradhe p\u00ebr ju.<\/p>\n\n<!--YouTube Error: bad URL entered-->\n","protected":false},"excerpt":{"rendered":"<p>Paraqitjet e saja asnj\u00ebher\u00eb nuk kalojn\u00eb n\u00ebn hije dhe pa u v\u00ebrejtur. Ngado q\u00eb shkon b\u00ebn zhurm\u00eb sikur t\u00eb ishte e lindur p\u00ebr sken\u00eb pasi gjithmon\u00eb flitet rreth jet\u00ebs dhe karrier\u00ebs s\u00eb saj. E pse mos t\u00eb flitet pasi ajo sa m\u00eb shum\u00eb kalojn\u00eb vitet, duket akoma m\u00eb seksi dhe mosha si duket nuk i [&hellip;]<\/p>\n","protected":false},"author":1,"featured_media":0,"comment_status":"open","ping_status":"closed","sticky":false,"template":"","format":"standard","meta":{"spay_email":"","jetpack_publicize_message":"","jetpack_is_tweetstorm":false,"jetpack_publicize_feature_enabled":true},"categories":[1],"tags":[5264,10077,10079,10078,10660,5523,10080,95,22016,7012,10093,10083,10086,10087,10092,7049,10091,10090,10082,10081,10088,10089,7892,10085,10084,7880],"jetpack_publicize_connections":[],"yoast_head":"<!-- This site is optimized with the Yoast SEO plugin v19.1 - https:\/\/yoast.com\/wordpress\/plugins\/seo\/ -->\n<title>Adelina ndez diskon Rinora 4 n\u00eb Zvic\u00ebr - Lajme nga Ulqini<\/title>\n<meta name=\"description\" content=\"Paraqitjet e saja asnj\u00ebher\u00eb nuk kalojn\u00eb n\u00ebn hije dhe pa u v\u00ebrejtur. Ngado q\u00eb shkon b\u00ebn zhurm\u00eb sikur t\u00eb ishte e lindur p\u00ebr sken\u00eb pasi gjithmon\u00eb flitet\" \/>\n<meta name=\"robots\" content=\"index, follow, max-snippet:-1, max-image-preview:large, max-video-preview:-1\" \/>\n<link rel=\"canonical\" href=\"https:\/\/www.visit-ulcinj.com\/blog\/2009\/05\/23\/adelina-ndez-diskon-rinora-4-ne-zvicer\/\" \/>\n<meta property=\"og:locale\" content=\"en_US\" \/>\n<meta property=\"og:type\" content=\"article\" \/>\n<meta property=\"og:title\" content=\"Adelina ndez diskon Rinora 4 n\u00eb Zvic\u00ebr - Lajme nga Ulqini\" \/>\n<meta property=\"og:description\" content=\"Paraqitjet e saja asnj\u00ebher\u00eb nuk kalojn\u00eb n\u00ebn hije dhe pa u v\u00ebrejtur. Ngado q\u00eb shkon b\u00ebn zhurm\u00eb sikur t\u00eb ishte e lindur p\u00ebr sken\u00eb pasi gjithmon\u00eb flitet\" \/>\n<meta property=\"og:url\" content=\"https:\/\/www.visit-ulcinj.com\/blog\/2009\/05\/23\/adelina-ndez-diskon-rinora-4-ne-zvicer\/\" \/>\n<meta property=\"og:site_name\" content=\"Lajme nga Ulqini\" \/>\n<meta property=\"article:published_time\" content=\"2009-05-23T21:45:00+00:00\" \/>\n<meta property=\"article:modified_time\" content=\"2009-05-23T21:46:02+00:00\" \/>\n<meta property=\"og:image\" content=\"https:\/\/www.visit-ulcinj.com\/blog\/wp-content\/uploads\/2009\/05\/adelina-ismajli14-150x150.jpg\" \/>\n<meta name=\"twitter:label1\" content=\"Written by\" \/>\n\t<meta name=\"twitter:data1\" content=\"ulqini\" \/>\n\t<meta name=\"twitter:label2\" content=\"Est. reading time\" \/>\n\t<meta name=\"twitter:data2\" content=\"2 minutes\" \/>\n<script type=\"application\/ld+json\" class=\"yoast-schema-graph\">{\"@context\":\"https:\/\/schema.org\",\"@graph\":[{\"@type\":\"WebSite\",\"@id\":\"https:\/\/www.visit-ulcinj.com\/blog\/#website\",\"url\":\"https:\/\/www.visit-ulcinj.com\/blog\/\",\"name\":\"Lajme nga Ulqini\",\"description\":\"Lajme,Vijesti,Ulqini,Ulqin,Crna Gora,Mali i Zi\",\"potentialAction\":[{\"@type\":\"SearchAction\",\"target\":{\"@type\":\"EntryPoint\",\"urlTemplate\":\"https:\/\/www.visit-ulcinj.com\/blog\/?s={search_term_string}\"},\"query-input\":\"required name=search_term_string\"}],\"inLanguage\":\"en-US\"},{\"@type\":\"ImageObject\",\"inLanguage\":\"en-US\",\"@id\":\"https:\/\/www.visit-ulcinj.com\/blog\/2009\/05\/23\/adelina-ndez-diskon-rinora-4-ne-zvicer\/#primaryimage\",\"url\":\"http:\/\/www.visit-ulcinj.com\/blog\/wp-content\/uploads\/2009\/05\/adelina-ismajli14.jpg\",\"contentUrl\":\"http:\/\/www.visit-ulcinj.com\/blog\/wp-content\/uploads\/2009\/05\/adelina-ismajli14.jpg\"},{\"@type\":\"WebPage\",\"@id\":\"https:\/\/www.visit-ulcinj.com\/blog\/2009\/05\/23\/adelina-ndez-diskon-rinora-4-ne-zvicer\/#webpage\",\"url\":\"https:\/\/www.visit-ulcinj.com\/blog\/2009\/05\/23\/adelina-ndez-diskon-rinora-4-ne-zvicer\/\",\"name\":\"Adelina ndez diskon Rinora 4 n\u00eb Zvic\u00ebr - Lajme nga Ulqini\",\"isPartOf\":{\"@id\":\"https:\/\/www.visit-ulcinj.com\/blog\/#website\"},\"primaryImageOfPage\":{\"@id\":\"https:\/\/www.visit-ulcinj.com\/blog\/2009\/05\/23\/adelina-ndez-diskon-rinora-4-ne-zvicer\/#primaryimage\"},\"datePublished\":\"2009-05-23T21:45:00+00:00\",\"dateModified\":\"2009-05-23T21:46:02+00:00\",\"author\":{\"@id\":\"https:\/\/www.visit-ulcinj.com\/blog\/#\/schema\/person\/dcab619c614d3038751c63bc2aadc06d\"},\"description\":\"Paraqitjet e saja asnj\u00ebher\u00eb nuk kalojn\u00eb n\u00ebn hije dhe pa u v\u00ebrejtur. Ngado q\u00eb shkon b\u00ebn zhurm\u00eb sikur t\u00eb ishte e lindur p\u00ebr sken\u00eb pasi gjithmon\u00eb flitet\",\"breadcrumb\":{\"@id\":\"https:\/\/www.visit-ulcinj.com\/blog\/2009\/05\/23\/adelina-ndez-diskon-rinora-4-ne-zvicer\/#breadcrumb\"},\"inLanguage\":\"en-US\",\"potentialAction\":[{\"@type\":\"ReadAction\",\"target\":[\"https:\/\/www.visit-ulcinj.com\/blog\/2009\/05\/23\/adelina-ndez-diskon-rinora-4-ne-zvicer\/\"]}]},{\"@type\":\"BreadcrumbList\",\"@id\":\"https:\/\/www.visit-ulcinj.com\/blog\/2009\/05\/23\/adelina-ndez-diskon-rinora-4-ne-zvicer\/#breadcrumb\",\"itemListElement\":[{\"@type\":\"ListItem\",\"position\":1,\"name\":\"Adelina ndez diskon Rinora 4 n\u00eb Zvic\u00ebr\"}]},{\"@type\":\"Person\",\"@id\":\"https:\/\/www.visit-ulcinj.com\/blog\/#\/schema\/person\/dcab619c614d3038751c63bc2aadc06d\",\"name\":\"ulqini\",\"sameAs\":[\"http:\/\/www.visit-ulcinj.com\"],\"url\":\"https:\/\/www.visit-ulcinj.com\/blog\/author\/admin\/\"}]}<\/script>\n<!-- \/ Yoast SEO plugin. -->","yoast_head_json":{"title":"Adelina ndez diskon Rinora 4 n\u00eb Zvic\u00ebr - Lajme nga Ulqini","description":"Paraqitjet e saja asnj\u00ebher\u00eb nuk kalojn\u00eb n\u00ebn hije dhe pa u v\u00ebrejtur. Ngado q\u00eb shkon b\u00ebn zhurm\u00eb sikur t\u00eb ishte e lindur p\u00ebr sken\u00eb pasi gjithmon\u00eb flitet","robots":{"index":"index","follow":"follow","max-snippet":"max-snippet:-1","max-image-preview":"max-image-preview:large","max-video-preview":"max-video-preview:-1"},"canonical":"https:\/\/www.visit-ulcinj.com\/blog\/2009\/05\/23\/adelina-ndez-diskon-rinora-4-ne-zvicer\/","og_locale":"en_US","og_type":"article","og_title":"Adelina ndez diskon Rinora 4 n\u00eb Zvic\u00ebr - Lajme nga Ulqini","og_description":"Paraqitjet e saja asnj\u00ebher\u00eb nuk kalojn\u00eb n\u00ebn hije dhe pa u v\u00ebrejtur. Ngado q\u00eb shkon b\u00ebn zhurm\u00eb sikur t\u00eb ishte e lindur p\u00ebr sken\u00eb pasi gjithmon\u00eb flitet","og_url":"https:\/\/www.visit-ulcinj.com\/blog\/2009\/05\/23\/adelina-ndez-diskon-rinora-4-ne-zvicer\/","og_site_name":"Lajme nga Ulqini","article_published_time":"2009-05-23T21:45:00+00:00","article_modified_time":"2009-05-23T21:46:02+00:00","og_image":[{"url":"https:\/\/www.visit-ulcinj.com\/blog\/wp-content\/uploads\/2009\/05\/adelina-ismajli14-150x150.jpg"}],"twitter_misc":{"Written by":"ulqini","Est. reading time":"2 minutes"},"schema":{"@context":"https:\/\/schema.org","@graph":[{"@type":"WebSite","@id":"https:\/\/www.visit-ulcinj.com\/blog\/#website","url":"https:\/\/www.visit-ulcinj.com\/blog\/","name":"Lajme nga Ulqini","description":"Lajme,Vijesti,Ulqini,Ulqin,Crna Gora,Mali i Zi","potentialAction":[{"@type":"SearchAction","target":{"@type":"EntryPoint","urlTemplate":"https:\/\/www.visit-ulcinj.com\/blog\/?s={search_term_string}"},"query-input":"required name=search_term_string"}],"inLanguage":"en-US"},{"@type":"ImageObject","inLanguage":"en-US","@id":"https:\/\/www.visit-ulcinj.com\/blog\/2009\/05\/23\/adelina-ndez-diskon-rinora-4-ne-zvicer\/#primaryimage","url":"http:\/\/www.visit-ulcinj.com\/blog\/wp-content\/uploads\/2009\/05\/adelina-ismajli14.jpg","contentUrl":"http:\/\/www.visit-ulcinj.com\/blog\/wp-content\/uploads\/2009\/05\/adelina-ismajli14.jpg"},{"@type":"WebPage","@id":"https:\/\/www.visit-ulcinj.com\/blog\/2009\/05\/23\/adelina-ndez-diskon-rinora-4-ne-zvicer\/#webpage","url":"https:\/\/www.visit-ulcinj.com\/blog\/2009\/05\/23\/adelina-ndez-diskon-rinora-4-ne-zvicer\/","name":"Adelina ndez diskon Rinora 4 n\u00eb Zvic\u00ebr - Lajme nga Ulqini","isPartOf":{"@id":"https:\/\/www.visit-ulcinj.com\/blog\/#website"},"primaryImageOfPage":{"@id":"https:\/\/www.visit-ulcinj.com\/blog\/2009\/05\/23\/adelina-ndez-diskon-rinora-4-ne-zvicer\/#primaryimage"},"datePublished":"2009-05-23T21:45:00+00:00","dateModified":"2009-05-23T21:46:02+00:00","author":{"@id":"https:\/\/www.visit-ulcinj.com\/blog\/#\/schema\/person\/dcab619c614d3038751c63bc2aadc06d"},"description":"Paraqitjet e saja asnj\u00ebher\u00eb nuk kalojn\u00eb n\u00ebn hije dhe pa u v\u00ebrejtur. Ngado q\u00eb shkon b\u00ebn zhurm\u00eb sikur t\u00eb ishte e lindur p\u00ebr sken\u00eb pasi gjithmon\u00eb flitet","breadcrumb":{"@id":"https:\/\/www.visit-ulcinj.com\/blog\/2009\/05\/23\/adelina-ndez-diskon-rinora-4-ne-zvicer\/#breadcrumb"},"inLanguage":"en-US","potentialAction":[{"@type":"ReadAction","target":["https:\/\/www.visit-ulcinj.com\/blog\/2009\/05\/23\/adelina-ndez-diskon-rinora-4-ne-zvicer\/"]}]},{"@type":"BreadcrumbList","@id":"https:\/\/www.visit-ulcinj.com\/blog\/2009\/05\/23\/adelina-ndez-diskon-rinora-4-ne-zvicer\/#breadcrumb","itemListElement":[{"@type":"ListItem","position":1,"name":"Adelina ndez diskon Rinora 4 n\u00eb Zvic\u00ebr"}]},{"@type":"Person","@id":"https:\/\/www.visit-ulcinj.com\/blog\/#\/schema\/person\/dcab619c614d3038751c63bc2aadc06d","name":"ulqini","sameAs":["http:\/\/www.visit-ulcinj.com"],"url":"https:\/\/www.visit-ulcinj.com\/blog\/author\/admin\/"}]}},"jetpack_featured_media_url":"","jetpack_sharing_enabled":true,"jetpack_shortlink":"https:\/\/wp.me\/pe6lTn-5Hu","_links":{"self":[{"href":"https:\/\/www.visit-ulcinj.com\/blog\/wp-json\/wp\/v2\/posts\/21916"}],"collection":[{"href":"https:\/\/www.visit-ulcinj.com\/blog\/wp-json\/wp\/v2\/posts"}],"about":[{"href":"https:\/\/www.visit-ulcinj.com\/blog\/wp-json\/wp\/v2\/types\/post"}],"author":[{"embeddable":true,"href":"https:\/\/www.visit-ulcinj.com\/blog\/wp-json\/wp\/v2\/users\/1"}],"replies":[{"embeddable":true,"href":"https:\/\/www.visit-ulcinj.com\/blog\/wp-json\/wp\/v2\/comments?post=21916"}],"version-history":[{"count":0,"href":"https:\/\/www.visit-ulcinj.com\/blog\/wp-json\/wp\/v2\/posts\/21916\/revisions"}],"wp:attachment":[{"href":"https:\/\/www.visit-ulcinj.com\/blog\/wp-json\/wp\/v2\/media?parent=21916"}],"wp:term":[{"taxonomy":"category","embeddable":true,"href":"https:\/\/www.visit-ulcinj.com\/blog\/wp-json\/wp\/v2\/categories?post=21916"},{"taxonomy":"post_tag","embeddable":true,"href":"https:\/\/www.visit-ulcinj.com\/blog\/wp-json\/wp\/v2\/tags?post=21916"}],"curies":[{"name":"wp","href":"https:\/\/api.w.org\/{rel}","templated":true}]}}