{"id":21956,"date":"2009-05-24T13:08:51","date_gmt":"2009-05-24T11:08:51","guid":{"rendered":"http:\/\/www.visit-ulcinj.com\/blog\/?p=21956"},"modified":"2009-05-24T13:13:29","modified_gmt":"2009-05-24T11:13:29","slug":"mali-i-zi-uronmarredhenie-miqesoreme-beogradin","status":"publish","type":"post","link":"https:\/\/www.visit-ulcinj.com\/blog\/2009\/05\/24\/mali-i-zi-uronmarredhenie-miqesoreme-beogradin\/","title":{"rendered":"Mali i Zi uron&#8221;marr\u00ebdh\u00ebnie miq\u00ebsore&#8221;me Beogradin"},"content":{"rendered":"<p><img loading=\"lazy\" class=\"alignleft size-full wp-image-21957\" title=\"vujanovic_tadic\" src=\"http:\/\/www.visit-ulcinj.com\/blog\/wp-content\/uploads\/2009\/05\/vujanovic_tadic.jpg\" alt=\"vujanovic_tadic\" width=\"580\" height=\"336\" \/>Mali i Zi uron t\u00eb ket\u00eb &#8220;marr\u00ebdh\u00ebnie t\u00eb ngushta dhe miq\u00ebsore&#8221; me Serbin\u00eb megjith\u00eb mosmarr\u00ebveshjet p\u00ebr Kosov\u00ebn, deklaroi presidenti malazez, Filip Vujanovic, q\u00eb fillon nes\u00ebr nj\u00eb vizit\u00eb n\u00eb Beograd dhe q\u00eb ka si synim ngrohjen e marr\u00ebdh\u00ebnieve dypal\u00ebshe.<br \/>\n&#8220;Mosmarr\u00ebveshjet\u00a0 me Serbin\u00eb p\u00ebr Kosov\u00ebn nuk duhet t\u00eb ven\u00eb n\u00eb rrezik interesin e p\u00ebrbashk\u00ebt t\u00eb dy vendeve t\u00eb Ballkanit p\u00ebr t\u00eb bashk\u00ebpunuar dhe p\u00ebr t\u00eb mbajtur marr\u00ebdh\u00ebnie miq\u00ebsore dhe t\u00eb ngushta&#8221;, deklaroi presidenti malazez n\u00eb nj\u00eb intervist\u00eb\u00a0 t\u00eb botuar sot nga e p\u00ebrditshmja &#8220;Politika&#8221;.<br \/>\n&#8220;Ne e kemi njohur pavar\u00ebsin\u00eb e Kosov\u00ebs pas q\u00ebndrimeve t\u00eb p\u00ebrs\u00ebritura (&#8230;) dhe shpesh t\u00eb shprehura n\u00eb publik&#8230; nga partner\u00ebt tan\u00eb&#8221; t\u00eb BE-s\u00eb dhe NATO-s, sipas t\u00eb cilave Podgorica duhej t\u00eb &#8220;ndante q\u00ebndrimin e tyre lidhur me \u00e7\u00ebshtjen e Kosov\u00ebs&#8221;, vijoi presidenti Vujanovic.<br \/>\nMali i Zi e njohu pavar\u00ebsin\u00eb e Kosov\u00ebs tetorin e kaluar, nj\u00eb vendim q\u00eb solli nj\u00eb ftohje serioze t\u00eb marr\u00ebdh\u00ebnieve me Beogradin. Ky vendim u ndje edhe me m\u00eb shum\u00eb dhimbje nga Beogradi, pasi marr\u00ebdh\u00ebniet e Serbis\u00eb dhe Malit t\u00eb Zi kan\u00eb qen\u00eb gjithmon\u00eb shum\u00eb t\u00eb ngushta historikisht.<br \/>\nAmbasadori malazez n\u00eb kryeqytetin serb, ishte lutur t\u00eb largohej at\u00ebher\u00eb nga Beogradi.<\/p>\n<p><strong>Burimi \/ ShtypiDites<\/strong><\/p>\n<p><strong><!--YouTube Error: bad URL entered--><br \/>\n<\/strong><\/p>\n","protected":false},"excerpt":{"rendered":"<p>Mali i Zi uron t\u00eb ket\u00eb &#8220;marr\u00ebdh\u00ebnie t\u00eb ngushta dhe miq\u00ebsore&#8221; me Serbin\u00eb megjith\u00eb mosmarr\u00ebveshjet p\u00ebr Kosov\u00ebn, deklaroi presidenti malazez, Filip Vujanovic, q\u00eb fillon nes\u00ebr nj\u00eb vizit\u00eb n\u00eb Beograd dhe q\u00eb ka si synim ngrohjen e marr\u00ebdh\u00ebnieve dypal\u00ebshe. &#8220;Mosmarr\u00ebveshjet\u00a0 me Serbin\u00eb p\u00ebr Kosov\u00ebn nuk duhet t\u00eb ven\u00eb n\u00eb rrezik interesin e p\u00ebrbashk\u00ebt t\u00eb dy vendeve [&hellip;]<\/p>\n","protected":false},"author":1,"featured_media":0,"comment_status":"open","ping_status":"closed","sticky":false,"template":"","format":"standard","meta":{"spay_email":"","jetpack_publicize_message":"","jetpack_is_tweetstorm":false,"jetpack_publicize_feature_enabled":true},"categories":[14],"tags":[95,10687,10688,1855],"jetpack_publicize_connections":[],"yoast_head":"<!-- This site is optimized with the Yoast SEO plugin v19.1 - https:\/\/yoast.com\/wordpress\/plugins\/seo\/ -->\n<title>Mali i Zi uron&quot;marr\u00ebdh\u00ebnie miq\u00ebsore&quot;me Beogradin - Lajme nga Ulqini<\/title>\n<meta name=\"description\" content=\"Mali i Zi uron t\u00eb ket\u00eb &quot;marr\u00ebdh\u00ebnie t\u00eb ngushta dhe miq\u00ebsore&quot; me Serbin\u00eb megjith\u00eb mosmarr\u00ebveshjet p\u00ebr Kosov\u00ebn, deklaroi presidenti malazez, Filip\" \/>\n<meta name=\"robots\" content=\"index, follow, max-snippet:-1, max-image-preview:large, max-video-preview:-1\" \/>\n<link rel=\"canonical\" href=\"https:\/\/www.visit-ulcinj.com\/blog\/2009\/05\/24\/mali-i-zi-uronmarredhenie-miqesoreme-beogradin\/\" \/>\n<meta property=\"og:locale\" content=\"en_US\" \/>\n<meta property=\"og:type\" content=\"article\" \/>\n<meta property=\"og:title\" content=\"Mali i Zi uron&quot;marr\u00ebdh\u00ebnie miq\u00ebsore&quot;me Beogradin - Lajme nga Ulqini\" \/>\n<meta property=\"og:description\" content=\"Mali i Zi uron t\u00eb ket\u00eb &quot;marr\u00ebdh\u00ebnie t\u00eb ngushta dhe miq\u00ebsore&quot; me Serbin\u00eb megjith\u00eb mosmarr\u00ebveshjet p\u00ebr Kosov\u00ebn, deklaroi presidenti malazez, Filip\" \/>\n<meta property=\"og:url\" content=\"https:\/\/www.visit-ulcinj.com\/blog\/2009\/05\/24\/mali-i-zi-uronmarredhenie-miqesoreme-beogradin\/\" \/>\n<meta property=\"og:site_name\" content=\"Lajme nga Ulqini\" \/>\n<meta property=\"article:published_time\" content=\"2009-05-24T11:08:51+00:00\" \/>\n<meta property=\"article:modified_time\" content=\"2009-05-24T11:13:29+00:00\" \/>\n<meta property=\"og:image\" content=\"http:\/\/www.visit-ulcinj.com\/blog\/wp-content\/uploads\/2009\/05\/vujanovic_tadic.jpg\" \/>\n<meta name=\"twitter:label1\" content=\"Written by\" \/>\n\t<meta name=\"twitter:data1\" content=\"ulqini\" \/>\n\t<meta name=\"twitter:label2\" content=\"Est. reading time\" \/>\n\t<meta name=\"twitter:data2\" content=\"1 minute\" \/>\n<script type=\"application\/ld+json\" class=\"yoast-schema-graph\">{\"@context\":\"https:\/\/schema.org\",\"@graph\":[{\"@type\":\"WebSite\",\"@id\":\"https:\/\/www.visit-ulcinj.com\/blog\/#website\",\"url\":\"https:\/\/www.visit-ulcinj.com\/blog\/\",\"name\":\"Lajme nga Ulqini\",\"description\":\"Lajme,Vijesti,Ulqini,Ulqin,Crna Gora,Mali i Zi\",\"potentialAction\":[{\"@type\":\"SearchAction\",\"target\":{\"@type\":\"EntryPoint\",\"urlTemplate\":\"https:\/\/www.visit-ulcinj.com\/blog\/?s={search_term_string}\"},\"query-input\":\"required name=search_term_string\"}],\"inLanguage\":\"en-US\"},{\"@type\":\"ImageObject\",\"inLanguage\":\"en-US\",\"@id\":\"https:\/\/www.visit-ulcinj.com\/blog\/2009\/05\/24\/mali-i-zi-uronmarredhenie-miqesoreme-beogradin\/#primaryimage\",\"url\":\"https:\/\/www.visit-ulcinj.com\/blog\/wp-content\/uploads\/2009\/05\/vujanovic_tadic.jpg\",\"contentUrl\":\"https:\/\/www.visit-ulcinj.com\/blog\/wp-content\/uploads\/2009\/05\/vujanovic_tadic.jpg\",\"width\":\"478\",\"height\":\"336\"},{\"@type\":\"WebPage\",\"@id\":\"https:\/\/www.visit-ulcinj.com\/blog\/2009\/05\/24\/mali-i-zi-uronmarredhenie-miqesoreme-beogradin\/#webpage\",\"url\":\"https:\/\/www.visit-ulcinj.com\/blog\/2009\/05\/24\/mali-i-zi-uronmarredhenie-miqesoreme-beogradin\/\",\"name\":\"Mali i Zi uron\\\"marr\u00ebdh\u00ebnie miq\u00ebsore\\\"me Beogradin - Lajme nga Ulqini\",\"isPartOf\":{\"@id\":\"https:\/\/www.visit-ulcinj.com\/blog\/#website\"},\"primaryImageOfPage\":{\"@id\":\"https:\/\/www.visit-ulcinj.com\/blog\/2009\/05\/24\/mali-i-zi-uronmarredhenie-miqesoreme-beogradin\/#primaryimage\"},\"datePublished\":\"2009-05-24T11:08:51+00:00\",\"dateModified\":\"2009-05-24T11:13:29+00:00\",\"author\":{\"@id\":\"https:\/\/www.visit-ulcinj.com\/blog\/#\/schema\/person\/dcab619c614d3038751c63bc2aadc06d\"},\"description\":\"Mali i Zi uron t\u00eb ket\u00eb \\\"marr\u00ebdh\u00ebnie t\u00eb ngushta dhe miq\u00ebsore\\\" me Serbin\u00eb megjith\u00eb mosmarr\u00ebveshjet p\u00ebr Kosov\u00ebn, deklaroi presidenti malazez, Filip\",\"breadcrumb\":{\"@id\":\"https:\/\/www.visit-ulcinj.com\/blog\/2009\/05\/24\/mali-i-zi-uronmarredhenie-miqesoreme-beogradin\/#breadcrumb\"},\"inLanguage\":\"en-US\",\"potentialAction\":[{\"@type\":\"ReadAction\",\"target\":[\"https:\/\/www.visit-ulcinj.com\/blog\/2009\/05\/24\/mali-i-zi-uronmarredhenie-miqesoreme-beogradin\/\"]}]},{\"@type\":\"BreadcrumbList\",\"@id\":\"https:\/\/www.visit-ulcinj.com\/blog\/2009\/05\/24\/mali-i-zi-uronmarredhenie-miqesoreme-beogradin\/#breadcrumb\",\"itemListElement\":[{\"@type\":\"ListItem\",\"position\":1,\"name\":\"Mali i Zi uron&#8221;marr\u00ebdh\u00ebnie miq\u00ebsore&#8221;me Beogradin\"}]},{\"@type\":\"Person\",\"@id\":\"https:\/\/www.visit-ulcinj.com\/blog\/#\/schema\/person\/dcab619c614d3038751c63bc2aadc06d\",\"name\":\"ulqini\",\"sameAs\":[\"http:\/\/www.visit-ulcinj.com\"],\"url\":\"https:\/\/www.visit-ulcinj.com\/blog\/author\/admin\/\"}]}<\/script>\n<!-- \/ Yoast SEO plugin. -->","yoast_head_json":{"title":"Mali i Zi uron\"marr\u00ebdh\u00ebnie miq\u00ebsore\"me Beogradin - Lajme nga Ulqini","description":"Mali i Zi uron t\u00eb ket\u00eb \"marr\u00ebdh\u00ebnie t\u00eb ngushta dhe miq\u00ebsore\" me Serbin\u00eb megjith\u00eb mosmarr\u00ebveshjet p\u00ebr Kosov\u00ebn, deklaroi presidenti malazez, Filip","robots":{"index":"index","follow":"follow","max-snippet":"max-snippet:-1","max-image-preview":"max-image-preview:large","max-video-preview":"max-video-preview:-1"},"canonical":"https:\/\/www.visit-ulcinj.com\/blog\/2009\/05\/24\/mali-i-zi-uronmarredhenie-miqesoreme-beogradin\/","og_locale":"en_US","og_type":"article","og_title":"Mali i Zi uron\"marr\u00ebdh\u00ebnie miq\u00ebsore\"me Beogradin - Lajme nga Ulqini","og_description":"Mali i Zi uron t\u00eb ket\u00eb \"marr\u00ebdh\u00ebnie t\u00eb ngushta dhe miq\u00ebsore\" me Serbin\u00eb megjith\u00eb mosmarr\u00ebveshjet p\u00ebr Kosov\u00ebn, deklaroi presidenti malazez, Filip","og_url":"https:\/\/www.visit-ulcinj.com\/blog\/2009\/05\/24\/mali-i-zi-uronmarredhenie-miqesoreme-beogradin\/","og_site_name":"Lajme nga Ulqini","article_published_time":"2009-05-24T11:08:51+00:00","article_modified_time":"2009-05-24T11:13:29+00:00","og_image":[{"url":"http:\/\/www.visit-ulcinj.com\/blog\/wp-content\/uploads\/2009\/05\/vujanovic_tadic.jpg"}],"twitter_misc":{"Written by":"ulqini","Est. reading time":"1 minute"},"schema":{"@context":"https:\/\/schema.org","@graph":[{"@type":"WebSite","@id":"https:\/\/www.visit-ulcinj.com\/blog\/#website","url":"https:\/\/www.visit-ulcinj.com\/blog\/","name":"Lajme nga Ulqini","description":"Lajme,Vijesti,Ulqini,Ulqin,Crna Gora,Mali i Zi","potentialAction":[{"@type":"SearchAction","target":{"@type":"EntryPoint","urlTemplate":"https:\/\/www.visit-ulcinj.com\/blog\/?s={search_term_string}"},"query-input":"required name=search_term_string"}],"inLanguage":"en-US"},{"@type":"ImageObject","inLanguage":"en-US","@id":"https:\/\/www.visit-ulcinj.com\/blog\/2009\/05\/24\/mali-i-zi-uronmarredhenie-miqesoreme-beogradin\/#primaryimage","url":"https:\/\/www.visit-ulcinj.com\/blog\/wp-content\/uploads\/2009\/05\/vujanovic_tadic.jpg","contentUrl":"https:\/\/www.visit-ulcinj.com\/blog\/wp-content\/uploads\/2009\/05\/vujanovic_tadic.jpg","width":"478","height":"336"},{"@type":"WebPage","@id":"https:\/\/www.visit-ulcinj.com\/blog\/2009\/05\/24\/mali-i-zi-uronmarredhenie-miqesoreme-beogradin\/#webpage","url":"https:\/\/www.visit-ulcinj.com\/blog\/2009\/05\/24\/mali-i-zi-uronmarredhenie-miqesoreme-beogradin\/","name":"Mali i Zi uron\"marr\u00ebdh\u00ebnie miq\u00ebsore\"me Beogradin - Lajme nga Ulqini","isPartOf":{"@id":"https:\/\/www.visit-ulcinj.com\/blog\/#website"},"primaryImageOfPage":{"@id":"https:\/\/www.visit-ulcinj.com\/blog\/2009\/05\/24\/mali-i-zi-uronmarredhenie-miqesoreme-beogradin\/#primaryimage"},"datePublished":"2009-05-24T11:08:51+00:00","dateModified":"2009-05-24T11:13:29+00:00","author":{"@id":"https:\/\/www.visit-ulcinj.com\/blog\/#\/schema\/person\/dcab619c614d3038751c63bc2aadc06d"},"description":"Mali i Zi uron t\u00eb ket\u00eb \"marr\u00ebdh\u00ebnie t\u00eb ngushta dhe miq\u00ebsore\" me Serbin\u00eb megjith\u00eb mosmarr\u00ebveshjet p\u00ebr Kosov\u00ebn, deklaroi presidenti malazez, Filip","breadcrumb":{"@id":"https:\/\/www.visit-ulcinj.com\/blog\/2009\/05\/24\/mali-i-zi-uronmarredhenie-miqesoreme-beogradin\/#breadcrumb"},"inLanguage":"en-US","potentialAction":[{"@type":"ReadAction","target":["https:\/\/www.visit-ulcinj.com\/blog\/2009\/05\/24\/mali-i-zi-uronmarredhenie-miqesoreme-beogradin\/"]}]},{"@type":"BreadcrumbList","@id":"https:\/\/www.visit-ulcinj.com\/blog\/2009\/05\/24\/mali-i-zi-uronmarredhenie-miqesoreme-beogradin\/#breadcrumb","itemListElement":[{"@type":"ListItem","position":1,"name":"Mali i Zi uron&#8221;marr\u00ebdh\u00ebnie miq\u00ebsore&#8221;me Beogradin"}]},{"@type":"Person","@id":"https:\/\/www.visit-ulcinj.com\/blog\/#\/schema\/person\/dcab619c614d3038751c63bc2aadc06d","name":"ulqini","sameAs":["http:\/\/www.visit-ulcinj.com"],"url":"https:\/\/www.visit-ulcinj.com\/blog\/author\/admin\/"}]}},"jetpack_featured_media_url":"","jetpack_sharing_enabled":true,"jetpack_shortlink":"https:\/\/wp.me\/pe6lTn-5I8","_links":{"self":[{"href":"https:\/\/www.visit-ulcinj.com\/blog\/wp-json\/wp\/v2\/posts\/21956"}],"collection":[{"href":"https:\/\/www.visit-ulcinj.com\/blog\/wp-json\/wp\/v2\/posts"}],"about":[{"href":"https:\/\/www.visit-ulcinj.com\/blog\/wp-json\/wp\/v2\/types\/post"}],"author":[{"embeddable":true,"href":"https:\/\/www.visit-ulcinj.com\/blog\/wp-json\/wp\/v2\/users\/1"}],"replies":[{"embeddable":true,"href":"https:\/\/www.visit-ulcinj.com\/blog\/wp-json\/wp\/v2\/comments?post=21956"}],"version-history":[{"count":0,"href":"https:\/\/www.visit-ulcinj.com\/blog\/wp-json\/wp\/v2\/posts\/21956\/revisions"}],"wp:attachment":[{"href":"https:\/\/www.visit-ulcinj.com\/blog\/wp-json\/wp\/v2\/media?parent=21956"}],"wp:term":[{"taxonomy":"category","embeddable":true,"href":"https:\/\/www.visit-ulcinj.com\/blog\/wp-json\/wp\/v2\/categories?post=21956"},{"taxonomy":"post_tag","embeddable":true,"href":"https:\/\/www.visit-ulcinj.com\/blog\/wp-json\/wp\/v2\/tags?post=21956"}],"curies":[{"name":"wp","href":"https:\/\/api.w.org\/{rel}","templated":true}]}}