{"id":2196,"date":"2008-08-04T06:25:53","date_gmt":"2008-08-04T11:25:53","guid":{"rendered":"http:\/\/www.visit-ulcinj.com\/blog\/?p=2196"},"modified":"2008-08-04T06:44:35","modified_gmt":"2008-08-04T11:44:35","slug":"uhapseni-sverceri-mesa-u-akciji-granicne-policije-u-selu-rec-kod-ulcinja","status":"publish","type":"post","link":"https:\/\/www.visit-ulcinj.com\/blog\/2008\/08\/04\/uhapseni-sverceri-mesa-u-akciji-granicne-policije-u-selu-rec-kod-ulcinja\/","title":{"rendered":"Uhap\u0161eni \u0161verceri mesa u akciji grani?ne policije u selu Re? kod Ulcinja"},"content":{"rendered":"<p><strong>Pali sa skoro tri tone pile?eg filea iz Brazila<\/strong><br \/>\nUlcinj &#8211; U akciji grani?ne pomorske policije preksino? oko 23,30 ?asova u selu Re?, nadomak Ulcinja, uhap\u0161eni su Ferid Mehmedovi? (23) i Kasem Aslanovi? (33) iz Vladimira, kod kojih je prona?eno 2,8 tona pile?eg i svinjskog mesa, porijeklom iz Brazila.<br \/>\n\u201cVijestima\u201d je re?eno da su u akciji poli<img loading=\"lazy\" class=\"alignleft\" src=\"http:\/\/www.vijesti.cg.yu\/_slike\/1217459045.jpg\" alt=\"\" width=\"290\" height=\"190\" \/>cije uhap\u0161ene i tri osobe sa Kosova F.K, B.F. i S.F , koje su utovarile meso u kombi ulcinjskih tablica (UL-20- 10).<br \/>\nU saop\u0161tenju Uprave policije navodi se da su slu\u017ebenici Filijale pograni?ne policije Ulcinj, koji su slu\u017ebenim plovilom obezbje?ivali dr\u017eavnu granicu na rijeci Bojani, primijetili kod \u201eParatuka\u201c, na albanskoj strani, jedno vozilo.<br \/>\n&#8211; Vidjela su se i dva ?una u vodi, a tom prilikom je primije?eno da lica vr\u0161e utovar robe iz kombija u ?unove. Sumnjaju?i da ova lica imaju namjeru da robu prokrijum?are u Crnu Goru, policijski slu\u017ebenici su, u 23.35 ?asa, kod Osnovne \u0161kole \u201eMarko Ni?ilovi?\u201c, zaustavili i kontrolisali kombi marke \u201emercedes\u201c, sa kojim je upravljao Mehmedovi? &#8211; navodi se u saop\u0161tenju policije.<br \/>\nPregledom vozila, policija je prona\u0161la sanduk u kojem je bila ve?a koli?ina mesnih proizvoda u paketima, za koje Mehmedovi?, nije posjedovao dokumentaciju.<br \/>\n&#8211; On je policijskim slu\u017ebenicima rekao da su robu iz dva ?una, koja su pre\u0161la iz Albanije u Crnu Goru, u njegov kombi utovarila tri lica sa podru?ja Kosova, koje je prethodno anga\u017eovao Aslanovi? iz Ulcinja. Ubrzo je na istom mjestu zaustavljen i kontrolisan \u201egolf II\u201c, kojim je upravljao Aslanovi? &#8211; navodi policija.<br \/>\nMehmedovi? i Aslanovi? su uhap\u0161eni i privedeni u Ispostavu grani?ne policije Bar \u2013 Filijalu Zoganje, gdje je utvr?eno da se u kombiju nalazi 131 paket sa po 15 kilograma pile?eg filea iz Brazila, 470 kilograma pile?eg filea u refuzu iz Brazila i 20 paketa sa po 18 kilograma svinjskog mesa, odnosno ukupno 2.795 kilograma svje\u017eeg mesa.<br \/>\nDok su policajci brojali pakete zaplijenjenog mesa, Aslanovi?a je na mobilni telefon pozvao F.K. sa Kosova i kazao mu da se na?u u mjestu Re?.<br \/>\n&#8211; Policijski slu\u017ebenici su se uputili ka dogovorenom mjestu i prona\u0161li i li\u0161ili slobode F.K, B.F. i S.F sa Kosova. Sva lica su, radi podno\u0161enja odgovoraju?e krivi?ne prijave, predata Ispostavi policije Ulcinj &#8211; navodi se u saop\u0161tenju.<br \/>\n<strong>S.A.<br \/>\nIzvor \/ Vijesti<\/strong><\/p>\n","protected":false},"excerpt":{"rendered":"<p><img loading=\"lazy\" class=\"alignleft\" src=\"http:\/\/www.vijesti.cg.yu\/_slike\/1217459045.jpg\" alt=\"\" width=\"140\" height=\"140\" \/><\/p>\n","protected":false},"author":1,"featured_media":0,"comment_status":"open","ping_status":"closed","sticky":false,"template":"","format":"standard","meta":{"spay_email":"","jetpack_publicize_message":"","jetpack_is_tweetstorm":false,"jetpack_publicize_feature_enabled":true},"categories":[8,1,14,12],"tags":[19],"jetpack_publicize_connections":[],"yoast_head":"<!-- This site is optimized with the Yoast SEO plugin v19.1 - https:\/\/yoast.com\/wordpress\/plugins\/seo\/ -->\n<title>Uhap\u0161eni \u0161verceri mesa u akciji grani?ne policije u selu Re? kod Ulcinja - Lajme nga Ulqini<\/title>\n<meta name=\"robots\" content=\"index, follow, max-snippet:-1, max-image-preview:large, max-video-preview:-1\" \/>\n<link rel=\"canonical\" href=\"https:\/\/www.visit-ulcinj.com\/blog\/2008\/08\/04\/uhapseni-sverceri-mesa-u-akciji-granicne-policije-u-selu-rec-kod-ulcinja\/\" \/>\n<meta property=\"og:locale\" content=\"en_US\" \/>\n<meta property=\"og:type\" content=\"article\" \/>\n<meta property=\"og:title\" content=\"Uhap\u0161eni \u0161verceri mesa u akciji grani?ne policije u selu Re? kod Ulcinja - Lajme nga Ulqini\" \/>\n<meta property=\"og:url\" content=\"https:\/\/www.visit-ulcinj.com\/blog\/2008\/08\/04\/uhapseni-sverceri-mesa-u-akciji-granicne-policije-u-selu-rec-kod-ulcinja\/\" \/>\n<meta property=\"og:site_name\" content=\"Lajme nga Ulqini\" \/>\n<meta property=\"article:published_time\" content=\"2008-08-04T11:25:53+00:00\" \/>\n<meta property=\"article:modified_time\" content=\"2008-08-04T11:44:35+00:00\" \/>\n<meta property=\"og:image\" content=\"http:\/\/www.vijesti.cg.yu\/_slike\/1217459045.jpg\" \/>\n<meta name=\"twitter:label1\" content=\"Written by\" \/>\n\t<meta name=\"twitter:data1\" content=\"ulqini\" \/>\n\t<meta name=\"twitter:label2\" content=\"Est. reading time\" \/>\n\t<meta name=\"twitter:data2\" content=\"2 minutes\" \/>\n<script type=\"application\/ld+json\" class=\"yoast-schema-graph\">{\"@context\":\"https:\/\/schema.org\",\"@graph\":[{\"@type\":\"WebSite\",\"@id\":\"https:\/\/www.visit-ulcinj.com\/blog\/#website\",\"url\":\"https:\/\/www.visit-ulcinj.com\/blog\/\",\"name\":\"Lajme nga Ulqini\",\"description\":\"Lajme,Vijesti,Ulqini,Ulqin,Crna Gora,Mali i Zi\",\"potentialAction\":[{\"@type\":\"SearchAction\",\"target\":{\"@type\":\"EntryPoint\",\"urlTemplate\":\"https:\/\/www.visit-ulcinj.com\/blog\/?s={search_term_string}\"},\"query-input\":\"required name=search_term_string\"}],\"inLanguage\":\"en-US\"},{\"@type\":\"ImageObject\",\"inLanguage\":\"en-US\",\"@id\":\"https:\/\/www.visit-ulcinj.com\/blog\/2008\/08\/04\/uhapseni-sverceri-mesa-u-akciji-granicne-policije-u-selu-rec-kod-ulcinja\/#primaryimage\",\"url\":\"http:\/\/www.vijesti.cg.yu\/_slike\/1217459045.jpg\",\"contentUrl\":\"http:\/\/www.vijesti.cg.yu\/_slike\/1217459045.jpg\"},{\"@type\":\"WebPage\",\"@id\":\"https:\/\/www.visit-ulcinj.com\/blog\/2008\/08\/04\/uhapseni-sverceri-mesa-u-akciji-granicne-policije-u-selu-rec-kod-ulcinja\/#webpage\",\"url\":\"https:\/\/www.visit-ulcinj.com\/blog\/2008\/08\/04\/uhapseni-sverceri-mesa-u-akciji-granicne-policije-u-selu-rec-kod-ulcinja\/\",\"name\":\"Uhap\u0161eni \u0161verceri mesa u akciji grani?ne policije u selu Re? kod Ulcinja - Lajme nga Ulqini\",\"isPartOf\":{\"@id\":\"https:\/\/www.visit-ulcinj.com\/blog\/#website\"},\"primaryImageOfPage\":{\"@id\":\"https:\/\/www.visit-ulcinj.com\/blog\/2008\/08\/04\/uhapseni-sverceri-mesa-u-akciji-granicne-policije-u-selu-rec-kod-ulcinja\/#primaryimage\"},\"datePublished\":\"2008-08-04T11:25:53+00:00\",\"dateModified\":\"2008-08-04T11:44:35+00:00\",\"author\":{\"@id\":\"https:\/\/www.visit-ulcinj.com\/blog\/#\/schema\/person\/dcab619c614d3038751c63bc2aadc06d\"},\"breadcrumb\":{\"@id\":\"https:\/\/www.visit-ulcinj.com\/blog\/2008\/08\/04\/uhapseni-sverceri-mesa-u-akciji-granicne-policije-u-selu-rec-kod-ulcinja\/#breadcrumb\"},\"inLanguage\":\"en-US\",\"potentialAction\":[{\"@type\":\"ReadAction\",\"target\":[\"https:\/\/www.visit-ulcinj.com\/blog\/2008\/08\/04\/uhapseni-sverceri-mesa-u-akciji-granicne-policije-u-selu-rec-kod-ulcinja\/\"]}]},{\"@type\":\"BreadcrumbList\",\"@id\":\"https:\/\/www.visit-ulcinj.com\/blog\/2008\/08\/04\/uhapseni-sverceri-mesa-u-akciji-granicne-policije-u-selu-rec-kod-ulcinja\/#breadcrumb\",\"itemListElement\":[{\"@type\":\"ListItem\",\"position\":1,\"name\":\"Uhap\u0161eni \u0161verceri mesa u akciji grani?ne policije u selu Re? kod Ulcinja\"}]},{\"@type\":\"Person\",\"@id\":\"https:\/\/www.visit-ulcinj.com\/blog\/#\/schema\/person\/dcab619c614d3038751c63bc2aadc06d\",\"name\":\"ulqini\",\"sameAs\":[\"http:\/\/www.visit-ulcinj.com\"],\"url\":\"https:\/\/www.visit-ulcinj.com\/blog\/author\/admin\/\"}]}<\/script>\n<!-- \/ Yoast SEO plugin. -->","yoast_head_json":{"title":"Uhap\u0161eni \u0161verceri mesa u akciji grani?ne policije u selu Re? kod Ulcinja - Lajme nga Ulqini","robots":{"index":"index","follow":"follow","max-snippet":"max-snippet:-1","max-image-preview":"max-image-preview:large","max-video-preview":"max-video-preview:-1"},"canonical":"https:\/\/www.visit-ulcinj.com\/blog\/2008\/08\/04\/uhapseni-sverceri-mesa-u-akciji-granicne-policije-u-selu-rec-kod-ulcinja\/","og_locale":"en_US","og_type":"article","og_title":"Uhap\u0161eni \u0161verceri mesa u akciji grani?ne policije u selu Re? kod Ulcinja - Lajme nga Ulqini","og_url":"https:\/\/www.visit-ulcinj.com\/blog\/2008\/08\/04\/uhapseni-sverceri-mesa-u-akciji-granicne-policije-u-selu-rec-kod-ulcinja\/","og_site_name":"Lajme nga Ulqini","article_published_time":"2008-08-04T11:25:53+00:00","article_modified_time":"2008-08-04T11:44:35+00:00","og_image":[{"url":"http:\/\/www.vijesti.cg.yu\/_slike\/1217459045.jpg"}],"twitter_misc":{"Written by":"ulqini","Est. reading time":"2 minutes"},"schema":{"@context":"https:\/\/schema.org","@graph":[{"@type":"WebSite","@id":"https:\/\/www.visit-ulcinj.com\/blog\/#website","url":"https:\/\/www.visit-ulcinj.com\/blog\/","name":"Lajme nga Ulqini","description":"Lajme,Vijesti,Ulqini,Ulqin,Crna Gora,Mali i Zi","potentialAction":[{"@type":"SearchAction","target":{"@type":"EntryPoint","urlTemplate":"https:\/\/www.visit-ulcinj.com\/blog\/?s={search_term_string}"},"query-input":"required name=search_term_string"}],"inLanguage":"en-US"},{"@type":"ImageObject","inLanguage":"en-US","@id":"https:\/\/www.visit-ulcinj.com\/blog\/2008\/08\/04\/uhapseni-sverceri-mesa-u-akciji-granicne-policije-u-selu-rec-kod-ulcinja\/#primaryimage","url":"http:\/\/www.vijesti.cg.yu\/_slike\/1217459045.jpg","contentUrl":"http:\/\/www.vijesti.cg.yu\/_slike\/1217459045.jpg"},{"@type":"WebPage","@id":"https:\/\/www.visit-ulcinj.com\/blog\/2008\/08\/04\/uhapseni-sverceri-mesa-u-akciji-granicne-policije-u-selu-rec-kod-ulcinja\/#webpage","url":"https:\/\/www.visit-ulcinj.com\/blog\/2008\/08\/04\/uhapseni-sverceri-mesa-u-akciji-granicne-policije-u-selu-rec-kod-ulcinja\/","name":"Uhap\u0161eni \u0161verceri mesa u akciji grani?ne policije u selu Re? kod Ulcinja - Lajme nga Ulqini","isPartOf":{"@id":"https:\/\/www.visit-ulcinj.com\/blog\/#website"},"primaryImageOfPage":{"@id":"https:\/\/www.visit-ulcinj.com\/blog\/2008\/08\/04\/uhapseni-sverceri-mesa-u-akciji-granicne-policije-u-selu-rec-kod-ulcinja\/#primaryimage"},"datePublished":"2008-08-04T11:25:53+00:00","dateModified":"2008-08-04T11:44:35+00:00","author":{"@id":"https:\/\/www.visit-ulcinj.com\/blog\/#\/schema\/person\/dcab619c614d3038751c63bc2aadc06d"},"breadcrumb":{"@id":"https:\/\/www.visit-ulcinj.com\/blog\/2008\/08\/04\/uhapseni-sverceri-mesa-u-akciji-granicne-policije-u-selu-rec-kod-ulcinja\/#breadcrumb"},"inLanguage":"en-US","potentialAction":[{"@type":"ReadAction","target":["https:\/\/www.visit-ulcinj.com\/blog\/2008\/08\/04\/uhapseni-sverceri-mesa-u-akciji-granicne-policije-u-selu-rec-kod-ulcinja\/"]}]},{"@type":"BreadcrumbList","@id":"https:\/\/www.visit-ulcinj.com\/blog\/2008\/08\/04\/uhapseni-sverceri-mesa-u-akciji-granicne-policije-u-selu-rec-kod-ulcinja\/#breadcrumb","itemListElement":[{"@type":"ListItem","position":1,"name":"Uhap\u0161eni \u0161verceri mesa u akciji grani?ne policije u selu Re? kod Ulcinja"}]},{"@type":"Person","@id":"https:\/\/www.visit-ulcinj.com\/blog\/#\/schema\/person\/dcab619c614d3038751c63bc2aadc06d","name":"ulqini","sameAs":["http:\/\/www.visit-ulcinj.com"],"url":"https:\/\/www.visit-ulcinj.com\/blog\/author\/admin\/"}]}},"jetpack_featured_media_url":"","jetpack_sharing_enabled":true,"jetpack_shortlink":"https:\/\/wp.me\/pe6lTn-zq","_links":{"self":[{"href":"https:\/\/www.visit-ulcinj.com\/blog\/wp-json\/wp\/v2\/posts\/2196"}],"collection":[{"href":"https:\/\/www.visit-ulcinj.com\/blog\/wp-json\/wp\/v2\/posts"}],"about":[{"href":"https:\/\/www.visit-ulcinj.com\/blog\/wp-json\/wp\/v2\/types\/post"}],"author":[{"embeddable":true,"href":"https:\/\/www.visit-ulcinj.com\/blog\/wp-json\/wp\/v2\/users\/1"}],"replies":[{"embeddable":true,"href":"https:\/\/www.visit-ulcinj.com\/blog\/wp-json\/wp\/v2\/comments?post=2196"}],"version-history":[{"count":0,"href":"https:\/\/www.visit-ulcinj.com\/blog\/wp-json\/wp\/v2\/posts\/2196\/revisions"}],"wp:attachment":[{"href":"https:\/\/www.visit-ulcinj.com\/blog\/wp-json\/wp\/v2\/media?parent=2196"}],"wp:term":[{"taxonomy":"category","embeddable":true,"href":"https:\/\/www.visit-ulcinj.com\/blog\/wp-json\/wp\/v2\/categories?post=2196"},{"taxonomy":"post_tag","embeddable":true,"href":"https:\/\/www.visit-ulcinj.com\/blog\/wp-json\/wp\/v2\/tags?post=2196"}],"curies":[{"name":"wp","href":"https:\/\/api.w.org\/{rel}","templated":true}]}}