{"id":21962,"date":"2009-05-24T14:53:56","date_gmt":"2009-05-24T12:53:56","guid":{"rendered":"http:\/\/www.visit-ulcinj.com\/blog\/?p=21962"},"modified":"2023-04-01T13:55:13","modified_gmt":"2023-04-01T12:55:13","slug":"accommodation-czarnogora-w-ulciniu-na-wielkiej-plazyceny-7e","status":"publish","type":"post","link":"https:\/\/www.visit-ulcinj.com\/blog\/2009\/05\/24\/accommodation-czarnogora-w-ulciniu-na-wielkiej-plazyceny-7e\/","title":{"rendered":"Accommodation Czarnog\u00f3ra w Ulciniu na Wielkiej Pla\u017cy,Ceny 7\u20ac &#8211; 10\u20ac"},"content":{"rendered":"<p><strong><img loading=\"lazy\" class=\"alignleft size-full wp-image-21963\" title=\"wielka-plaza_ulcinj_czarnogora_7e\" src=\"http:\/\/www.visit-ulcinj.com\/blog\/wp-content\/uploads\/2009\/05\/wielka-plaza_ulcinj_czarnogora_7e.jpg\" alt=\"wielka-plaza_ulcinj_czarnogora_7e\" width=\"580\" height=\"400\" \/><\/strong><\/p>\n<p><strong>Mobil: Viber + Whatsapp: +382 69 335 534\u00a0 : +382 69 335 512<\/strong><\/p>\n<p><strong><br \/>\nAccommodation prywatne w Ulciniu na Wielkiej Pla<\/strong><a href=\"http:\/\/www.visit-ulcinj.com\/apartments-in-ulcinj\/holiday-house-last-minute-ulcinj-ulqini-montenegro-of-7e-bed\/\" target=\"_blank\" rel=\"noopener\">\u017c<strong>y,Ceny 7\u20ac -10\u20ac<br \/>\n<\/strong><\/a><\/p>\n<p><a href=\"http:\/\/www.visit-ulcinj.com\/apartments-in-ulcinj\/holiday-house-last-minute-ulcinj-ulqini-montenegro-of-7e-bed\/\" target=\"_blank\" rel=\"noopener\"><strong>Zakwaterowanie prywatne na Wielkiej Pla<\/strong>\u017c<strong>y<\/strong><\/a><br \/>\n<a href=\"http:\/\/www.visit-ulcinj.com\/apartments-in-ulcinj\/holiday-house-last-minute-ulcinj-ulqini-montenegro-of-7e-bed\/\" target=\"_blank\" rel=\"noopener\"> wszystkie nowoczesne udogodnienia i nowo gotowych Suites oferuje:<\/a><\/p>\n<p><a href=\"http:\/\/www.visit-ulcinj.com\/apartments-in-ulcinj\/holiday-house-last-minute-ulcinj-ulqini-montenegro-of-7e-bed\/\" target=\"_blank\" rel=\"noopener\">* Pokoje prywatne<\/a><br \/>\n<a href=\"http:\/\/www.visit-ulcinj.com\/apartments-in-ulcinj\/holiday-house-last-minute-ulcinj-ulqini-montenegro-of-7e-bed\/\" target=\"_blank\" rel=\"noopener\"> * Ch?odziarki<\/a><br \/>\n<a href=\"http:\/\/www.visit-ulcinj.com\/apartments-in-ulcinj\/holiday-house-last-minute-ulcinj-ulqini-montenegro-of-7e-bed\/\" target=\"_blank\" rel=\"noopener\"> * ?azienki<\/a><br \/>\n<a href=\"http:\/\/www.visit-ulcinj.com\/apartments-in-ulcinj\/holiday-house-last-minute-ulcinj-ulqini-montenegro-of-7e-bed\/\" target=\"_blank\" rel=\"noopener\"> * Parking dla samochod\u00f3w<\/a><br \/>\n<a href=\"http:\/\/www.visit-ulcinj.com\/apartments-in-ulcinj\/holiday-house-last-minute-ulcinj-ulqini-montenegro-of-7e-bed\/\" target=\"_blank\" rel=\"noopener\"> * Taras Pokoje dost?pne na ?yczenie i zastrze?e?<\/a><br \/>\n<a href=\"http:\/\/www.visit-ulcinj.com\/apartments-in-ulcinj\/holiday-house-last-minute-ulcinj-ulqini-montenegro-of-7e-bed\/\" target=\"_blank\" rel=\"noopener\"> * w ka?dym pokoju kuchnia<\/a><\/p>\n<p><a href=\"http:\/\/www.visit-ulcinj.com\/apartments-in-ulcinj\/holiday-house-last-minute-ulcinj-ulqini-montenegro-of-7e-bed\/\" target=\"_blank\" rel=\"noopener\">Pokoje z 2 i 3 lozkami. Wszystkie pokoje maja ?azienka z prysnicem i WC, taras<\/a><br \/>\n<a href=\"http:\/\/www.visit-ulcinj.com\/apartments-in-ulcinj\/holiday-house-last-minute-ulcinj-ulqini-montenegro-of-7e-bed\/\" target=\"_blank\" rel=\"noopener\"> lod\u00f3wka,w ka?dym pokoju kuchnia. Ceny 5 -7\u20ac\u00a0 za osobe.<\/a><\/p>\n<p><a href=\"http:\/\/www.visit-ulcinj.com\/apartments-in-ulcinj\/holiday-house-last-minute-ulcinj-ulqini-montenegro-of-7e-bed\/\" target=\"_blank\" rel=\"noopener\">Witamy! Wybrano jeden z najbardziej popularnych Montenegros wakacje plamy. Korzystaj z najpi?kniejszych cz??ci z Wielkiej Pla\u017cy Adriatyku<\/a><br \/>\n<a href=\"http:\/\/www.visit-ulcinj.com\/apartments-in-ulcinj\/holiday-house-last-minute-ulcinj-ulqini-montenegro-of-7e-bed\/\" target=\"_blank\" rel=\"noopener\"> do zaoferowania.<\/a><\/p>\n<p><a href=\"http:\/\/www.visit-ulcinj.com\/apartments-in-ulcinj\/holiday-house-last-minute-ulcinj-ulqini-montenegro-of-7e-bed\/\" target=\"_blank\" rel=\"noopener\">Sp?dzi? wakacje w tym ?wiatowej klasy pla?y i korzystaj? ze wszystkich accomodations i okolice wielkich rozrywki dla wizyty.<\/a><\/p>\n<p><a href=\"http:\/\/www.visit-ulcinj.com\/apartments-in-ulcinj\/holiday-house-last-minute-ulcinj-ulqini-montenegro-of-7e-bed\/\" target=\"_blank\" rel=\"noopener\">Pla?a kurorty i kluby otaczaj?ce strefy; Copacabana, Safari, Tropicana,Bukurija e Ulqinit,MCM Itd.Pla?a Copacabana jest oddalona 2000 m, czyli ok. 20 minut spacerem , Safari jest oddalona 1200 m, czyli ok. 15 minut spacerem,Tropicana jest oddalona 1300 m, czyli ok. 17 minut spacerem,Bukurija e Ulqinit jest oddalona 800 m, czyli ok. 10 minut spacerem.<\/a><br \/>\n<a href=\"http:\/\/www.visit-ulcinj.com\/apartments-in-ulcinj\/holiday-house-last-minute-ulcinj-ulqini-montenegro-of-7e-bed\/\" target=\"_blank\" rel=\"noopener\"> Gospodarze m\u00f3wi alba?ski,francuski,Niemiecki,serbski i angielski.<\/a><br \/>\n<a href=\"http:\/\/www.visit-ulcinj.com\/apartments-in-ulcinj\/holiday-house-last-minute-ulcinj-ulqini-montenegro-of-7e-bed\/\" target=\"_blank\" rel=\"noopener\"> Zadzwo? lub napisz do nas zastrze?e? i dodatkowych informacji.<\/a><br \/>\n<a href=\"http:\/\/www.visit-ulcinj.com\/apartments-in-ulcinj\/holiday-house-last-minute-ulcinj-ulqini-montenegro-of-7e-bed\/\" target=\"_blank\" rel=\"noopener\"> A zni?ki jest dost?pne wy??cznie w czerwcu i wrze?niu, jak dost?pno?? pozwala-prosz? dzwoni? szczeg\u00f3?y.<\/a><\/p>\n<p><a href=\"http:\/\/www.visit-ulcinj.com\/apartments-in-ulcinj\/holiday-house-last-minute-ulcinj-ulqini-montenegro-of-7e-bed\/\" target=\"_blank\" rel=\"noopener\"><strong>Rezerwacja i kontakt\u00f3w w telefonie:<\/strong><\/a><\/p>\n<p><a href=\"http:\/\/www.visit-ulcinj.com\/apartments-in-ulcinj\/holiday-house-last-minute-ulcinj-ulqini-montenegro-of-7e-bed\/\" target=\"_blank\" rel=\"noopener\"><strong> A zni?ki jest dost?pne wy??cznie w czerwcu i wrze?niu.<\/strong><\/a><\/p>\n\n\t\t<style type=\"text\/css\">\n\t\t\t#gallery-1 {\n\t\t\t\tmargin: auto;\n\t\t\t}\n\t\t\t#gallery-1 .gallery-item {\n\t\t\t\tfloat: left;\n\t\t\t\tmargin-top: 10px;\n\t\t\t\ttext-align: center;\n\t\t\t\twidth: 33%;\n\t\t\t}\n\t\t\t#gallery-1 img {\n\t\t\t\tborder: 2px solid #cfcfcf;\n\t\t\t}\n\t\t\t#gallery-1 .gallery-caption {\n\t\t\t\tmargin-left: 0;\n\t\t\t}\n\t\t\t\/* see gallery_shortcode() in wp-includes\/media.php *\/\n\t\t<\/style>\n\t\t<div id='gallery-1' class='gallery galleryid-21962 gallery-columns-3 gallery-size-thumbnail'><dl class='gallery-item'>\n\t\t\t<dt class='gallery-icon landscape'>\n\t\t\t\t<a href='https:\/\/www.visit-ulcinj.com\/blog\/2009\/05\/24\/accommodation-czarnogora-w-ulciniu-na-wielkiej-plazyceny-7e\/wielka-plaza_ulcinj_czarnogora_7e\/'><img width=\"150\" height=\"150\" src=\"https:\/\/www.visit-ulcinj.com\/blog\/wp-content\/uploads\/2009\/05\/wielka-plaza_ulcinj_czarnogora_7e-150x150.jpg\" class=\"attachment-thumbnail size-thumbnail\" alt=\"\" loading=\"lazy\" \/><\/a>\n\t\t\t<\/dt><\/dl><dl class='gallery-item'>\n\t\t\t<dt class='gallery-icon landscape'>\n\t\t\t\t<a href='https:\/\/www.visit-ulcinj.com\/blog\/2009\/05\/24\/accommodation-czarnogora-w-ulciniu-na-wielkiej-plazyceny-7e\/accommodation-prywatne-w-ulciniu-na-wielkiej-plazyceny-7e1\/'><img width=\"150\" height=\"150\" src=\"https:\/\/www.visit-ulcinj.com\/blog\/wp-content\/uploads\/2009\/05\/accommodation-prywatne-w-ulciniu-na-wielkiej-plazyceny-7e1-150x150.jpg\" class=\"attachment-thumbnail size-thumbnail\" alt=\"\" loading=\"lazy\" \/><\/a>\n\t\t\t<\/dt><\/dl><dl class='gallery-item'>\n\t\t\t<dt class='gallery-icon landscape'>\n\t\t\t\t<a href='https:\/\/www.visit-ulcinj.com\/blog\/2009\/05\/24\/accommodation-czarnogora-w-ulciniu-na-wielkiej-plazyceny-7e\/accommodation-prywatne-w-ulciniu-na-wielkiej-plazyceny-7e2\/'><img width=\"150\" height=\"150\" src=\"https:\/\/www.visit-ulcinj.com\/blog\/wp-content\/uploads\/2009\/05\/accommodation-prywatne-w-ulciniu-na-wielkiej-plazyceny-7e2-150x150.jpg\" class=\"attachment-thumbnail size-thumbnail\" alt=\"\" loading=\"lazy\" \/><\/a>\n\t\t\t<\/dt><\/dl><br style=\"clear: both\" \/><dl class='gallery-item'>\n\t\t\t<dt class='gallery-icon landscape'>\n\t\t\t\t<a href='https:\/\/www.visit-ulcinj.com\/blog\/2009\/05\/24\/accommodation-czarnogora-w-ulciniu-na-wielkiej-plazyceny-7e\/accommodation-prywatne-w-ulciniu-na-wielkiej-plazyceny-7e3\/'><img width=\"150\" height=\"150\" src=\"https:\/\/www.visit-ulcinj.com\/blog\/wp-content\/uploads\/2009\/05\/accommodation-prywatne-w-ulciniu-na-wielkiej-plazyceny-7e3-150x150.jpg\" class=\"attachment-thumbnail size-thumbnail\" alt=\"\" loading=\"lazy\" \/><\/a>\n\t\t\t<\/dt><\/dl><dl class='gallery-item'>\n\t\t\t<dt class='gallery-icon landscape'>\n\t\t\t\t<a href='https:\/\/www.visit-ulcinj.com\/blog\/2009\/05\/24\/accommodation-czarnogora-w-ulciniu-na-wielkiej-plazyceny-7e\/accommodation-prywatne-w-ulciniu-na-wielkiej-plazyceny-7e4\/'><img width=\"150\" height=\"150\" src=\"https:\/\/www.visit-ulcinj.com\/blog\/wp-content\/uploads\/2009\/05\/accommodation-prywatne-w-ulciniu-na-wielkiej-plazyceny-7e4-150x150.jpg\" class=\"attachment-thumbnail size-thumbnail\" alt=\"\" loading=\"lazy\" \/><\/a>\n\t\t\t<\/dt><\/dl><dl class='gallery-item'>\n\t\t\t<dt class='gallery-icon landscape'>\n\t\t\t\t<a href='https:\/\/www.visit-ulcinj.com\/blog\/2009\/05\/24\/accommodation-czarnogora-w-ulciniu-na-wielkiej-plazyceny-7e\/accommodation-prywatne-w-ulciniu-na-wielkiej-plazyceny-7e5\/'><img width=\"150\" height=\"150\" src=\"https:\/\/www.visit-ulcinj.com\/blog\/wp-content\/uploads\/2009\/05\/accommodation-prywatne-w-ulciniu-na-wielkiej-plazyceny-7e5-150x150.jpg\" class=\"attachment-thumbnail size-thumbnail\" alt=\"\" loading=\"lazy\" \/><\/a>\n\t\t\t<\/dt><\/dl><br style=\"clear: both\" \/><dl class='gallery-item'>\n\t\t\t<dt class='gallery-icon landscape'>\n\t\t\t\t<a href='https:\/\/www.visit-ulcinj.com\/blog\/2009\/05\/24\/accommodation-czarnogora-w-ulciniu-na-wielkiej-plazyceny-7e\/accommodation-prywatne-w-ulciniu-na-wielkiej-plazyceny-7e6\/'><img width=\"150\" height=\"150\" src=\"https:\/\/www.visit-ulcinj.com\/blog\/wp-content\/uploads\/2009\/05\/accommodation-prywatne-w-ulciniu-na-wielkiej-plazyceny-7e6-150x150.jpg\" class=\"attachment-thumbnail size-thumbnail\" alt=\"\" loading=\"lazy\" \/><\/a>\n\t\t\t<\/dt><\/dl><dl class='gallery-item'>\n\t\t\t<dt class='gallery-icon portrait'>\n\t\t\t\t<a href='https:\/\/www.visit-ulcinj.com\/blog\/2009\/05\/24\/accommodation-czarnogora-w-ulciniu-na-wielkiej-plazyceny-7e\/accommodation-prywatne-w-ulciniu-na-wielkiej-plazyceny-7e7\/'><img width=\"150\" height=\"150\" src=\"https:\/\/www.visit-ulcinj.com\/blog\/wp-content\/uploads\/2009\/05\/accommodation-prywatne-w-ulciniu-na-wielkiej-plazyceny-7e7-150x150.jpg\" class=\"attachment-thumbnail size-thumbnail\" alt=\"\" loading=\"lazy\" \/><\/a>\n\t\t\t<\/dt><\/dl><dl class='gallery-item'>\n\t\t\t<dt class='gallery-icon landscape'>\n\t\t\t\t<a href='https:\/\/www.visit-ulcinj.com\/blog\/2009\/05\/24\/accommodation-czarnogora-w-ulciniu-na-wielkiej-plazyceny-7e\/accommodation-prywatne-w-ulciniu-na-wielkiej-plazyceny-7e\/'><img width=\"150\" height=\"150\" src=\"https:\/\/www.visit-ulcinj.com\/blog\/wp-content\/uploads\/2009\/05\/accommodation-prywatne-w-ulciniu-na-wielkiej-plazyceny-7e-150x150.jpg\" class=\"attachment-thumbnail size-thumbnail\" alt=\"\" loading=\"lazy\" \/><\/a>\n\t\t\t<\/dt><\/dl><br style=\"clear: both\" \/><dl class='gallery-item'>\n\t\t\t<dt class='gallery-icon landscape'>\n\t\t\t\t<a href='https:\/\/www.visit-ulcinj.com\/blog\/2009\/05\/24\/accommodation-czarnogora-w-ulciniu-na-wielkiej-plazyceny-7e\/wielka-plaza_ulcinj_czarnogora_7e1\/'><img width=\"150\" height=\"150\" src=\"https:\/\/www.visit-ulcinj.com\/blog\/wp-content\/uploads\/2009\/05\/wielka-plaza_ulcinj_czarnogora_7e1-150x150.jpg\" class=\"attachment-thumbnail size-thumbnail\" alt=\"\" loading=\"lazy\" \/><\/a>\n\t\t\t<\/dt><\/dl><dl class='gallery-item'>\n\t\t\t<dt class='gallery-icon landscape'>\n\t\t\t\t<a href='https:\/\/www.visit-ulcinj.com\/blog\/2009\/05\/24\/accommodation-czarnogora-w-ulciniu-na-wielkiej-plazyceny-7e\/wielka-plaza_ulcinj_czarnogora_7e3\/'><img width=\"150\" height=\"150\" src=\"https:\/\/www.visit-ulcinj.com\/blog\/wp-content\/uploads\/2009\/05\/wielka-plaza_ulcinj_czarnogora_7e3-150x150.jpg\" class=\"attachment-thumbnail size-thumbnail\" alt=\"\" loading=\"lazy\" \/><\/a>\n\t\t\t<\/dt><\/dl><dl class='gallery-item'>\n\t\t\t<dt class='gallery-icon landscape'>\n\t\t\t\t<a href='https:\/\/www.visit-ulcinj.com\/blog\/2009\/05\/24\/accommodation-czarnogora-w-ulciniu-na-wielkiej-plazyceny-7e\/holiday-house-in-ulcinj-montenegro-18\/'><img width=\"150\" height=\"150\" src=\"https:\/\/www.visit-ulcinj.com\/blog\/wp-content\/uploads\/2009\/05\/Holiday-House-in-Ulcinj-Montenegro-150x150.jpg\" class=\"attachment-thumbnail size-thumbnail\" alt=\"\" loading=\"lazy\" \/><\/a>\n\t\t\t<\/dt><\/dl><br style=\"clear: both\" \/>\n\t\t<\/div>\n\n<p><strong>Link:<a href=\"http:\/\/www.visit-ulcinj.com\/\" target=\"_blank\" rel=\"noopener\"> www.visit-ulcinj.com<\/a><\/strong><\/p>\n<p><a title=\"Accommodation Holiday House in Ulcinj-Montenegro,from 7\u20ac pers\" href=\"http:\/\/www.visit-ulcinj.com\/\" target=\"_blank\" rel=\"noopener\"><img loading=\"lazy\" class=\"alignleft size-full wp-image-22793\" title=\"ulcinj-info_holiday-in-montenegro,Ulcinj Holidays,montenegro Holidays,Simply,Holiday Rental Ulcinj, travel, Ulcinj,Ulqin,Long Beach,ada bojana, Holidays in montenegro, apartments, cottages, hotels, accommodation, information, maps, holiday, tour operators, car hire, winter,travel, holiday in ulcinj, book, flights in montenegro, booking ulcinj montenegro,holiday apartments in montenegro,beaches in montenegro,all inclusive montenegro,montenegro adriatic sea,Apartmani, Appartements, booking, buy, car, Cobi House, Estate, hire, holiday, Home, Hotel, House, Land, last minute, Montenegro, Plots, Properties, Property, Real, Realtor, rent, rental, room, Travel, Ulcinj, Ulqini, Vacation, August\u00f3w, Auschwitz, B Barczewo, Bartoszyce, B?czk\u00f3w, Bia?a Podlaska, Bia?obrzegi, Bia?owie?a, Bia?ystok, Bielany, Bielsk Podlaski, Bielsko-Bia?a, Boles?awiec, Br\u00f3jce, Bukowina Tatrza?ska, Busko-Zdr\u00f3j, Bydgoszcz, Byt\u00f3w, C Cedynia, Chorz\u00f3w, Chrz?stowice, Ciechocinek, Cieszyn, Czarnow?sy, Cz?stochowa, D D?bki, Dar?owo, Dobro?, Drawsko Pomorskie, Drzonk\u00f3w, Duszniki Zdr\u00f3j, Dziwn\u00f3wek, D?wirzyno, E Elblag, F Frombork, G Gda?sk, Gd\u00f3w, Gdynia, Gi?ycko, Gliwice, Gniezno, Goniadz, Gorlice, Gorz\u00f3w Wielkopolski, Grudzi?dz, Grzybowo, G?ogocz\u00f3w, G?og\u00f3w, G?og\u00f3w Ma?opolski, I Inwa?d, Iwonicz-Zdr\u00f3j, J Jan\u00f3w Lubelski, Jaros?awiec, Jastrz?bia G\u00f3ra, Jaworze, Jaworzno, Jelenia G\u00f3ra, Jerzmanowice, J\u00f3zef\u00f3w, Jugowice, Jurata, K Kalisz, Kalwaria Zebrzydowska, Karpacz, Katowice, Kazimierz Dolny, K?dzierzyn-Ko?le, K?trzyn, K?ty, Kielce, Kobior, Kobylnica, Komorniki, Korbiel\u00f3w, Korzkiew, Kosakowo, Ko?cierzyna, Koszalin, Kowary, Ko?obrzeg, Kr?g, Krakau, Kroczyce, Krosno, Kruklanki, Krynica, Ksi??yno, Kudowa-Zdr\u00f3j, K?odawa, K?odzko, L L?dek-Zdr\u00f3j, Legnica, Le?na, Leszno, Libert\u00f3w, Lidzbark Warmi?ski, Lipowa, Lublin, Ludwikowice K?odzkie, M Malbork, Mas?\u00f3w, Ma?a Nieszawka, Mi?dzybrodzie Bialskie, Mi?dzyzdroje, Mielno, Miko?ajki, Mil\u00f3wka, Mi?k\u00f3w, Modlnica, Mor?g, Motycz, Mr?gowo, Mrze?yno, M?cice, Murowana Go?lina, Muszyna, My?lenice, N Na??cz\u00f3w, Niepo?omice, Nojewo, Nowe, Nowogr\u00f3d, Nowy S?cz, O Ole?nica, Olsztyn, Opole, Osiecznica, Ostr\u00f3da, Ostrowiec ?wi?tokrzyski, P Paszk\u00f3wka, Piekary ?l?skie, Pi?a, Pobierowo, Podg\u00f3rzyn, Polanica-Zdr\u00f3j, Pomlewo, Posto?owo, Pozezdrze, Pozna?, Pruszk\u00f3w, Przemy?l, Przyszowice, Pszczyna, P?onia, R Racib\u00f3rz, Radom, Rawa Mazowiecka, Reda, Rekowo, Rewal, Rowy, Rumia, Rydzewo, Ryn, Rzesz\u00f3w, S Sadlinki, Serock, Siemianowice ?l?skie, Siemiany, Skawina, Sochaczew, Solec-Zdr\u00f3j, Sopot, So?nicowice, Sosnowiec, Spa?a, Spychowo, Srokowo, Starachowice, Stare Jab?onki, Stare Juchy, Stargard Szczeci?ski, Stary Kisielin, Stary Toru?, Stawiguda, St?szew, Strachowice, Sucha Beskidzka, Suchy Las, Sul?czyno, Su?kowice, ?wierad\u00f3w-Zdr\u00f3j, ?wierzawa, ?wierzno, ?wieszyno, ?wilcza, ?winouj?cie, S Szaflary, Szczaniec, Szczecin, Szczyrk, Szklarska Por?ba, S?awno, S?upsk, T Targanice, Tarn\u00f3w, Tolkmicko, Toru?, Tresna, Trz?sacz, Tychy, U Ustka, Ustro?, Ustronie Morskie, W Warschau, Wa?brzych, W?gorzewo, Wejherowo, Wiejce, Wieliczka, Wis?a, Witkowo, Wit\u00f3w, Wroc?aw, Wronki, Wysoka Wie?, W?adys?awowo, W?oc?awek, W?oszczowa, Z Zabrze, Zag\u00f3rze ?l?skie, Zaj?czkowo, Zakopane, Zamo??, Zawiercie Nowe, Zblewo, Zduny, Zegrze, Zgorzelec, Zielona G\u00f3ra, ?nin, ?ory, ?ukowo, Z Z?otoryja, ?eba, ??czyca, ?\u00f3d?, ?om?a, ?ukta, ?ysomice \" src=\"http:\/\/www.visit-ulcinj.com\/blog\/wp-content\/uploads\/2009\/06\/ulcinj-info_holiday-in-montenegro.png\" alt=\"ulcinj-info_holiday-in-montenegro,Simply, travel, Ulcinj,Ulqin,Long Beach,ada bojana, Holidays in montenegro, apartments, cottages, hotels, accommodation, information, maps, holiday, tour operators, car hire, winter,travel, holiday in ulcinj, book, flights in montenegro, booking ulcinj montenegro,holiday apartments in montenegro,beaches in montenegro,all inclusive montenegro,montenegro adriatic sea,Apartmani, Appartements, booking, buy, car, Cobi House, Estate, hire, holiday, Home, Hotel, House, Land, last minute, Montenegro, Plots, Properties, Property, Real, Realtor, rent, rental, room, Travel, Ulcinj, Ulqini, Vacation,Wynajem Kwatera Parking Czarnog\u00f3ra - Wynajem Idea na dni wolne Ulcinj - Wynajem Studio bezpo\u015bredni dost\u0119p do pla\u017cy - Wynajem Studio Tenis Czarnog\u00f3ra - Wynajem Studio Ulcinj - Wynajem Czarnog\u00f3ra Parking - Wynajem Gor\u0105ce oferty Czarnog\u00f3ra - Wynajem Europa Parking - Wynajem na wakacje Ulcinj - Wynajem na wakacje Czarnog\u00f3ra - Wynajem Studio Czarnog\u00f3ra - Wynajem Kwatera Ulcinj - Wynajem Studio Europa - Wynajem Kwatera Parking Ulcinj - Wynajem Czarnog\u00f3ra Tenis - Wynajem Kwatera Tenis Ulcinj - Wynajem Kwatera Parking Europa - Wynajem Kwatera Czarnog\u00f3ra - Wynajem Kwatera Tenis Czarnog\u00f3ra - Wynajem Ceny zni\u017cone Europa - Wynajem Kwatera prywatna pla\u017ca - Wynajem Kwatera Parking - Wynajem Kwatera Tenis Europa - Wynajem Gor\u0105ce oferty Europa - Wynajem Ulcinj Tenis - Wynajem Studio Tenis - Wynajem Kwatera Europa - Wynajem Studio Parking Ulcinj - Wynajem Studio Tenis Ulcinj - Wynajem Ceny zni\u017cone Czarnog\u00f3ra - Wynajem Studio Parking Czarnog\u00f3ra - Wynajem Studio Parking - Wynajem Studio Tenis Europa - Wynajem Kwatera bezpo\u015bredni dost\u0119p do pla\u017cy - Wynajem Studio prywatna pla\u017ca - Wynajem Ulcinj Parking - Wynajem Idea na dni wolne Czarnog\u00f3ra - Wynajem Idea na dni wolne Europa - Wynajem Studio Parking Europa - Wynajem Europa Tenis - Wynajem Kwatera Tenis - Wynajem na wakacje Europa \" width=\"580\" height=\"125\" \/><\/a><\/p>\n<div><object width=\"490\" height=\"405\" classid=\"clsid:d27cdb6e-ae6d-11cf-96b8-444553540000\" codebase=\"http:\/\/download.macromedia.com\/pub\/shockwave\/cabs\/flash\/swflash.cab#version=6,0,40,0\"><param name=\"allowFullScreen\" value=\"true\" \/><param name=\"allowScriptAccess\" value=\"always\" \/><param name=\"src\" value=\"http:\/\/www.dailymotion.com\/swf\/x1yc78_copacabana-ulqiniulcinj_ads&amp;autoPlay=1&amp;related=1\" \/><param name=\"allowfullscreen\" value=\"true\" \/><param name=\"allowscriptaccess\" value=\"always\" \/><\/object><\/div>\n","protected":false},"excerpt":{"rendered":"<p>Mobil: Viber + Whatsapp: +382 69 335 534\u00a0 : +382 69 335 512 Accommodation prywatne w Ulciniu na Wielkiej Pla\u017cy,Ceny 7\u20ac -10\u20ac Zakwaterowanie prywatne na Wielkiej Pla\u017cy wszystkie nowoczesne udogodnienia i nowo gotowych Suites oferuje: * Pokoje prywatne * Ch?odziarki * ?azienki * Parking dla samochod\u00f3w * Taras Pokoje dost?pne na ?yczenie i zastrze?e? * [&hellip;]<\/p>\n","protected":false},"author":1,"featured_media":0,"comment_status":"open","ping_status":"closed","sticky":false,"template":"","format":"standard","meta":{"spay_email":"","jetpack_publicize_message":"","jetpack_is_tweetstorm":false,"jetpack_publicize_feature_enabled":true},"categories":[7679],"tags":[10689,10706,10698,2105,2381,10707,10708,10705,10699,10690,10694,10702,10697,10691,2110,2104,10700,10701,10704,18260],"jetpack_publicize_connections":[],"yoast_head":"<!-- This site is optimized with the Yoast SEO plugin v19.1 - https:\/\/yoast.com\/wordpress\/plugins\/seo\/ -->\n<title>Accommodation Czarnog\u00f3ra w Ulciniu na Wielkiej Pla\u017cy,Ceny 7\u20ac - 10\u20ac - Lajme nga Ulqini<\/title>\n<meta name=\"description\" content=\"Mobil: Viber + Whatsapp: +382 69 335 534\u00a0 : +382 69 335 512 Accommodation prywatne w Ulciniu na Wielkiej Pla\u017cy,Ceny 7\u20ac -10\u20ac Zakwaterowanie prywatne na\" \/>\n<meta name=\"robots\" content=\"index, follow, max-snippet:-1, max-image-preview:large, max-video-preview:-1\" \/>\n<link rel=\"canonical\" href=\"https:\/\/www.visit-ulcinj.com\/blog\/2009\/05\/24\/accommodation-czarnogora-w-ulciniu-na-wielkiej-plazyceny-7e\/\" \/>\n<meta property=\"og:locale\" content=\"en_US\" \/>\n<meta property=\"og:type\" content=\"article\" \/>\n<meta property=\"og:title\" content=\"Accommodation Czarnog\u00f3ra w Ulciniu na Wielkiej Pla\u017cy,Ceny 7\u20ac - 10\u20ac - Lajme nga Ulqini\" \/>\n<meta property=\"og:description\" content=\"Mobil: Viber + Whatsapp: +382 69 335 534\u00a0 : +382 69 335 512 Accommodation prywatne w Ulciniu na Wielkiej Pla\u017cy,Ceny 7\u20ac -10\u20ac Zakwaterowanie prywatne na\" \/>\n<meta property=\"og:url\" content=\"https:\/\/www.visit-ulcinj.com\/blog\/2009\/05\/24\/accommodation-czarnogora-w-ulciniu-na-wielkiej-plazyceny-7e\/\" \/>\n<meta property=\"og:site_name\" content=\"Lajme nga Ulqini\" \/>\n<meta property=\"article:published_time\" content=\"2009-05-24T12:53:56+00:00\" \/>\n<meta property=\"article:modified_time\" content=\"2023-04-01T12:55:13+00:00\" \/>\n<meta property=\"og:image\" content=\"http:\/\/www.visit-ulcinj.com\/blog\/wp-content\/uploads\/2009\/05\/wielka-plaza_ulcinj_czarnogora_7e-150x150.jpg\" \/>\n<meta name=\"twitter:label1\" content=\"Written by\" \/>\n\t<meta name=\"twitter:data1\" content=\"ulqini\" \/>\n\t<meta name=\"twitter:label2\" content=\"Est. reading time\" \/>\n\t<meta name=\"twitter:data2\" content=\"2 minutes\" \/>\n<script type=\"application\/ld+json\" class=\"yoast-schema-graph\">{\"@context\":\"https:\/\/schema.org\",\"@graph\":[{\"@type\":\"WebSite\",\"@id\":\"https:\/\/www.visit-ulcinj.com\/blog\/#website\",\"url\":\"https:\/\/www.visit-ulcinj.com\/blog\/\",\"name\":\"Lajme nga Ulqini\",\"description\":\"Lajme,Vijesti,Ulqini,Ulqin,Crna Gora,Mali i Zi\",\"potentialAction\":[{\"@type\":\"SearchAction\",\"target\":{\"@type\":\"EntryPoint\",\"urlTemplate\":\"https:\/\/www.visit-ulcinj.com\/blog\/?s={search_term_string}\"},\"query-input\":\"required name=search_term_string\"}],\"inLanguage\":\"en-US\"},{\"@type\":\"ImageObject\",\"inLanguage\":\"en-US\",\"@id\":\"https:\/\/www.visit-ulcinj.com\/blog\/2009\/05\/24\/accommodation-czarnogora-w-ulciniu-na-wielkiej-plazyceny-7e\/#primaryimage\",\"url\":\"https:\/\/www.visit-ulcinj.com\/blog\/wp-content\/uploads\/2009\/05\/wielka-plaza_ulcinj_czarnogora_7e.jpg\",\"contentUrl\":\"https:\/\/www.visit-ulcinj.com\/blog\/wp-content\/uploads\/2009\/05\/wielka-plaza_ulcinj_czarnogora_7e.jpg\",\"width\":\"800\",\"height\":\"600\"},{\"@type\":\"WebPage\",\"@id\":\"https:\/\/www.visit-ulcinj.com\/blog\/2009\/05\/24\/accommodation-czarnogora-w-ulciniu-na-wielkiej-plazyceny-7e\/#webpage\",\"url\":\"https:\/\/www.visit-ulcinj.com\/blog\/2009\/05\/24\/accommodation-czarnogora-w-ulciniu-na-wielkiej-plazyceny-7e\/\",\"name\":\"Accommodation Czarnog\u00f3ra w Ulciniu na Wielkiej Pla\u017cy,Ceny 7\u20ac - 10\u20ac - Lajme nga Ulqini\",\"isPartOf\":{\"@id\":\"https:\/\/www.visit-ulcinj.com\/blog\/#website\"},\"primaryImageOfPage\":{\"@id\":\"https:\/\/www.visit-ulcinj.com\/blog\/2009\/05\/24\/accommodation-czarnogora-w-ulciniu-na-wielkiej-plazyceny-7e\/#primaryimage\"},\"datePublished\":\"2009-05-24T12:53:56+00:00\",\"dateModified\":\"2023-04-01T12:55:13+00:00\",\"author\":{\"@id\":\"https:\/\/www.visit-ulcinj.com\/blog\/#\/schema\/person\/dcab619c614d3038751c63bc2aadc06d\"},\"description\":\"Mobil: Viber + Whatsapp: +382 69 335 534\u00a0 : +382 69 335 512 Accommodation prywatne w Ulciniu na Wielkiej Pla\u017cy,Ceny 7\u20ac -10\u20ac Zakwaterowanie prywatne na\",\"breadcrumb\":{\"@id\":\"https:\/\/www.visit-ulcinj.com\/blog\/2009\/05\/24\/accommodation-czarnogora-w-ulciniu-na-wielkiej-plazyceny-7e\/#breadcrumb\"},\"inLanguage\":\"en-US\",\"potentialAction\":[{\"@type\":\"ReadAction\",\"target\":[\"https:\/\/www.visit-ulcinj.com\/blog\/2009\/05\/24\/accommodation-czarnogora-w-ulciniu-na-wielkiej-plazyceny-7e\/\"]}]},{\"@type\":\"BreadcrumbList\",\"@id\":\"https:\/\/www.visit-ulcinj.com\/blog\/2009\/05\/24\/accommodation-czarnogora-w-ulciniu-na-wielkiej-plazyceny-7e\/#breadcrumb\",\"itemListElement\":[{\"@type\":\"ListItem\",\"position\":1,\"name\":\"Accommodation Czarnog\u00f3ra w Ulciniu na Wielkiej Pla\u017cy,Ceny 7\u20ac &#8211; 10\u20ac\"}]},{\"@type\":\"Person\",\"@id\":\"https:\/\/www.visit-ulcinj.com\/blog\/#\/schema\/person\/dcab619c614d3038751c63bc2aadc06d\",\"name\":\"ulqini\",\"sameAs\":[\"http:\/\/www.visit-ulcinj.com\"],\"url\":\"https:\/\/www.visit-ulcinj.com\/blog\/author\/admin\/\"}]}<\/script>\n<!-- \/ Yoast SEO plugin. -->","yoast_head_json":{"title":"Accommodation Czarnog\u00f3ra w Ulciniu na Wielkiej Pla\u017cy,Ceny 7\u20ac - 10\u20ac - Lajme nga Ulqini","description":"Mobil: Viber + Whatsapp: +382 69 335 534\u00a0 : +382 69 335 512 Accommodation prywatne w Ulciniu na Wielkiej Pla\u017cy,Ceny 7\u20ac -10\u20ac Zakwaterowanie prywatne na","robots":{"index":"index","follow":"follow","max-snippet":"max-snippet:-1","max-image-preview":"max-image-preview:large","max-video-preview":"max-video-preview:-1"},"canonical":"https:\/\/www.visit-ulcinj.com\/blog\/2009\/05\/24\/accommodation-czarnogora-w-ulciniu-na-wielkiej-plazyceny-7e\/","og_locale":"en_US","og_type":"article","og_title":"Accommodation Czarnog\u00f3ra w Ulciniu na Wielkiej Pla\u017cy,Ceny 7\u20ac - 10\u20ac - Lajme nga Ulqini","og_description":"Mobil: Viber + Whatsapp: +382 69 335 534\u00a0 : +382 69 335 512 Accommodation prywatne w Ulciniu na Wielkiej Pla\u017cy,Ceny 7\u20ac -10\u20ac Zakwaterowanie prywatne na","og_url":"https:\/\/www.visit-ulcinj.com\/blog\/2009\/05\/24\/accommodation-czarnogora-w-ulciniu-na-wielkiej-plazyceny-7e\/","og_site_name":"Lajme nga Ulqini","article_published_time":"2009-05-24T12:53:56+00:00","article_modified_time":"2023-04-01T12:55:13+00:00","og_image":[{"url":"http:\/\/www.visit-ulcinj.com\/blog\/wp-content\/uploads\/2009\/05\/wielka-plaza_ulcinj_czarnogora_7e-150x150.jpg"}],"twitter_misc":{"Written by":"ulqini","Est. reading time":"2 minutes"},"schema":{"@context":"https:\/\/schema.org","@graph":[{"@type":"WebSite","@id":"https:\/\/www.visit-ulcinj.com\/blog\/#website","url":"https:\/\/www.visit-ulcinj.com\/blog\/","name":"Lajme nga Ulqini","description":"Lajme,Vijesti,Ulqini,Ulqin,Crna Gora,Mali i Zi","potentialAction":[{"@type":"SearchAction","target":{"@type":"EntryPoint","urlTemplate":"https:\/\/www.visit-ulcinj.com\/blog\/?s={search_term_string}"},"query-input":"required name=search_term_string"}],"inLanguage":"en-US"},{"@type":"ImageObject","inLanguage":"en-US","@id":"https:\/\/www.visit-ulcinj.com\/blog\/2009\/05\/24\/accommodation-czarnogora-w-ulciniu-na-wielkiej-plazyceny-7e\/#primaryimage","url":"https:\/\/www.visit-ulcinj.com\/blog\/wp-content\/uploads\/2009\/05\/wielka-plaza_ulcinj_czarnogora_7e.jpg","contentUrl":"https:\/\/www.visit-ulcinj.com\/blog\/wp-content\/uploads\/2009\/05\/wielka-plaza_ulcinj_czarnogora_7e.jpg","width":"800","height":"600"},{"@type":"WebPage","@id":"https:\/\/www.visit-ulcinj.com\/blog\/2009\/05\/24\/accommodation-czarnogora-w-ulciniu-na-wielkiej-plazyceny-7e\/#webpage","url":"https:\/\/www.visit-ulcinj.com\/blog\/2009\/05\/24\/accommodation-czarnogora-w-ulciniu-na-wielkiej-plazyceny-7e\/","name":"Accommodation Czarnog\u00f3ra w Ulciniu na Wielkiej Pla\u017cy,Ceny 7\u20ac - 10\u20ac - Lajme nga Ulqini","isPartOf":{"@id":"https:\/\/www.visit-ulcinj.com\/blog\/#website"},"primaryImageOfPage":{"@id":"https:\/\/www.visit-ulcinj.com\/blog\/2009\/05\/24\/accommodation-czarnogora-w-ulciniu-na-wielkiej-plazyceny-7e\/#primaryimage"},"datePublished":"2009-05-24T12:53:56+00:00","dateModified":"2023-04-01T12:55:13+00:00","author":{"@id":"https:\/\/www.visit-ulcinj.com\/blog\/#\/schema\/person\/dcab619c614d3038751c63bc2aadc06d"},"description":"Mobil: Viber + Whatsapp: +382 69 335 534\u00a0 : +382 69 335 512 Accommodation prywatne w Ulciniu na Wielkiej Pla\u017cy,Ceny 7\u20ac -10\u20ac Zakwaterowanie prywatne na","breadcrumb":{"@id":"https:\/\/www.visit-ulcinj.com\/blog\/2009\/05\/24\/accommodation-czarnogora-w-ulciniu-na-wielkiej-plazyceny-7e\/#breadcrumb"},"inLanguage":"en-US","potentialAction":[{"@type":"ReadAction","target":["https:\/\/www.visit-ulcinj.com\/blog\/2009\/05\/24\/accommodation-czarnogora-w-ulciniu-na-wielkiej-plazyceny-7e\/"]}]},{"@type":"BreadcrumbList","@id":"https:\/\/www.visit-ulcinj.com\/blog\/2009\/05\/24\/accommodation-czarnogora-w-ulciniu-na-wielkiej-plazyceny-7e\/#breadcrumb","itemListElement":[{"@type":"ListItem","position":1,"name":"Accommodation Czarnog\u00f3ra w Ulciniu na Wielkiej Pla\u017cy,Ceny 7\u20ac &#8211; 10\u20ac"}]},{"@type":"Person","@id":"https:\/\/www.visit-ulcinj.com\/blog\/#\/schema\/person\/dcab619c614d3038751c63bc2aadc06d","name":"ulqini","sameAs":["http:\/\/www.visit-ulcinj.com"],"url":"https:\/\/www.visit-ulcinj.com\/blog\/author\/admin\/"}]}},"jetpack_featured_media_url":"","jetpack_sharing_enabled":true,"jetpack_shortlink":"https:\/\/wp.me\/pe6lTn-5Ie","_links":{"self":[{"href":"https:\/\/www.visit-ulcinj.com\/blog\/wp-json\/wp\/v2\/posts\/21962"}],"collection":[{"href":"https:\/\/www.visit-ulcinj.com\/blog\/wp-json\/wp\/v2\/posts"}],"about":[{"href":"https:\/\/www.visit-ulcinj.com\/blog\/wp-json\/wp\/v2\/types\/post"}],"author":[{"embeddable":true,"href":"https:\/\/www.visit-ulcinj.com\/blog\/wp-json\/wp\/v2\/users\/1"}],"replies":[{"embeddable":true,"href":"https:\/\/www.visit-ulcinj.com\/blog\/wp-json\/wp\/v2\/comments?post=21962"}],"version-history":[{"count":15,"href":"https:\/\/www.visit-ulcinj.com\/blog\/wp-json\/wp\/v2\/posts\/21962\/revisions"}],"predecessor-version":[{"id":106926,"href":"https:\/\/www.visit-ulcinj.com\/blog\/wp-json\/wp\/v2\/posts\/21962\/revisions\/106926"}],"wp:attachment":[{"href":"https:\/\/www.visit-ulcinj.com\/blog\/wp-json\/wp\/v2\/media?parent=21962"}],"wp:term":[{"taxonomy":"category","embeddable":true,"href":"https:\/\/www.visit-ulcinj.com\/blog\/wp-json\/wp\/v2\/categories?post=21962"},{"taxonomy":"post_tag","embeddable":true,"href":"https:\/\/www.visit-ulcinj.com\/blog\/wp-json\/wp\/v2\/tags?post=21962"}],"curies":[{"name":"wp","href":"https:\/\/api.w.org\/{rel}","templated":true}]}}