{"id":21981,"date":"2009-05-24T20:01:34","date_gmt":"2009-05-24T18:01:34","guid":{"rendered":"http:\/\/www.visit-ulcinj.com\/blog\/?p=21981"},"modified":"2011-02-25T18:22:07","modified_gmt":"2011-02-25T17:22:07","slug":"celnici-kompanije-cubus-lux-najavili-gradnju-atraktivnog-turistickog-naselja-u-valdanosu","status":"publish","type":"post","link":"https:\/\/www.visit-ulcinj.com\/blog\/2009\/05\/24\/celnici-kompanije-cubus-lux-najavili-gradnju-atraktivnog-turistickog-naselja-u-valdanosu\/","title":{"rendered":"Celnici kompanije Cubus Lux  najavili gradnju atraktivnog turistickog naselja u Valdanosu"},"content":{"rendered":"<p><strong><img loading=\"lazy\" class=\"alignleft size-full wp-image-21982\" title=\"valdanos_ulcinj_montenegro10\" src=\"http:\/\/www.visit-ulcinj.com\/blog\/wp-content\/uploads\/2009\/05\/valdanos_ulcinj_montenegro10.jpg\" alt=\"valdanos_ulcinj_montenegro10\" width=\"580\" height=\"400\" \/>Sa Ulcinjanima hoce da prave i maslinovo ulje <\/strong><\/p>\n<p>Podgorica &#8211; Maslinjaci u uvali Valdanos u potpunosti ?e biti za\u0161ti?eni, i bi?e sastavni dio hotelsko-turisti?kog kompleksa koji ?e graditi kompanija Cubus Lux &#8211; izjavio je za \u201cVijesti\u201d predsjednik kompanije dr Gerhard Huber, koji je prije nekoliko dana boravio u Crnoj Gori sa svojim saradnicima i partnerima, gdje su predstavnicima Vlade, Tenderske komisije i op\u0161tine Ulcinj predstavili projekat za Valdanos.<br \/>\nHuber ka\u017ee da je plan Cubus Luxa da u saradnji sa lokalnom zajednicom razvije maslinjak, tako \u0161to ?e pokrenuti proizvodnju ulja i stvoriti brend.<br \/>\n&#8211; \u017delimo iskoristiti maslinjak, kao veliku prednost ove lokacije. Ali po\u0161to mi nijesmo maslinari, u to ?emo uklju?iti lokalnu zajednicu. Plan je da se napravi brend maslinovog ulja, koji bi se koristio u samom kompleksu za ishranu, velnes i drugo, ali i za prodaju &#8211; rekao je Huber, koji ve? sada kao predlog za ime novog brenda predla\u017ee \u201cValdanos oil\u201d.<\/p>\n<p>On o?ekuje da se uspje\u0161no zavr\u0161e pregovori sa Vladom oko potpisivanja ugovora o zakupu Valdanosa.<br \/>\nCubus Lux je pobijedio na tenderu, ponudiv\u0161i investiciju od 225 miliona eura.<br \/>\n<strong>Iz kompanije ka\u017eu da je to maksimalno mogu?a investicija u Valdanosu, ukoliko se \u017eeli sa?uvati okolin<\/strong>a.<br \/>\n&#8211; Cubus Lux se kotira na Londonskoj berzi, i mi smo komercijalna kompanija koja odgovara svojim akcionarima. To zna?i da moramo ostvarivati profit. Postoji vi\u0161e pristupa u tome, a to je da se gradi puno ili malo. Mi smatramo da se mo\u017ee biti komercijalan ako se gradi malo, a da se istovremeno sa?uva priroda koja ?e sami kompleks u?initi mnogo atraktivnijim. Ima puno primjera u Evropi kako ne treba raditi. Na primjer Kosta Brava je sva sazidana i donijela je kratkoro?ni profit, ali ne i dugoro?no. Mi imamo privilegiju \u0161to dolazimo malo kasnije, i u?imo se na tu?im gre\u0161kama &#8211; istakao je Huber, napominju?i da su jo\u0161 prije dvije godine obi\u0161li jadransku obalu tra\u017ee?i lokaciju za investiranje, i da je Vladanos odabran kao najatraktivnija.<\/p>\n<p>&#8211; Namjeravali smo da kupimo hotel Lido u Ulcinju, ali nijesmo uspjeli na tenderu. Zanimljivi su nam bili i Ada Bojana i Lu\u0161tica, ali je Valdanos ipak odabran. To je uvala zatvorenog tipa, idealna za hotele, vile, golf terene &#8211; naveo je predsjednik Cubus Luxa.<br \/>\nFinansijski direktor kompanije Stiv Meken ka\u017ee da je o?uvanje prirode garancija da ?e projekat biti uspje\u0161an.<br \/>\n&#8211; Integracija ekologije i rizorta mora dati rezultate &#8211; kategori?an je Meken.<br \/>\nOn je rekao da ?e se u Vladanosu graditi uglavnom samo na onim mjestima gdje ve? postoji izgra?enost.<\/p>\n<p><strong>P<img loading=\"lazy\" class=\"alignleft size-full wp-image-21983\" title=\"gerhard-huber_predsjednik-kompanije_cubus-lux\" src=\"http:\/\/www.visit-ulcinj.com\/blog\/wp-content\/uploads\/2009\/05\/gerhard-huber_predsjednik-kompanije_cubus-lux.jpg\" alt=\"gerhard-huber_predsjednik-kompanije_cubus-lux\" width=\"331\" height=\"217\" \/>rema njegovim rije?ima, projekcije su da ?e u Valdanosu stalno biti zaposleno do 500 ljudi, a tokom sezone znatno vi\u0161e.<\/strong><br \/>\n&#8211; Cilj nam je da zaposlimo doma?e ljude, prije svega iz Ulcinja. Od svega \u0161to radimo lokalna zajednica mora imati koristi, i vjerujem da ?emo svi biti zadovoljni &#8211; poru?uje Meken.<br \/>\nIdejni projekat za Valdanos, izra?en od strane stru?nog tima arhitekata ku?e Ferh &#8211; Jeli?\/Ko\u017eari?, uklapa se u master plan za tu lokaciju. Predvi?eni broj kreveta je 2.500, koji ?e se se podijeliti na tri hotela visoke kategorije &#8211; Beach Hotel, Golf Hotel i Hotel Gran SPA za zdravstveni i kongresni turizam, te na luksuzne vile sa bazenima uz manji broj apartmana.<br \/>\n&#8211; U okviru kompleksa postoja?e objekti i lokali koje ?e mo?i da zakupe ljudi iz grada. Rizort ?e biti otvorenog tipa i poslova?e cijele godine &#8211; kazao je za \u201cVijesti\u201d arhitekta Emil Jeli? iz projektantske ku?e Fearh.<\/p>\n<p>On je napomenuo da ?e u rizortu biti brojni sportski, kulturni, ugostiteljski sadr\u017eaji, koji ?e se raditi u saradnji sa lokalnom zajednicom.<br \/>\nJeli? ka\u017ee da ?e nakon potpisivanja ugovora sa Vladom biti potrebno najmanje oko godinu dana da se zavr\u0161e projekti, planovi i dobiju dozvole. Nakon toga, prema njegovim rije?ima, gradnja kompletnog rizorta trajala bi najvi\u0161e ?etiri godine.<br \/>\nOn je rekao da se odustalo od gradnje klasi?ne marine, upravo da se ne bi devastirala okolina. Kako ka\u017ee Jeli?, postoja?e privezi\u0161te za jahte.<br \/>\nArhitekta ka\u017ee da u Valdanosu, kada se izgradi turisti?ko naselje, ne?e biti automobilskog prometa.<br \/>\n&#8211; Na ulazu ?e postojati podzemna gara\u017ea, a dalje ?e se i?i elektri?nim vozilima i autobusima &#8211; rekao je Jeli?.<br \/>\nPrema projektu, kako je kazao Jeli?, zna?ajno ?e se koristiti obnovljivi izvori energije, koji su ve? isplanirani za projekat Cubus Luxa u Hrvatskoj.<br \/>\nOn je rekao i da ?e se kvalitetno regulisati pre?i\u0161?avanje otpadnih voda, koje ?e se reciklirati i koristiti za zalijevanje i protivpo\u017earnu za\u0161titu.<\/p>\n<p><strong>Sol Melia ?e biti hotelski operator<br \/>\n<\/strong><\/p>\n<p>Hotelski operator u Valdanosu treba da bude \u0161panska Sol Melia, koji je osnovan 1956. Oni upravljaju sa vi\u0161e od 300 hotela sa 85.000 soba u 30 dr\u017eava na ?etiri kontinenta.<br \/>\nSol Melia ve? odranije ima sporazum o partnerstvu sa Cubus Luxom u Hrvatskoj, gdje ?e biti hotelski operator u planiranom Olive Island Resortu na ostrvu Ugljanu kod Zadra, ?iji je po?etak izgradnje predvi?en za ?etvrti kvartal 2009. i trenutno je najve?a grinfild investicija u hrvatski turizam.<br \/>\nPotpredsjednik za razvoj Sole Melie Angel Luis Rodrigez rekao je da oni vjeruju u projekat Valdanos i na njega gledaju sa puno optimizma.<br \/>\n&#8211; Uslov da projekat bude uspje\u0161an je da se na?e optimalna mjera izme?u izgra?enosti objekata i prirode. Prema planovima, koji su i obaveza za investitora, izgra?enost u Vladanosu bi?e osam odsto. To je neka donja granica da projekat bude odr\u017eiv &#8211; rekao je Rodrigez, koji je tako?e boravio u Crnoj Gori.<br \/>\nOn je kazao da je maslinjak posebnost lokacije, koja ?e zbog toga biti unikatna.<\/p>\n<p><strong>Z.VU?INI?<br \/>\n<a href=\"http:\/\/www.vijesti.cg.yu\/index.php?id_pre=305482&amp;godina=2009\" target=\"_blank\">Vijesti<\/a><\/strong><\/p>\n<p><strong>[flv width=&#8221;580&#8243; height=&#8221;380&#8243;]http:\/\/www.velikaplaza.info\/gallery\/video\/stream.php?f=Velika_Plaza_movie_Jan_2009.flv[\/flv]<a href=\"http:\/\/www.vijesti.cg.yu\/index.php?id_pre=305482&amp;godina=2009\" target=\"_blank\"><\/a><\/strong><\/p>\n","protected":false},"excerpt":{"rendered":"<p>Sa Ulcinjanima hoce da prave i maslinovo ulje Podgorica &#8211; Maslinjaci u uvali Valdanos u potpunosti ?e biti za\u0161ti?eni, i bi?e sastavni dio hotelsko-turisti?kog kompleksa koji ?e graditi kompanija Cubus Lux &#8211; izjavio je za \u201cVijesti\u201d predsjednik kompanije dr Gerhard Huber, koji je prije nekoliko dana boravio u Crnoj Gori sa svojim saradnicima i partnerima, [&hellip;]<\/p>\n","protected":false},"author":1,"featured_media":0,"comment_status":"open","ping_status":"closed","sticky":false,"template":"","format":"standard","meta":{"spay_email":"","jetpack_publicize_message":"","jetpack_is_tweetstorm":false,"jetpack_publicize_feature_enabled":true},"categories":[8337],"tags":[138,20,10716,10712,9686,79,10715,10714,2948,10709,10710,10713,10711,2708,19,136],"jetpack_publicize_connections":[],"yoast_head":"<!-- This site is optimized with the Yoast SEO plugin v19.1 - https:\/\/yoast.com\/wordpress\/plugins\/seo\/ -->\n<title>Celnici kompanije Cubus Lux najavili gradnju atraktivnog turistickog naselja u Valdanosu - Lajme nga Ulqini<\/title>\n<meta name=\"description\" content=\"Sa Ulcinjanima hoce da prave i maslinovo ulje Podgorica - Maslinjaci u uvali Valdanos u potpunosti ?e biti za\u0161ti?eni, i bi?e sastavni dio\" \/>\n<meta name=\"robots\" content=\"index, follow, max-snippet:-1, max-image-preview:large, max-video-preview:-1\" \/>\n<link rel=\"canonical\" href=\"https:\/\/www.visit-ulcinj.com\/blog\/2009\/05\/24\/celnici-kompanije-cubus-lux-najavili-gradnju-atraktivnog-turistickog-naselja-u-valdanosu\/\" \/>\n<meta property=\"og:locale\" content=\"en_US\" \/>\n<meta property=\"og:type\" content=\"article\" \/>\n<meta property=\"og:title\" content=\"Celnici kompanije Cubus Lux najavili gradnju atraktivnog turistickog naselja u Valdanosu - Lajme nga Ulqini\" \/>\n<meta property=\"og:description\" content=\"Sa Ulcinjanima hoce da prave i maslinovo ulje Podgorica - Maslinjaci u uvali Valdanos u potpunosti ?e biti za\u0161ti?eni, i bi?e sastavni dio\" \/>\n<meta property=\"og:url\" content=\"https:\/\/www.visit-ulcinj.com\/blog\/2009\/05\/24\/celnici-kompanije-cubus-lux-najavili-gradnju-atraktivnog-turistickog-naselja-u-valdanosu\/\" \/>\n<meta property=\"og:site_name\" content=\"Lajme nga Ulqini\" \/>\n<meta property=\"article:published_time\" content=\"2009-05-24T18:01:34+00:00\" \/>\n<meta property=\"article:modified_time\" content=\"2011-02-25T17:22:07+00:00\" \/>\n<meta property=\"og:image\" content=\"http:\/\/www.visit-ulcinj.com\/blog\/wp-content\/uploads\/2009\/05\/valdanos_ulcinj_montenegro10.jpg\" \/>\n<meta name=\"twitter:label1\" content=\"Written by\" \/>\n\t<meta name=\"twitter:data1\" content=\"ulqini\" \/>\n\t<meta name=\"twitter:label2\" content=\"Est. reading time\" \/>\n\t<meta name=\"twitter:data2\" content=\"5 minutes\" \/>\n<script type=\"application\/ld+json\" class=\"yoast-schema-graph\">{\"@context\":\"https:\/\/schema.org\",\"@graph\":[{\"@type\":\"WebSite\",\"@id\":\"https:\/\/www.visit-ulcinj.com\/blog\/#website\",\"url\":\"https:\/\/www.visit-ulcinj.com\/blog\/\",\"name\":\"Lajme nga Ulqini\",\"description\":\"Lajme,Vijesti,Ulqini,Ulqin,Crna Gora,Mali i Zi\",\"potentialAction\":[{\"@type\":\"SearchAction\",\"target\":{\"@type\":\"EntryPoint\",\"urlTemplate\":\"https:\/\/www.visit-ulcinj.com\/blog\/?s={search_term_string}\"},\"query-input\":\"required name=search_term_string\"}],\"inLanguage\":\"en-US\"},{\"@type\":\"ImageObject\",\"inLanguage\":\"en-US\",\"@id\":\"https:\/\/www.visit-ulcinj.com\/blog\/2009\/05\/24\/celnici-kompanije-cubus-lux-najavili-gradnju-atraktivnog-turistickog-naselja-u-valdanosu\/#primaryimage\",\"url\":\"https:\/\/www.visit-ulcinj.com\/blog\/wp-content\/uploads\/2009\/05\/valdanos_ulcinj_montenegro10.jpg\",\"contentUrl\":\"https:\/\/www.visit-ulcinj.com\/blog\/wp-content\/uploads\/2009\/05\/valdanos_ulcinj_montenegro10.jpg\",\"width\":\"980\",\"height\":\"654\"},{\"@type\":\"WebPage\",\"@id\":\"https:\/\/www.visit-ulcinj.com\/blog\/2009\/05\/24\/celnici-kompanije-cubus-lux-najavili-gradnju-atraktivnog-turistickog-naselja-u-valdanosu\/#webpage\",\"url\":\"https:\/\/www.visit-ulcinj.com\/blog\/2009\/05\/24\/celnici-kompanije-cubus-lux-najavili-gradnju-atraktivnog-turistickog-naselja-u-valdanosu\/\",\"name\":\"Celnici kompanije Cubus Lux najavili gradnju atraktivnog turistickog naselja u Valdanosu - Lajme nga Ulqini\",\"isPartOf\":{\"@id\":\"https:\/\/www.visit-ulcinj.com\/blog\/#website\"},\"primaryImageOfPage\":{\"@id\":\"https:\/\/www.visit-ulcinj.com\/blog\/2009\/05\/24\/celnici-kompanije-cubus-lux-najavili-gradnju-atraktivnog-turistickog-naselja-u-valdanosu\/#primaryimage\"},\"datePublished\":\"2009-05-24T18:01:34+00:00\",\"dateModified\":\"2011-02-25T17:22:07+00:00\",\"author\":{\"@id\":\"https:\/\/www.visit-ulcinj.com\/blog\/#\/schema\/person\/dcab619c614d3038751c63bc2aadc06d\"},\"description\":\"Sa Ulcinjanima hoce da prave i maslinovo ulje Podgorica - Maslinjaci u uvali Valdanos u potpunosti ?e biti za\u0161ti?eni, i bi?e sastavni dio\",\"breadcrumb\":{\"@id\":\"https:\/\/www.visit-ulcinj.com\/blog\/2009\/05\/24\/celnici-kompanije-cubus-lux-najavili-gradnju-atraktivnog-turistickog-naselja-u-valdanosu\/#breadcrumb\"},\"inLanguage\":\"en-US\",\"potentialAction\":[{\"@type\":\"ReadAction\",\"target\":[\"https:\/\/www.visit-ulcinj.com\/blog\/2009\/05\/24\/celnici-kompanije-cubus-lux-najavili-gradnju-atraktivnog-turistickog-naselja-u-valdanosu\/\"]}]},{\"@type\":\"BreadcrumbList\",\"@id\":\"https:\/\/www.visit-ulcinj.com\/blog\/2009\/05\/24\/celnici-kompanije-cubus-lux-najavili-gradnju-atraktivnog-turistickog-naselja-u-valdanosu\/#breadcrumb\",\"itemListElement\":[{\"@type\":\"ListItem\",\"position\":1,\"name\":\"Celnici kompanije Cubus Lux najavili gradnju atraktivnog turistickog naselja u Valdanosu\"}]},{\"@type\":\"Person\",\"@id\":\"https:\/\/www.visit-ulcinj.com\/blog\/#\/schema\/person\/dcab619c614d3038751c63bc2aadc06d\",\"name\":\"ulqini\",\"sameAs\":[\"http:\/\/www.visit-ulcinj.com\"],\"url\":\"https:\/\/www.visit-ulcinj.com\/blog\/author\/admin\/\"}]}<\/script>\n<!-- \/ Yoast SEO plugin. -->","yoast_head_json":{"title":"Celnici kompanije Cubus Lux najavili gradnju atraktivnog turistickog naselja u Valdanosu - Lajme nga Ulqini","description":"Sa Ulcinjanima hoce da prave i maslinovo ulje Podgorica - Maslinjaci u uvali Valdanos u potpunosti ?e biti za\u0161ti?eni, i bi?e sastavni dio","robots":{"index":"index","follow":"follow","max-snippet":"max-snippet:-1","max-image-preview":"max-image-preview:large","max-video-preview":"max-video-preview:-1"},"canonical":"https:\/\/www.visit-ulcinj.com\/blog\/2009\/05\/24\/celnici-kompanije-cubus-lux-najavili-gradnju-atraktivnog-turistickog-naselja-u-valdanosu\/","og_locale":"en_US","og_type":"article","og_title":"Celnici kompanije Cubus Lux najavili gradnju atraktivnog turistickog naselja u Valdanosu - Lajme nga Ulqini","og_description":"Sa Ulcinjanima hoce da prave i maslinovo ulje Podgorica - Maslinjaci u uvali Valdanos u potpunosti ?e biti za\u0161ti?eni, i bi?e sastavni dio","og_url":"https:\/\/www.visit-ulcinj.com\/blog\/2009\/05\/24\/celnici-kompanije-cubus-lux-najavili-gradnju-atraktivnog-turistickog-naselja-u-valdanosu\/","og_site_name":"Lajme nga Ulqini","article_published_time":"2009-05-24T18:01:34+00:00","article_modified_time":"2011-02-25T17:22:07+00:00","og_image":[{"url":"http:\/\/www.visit-ulcinj.com\/blog\/wp-content\/uploads\/2009\/05\/valdanos_ulcinj_montenegro10.jpg"}],"twitter_misc":{"Written by":"ulqini","Est. reading time":"5 minutes"},"schema":{"@context":"https:\/\/schema.org","@graph":[{"@type":"WebSite","@id":"https:\/\/www.visit-ulcinj.com\/blog\/#website","url":"https:\/\/www.visit-ulcinj.com\/blog\/","name":"Lajme nga Ulqini","description":"Lajme,Vijesti,Ulqini,Ulqin,Crna Gora,Mali i Zi","potentialAction":[{"@type":"SearchAction","target":{"@type":"EntryPoint","urlTemplate":"https:\/\/www.visit-ulcinj.com\/blog\/?s={search_term_string}"},"query-input":"required name=search_term_string"}],"inLanguage":"en-US"},{"@type":"ImageObject","inLanguage":"en-US","@id":"https:\/\/www.visit-ulcinj.com\/blog\/2009\/05\/24\/celnici-kompanije-cubus-lux-najavili-gradnju-atraktivnog-turistickog-naselja-u-valdanosu\/#primaryimage","url":"https:\/\/www.visit-ulcinj.com\/blog\/wp-content\/uploads\/2009\/05\/valdanos_ulcinj_montenegro10.jpg","contentUrl":"https:\/\/www.visit-ulcinj.com\/blog\/wp-content\/uploads\/2009\/05\/valdanos_ulcinj_montenegro10.jpg","width":"980","height":"654"},{"@type":"WebPage","@id":"https:\/\/www.visit-ulcinj.com\/blog\/2009\/05\/24\/celnici-kompanije-cubus-lux-najavili-gradnju-atraktivnog-turistickog-naselja-u-valdanosu\/#webpage","url":"https:\/\/www.visit-ulcinj.com\/blog\/2009\/05\/24\/celnici-kompanije-cubus-lux-najavili-gradnju-atraktivnog-turistickog-naselja-u-valdanosu\/","name":"Celnici kompanije Cubus Lux najavili gradnju atraktivnog turistickog naselja u Valdanosu - Lajme nga Ulqini","isPartOf":{"@id":"https:\/\/www.visit-ulcinj.com\/blog\/#website"},"primaryImageOfPage":{"@id":"https:\/\/www.visit-ulcinj.com\/blog\/2009\/05\/24\/celnici-kompanije-cubus-lux-najavili-gradnju-atraktivnog-turistickog-naselja-u-valdanosu\/#primaryimage"},"datePublished":"2009-05-24T18:01:34+00:00","dateModified":"2011-02-25T17:22:07+00:00","author":{"@id":"https:\/\/www.visit-ulcinj.com\/blog\/#\/schema\/person\/dcab619c614d3038751c63bc2aadc06d"},"description":"Sa Ulcinjanima hoce da prave i maslinovo ulje Podgorica - Maslinjaci u uvali Valdanos u potpunosti ?e biti za\u0161ti?eni, i bi?e sastavni dio","breadcrumb":{"@id":"https:\/\/www.visit-ulcinj.com\/blog\/2009\/05\/24\/celnici-kompanije-cubus-lux-najavili-gradnju-atraktivnog-turistickog-naselja-u-valdanosu\/#breadcrumb"},"inLanguage":"en-US","potentialAction":[{"@type":"ReadAction","target":["https:\/\/www.visit-ulcinj.com\/blog\/2009\/05\/24\/celnici-kompanije-cubus-lux-najavili-gradnju-atraktivnog-turistickog-naselja-u-valdanosu\/"]}]},{"@type":"BreadcrumbList","@id":"https:\/\/www.visit-ulcinj.com\/blog\/2009\/05\/24\/celnici-kompanije-cubus-lux-najavili-gradnju-atraktivnog-turistickog-naselja-u-valdanosu\/#breadcrumb","itemListElement":[{"@type":"ListItem","position":1,"name":"Celnici kompanije Cubus Lux najavili gradnju atraktivnog turistickog naselja u Valdanosu"}]},{"@type":"Person","@id":"https:\/\/www.visit-ulcinj.com\/blog\/#\/schema\/person\/dcab619c614d3038751c63bc2aadc06d","name":"ulqini","sameAs":["http:\/\/www.visit-ulcinj.com"],"url":"https:\/\/www.visit-ulcinj.com\/blog\/author\/admin\/"}]}},"jetpack_featured_media_url":"","jetpack_sharing_enabled":true,"jetpack_shortlink":"https:\/\/wp.me\/pe6lTn-5Ix","_links":{"self":[{"href":"https:\/\/www.visit-ulcinj.com\/blog\/wp-json\/wp\/v2\/posts\/21981"}],"collection":[{"href":"https:\/\/www.visit-ulcinj.com\/blog\/wp-json\/wp\/v2\/posts"}],"about":[{"href":"https:\/\/www.visit-ulcinj.com\/blog\/wp-json\/wp\/v2\/types\/post"}],"author":[{"embeddable":true,"href":"https:\/\/www.visit-ulcinj.com\/blog\/wp-json\/wp\/v2\/users\/1"}],"replies":[{"embeddable":true,"href":"https:\/\/www.visit-ulcinj.com\/blog\/wp-json\/wp\/v2\/comments?post=21981"}],"version-history":[{"count":0,"href":"https:\/\/www.visit-ulcinj.com\/blog\/wp-json\/wp\/v2\/posts\/21981\/revisions"}],"wp:attachment":[{"href":"https:\/\/www.visit-ulcinj.com\/blog\/wp-json\/wp\/v2\/media?parent=21981"}],"wp:term":[{"taxonomy":"category","embeddable":true,"href":"https:\/\/www.visit-ulcinj.com\/blog\/wp-json\/wp\/v2\/categories?post=21981"},{"taxonomy":"post_tag","embeddable":true,"href":"https:\/\/www.visit-ulcinj.com\/blog\/wp-json\/wp\/v2\/tags?post=21981"}],"curies":[{"name":"wp","href":"https:\/\/api.w.org\/{rel}","templated":true}]}}