{"id":21987,"date":"2009-05-24T21:06:21","date_gmt":"2009-05-24T19:06:21","guid":{"rendered":"http:\/\/www.visit-ulcinj.com\/blog\/?p=21987"},"modified":"2009-05-24T21:13:04","modified_gmt":"2009-05-24T19:13:04","slug":"soni-ja-pse-i-refuzova-lulet-e-beckhamit","status":"publish","type":"post","link":"https:\/\/www.visit-ulcinj.com\/blog\/2009\/05\/24\/soni-ja-pse-i-refuzova-lulet-e-beckhamit\/","title":{"rendered":"Soni: Ja pse i refuzova lulet e Beckhamit"},"content":{"rendered":"<p><strong><img loading=\"lazy\" class=\"alignleft size-full wp-image-21993\" title=\"soni-malaj5\" src=\"http:\/\/www.visit-ulcinj.com\/blog\/wp-content\/uploads\/2009\/05\/soni-malaj5.jpg\" alt=\"soni-malaj5\" width=\"580\" height=\"400\" \/>Ajo ishte e vetmja e p\u00ebrzgjedhur p\u00ebr t\u00eb hapur ndeshjen e shum\u00ebpritur Shqip\u00ebri-Milan. Elektrizuese, e bukur, shum\u00eb e p\u00eblqyer nga t\u00eb gjith\u00eb, Soni Malaj fitoi v\u00ebmendjen e yjeve bot\u00ebror\u00eb t\u00eb futbollit t\u00eb cil\u00ebt e ndiqnin me interes n\u00eb performancat e saj skenike duke aprovuar p\u00eblqimin e k\u00ebng\u00ebve t\u00eb saj.<\/strong><\/p>\n<p><a href=\"http:\/\/www.visit-ulcinj.com\/blog\/wp-content\/uploads\/2009\/05\/soni-malaj.jpg\"><img loading=\"lazy\" class=\"alignleft size-thumbnail wp-image-21988\" title=\"soni-malaj\" src=\"http:\/\/www.visit-ulcinj.com\/blog\/wp-content\/uploads\/2009\/05\/soni-malaj-150x150.jpg\" alt=\"soni-malaj\" width=\"150\" height=\"150\" \/><\/a>Beckham, Kaka, Pirlo, Zambrotta, Ronaldinho etj., kan\u00eb p\u00eblqyer duke ndjekur me interes k\u00ebng\u00ebt e Sonit, nd\u00ebrsa kjo e fundit \u00ebsht\u00eb ndjer\u00eb m\u00eb mir\u00eb se kurr\u00eb teksa interpretonte n\u00eb fush\u00eb materialet muzikore m\u00eb t\u00eb p\u00eblqyera nga fansat e saj. Dhe ajo q\u00eb nuk pritej ndodhi. N\u00eb shenj\u00eb xhentilese Bekham i dhuron nj\u00eb tr\u00ebndafil Sonit, por \u2018dhurata\u2019 iu kthye mbrapsht. Ndiqeni pse&#8230;<\/p>\n<p><strong>Soni, ishe ti figura VIP q\u00eb u zgjodhe t\u00eb k\u00ebndosh n\u00eb hapjen e ndeshjes prestigjioze Shqip\u00ebri-Milan. Si t\u00eb erdhi oferta dhe si e prite at\u00eb? <a href=\"http:\/\/www.visit-ulcinj.com\/blog\/wp-content\/uploads\/2009\/05\/soni-malaj-8.jpg\"><img loading=\"lazy\" class=\"alignright size-thumbnail wp-image-21997\" title=\"soni-malaj-8\" src=\"http:\/\/www.visit-ulcinj.com\/blog\/wp-content\/uploads\/2009\/05\/soni-malaj-8-150x150.jpg\" alt=\"soni-malaj-8\" width=\"150\" height=\"150\" \/><\/a><\/strong><\/p>\n<p>Oferta m\u2019u b\u00eb nga kompania \u2018Taci Oil\u2019, n\u00ebp\u00ebrmjet kompanis\u00eb organizative t\u00eb k\u00ebtij eventi \u2018Ashley&amp;Holmes\u2019. Sigurisht q\u00eb u ndjeva e vler\u00ebsuar t\u00eb jem n\u00eb nj\u00eb event aq t\u00eb pritur nga publiku shqiptar, m\u00eb sakt\u00eb nga tifozeria shqiptare.<br \/>\nUn\u00eb b\u00ebra hapjen e k\u00ebtij eventi dhe k\u00ebndova gjithashtu n\u00eb pushim t\u00eb ndeshjes. Mendoj se i solla fat komb\u00ebtares duke qen\u00eb se me gola dol\u00ebn n\u00eb barazim hahahaha.<\/p>\n<p><strong><a href=\"http:\/\/www.visit-ulcinj.com\/blog\/wp-content\/uploads\/2009\/05\/soni-malaj1.jpg\"><img loading=\"lazy\" class=\"alignleft size-thumbnail wp-image-21989\" title=\"soni-malaj1\" src=\"http:\/\/www.visit-ulcinj.com\/blog\/wp-content\/uploads\/2009\/05\/soni-malaj1-150x150.jpg\" alt=\"soni-malaj1\" width=\"150\" height=\"150\" \/><\/a>Edhe pse je t\u00ebr\u00ebsisht e zhveshur nga emocionet duke qen\u00eb se tashm\u00eb skena \u00ebsht\u00eb e jotja prej vitesh, u ndjeve ndopak e emocionuar p\u00ebr vet\u00eb faktin se do ishe p\u00ebrpara yjeve bot\u00ebrore t\u00eb futbollit?<\/strong><\/p>\n<p>Emocionet un\u00eb i kam n\u00eb \u00e7far\u00ebdo eventi q\u00eb t\u00eb paraqitem, sepse \u00ebsht\u00eb nj\u00eb p\u00ebrgjegj\u00ebsi shum\u00eb e madhe t\u00eb dal\u00ebsh para publikut dhe t\u00eb paraqitesh sa m\u00eb denj\u00ebsisht.<br \/>\nPo ashtu edhe n\u00eb k\u00ebt\u00eb rast duke qen\u00eb e vetmja k\u00ebng\u00ebtare, p\u00ebrgjegj\u00ebsia ishte e<a href=\"http:\/\/www.visit-ulcinj.com\/blog\/wp-content\/uploads\/2009\/05\/soni-malaj3.jpg\"><img loading=\"lazy\" class=\"alignright size-thumbnail wp-image-21991\" title=\"soni-malaj3\" src=\"http:\/\/www.visit-ulcinj.com\/blog\/wp-content\/uploads\/2009\/05\/soni-malaj3-150x150.jpg\" alt=\"soni-malaj3\" width=\"150\" height=\"150\" \/><\/a> madhe, jo vet\u00ebm n\u00eb paraqitjen artistike, sepse ky event u transmetua \u2018live\u2019 edhe n\u00eb kanalet italiane, por edhe n\u00eb p\u00ebrzgjedhjen e k\u00ebng\u00ebve. U mundova q\u00eb t\u00eb k\u00ebndoj k\u00ebng\u00ebt e mia m\u00eb ritmike dhe energjike, p\u00ebr t\u00eb elektrizuar stadiumin. K\u00ebndova kat\u00ebr k\u00ebng\u00eb: \u2018Zjarr\u2019, \u2018Nj\u00eb me dy\u2019, \u2018Me faj, pa faj\u2019 dhe \u2018Zig-Zag\u2019.<\/p>\n<p><strong>E ndoqe nga af\u00ebr ndeshjen? Si t\u2019u duk ajo?<\/strong><\/p>\n<p><a href=\"http:\/\/www.visit-ulcinj.com\/blog\/wp-content\/uploads\/2009\/05\/soni-malaj-6.jpg\"><img loading=\"lazy\" class=\"size-thumbnail wp-image-21995 alignleft\" title=\"soni-malaj-6\" src=\"http:\/\/www.visit-ulcinj.com\/blog\/wp-content\/uploads\/2009\/05\/soni-malaj-6-150x150.jpg\" alt=\"soni-malaj-6\" width=\"150\" height=\"150\" \/><\/a>Po e ndoqa nga af\u00ebr, k\u00ebndsh\u00ebm. Un\u00eb jam tifoze e komb\u00ebtares, k\u00ebshtu q\u00eb b\u00ebja tifozll\u00ebk p\u00ebr komb\u00ebtaren :-)<\/p>\n<p><strong>Pe nga af\u00ebr futbollist\u00ebt me fam\u00eb bot\u00ebrore. Cili t\u00eb ka t\u00ebrhequr m\u00eb shum\u00eb. Apo cilin p\u00eblqen ti vet\u00eb m\u00eb shum\u00eb? <\/strong><\/p>\n<p>Po i pashe, i kisha shum\u00eb af\u00ebr, pasi dhe vendq\u00ebndrimi im ishte af\u00ebr tyre. T\u00eb gjith\u00eb jan\u00eb lojtar\u00eb shum\u00eb t\u00eb mir\u00eb, p\u00ebrpos k\u00ebsaj, Beckham dhe Kaka ishin m\u00eb t\u00eb paraqitsh\u00ebm nga af\u00ebr :-)<a href=\"http:\/\/www.visit-ulcinj.com\/blog\/wp-content\/uploads\/2009\/05\/soni-malaj2.jpg\"><img loading=\"lazy\" class=\"alignright size-thumbnail wp-image-21990\" title=\"soni-malaj2\" src=\"http:\/\/www.visit-ulcinj.com\/blog\/wp-content\/uploads\/2009\/05\/soni-malaj2-150x150.jpg\" alt=\"soni-malaj2\" width=\"150\" height=\"150\" \/><\/a><\/p>\n<p><strong>Kishte ndonj\u00eb ndryshim teksa i shihje <em>\u2018live\u2019<\/em>?<\/strong><\/p>\n<p>Jo shum\u00eb. Ata ishin gjith\u00eb koh\u00ebs t\u00eb qeshur, komunikonin lirsh\u00ebm, nuk privoheshin nga fama e tyre p\u00ebr t\u2019u afruar dhe p\u00ebr t\u00eb folur&#8230;.<\/p>\n<p><strong>Fole me ndonj\u00ebrin prej tyre?<\/strong><\/p>\n<p>Po. Por jo shum\u00eb pasi paparac\u00ebt ishin n\u00eb kokat tona, nuk do doja t\u00eb isha n\u00eb ndonj\u00eb titull gazete t\u00eb nes\u00ebrmen hahahaha :-)<\/p>\n<p><strong>I refuzove lulet Beckhamit. Pse?<\/strong><\/p>\n<p><a href=\"http:\/\/www.visit-ulcinj.com\/blog\/wp-content\/uploads\/2009\/05\/soni-malaj-7.jpg\"><img loading=\"lazy\" class=\"alignleft size-thumbnail wp-image-21996\" title=\"soni-malaj-7\" src=\"http:\/\/www.visit-ulcinj.com\/blog\/wp-content\/uploads\/2009\/05\/soni-malaj-7-150x150.jpg\" alt=\"soni-malaj-7\" width=\"150\" height=\"150\" \/><\/a>Ishte e vetmja gj\u00eb q\u00eb m\u00eb shkoi nd\u00ebrmend n\u00eb ato momente, pra, keqinterpretimi i gjestit n\u00eb media. Sepse n\u00eb fakt mediat m\u00eb kan\u00eb kompleksuar shum\u00eb koh\u00ebt e fundit dhe m\u00eb duket sikur \u00e7do gj\u00eb e imja paragjykohet.<\/p>\n<p><strong>\u00c7far\u00eb reagimesh more teksa k\u00ebndoje dhe t\u00eb ndiqnin t\u00eb gjith\u00eb?<\/strong><\/p>\n<p>Ata m\u00eb ndiqnin me interes n\u00eb performancat e mija me balerinat, sigurisht nj\u00eb kultur\u00eb tjet\u00ebr muzikore dhe m\u00eb pas kur mbarova performanc\u00ebn time, m\u00eb jepnin shenja aprovimi, p\u00eblqimi&#8230;<a href=\"http:\/\/www.visit-ulcinj.com\/blog\/wp-content\/uploads\/2009\/05\/soni-malaj4.jpg\"><img loading=\"lazy\" class=\"size-thumbnail wp-image-21992 alignright\" title=\"soni-malaj4\" src=\"http:\/\/www.visit-ulcinj.com\/blog\/wp-content\/uploads\/2009\/05\/soni-malaj4-150x150.jpg\" alt=\"soni-malaj4\" width=\"150\" height=\"150\" \/><\/a><\/p>\n<p><strong>Je nj\u00eb ndjek\u00ebse e mir\u00eb e sportit. Cila \u00ebsht\u00eb skuadra jote e preferuar?<\/strong><\/p>\n<p>Po e ndjek futbollin, por tifoze e zjarrt\u00eb jam vet\u00ebm me Komb\u00ebtaren.<\/p>\n<p><strong>Ke provuar qoft\u00eb edhe nj\u00ebher\u00eb t\u00eb vetme t\u00eb luash futboll?<\/strong><\/p>\n<p>Kam provuar, por m\u00eb vriten k\u00ebmb\u00ebt, k\u00ebshtu q\u00eb preferoj volejbollin<\/p>\n<p><strong>Bluetooth<\/strong><\/p>\n<p><strong><!--YouTube Error: bad URL entered--><br \/>\n<\/strong><\/p>\n","protected":false},"excerpt":{"rendered":"<p>Ajo ishte e vetmja e p\u00ebrzgjedhur p\u00ebr t\u00eb hapur ndeshjen e shum\u00ebpritur Shqip\u00ebri-Milan. Elektrizuese, e bukur, shum\u00eb e p\u00eblqyer nga t\u00eb gjith\u00eb, Soni Malaj fitoi v\u00ebmendjen e yjeve bot\u00ebror\u00eb t\u00eb futbollit t\u00eb cil\u00ebt e ndiqnin me interes n\u00eb performancat e saj skenike duke aprovuar p\u00eblqimin e k\u00ebng\u00ebve t\u00eb saj. Beckham, Kaka, Pirlo, Zambrotta, Ronaldinho etj., [&hellip;]<\/p>\n","protected":false},"author":1,"featured_media":0,"comment_status":"open","ping_status":"closed","sticky":false,"template":"","format":"standard","meta":{"spay_email":"","jetpack_publicize_message":"","jetpack_is_tweetstorm":false,"jetpack_publicize_feature_enabled":true},"categories":[1],"tags":[10717,5897,10721,10718,10720,4904,10722,10719],"jetpack_publicize_connections":[],"yoast_head":"<!-- This site is optimized with the Yoast SEO plugin v19.1 - https:\/\/yoast.com\/wordpress\/plugins\/seo\/ -->\n<title>Soni: Ja pse i refuzova lulet e Beckhamit - Lajme nga Ulqini<\/title>\n<meta name=\"description\" content=\"Ajo ishte e vetmja e p\u00ebrzgjedhur p\u00ebr t\u00eb hapur ndeshjen e shum\u00ebpritur Shqip\u00ebri-Milan. Elektrizuese, e bukur, shum\u00eb e p\u00eblqyer nga t\u00eb gjith\u00eb, Soni Malaj\" \/>\n<meta name=\"robots\" content=\"index, follow, max-snippet:-1, max-image-preview:large, max-video-preview:-1\" \/>\n<link rel=\"canonical\" href=\"https:\/\/www.visit-ulcinj.com\/blog\/2009\/05\/24\/soni-ja-pse-i-refuzova-lulet-e-beckhamit\/\" \/>\n<meta property=\"og:locale\" content=\"en_US\" \/>\n<meta property=\"og:type\" content=\"article\" \/>\n<meta property=\"og:title\" content=\"Soni: Ja pse i refuzova lulet e Beckhamit - Lajme nga Ulqini\" \/>\n<meta property=\"og:description\" content=\"Ajo ishte e vetmja e p\u00ebrzgjedhur p\u00ebr t\u00eb hapur ndeshjen e shum\u00ebpritur Shqip\u00ebri-Milan. Elektrizuese, e bukur, shum\u00eb e p\u00eblqyer nga t\u00eb gjith\u00eb, Soni Malaj\" \/>\n<meta property=\"og:url\" content=\"https:\/\/www.visit-ulcinj.com\/blog\/2009\/05\/24\/soni-ja-pse-i-refuzova-lulet-e-beckhamit\/\" \/>\n<meta property=\"og:site_name\" content=\"Lajme nga Ulqini\" \/>\n<meta property=\"article:published_time\" content=\"2009-05-24T19:06:21+00:00\" \/>\n<meta property=\"article:modified_time\" content=\"2009-05-24T19:13:04+00:00\" \/>\n<meta property=\"og:image\" content=\"http:\/\/www.visit-ulcinj.com\/blog\/wp-content\/uploads\/2009\/05\/soni-malaj5.jpg\" \/>\n<meta name=\"twitter:label1\" content=\"Written by\" \/>\n\t<meta name=\"twitter:data1\" content=\"ulqini\" \/>\n\t<meta name=\"twitter:label2\" content=\"Est. reading time\" \/>\n\t<meta name=\"twitter:data2\" content=\"4 minutes\" \/>\n<script type=\"application\/ld+json\" class=\"yoast-schema-graph\">{\"@context\":\"https:\/\/schema.org\",\"@graph\":[{\"@type\":\"WebSite\",\"@id\":\"https:\/\/www.visit-ulcinj.com\/blog\/#website\",\"url\":\"https:\/\/www.visit-ulcinj.com\/blog\/\",\"name\":\"Lajme nga Ulqini\",\"description\":\"Lajme,Vijesti,Ulqini,Ulqin,Crna Gora,Mali i Zi\",\"potentialAction\":[{\"@type\":\"SearchAction\",\"target\":{\"@type\":\"EntryPoint\",\"urlTemplate\":\"https:\/\/www.visit-ulcinj.com\/blog\/?s={search_term_string}\"},\"query-input\":\"required name=search_term_string\"}],\"inLanguage\":\"en-US\"},{\"@type\":\"ImageObject\",\"inLanguage\":\"en-US\",\"@id\":\"https:\/\/www.visit-ulcinj.com\/blog\/2009\/05\/24\/soni-ja-pse-i-refuzova-lulet-e-beckhamit\/#primaryimage\",\"url\":\"http:\/\/www.visit-ulcinj.com\/blog\/wp-content\/uploads\/2009\/05\/soni-malaj5.jpg\",\"contentUrl\":\"http:\/\/www.visit-ulcinj.com\/blog\/wp-content\/uploads\/2009\/05\/soni-malaj5.jpg\"},{\"@type\":\"WebPage\",\"@id\":\"https:\/\/www.visit-ulcinj.com\/blog\/2009\/05\/24\/soni-ja-pse-i-refuzova-lulet-e-beckhamit\/#webpage\",\"url\":\"https:\/\/www.visit-ulcinj.com\/blog\/2009\/05\/24\/soni-ja-pse-i-refuzova-lulet-e-beckhamit\/\",\"name\":\"Soni: Ja pse i refuzova lulet e Beckhamit - Lajme nga Ulqini\",\"isPartOf\":{\"@id\":\"https:\/\/www.visit-ulcinj.com\/blog\/#website\"},\"primaryImageOfPage\":{\"@id\":\"https:\/\/www.visit-ulcinj.com\/blog\/2009\/05\/24\/soni-ja-pse-i-refuzova-lulet-e-beckhamit\/#primaryimage\"},\"datePublished\":\"2009-05-24T19:06:21+00:00\",\"dateModified\":\"2009-05-24T19:13:04+00:00\",\"author\":{\"@id\":\"https:\/\/www.visit-ulcinj.com\/blog\/#\/schema\/person\/dcab619c614d3038751c63bc2aadc06d\"},\"description\":\"Ajo ishte e vetmja e p\u00ebrzgjedhur p\u00ebr t\u00eb hapur ndeshjen e shum\u00ebpritur Shqip\u00ebri-Milan. Elektrizuese, e bukur, shum\u00eb e p\u00eblqyer nga t\u00eb gjith\u00eb, Soni Malaj\",\"breadcrumb\":{\"@id\":\"https:\/\/www.visit-ulcinj.com\/blog\/2009\/05\/24\/soni-ja-pse-i-refuzova-lulet-e-beckhamit\/#breadcrumb\"},\"inLanguage\":\"en-US\",\"potentialAction\":[{\"@type\":\"ReadAction\",\"target\":[\"https:\/\/www.visit-ulcinj.com\/blog\/2009\/05\/24\/soni-ja-pse-i-refuzova-lulet-e-beckhamit\/\"]}]},{\"@type\":\"BreadcrumbList\",\"@id\":\"https:\/\/www.visit-ulcinj.com\/blog\/2009\/05\/24\/soni-ja-pse-i-refuzova-lulet-e-beckhamit\/#breadcrumb\",\"itemListElement\":[{\"@type\":\"ListItem\",\"position\":1,\"name\":\"Soni: Ja pse i refuzova lulet e Beckhamit\"}]},{\"@type\":\"Person\",\"@id\":\"https:\/\/www.visit-ulcinj.com\/blog\/#\/schema\/person\/dcab619c614d3038751c63bc2aadc06d\",\"name\":\"ulqini\",\"sameAs\":[\"http:\/\/www.visit-ulcinj.com\"],\"url\":\"https:\/\/www.visit-ulcinj.com\/blog\/author\/admin\/\"}]}<\/script>\n<!-- \/ Yoast SEO plugin. -->","yoast_head_json":{"title":"Soni: Ja pse i refuzova lulet e Beckhamit - Lajme nga Ulqini","description":"Ajo ishte e vetmja e p\u00ebrzgjedhur p\u00ebr t\u00eb hapur ndeshjen e shum\u00ebpritur Shqip\u00ebri-Milan. Elektrizuese, e bukur, shum\u00eb e p\u00eblqyer nga t\u00eb gjith\u00eb, Soni Malaj","robots":{"index":"index","follow":"follow","max-snippet":"max-snippet:-1","max-image-preview":"max-image-preview:large","max-video-preview":"max-video-preview:-1"},"canonical":"https:\/\/www.visit-ulcinj.com\/blog\/2009\/05\/24\/soni-ja-pse-i-refuzova-lulet-e-beckhamit\/","og_locale":"en_US","og_type":"article","og_title":"Soni: Ja pse i refuzova lulet e Beckhamit - Lajme nga Ulqini","og_description":"Ajo ishte e vetmja e p\u00ebrzgjedhur p\u00ebr t\u00eb hapur ndeshjen e shum\u00ebpritur Shqip\u00ebri-Milan. Elektrizuese, e bukur, shum\u00eb e p\u00eblqyer nga t\u00eb gjith\u00eb, Soni Malaj","og_url":"https:\/\/www.visit-ulcinj.com\/blog\/2009\/05\/24\/soni-ja-pse-i-refuzova-lulet-e-beckhamit\/","og_site_name":"Lajme nga Ulqini","article_published_time":"2009-05-24T19:06:21+00:00","article_modified_time":"2009-05-24T19:13:04+00:00","og_image":[{"url":"http:\/\/www.visit-ulcinj.com\/blog\/wp-content\/uploads\/2009\/05\/soni-malaj5.jpg"}],"twitter_misc":{"Written by":"ulqini","Est. reading time":"4 minutes"},"schema":{"@context":"https:\/\/schema.org","@graph":[{"@type":"WebSite","@id":"https:\/\/www.visit-ulcinj.com\/blog\/#website","url":"https:\/\/www.visit-ulcinj.com\/blog\/","name":"Lajme nga Ulqini","description":"Lajme,Vijesti,Ulqini,Ulqin,Crna Gora,Mali i Zi","potentialAction":[{"@type":"SearchAction","target":{"@type":"EntryPoint","urlTemplate":"https:\/\/www.visit-ulcinj.com\/blog\/?s={search_term_string}"},"query-input":"required name=search_term_string"}],"inLanguage":"en-US"},{"@type":"ImageObject","inLanguage":"en-US","@id":"https:\/\/www.visit-ulcinj.com\/blog\/2009\/05\/24\/soni-ja-pse-i-refuzova-lulet-e-beckhamit\/#primaryimage","url":"http:\/\/www.visit-ulcinj.com\/blog\/wp-content\/uploads\/2009\/05\/soni-malaj5.jpg","contentUrl":"http:\/\/www.visit-ulcinj.com\/blog\/wp-content\/uploads\/2009\/05\/soni-malaj5.jpg"},{"@type":"WebPage","@id":"https:\/\/www.visit-ulcinj.com\/blog\/2009\/05\/24\/soni-ja-pse-i-refuzova-lulet-e-beckhamit\/#webpage","url":"https:\/\/www.visit-ulcinj.com\/blog\/2009\/05\/24\/soni-ja-pse-i-refuzova-lulet-e-beckhamit\/","name":"Soni: Ja pse i refuzova lulet e Beckhamit - Lajme nga Ulqini","isPartOf":{"@id":"https:\/\/www.visit-ulcinj.com\/blog\/#website"},"primaryImageOfPage":{"@id":"https:\/\/www.visit-ulcinj.com\/blog\/2009\/05\/24\/soni-ja-pse-i-refuzova-lulet-e-beckhamit\/#primaryimage"},"datePublished":"2009-05-24T19:06:21+00:00","dateModified":"2009-05-24T19:13:04+00:00","author":{"@id":"https:\/\/www.visit-ulcinj.com\/blog\/#\/schema\/person\/dcab619c614d3038751c63bc2aadc06d"},"description":"Ajo ishte e vetmja e p\u00ebrzgjedhur p\u00ebr t\u00eb hapur ndeshjen e shum\u00ebpritur Shqip\u00ebri-Milan. Elektrizuese, e bukur, shum\u00eb e p\u00eblqyer nga t\u00eb gjith\u00eb, Soni Malaj","breadcrumb":{"@id":"https:\/\/www.visit-ulcinj.com\/blog\/2009\/05\/24\/soni-ja-pse-i-refuzova-lulet-e-beckhamit\/#breadcrumb"},"inLanguage":"en-US","potentialAction":[{"@type":"ReadAction","target":["https:\/\/www.visit-ulcinj.com\/blog\/2009\/05\/24\/soni-ja-pse-i-refuzova-lulet-e-beckhamit\/"]}]},{"@type":"BreadcrumbList","@id":"https:\/\/www.visit-ulcinj.com\/blog\/2009\/05\/24\/soni-ja-pse-i-refuzova-lulet-e-beckhamit\/#breadcrumb","itemListElement":[{"@type":"ListItem","position":1,"name":"Soni: Ja pse i refuzova lulet e Beckhamit"}]},{"@type":"Person","@id":"https:\/\/www.visit-ulcinj.com\/blog\/#\/schema\/person\/dcab619c614d3038751c63bc2aadc06d","name":"ulqini","sameAs":["http:\/\/www.visit-ulcinj.com"],"url":"https:\/\/www.visit-ulcinj.com\/blog\/author\/admin\/"}]}},"jetpack_featured_media_url":"","jetpack_sharing_enabled":true,"jetpack_shortlink":"https:\/\/wp.me\/pe6lTn-5ID","_links":{"self":[{"href":"https:\/\/www.visit-ulcinj.com\/blog\/wp-json\/wp\/v2\/posts\/21987"}],"collection":[{"href":"https:\/\/www.visit-ulcinj.com\/blog\/wp-json\/wp\/v2\/posts"}],"about":[{"href":"https:\/\/www.visit-ulcinj.com\/blog\/wp-json\/wp\/v2\/types\/post"}],"author":[{"embeddable":true,"href":"https:\/\/www.visit-ulcinj.com\/blog\/wp-json\/wp\/v2\/users\/1"}],"replies":[{"embeddable":true,"href":"https:\/\/www.visit-ulcinj.com\/blog\/wp-json\/wp\/v2\/comments?post=21987"}],"version-history":[{"count":0,"href":"https:\/\/www.visit-ulcinj.com\/blog\/wp-json\/wp\/v2\/posts\/21987\/revisions"}],"wp:attachment":[{"href":"https:\/\/www.visit-ulcinj.com\/blog\/wp-json\/wp\/v2\/media?parent=21987"}],"wp:term":[{"taxonomy":"category","embeddable":true,"href":"https:\/\/www.visit-ulcinj.com\/blog\/wp-json\/wp\/v2\/categories?post=21987"},{"taxonomy":"post_tag","embeddable":true,"href":"https:\/\/www.visit-ulcinj.com\/blog\/wp-json\/wp\/v2\/tags?post=21987"}],"curies":[{"name":"wp","href":"https:\/\/api.w.org\/{rel}","templated":true}]}}