{"id":220,"date":"2008-01-19T17:58:46","date_gmt":"2008-01-19T22:58:46","guid":{"rendered":"http:\/\/www.visit-ulcinj.com\/blog\/2008\/01\/19\/220\/"},"modified":"2008-02-12T19:11:31","modified_gmt":"2008-02-13T00:11:31","slug":"projektet-qe-jane-duke-u-implementuar-nga-komuna-e-ulqinit","status":"publish","type":"post","link":"https:\/\/www.visit-ulcinj.com\/blog\/2008\/01\/19\/projektet-qe-jane-duke-u-implementuar-nga-komuna-e-ulqinit\/","title":{"rendered":"Projektet qe jane duke u implementuar nga Komuna e Ulqinit"},"content":{"rendered":"<p><strong>Projektet qe jane duke u implementuar nga Komuna e Ulqinit<\/strong><\/p>\n<!--YouTube Error: bad URL entered-->\n<p>Komuna e Ulqinit e sidomos Kryetari i Komun\u00ebs s\u00eb Ulqinit G\u00ebzim Hajdinaga n\u00eb periudh\u00ebn n\u00eb vijim \u00ebsht\u00eb duke implementuar nj\u00eb s\u00ebr\u00eb projektesh, kryesisht infarstrukturore. Nj\u00eb pjes\u00eb e projekteve \u00ebsht\u00eb duke u implementuar n\u00eb bashk\u00ebpunim dhe bashk\u00ebfinancim me organizata t\u00eb ndryshme nd\u00ebrkomb\u00ebtare dhe vendase, nd\u00ebrsa pjesa tjet\u00ebr \u00ebsht\u00eb n\u00ebn financim t\u00eb plot\u00eb t\u00eb Komun\u00ebs s\u00eb Ulqinit.<!--more--><\/p>\n<p>Projektet q\u00eb jan\u00eb duke u implementuar n\u00eb bashk\u00ebpunim me organizatat vendore e sidomos 1500 metra t\u00eb shtyllave t\u00eb ndri\u00e7imit prej Bratice deri te hyrja e Ulqinit dhe prej Pompes s\u00eb vjet\u00ebr t\u00eb benzinit deri n\u00eb hyrje t\u00eb Komunes s\u00eb Ulqinit.Ky projekt duhet t\u00eb kushtoj afer 250 000 mij euro.<br \/>\nKryetari i Komun\u00ebs s\u00eb Ulqinit G\u00ebzim Hajdinaga tha se Komuna e Ulqinit vazhdon t\u00eb punoj\u00eb n\u00eb drejtim t\u00eb p\u00ebrmir\u00ebsimit t\u00eb infrastruktur\u00ebs n\u00eb komun\u00eb duke mos harruar edhe fshatrat t\u00eb cilat kan\u00eb m\u00eb shum\u00eb nevoj\u00eb. Ai theksoi se me nd\u00ebrtimin e kanalizimit n\u00eb Port Milen\u00eb do t\u00eb p\u00ebrmbyllet edhe nj\u00eb pun\u00eb e madhe q\u00eb do t\u00eb jet\u00eb n\u00eb p\u00ebrfitim t\u00eb qytetar\u00ebve t\u00eb Ulqinit.<br \/>\nQ\u00ebllimi final i projektit \u00ebsht\u00eb mund\u00ebsia e hyrjes s\u00eb kapitalit t\u00eb huaj n\u00eb komun\u00ebn e Ulqinit. Nj\u00ebkoh\u00ebsisht \u00ebsht\u00eb b\u00ebr\u00eb edhe identifikimi i t\u00eb gjitha lokacioneve t\u00eb lira t\u00eb cilat me planin detal urbanistik t\u00eb Ulqinit jan\u00eb parapar\u00eb p\u00ebr veprimtari industriale, gjegj\u00ebsisht p\u00ebr veprimtari me interes t\u00eb p\u00ebrgjithsh\u00ebm. \u00cbsht\u00eb duke u b\u00ebr\u00eb edhe identifikimi i pronar\u00ebve private, pron\u00ebsis\u00eb shtet\u00ebrore, infrastruktur\u00ebs aktuale, \u00e7mimi i lokacioneve, etj<br \/>\nN\u00eb fjal\u00ebn e tij Kryetari i Komun\u00ebs s\u00eb Ulqinit G\u00ebzim Hajdinaga theksoi se nd\u00ebrtimi i hall\u00ebs s\u00eb sporteve asht nj\u00eb nd\u00ebr prioritetet e tija fillestare, nd\u00ebrsa n\u00eb mesin e tyre projekteve t\u00eb realizuara deri tani brenda vitit t\u00eb par\u00eb t\u00eb qeverisjes rangohet nd\u00ebr m\u00eb t\u00eb vlefshmet dhe m\u00eb t\u00eb kushtueshmet nga Kryetari i Komun\u00ebs s\u00eb Ulqinit G\u00ebzim Hajdinaga.P\u00ebr m\u00eb tep\u00ebr, puna e suksesshme e Kryetarit t\u00eb Komun\u00ebs s\u00eb Ulqinit G\u00ebzim Hajdinaga d\u00ebshmon p\u00ebr k\u00ebt\u00eb me ngritjen e objekteve t\u00eb k\u00ebtilla ku arsimohen dhe shkollohen gjeneratat e reja e investimi n\u00eb to \u00ebsht\u00eb investimi m\u00eb i mir\u00eb p\u00ebr t\u00eb ardhmen e Ulqinit.<\/p>\n<p><strong>NES\u00cbR PRITET T\u00cb MBAHET MBLEDHJA E KUVENDIT T\u00cb KOMUN\u00cbS S\u00cb ULQINIT<\/strong><\/p>\n<p><strong>Buxheti pret drit\u00ebn jeshile nga Kuvendi<\/strong><\/p>\n<p>Ulqin \u2013 Mbledhja e par\u00eb e seanc\u00ebs s\u00eb par\u00eb t\u00eb Kuvendit t\u00eb Komun\u00ebs s\u00eb Ulqinit pritet t\u00eb mbahet nes\u00ebr dhe n\u00eb rendin e dit\u00ebs s\u00eb propozuar nga kryetari i Kuvendit t\u00eb Komun\u00ebs do t\u00eb jen\u00eb plot 22 pika.<br \/>\nK\u00ebshilltar\u00ebt pritet t\u00eb diskutojn\u00eb p\u00ebr buxhetin e Komun\u00ebs s\u00eb Ulqinit p\u00ebr vitin 2007, themelimin e Organizat\u00ebs Turistike t\u00eb Ulqinit, krijimin e servisit publik radio-difuziv \u201eRadio Ulqini\u201c, p\u00ebr ndarjen e Nd\u00ebrmarrjes Komunale Publike \u201eUlqini\u201c n\u00eb dy nd\u00ebrmarrje dhe organizimin e nd\u00ebrmarrjeve t\u00eb reja \u201eUj\u00ebsjell\u00ebsi dhe kanalizimi \u2013 Ulqini\u201c dhe \u201eNd\u00ebrmarrja Komunale Publike \u2013 Ulqini\u201c.<br \/>\nPo ashtu n\u00eb baz\u00eb t\u00eb rendit t\u00eb propozuar, k\u00ebshilltar\u00ebt do t\u00eb diskutojn\u00eb edhe p\u00ebr dh\u00ebnien e p\u00eblqimit p\u00ebr kthimin e \u201eUllisht\u00ebs s\u00eb Valdanosit\u201c, p\u00ebrfundimet lidhur me deponin\u00eb sanitare t\u00eb komun\u00ebs s\u00eb Ulqinit, p\u00ebrfundimet lidhur me mbrojtjen e kanaleve \u201eBratica\u201c dhe \u201ePort Milena\u201c, propozimin e vendimit p\u00ebr dh\u00ebnien e tok\u00ebs Bashk\u00ebsis\u00eb Islame t\u00eb Ulqinit p\u00ebr nd\u00ebrtimin e Xhamis\u00eb s\u00eb Mariner\u00ebve, si dhe p\u00ebr Projekt Statutin e Komun\u00ebs s\u00eb Ulqinit, i cili do t\u00eb shkoj\u00eb n\u00eb shqyrtim publik.<\/p>\n<p>Koha Press<\/p>\n","protected":false},"excerpt":{"rendered":"<p>NOT IMAGE<\/p>\n","protected":false},"author":1,"featured_media":0,"comment_status":"open","ping_status":"closed","sticky":false,"template":"","format":"standard","meta":{"spay_email":"","jetpack_publicize_message":"","jetpack_is_tweetstorm":false,"jetpack_publicize_feature_enabled":true},"categories":[],"tags":[],"jetpack_publicize_connections":[],"yoast_head":"<!-- This site is optimized with the Yoast SEO plugin v19.1 - https:\/\/yoast.com\/wordpress\/plugins\/seo\/ -->\n<title>Projektet qe jane duke u implementuar nga Komuna e Ulqinit - Lajme nga Ulqini<\/title>\n<meta name=\"description\" content=\"NOT IMAGE\" \/>\n<meta name=\"robots\" content=\"index, follow, max-snippet:-1, max-image-preview:large, max-video-preview:-1\" \/>\n<link rel=\"canonical\" href=\"https:\/\/www.visit-ulcinj.com\/blog\/2008\/01\/19\/projektet-qe-jane-duke-u-implementuar-nga-komuna-e-ulqinit\/\" \/>\n<meta property=\"og:locale\" content=\"en_US\" \/>\n<meta property=\"og:type\" content=\"article\" \/>\n<meta property=\"og:title\" content=\"Projektet qe jane duke u implementuar nga Komuna e Ulqinit - Lajme nga Ulqini\" \/>\n<meta property=\"og:description\" content=\"NOT IMAGE\" \/>\n<meta property=\"og:url\" content=\"https:\/\/www.visit-ulcinj.com\/blog\/2008\/01\/19\/projektet-qe-jane-duke-u-implementuar-nga-komuna-e-ulqinit\/\" \/>\n<meta property=\"og:site_name\" content=\"Lajme nga Ulqini\" \/>\n<meta property=\"article:published_time\" content=\"2008-01-19T22:58:46+00:00\" \/>\n<meta property=\"article:modified_time\" content=\"2008-02-13T00:11:31+00:00\" \/>\n<meta name=\"twitter:label1\" content=\"Written by\" \/>\n\t<meta name=\"twitter:data1\" content=\"ulqini\" \/>\n\t<meta name=\"twitter:label2\" content=\"Est. reading time\" \/>\n\t<meta name=\"twitter:data2\" content=\"3 minutes\" \/>\n<script type=\"application\/ld+json\" class=\"yoast-schema-graph\">{\"@context\":\"https:\/\/schema.org\",\"@graph\":[{\"@type\":\"WebSite\",\"@id\":\"https:\/\/www.visit-ulcinj.com\/blog\/#website\",\"url\":\"https:\/\/www.visit-ulcinj.com\/blog\/\",\"name\":\"Lajme nga Ulqini\",\"description\":\"Lajme,Vijesti,Ulqini,Ulqin,Crna Gora,Mali i Zi\",\"potentialAction\":[{\"@type\":\"SearchAction\",\"target\":{\"@type\":\"EntryPoint\",\"urlTemplate\":\"https:\/\/www.visit-ulcinj.com\/blog\/?s={search_term_string}\"},\"query-input\":\"required name=search_term_string\"}],\"inLanguage\":\"en-US\"},{\"@type\":\"WebPage\",\"@id\":\"https:\/\/www.visit-ulcinj.com\/blog\/2008\/01\/19\/projektet-qe-jane-duke-u-implementuar-nga-komuna-e-ulqinit\/#webpage\",\"url\":\"https:\/\/www.visit-ulcinj.com\/blog\/2008\/01\/19\/projektet-qe-jane-duke-u-implementuar-nga-komuna-e-ulqinit\/\",\"name\":\"Projektet qe jane duke u implementuar nga Komuna e Ulqinit - Lajme nga Ulqini\",\"isPartOf\":{\"@id\":\"https:\/\/www.visit-ulcinj.com\/blog\/#website\"},\"datePublished\":\"2008-01-19T22:58:46+00:00\",\"dateModified\":\"2008-02-13T00:11:31+00:00\",\"author\":{\"@id\":\"https:\/\/www.visit-ulcinj.com\/blog\/#\/schema\/person\/dcab619c614d3038751c63bc2aadc06d\"},\"description\":\"NOT IMAGE\",\"breadcrumb\":{\"@id\":\"https:\/\/www.visit-ulcinj.com\/blog\/2008\/01\/19\/projektet-qe-jane-duke-u-implementuar-nga-komuna-e-ulqinit\/#breadcrumb\"},\"inLanguage\":\"en-US\",\"potentialAction\":[{\"@type\":\"ReadAction\",\"target\":[\"https:\/\/www.visit-ulcinj.com\/blog\/2008\/01\/19\/projektet-qe-jane-duke-u-implementuar-nga-komuna-e-ulqinit\/\"]}]},{\"@type\":\"BreadcrumbList\",\"@id\":\"https:\/\/www.visit-ulcinj.com\/blog\/2008\/01\/19\/projektet-qe-jane-duke-u-implementuar-nga-komuna-e-ulqinit\/#breadcrumb\",\"itemListElement\":[{\"@type\":\"ListItem\",\"position\":1,\"name\":\"Projektet qe jane duke u implementuar nga Komuna e Ulqinit\"}]},{\"@type\":\"Person\",\"@id\":\"https:\/\/www.visit-ulcinj.com\/blog\/#\/schema\/person\/dcab619c614d3038751c63bc2aadc06d\",\"name\":\"ulqini\",\"sameAs\":[\"http:\/\/www.visit-ulcinj.com\"],\"url\":\"https:\/\/www.visit-ulcinj.com\/blog\/author\/admin\/\"}]}<\/script>\n<!-- \/ Yoast SEO plugin. -->","yoast_head_json":{"title":"Projektet qe jane duke u implementuar nga Komuna e Ulqinit - Lajme nga Ulqini","description":"NOT IMAGE","robots":{"index":"index","follow":"follow","max-snippet":"max-snippet:-1","max-image-preview":"max-image-preview:large","max-video-preview":"max-video-preview:-1"},"canonical":"https:\/\/www.visit-ulcinj.com\/blog\/2008\/01\/19\/projektet-qe-jane-duke-u-implementuar-nga-komuna-e-ulqinit\/","og_locale":"en_US","og_type":"article","og_title":"Projektet qe jane duke u implementuar nga Komuna e Ulqinit - Lajme nga Ulqini","og_description":"NOT IMAGE","og_url":"https:\/\/www.visit-ulcinj.com\/blog\/2008\/01\/19\/projektet-qe-jane-duke-u-implementuar-nga-komuna-e-ulqinit\/","og_site_name":"Lajme nga Ulqini","article_published_time":"2008-01-19T22:58:46+00:00","article_modified_time":"2008-02-13T00:11:31+00:00","twitter_misc":{"Written by":"ulqini","Est. reading time":"3 minutes"},"schema":{"@context":"https:\/\/schema.org","@graph":[{"@type":"WebSite","@id":"https:\/\/www.visit-ulcinj.com\/blog\/#website","url":"https:\/\/www.visit-ulcinj.com\/blog\/","name":"Lajme nga Ulqini","description":"Lajme,Vijesti,Ulqini,Ulqin,Crna Gora,Mali i Zi","potentialAction":[{"@type":"SearchAction","target":{"@type":"EntryPoint","urlTemplate":"https:\/\/www.visit-ulcinj.com\/blog\/?s={search_term_string}"},"query-input":"required name=search_term_string"}],"inLanguage":"en-US"},{"@type":"WebPage","@id":"https:\/\/www.visit-ulcinj.com\/blog\/2008\/01\/19\/projektet-qe-jane-duke-u-implementuar-nga-komuna-e-ulqinit\/#webpage","url":"https:\/\/www.visit-ulcinj.com\/blog\/2008\/01\/19\/projektet-qe-jane-duke-u-implementuar-nga-komuna-e-ulqinit\/","name":"Projektet qe jane duke u implementuar nga Komuna e Ulqinit - Lajme nga Ulqini","isPartOf":{"@id":"https:\/\/www.visit-ulcinj.com\/blog\/#website"},"datePublished":"2008-01-19T22:58:46+00:00","dateModified":"2008-02-13T00:11:31+00:00","author":{"@id":"https:\/\/www.visit-ulcinj.com\/blog\/#\/schema\/person\/dcab619c614d3038751c63bc2aadc06d"},"description":"NOT IMAGE","breadcrumb":{"@id":"https:\/\/www.visit-ulcinj.com\/blog\/2008\/01\/19\/projektet-qe-jane-duke-u-implementuar-nga-komuna-e-ulqinit\/#breadcrumb"},"inLanguage":"en-US","potentialAction":[{"@type":"ReadAction","target":["https:\/\/www.visit-ulcinj.com\/blog\/2008\/01\/19\/projektet-qe-jane-duke-u-implementuar-nga-komuna-e-ulqinit\/"]}]},{"@type":"BreadcrumbList","@id":"https:\/\/www.visit-ulcinj.com\/blog\/2008\/01\/19\/projektet-qe-jane-duke-u-implementuar-nga-komuna-e-ulqinit\/#breadcrumb","itemListElement":[{"@type":"ListItem","position":1,"name":"Projektet qe jane duke u implementuar nga Komuna e Ulqinit"}]},{"@type":"Person","@id":"https:\/\/www.visit-ulcinj.com\/blog\/#\/schema\/person\/dcab619c614d3038751c63bc2aadc06d","name":"ulqini","sameAs":["http:\/\/www.visit-ulcinj.com"],"url":"https:\/\/www.visit-ulcinj.com\/blog\/author\/admin\/"}]}},"jetpack_featured_media_url":"","jetpack_sharing_enabled":true,"jetpack_shortlink":"https:\/\/wp.me\/pe6lTn-3y","_links":{"self":[{"href":"https:\/\/www.visit-ulcinj.com\/blog\/wp-json\/wp\/v2\/posts\/220"}],"collection":[{"href":"https:\/\/www.visit-ulcinj.com\/blog\/wp-json\/wp\/v2\/posts"}],"about":[{"href":"https:\/\/www.visit-ulcinj.com\/blog\/wp-json\/wp\/v2\/types\/post"}],"author":[{"embeddable":true,"href":"https:\/\/www.visit-ulcinj.com\/blog\/wp-json\/wp\/v2\/users\/1"}],"replies":[{"embeddable":true,"href":"https:\/\/www.visit-ulcinj.com\/blog\/wp-json\/wp\/v2\/comments?post=220"}],"version-history":[{"count":0,"href":"https:\/\/www.visit-ulcinj.com\/blog\/wp-json\/wp\/v2\/posts\/220\/revisions"}],"wp:attachment":[{"href":"https:\/\/www.visit-ulcinj.com\/blog\/wp-json\/wp\/v2\/media?parent=220"}],"wp:term":[{"taxonomy":"category","embeddable":true,"href":"https:\/\/www.visit-ulcinj.com\/blog\/wp-json\/wp\/v2\/categories?post=220"},{"taxonomy":"post_tag","embeddable":true,"href":"https:\/\/www.visit-ulcinj.com\/blog\/wp-json\/wp\/v2\/tags?post=220"}],"curies":[{"name":"wp","href":"https:\/\/api.w.org\/{rel}","templated":true}]}}