{"id":22002,"date":"2009-05-24T21:33:55","date_gmt":"2009-05-24T19:33:55","guid":{"rendered":"http:\/\/www.visit-ulcinj.com\/blog\/?p=22002"},"modified":"2009-05-24T21:34:56","modified_gmt":"2009-05-24T19:34:56","slug":"medalje-te-bronzta-per-artan-zenunin-dhe-arben-kollarin","status":"publish","type":"post","link":"https:\/\/www.visit-ulcinj.com\/blog\/2009\/05\/24\/medalje-te-bronzta-per-artan-zenunin-dhe-arben-kollarin\/","title":{"rendered":"Medalje t\u00eb bronzta p\u00ebr Artan Zenunin dhe Arben Kollarin"},"content":{"rendered":"<p><img loading=\"lazy\" class=\"alignleft size-full wp-image-22003\" title=\"artan-zenuni-_-arben-kollari\" src=\"http:\/\/www.visit-ulcinj.com\/blog\/wp-content\/uploads\/2009\/05\/artan-zenuni-_-arben-kollari.jpg\" alt=\"artan-zenuni-_-arben-kollari\" width=\"339\" height=\"480\" \/>Turneu nd\u00ebrkomb\u00ebtar \u201cOlympic Open Sarajevo\u201d ishte i nj\u00eb niveli tep\u00ebr t\u00eb lart\u00eb dhe konkurrenca ishte tejet e fort\u00eb. N\u00eb t\u00eb mor\u00ebn pjes\u00eb mbi 600 garues t\u00eb 70 klubeve nga 17 vende t\u00eb ndryshme, n\u00eb mesin e t\u00eb cil\u00ebve edhe nga Irani, Turqia, Egjipti, Spanja, Kroacia, etj. q\u00eb njihen si vende n\u00eb t\u00eb cilat \u00ebsht\u00eb i zhvilluar sporti olimpik i taekwondos\u00eb.<br \/>\nGaruesit e Klubit t\u00eb Taekwondo-s\u00eb \u201cUlqini\u201d, Artan Zenuni dhe Arben Kollari fituan medalje t\u00eb bronzta n\u00eb Turneun nd\u00ebrkomb\u00ebtar \u201cOlympic Open Sarajevo\u201d q\u00eb u mbajt t\u00eb shtun\u00ebn dhe t\u00eb diel\u00ebn n\u00eb Sarajev\u00eb.<br \/>\nP\u00ebr t\u00eb arritur deri te medalja ata fituan nga dy lufta, nd\u00ebrsa humb\u00ebn luft\u00ebn e tret\u00eb. Zenuni humbi nga p\u00ebrfaq\u00ebsuesi Iranian, nd\u00ebrsa Kollari nga ai turk.<br \/>\nDy garuesit e tjer\u00eb t\u00eb KT \u201cUlqini\u201d q\u00eb mor\u00ebn pjes\u00eb n\u00eb k\u00ebt\u00eb turne, Arjeta Zatoviq dhe Besnik Shata, nuk arrit\u00ebn k\u00ebsaj radhe t\u00eb kuror\u00ebzohen me medalje. Ata fituan nga nj\u00eb luft\u00eb, por humb\u00ebn n\u00eb luft\u00ebn e dyt\u00eb.<br \/>\nTurneu nd\u00ebrkomb\u00ebtar \u201cOlympic Open Sarajevo\u201d ishte i nj\u00eb niveli tep\u00ebr t\u00eb lart\u00eb dhe konkurrenca ishte tejet e fort\u00eb. N\u00eb t\u00eb mor\u00ebn pjes\u00eb mbi 600 garues t\u00eb 70 klubeve nga 17 vende t\u00eb ndryshme, n\u00eb mesin e t\u00eb cil\u00ebve edhe nga Irani, Turqia, Egjipti, Spanja, Kroacia, etj. q\u00eb njihen si vende n\u00eb t\u00eb cilat \u00ebsht\u00eb i zhvilluar sporti olimpik i taekwondos\u00eb.<br \/>\nKryetrajneri i KT \u201cUlqini\u201d, Fikret Dushku, shprehet i k\u00ebnaqur me rezultatin e arritur duke e cil\u00ebsuar at\u00eb si sukses t\u00eb garuesve t\u00eb tij.<br \/>\n\u201cP\u00ebr k\u00ebt\u00eb turne t\u00eb k\u00ebtij niveli kemi b\u00ebr\u00eb p\u00ebrgatitje maksimale. Q\u00ebllimi yn\u00eb ishte q\u00eb t\u00eb fitojm\u00eb p\u00ebrvoj\u00eb m\u00eb t\u00eb madhe sportive. Jemi t\u00eb k\u00ebnaqur me rezultatet e arritura si dhe me paraqitjen dhe talentin e garuesve tan\u00eb\u201d, thot\u00eb ai.<br \/>\nDushku shpreson se n\u00eb t\u00eb ardhmen do t\u00eb vazhdojn\u00eb t\u00eb arrijn\u00eb rezultate edhe m\u00eb t\u00eb mira. Ai fal\u00ebnderon garuesit e k\u00ebtij klubi dhe sponsor\u00ebt p\u00ebr kontributin e dh\u00ebn\u00eb.<br \/>\nPjes\u00ebmarrja n\u00eb Turneun \u201cOlympic Open Sarajevo\u201d p\u00ebrb\u00ebn prezantimin e kat\u00ebrt t\u00eb garuesve t\u00eb KT \u201cUlqini\u201d n\u00eb turne nd\u00ebrkomb\u00ebtare t\u00eb nivelit t\u00eb lart\u00eb evropian.<\/p>\n<p><strong><br \/>\nKohapress<br \/>\n<\/strong><\/p>\n<p><strong>T\u00cb SHTUN\u00cbN N\u00cb ULQIN U MBAJT KAMPIONATI I MALIT T\u00cb ZI N\u00cb JU JITSU<br \/>\n<\/strong><\/p>\n<p><strong>\u201cAlbulena\u201d me dhjet\u00eb kampion\u00eb<br \/>\n<\/strong><\/p>\n<p>Kampion\u00eb t\u00eb Malit t\u00eb Zi u shpall\u00ebn Esat Nimanbegu, Katarina Kujunxhiq, Lindita Hoxhiq, Sretena Gjuriq, Azra Lihari, Aldina Kaleziq, Nikolla Hot, Xheneta Vu\u00e7iq, Besnik Adoviq, dhe kampion i dyfisht\u00eb n\u00eb kategorin\u00eb e kadet\u00ebve dhe junior\u00ebve, Nikolla Prodanoviq.<br \/>\nN\u00eb organizim t\u00eb Federat\u00ebs s\u00eb Ju Jitsu-s\u00eb s\u00eb Malit t\u00eb Zi dhe Klubit t\u00eb Ju Jitsu-s\u00eb \u201cAlbulena\u201d, t\u00eb shtun\u00ebn n\u00eb Ulqin u mbajt Kampionati i Malit t\u00eb Zi n\u00eb Ju Jitsu p\u00ebr t\u00eb gjitha grupmoshat.<br \/>\nN\u00eb Kampionat mor\u00ebn pjes\u00eb rreth 300 garues nga 13 klube: \u201cKipa\u201d, \u201cAS\u201d, \u201cOlimpico\u201d, \u201cIpon\u201d, \u201cMladost\u201d dhe \u201cDuklja\u201d nga Podgorica, \u201cIpon\u201d nga Mojkovaci, \u201cBudva\u201d, \u201cMornar\u201d-i nga Tivari, \u201cVukovi\u201d nga Plevla, \u201cSoko\u201d dhe \u201cSpartak\u201d nga Kotorri, si dhe \u201cAlbulena\u201d nga Ulqini.<br \/>\nN\u00eb renditjen e p\u00ebrgjithshme, vendin e par\u00eb e zuri \u201cSoko\u201d nga Kotorri, vendin e dyt\u00eb \u201cBudva\u201d, vendin e tret\u00eb \u201cIpon\u201d nga Podgorica, kurse \u201cAlbulena\u201d u rendit n\u00eb vendin e kat\u00ebrt.<br \/>\nGaruesit e Klubit t\u00eb Ju Jitsu-s\u00eb \u201cAlbulena\u201d fituan dhjet\u00eb medalje t\u00eb arta. K\u00ebshtu kampion\u00eb t\u00eb Malit t\u00eb Zi u shpall\u00ebn Esat Nimanbegu, Katarina Kujunxhiq, Lindita Hoxhiq, Sretena Gjuriq, Azra Lihari, Aldina Kaleziq, Nikolla Hot, Xheneta Vu\u00e7iq, Besnik Adoviq, dhe kampion i dyfisht\u00eb, n\u00eb kategorin\u00eb e kadet\u00ebve dhe junior\u00ebve, Nikolla Prodanoviq.<br \/>\nTrajneri i k\u00ebtij klubi, Agron Ujkashi, thot\u00eb se garuesit e tij kan\u00eb d\u00ebshmuar p\u00ebrgatitje t\u00eb mir\u00eb n\u00eb kampionatin e sivjetsh\u00ebm.<br \/>\n\u201cSivjet kemi arritur rezultate m\u00eb t\u00eb mira se vitin e kaluar, kur kemi pasur gjasht\u00eb kampion\u00eb t\u00eb Malit t\u00eb Zi\u201d, thot\u00eb ai.<br \/>\nTrajneri i Klubit t\u00eb Ju Jitsu-s\u00eb \u201cAlbulena\u201d b\u00ebn t\u00eb ditur se seminari veror si dhe p\u00ebrgatitjet e P\u00ebrfaq\u00ebsueses s\u00eb Malit t\u00eb Zi p\u00ebr Kampionatin Ballkanik n\u00eb Ju Jitsu i cili do t\u00eb mbahet n\u00eb Greqi do t\u00eb zhvillohen n\u00eb Ulqin.<\/p>\n<p><strong>I.Kallaba<\/strong><br \/>\n<strong>Koha Javore<br \/>\n<\/strong><\/p>\n","protected":false},"excerpt":{"rendered":"<p>Turneu nd\u00ebrkomb\u00ebtar \u201cOlympic Open Sarajevo\u201d ishte i nj\u00eb niveli tep\u00ebr t\u00eb lart\u00eb dhe konkurrenca ishte tejet e fort\u00eb. N\u00eb t\u00eb mor\u00ebn pjes\u00eb mbi 600 garues t\u00eb 70 klubeve nga 17 vende t\u00eb ndryshme, n\u00eb mesin e t\u00eb cil\u00ebve edhe nga Irani, Turqia, Egjipti, Spanja, Kroacia, etj. q\u00eb njihen si vende n\u00eb t\u00eb cilat \u00ebsht\u00eb i [&hellip;]<\/p>\n","protected":false},"author":1,"featured_media":0,"comment_status":"open","ping_status":"closed","sticky":false,"template":"","format":"standard","meta":{"spay_email":"","jetpack_publicize_message":"","jetpack_is_tweetstorm":false,"jetpack_publicize_feature_enabled":true},"categories":[3],"tags":[772,10728,7430,2970,10727,776,5612,10725,10732,10726,3147,10724,9550,95,10729,10730,10723,10734,9548,10731,10733,200,1821],"jetpack_publicize_connections":[],"yoast_head":"<!-- This site is optimized with the Yoast SEO plugin v19.1 - https:\/\/yoast.com\/wordpress\/plugins\/seo\/ -->\n<title>Medalje t\u00eb bronzta p\u00ebr Artan Zenunin dhe Arben Kollarin - Lajme nga Ulqini<\/title>\n<meta name=\"description\" content=\"Turneu nd\u00ebrkomb\u00ebtar \u201cOlympic Open Sarajevo\u201d ishte i nj\u00eb niveli tep\u00ebr t\u00eb lart\u00eb dhe konkurrenca ishte tejet e fort\u00eb. N\u00eb t\u00eb mor\u00ebn pjes\u00eb mbi 600 garues t\u00eb 70\" \/>\n<meta name=\"robots\" content=\"index, follow, max-snippet:-1, max-image-preview:large, max-video-preview:-1\" \/>\n<link rel=\"canonical\" href=\"https:\/\/www.visit-ulcinj.com\/blog\/2009\/05\/24\/medalje-te-bronzta-per-artan-zenunin-dhe-arben-kollarin\/\" \/>\n<meta property=\"og:locale\" content=\"en_US\" \/>\n<meta property=\"og:type\" content=\"article\" \/>\n<meta property=\"og:title\" content=\"Medalje t\u00eb bronzta p\u00ebr Artan Zenunin dhe Arben Kollarin - Lajme nga Ulqini\" \/>\n<meta property=\"og:description\" content=\"Turneu nd\u00ebrkomb\u00ebtar \u201cOlympic Open Sarajevo\u201d ishte i nj\u00eb niveli tep\u00ebr t\u00eb lart\u00eb dhe konkurrenca ishte tejet e fort\u00eb. N\u00eb t\u00eb mor\u00ebn pjes\u00eb mbi 600 garues t\u00eb 70\" \/>\n<meta property=\"og:url\" content=\"https:\/\/www.visit-ulcinj.com\/blog\/2009\/05\/24\/medalje-te-bronzta-per-artan-zenunin-dhe-arben-kollarin\/\" \/>\n<meta property=\"og:site_name\" content=\"Lajme nga Ulqini\" \/>\n<meta property=\"article:published_time\" content=\"2009-05-24T19:33:55+00:00\" \/>\n<meta property=\"article:modified_time\" content=\"2009-05-24T19:34:56+00:00\" \/>\n<meta property=\"og:image\" content=\"http:\/\/www.visit-ulcinj.com\/blog\/wp-content\/uploads\/2009\/05\/artan-zenuni-_-arben-kollari.jpg\" \/>\n<meta name=\"twitter:label1\" content=\"Written by\" \/>\n\t<meta name=\"twitter:data1\" content=\"ulqini\" \/>\n\t<meta name=\"twitter:label2\" content=\"Est. reading time\" \/>\n\t<meta name=\"twitter:data2\" content=\"3 minutes\" \/>\n<script type=\"application\/ld+json\" class=\"yoast-schema-graph\">{\"@context\":\"https:\/\/schema.org\",\"@graph\":[{\"@type\":\"WebSite\",\"@id\":\"https:\/\/www.visit-ulcinj.com\/blog\/#website\",\"url\":\"https:\/\/www.visit-ulcinj.com\/blog\/\",\"name\":\"Lajme nga Ulqini\",\"description\":\"Lajme,Vijesti,Ulqini,Ulqin,Crna Gora,Mali i Zi\",\"potentialAction\":[{\"@type\":\"SearchAction\",\"target\":{\"@type\":\"EntryPoint\",\"urlTemplate\":\"https:\/\/www.visit-ulcinj.com\/blog\/?s={search_term_string}\"},\"query-input\":\"required name=search_term_string\"}],\"inLanguage\":\"en-US\"},{\"@type\":\"ImageObject\",\"inLanguage\":\"en-US\",\"@id\":\"https:\/\/www.visit-ulcinj.com\/blog\/2009\/05\/24\/medalje-te-bronzta-per-artan-zenunin-dhe-arben-kollarin\/#primaryimage\",\"url\":\"https:\/\/www.visit-ulcinj.com\/blog\/wp-content\/uploads\/2009\/05\/artan-zenuni-_-arben-kollari.jpg\",\"contentUrl\":\"https:\/\/www.visit-ulcinj.com\/blog\/wp-content\/uploads\/2009\/05\/artan-zenuni-_-arben-kollari.jpg\",\"width\":\"300\",\"height\":\"341\"},{\"@type\":\"WebPage\",\"@id\":\"https:\/\/www.visit-ulcinj.com\/blog\/2009\/05\/24\/medalje-te-bronzta-per-artan-zenunin-dhe-arben-kollarin\/#webpage\",\"url\":\"https:\/\/www.visit-ulcinj.com\/blog\/2009\/05\/24\/medalje-te-bronzta-per-artan-zenunin-dhe-arben-kollarin\/\",\"name\":\"Medalje t\u00eb bronzta p\u00ebr Artan Zenunin dhe Arben Kollarin - Lajme nga Ulqini\",\"isPartOf\":{\"@id\":\"https:\/\/www.visit-ulcinj.com\/blog\/#website\"},\"primaryImageOfPage\":{\"@id\":\"https:\/\/www.visit-ulcinj.com\/blog\/2009\/05\/24\/medalje-te-bronzta-per-artan-zenunin-dhe-arben-kollarin\/#primaryimage\"},\"datePublished\":\"2009-05-24T19:33:55+00:00\",\"dateModified\":\"2009-05-24T19:34:56+00:00\",\"author\":{\"@id\":\"https:\/\/www.visit-ulcinj.com\/blog\/#\/schema\/person\/dcab619c614d3038751c63bc2aadc06d\"},\"description\":\"Turneu nd\u00ebrkomb\u00ebtar \u201cOlympic Open Sarajevo\u201d ishte i nj\u00eb niveli tep\u00ebr t\u00eb lart\u00eb dhe konkurrenca ishte tejet e fort\u00eb. N\u00eb t\u00eb mor\u00ebn pjes\u00eb mbi 600 garues t\u00eb 70\",\"breadcrumb\":{\"@id\":\"https:\/\/www.visit-ulcinj.com\/blog\/2009\/05\/24\/medalje-te-bronzta-per-artan-zenunin-dhe-arben-kollarin\/#breadcrumb\"},\"inLanguage\":\"en-US\",\"potentialAction\":[{\"@type\":\"ReadAction\",\"target\":[\"https:\/\/www.visit-ulcinj.com\/blog\/2009\/05\/24\/medalje-te-bronzta-per-artan-zenunin-dhe-arben-kollarin\/\"]}]},{\"@type\":\"BreadcrumbList\",\"@id\":\"https:\/\/www.visit-ulcinj.com\/blog\/2009\/05\/24\/medalje-te-bronzta-per-artan-zenunin-dhe-arben-kollarin\/#breadcrumb\",\"itemListElement\":[{\"@type\":\"ListItem\",\"position\":1,\"name\":\"Medalje t\u00eb bronzta p\u00ebr Artan Zenunin dhe Arben Kollarin\"}]},{\"@type\":\"Person\",\"@id\":\"https:\/\/www.visit-ulcinj.com\/blog\/#\/schema\/person\/dcab619c614d3038751c63bc2aadc06d\",\"name\":\"ulqini\",\"sameAs\":[\"http:\/\/www.visit-ulcinj.com\"],\"url\":\"https:\/\/www.visit-ulcinj.com\/blog\/author\/admin\/\"}]}<\/script>\n<!-- \/ Yoast SEO plugin. -->","yoast_head_json":{"title":"Medalje t\u00eb bronzta p\u00ebr Artan Zenunin dhe Arben Kollarin - Lajme nga Ulqini","description":"Turneu nd\u00ebrkomb\u00ebtar \u201cOlympic Open Sarajevo\u201d ishte i nj\u00eb niveli tep\u00ebr t\u00eb lart\u00eb dhe konkurrenca ishte tejet e fort\u00eb. N\u00eb t\u00eb mor\u00ebn pjes\u00eb mbi 600 garues t\u00eb 70","robots":{"index":"index","follow":"follow","max-snippet":"max-snippet:-1","max-image-preview":"max-image-preview:large","max-video-preview":"max-video-preview:-1"},"canonical":"https:\/\/www.visit-ulcinj.com\/blog\/2009\/05\/24\/medalje-te-bronzta-per-artan-zenunin-dhe-arben-kollarin\/","og_locale":"en_US","og_type":"article","og_title":"Medalje t\u00eb bronzta p\u00ebr Artan Zenunin dhe Arben Kollarin - Lajme nga Ulqini","og_description":"Turneu nd\u00ebrkomb\u00ebtar \u201cOlympic Open Sarajevo\u201d ishte i nj\u00eb niveli tep\u00ebr t\u00eb lart\u00eb dhe konkurrenca ishte tejet e fort\u00eb. N\u00eb t\u00eb mor\u00ebn pjes\u00eb mbi 600 garues t\u00eb 70","og_url":"https:\/\/www.visit-ulcinj.com\/blog\/2009\/05\/24\/medalje-te-bronzta-per-artan-zenunin-dhe-arben-kollarin\/","og_site_name":"Lajme nga Ulqini","article_published_time":"2009-05-24T19:33:55+00:00","article_modified_time":"2009-05-24T19:34:56+00:00","og_image":[{"url":"http:\/\/www.visit-ulcinj.com\/blog\/wp-content\/uploads\/2009\/05\/artan-zenuni-_-arben-kollari.jpg"}],"twitter_misc":{"Written by":"ulqini","Est. reading time":"3 minutes"},"schema":{"@context":"https:\/\/schema.org","@graph":[{"@type":"WebSite","@id":"https:\/\/www.visit-ulcinj.com\/blog\/#website","url":"https:\/\/www.visit-ulcinj.com\/blog\/","name":"Lajme nga Ulqini","description":"Lajme,Vijesti,Ulqini,Ulqin,Crna Gora,Mali i Zi","potentialAction":[{"@type":"SearchAction","target":{"@type":"EntryPoint","urlTemplate":"https:\/\/www.visit-ulcinj.com\/blog\/?s={search_term_string}"},"query-input":"required name=search_term_string"}],"inLanguage":"en-US"},{"@type":"ImageObject","inLanguage":"en-US","@id":"https:\/\/www.visit-ulcinj.com\/blog\/2009\/05\/24\/medalje-te-bronzta-per-artan-zenunin-dhe-arben-kollarin\/#primaryimage","url":"https:\/\/www.visit-ulcinj.com\/blog\/wp-content\/uploads\/2009\/05\/artan-zenuni-_-arben-kollari.jpg","contentUrl":"https:\/\/www.visit-ulcinj.com\/blog\/wp-content\/uploads\/2009\/05\/artan-zenuni-_-arben-kollari.jpg","width":"300","height":"341"},{"@type":"WebPage","@id":"https:\/\/www.visit-ulcinj.com\/blog\/2009\/05\/24\/medalje-te-bronzta-per-artan-zenunin-dhe-arben-kollarin\/#webpage","url":"https:\/\/www.visit-ulcinj.com\/blog\/2009\/05\/24\/medalje-te-bronzta-per-artan-zenunin-dhe-arben-kollarin\/","name":"Medalje t\u00eb bronzta p\u00ebr Artan Zenunin dhe Arben Kollarin - Lajme nga Ulqini","isPartOf":{"@id":"https:\/\/www.visit-ulcinj.com\/blog\/#website"},"primaryImageOfPage":{"@id":"https:\/\/www.visit-ulcinj.com\/blog\/2009\/05\/24\/medalje-te-bronzta-per-artan-zenunin-dhe-arben-kollarin\/#primaryimage"},"datePublished":"2009-05-24T19:33:55+00:00","dateModified":"2009-05-24T19:34:56+00:00","author":{"@id":"https:\/\/www.visit-ulcinj.com\/blog\/#\/schema\/person\/dcab619c614d3038751c63bc2aadc06d"},"description":"Turneu nd\u00ebrkomb\u00ebtar \u201cOlympic Open Sarajevo\u201d ishte i nj\u00eb niveli tep\u00ebr t\u00eb lart\u00eb dhe konkurrenca ishte tejet e fort\u00eb. N\u00eb t\u00eb mor\u00ebn pjes\u00eb mbi 600 garues t\u00eb 70","breadcrumb":{"@id":"https:\/\/www.visit-ulcinj.com\/blog\/2009\/05\/24\/medalje-te-bronzta-per-artan-zenunin-dhe-arben-kollarin\/#breadcrumb"},"inLanguage":"en-US","potentialAction":[{"@type":"ReadAction","target":["https:\/\/www.visit-ulcinj.com\/blog\/2009\/05\/24\/medalje-te-bronzta-per-artan-zenunin-dhe-arben-kollarin\/"]}]},{"@type":"BreadcrumbList","@id":"https:\/\/www.visit-ulcinj.com\/blog\/2009\/05\/24\/medalje-te-bronzta-per-artan-zenunin-dhe-arben-kollarin\/#breadcrumb","itemListElement":[{"@type":"ListItem","position":1,"name":"Medalje t\u00eb bronzta p\u00ebr Artan Zenunin dhe Arben Kollarin"}]},{"@type":"Person","@id":"https:\/\/www.visit-ulcinj.com\/blog\/#\/schema\/person\/dcab619c614d3038751c63bc2aadc06d","name":"ulqini","sameAs":["http:\/\/www.visit-ulcinj.com"],"url":"https:\/\/www.visit-ulcinj.com\/blog\/author\/admin\/"}]}},"jetpack_featured_media_url":"","jetpack_sharing_enabled":true,"jetpack_shortlink":"https:\/\/wp.me\/pe6lTn-5IS","_links":{"self":[{"href":"https:\/\/www.visit-ulcinj.com\/blog\/wp-json\/wp\/v2\/posts\/22002"}],"collection":[{"href":"https:\/\/www.visit-ulcinj.com\/blog\/wp-json\/wp\/v2\/posts"}],"about":[{"href":"https:\/\/www.visit-ulcinj.com\/blog\/wp-json\/wp\/v2\/types\/post"}],"author":[{"embeddable":true,"href":"https:\/\/www.visit-ulcinj.com\/blog\/wp-json\/wp\/v2\/users\/1"}],"replies":[{"embeddable":true,"href":"https:\/\/www.visit-ulcinj.com\/blog\/wp-json\/wp\/v2\/comments?post=22002"}],"version-history":[{"count":0,"href":"https:\/\/www.visit-ulcinj.com\/blog\/wp-json\/wp\/v2\/posts\/22002\/revisions"}],"wp:attachment":[{"href":"https:\/\/www.visit-ulcinj.com\/blog\/wp-json\/wp\/v2\/media?parent=22002"}],"wp:term":[{"taxonomy":"category","embeddable":true,"href":"https:\/\/www.visit-ulcinj.com\/blog\/wp-json\/wp\/v2\/categories?post=22002"},{"taxonomy":"post_tag","embeddable":true,"href":"https:\/\/www.visit-ulcinj.com\/blog\/wp-json\/wp\/v2\/tags?post=22002"}],"curies":[{"name":"wp","href":"https:\/\/api.w.org\/{rel}","templated":true}]}}