{"id":22007,"date":"2009-05-25T10:11:16","date_gmt":"2009-05-25T08:11:16","guid":{"rendered":"http:\/\/www.visit-ulcinj.com\/blog\/?p=22007"},"modified":"2009-05-25T14:17:06","modified_gmt":"2009-05-25T12:17:06","slug":"ulqini-ne-vitet-e-lidhjes-shqiptare-te-prizrenit-1878-1881-21","status":"publish","type":"post","link":"https:\/\/www.visit-ulcinj.com\/blog\/2009\/05\/25\/ulqini-ne-vitet-e-lidhjes-shqiptare-te-prizrenit-1878-1881-21\/","title":{"rendered":"Ulqini n\u00eb vitet e lidhjes shqiptare t\u00eb Prizrenit 1878-1881 (21)"},"content":{"rendered":"<p><strong><img loading=\"lazy\" class=\"alignleft size-full wp-image-22008\" title=\"ulqini-i-vjeter\" src=\"http:\/\/www.visit-ulcinj.com\/blog\/wp-content\/uploads\/2009\/05\/ulqini-i-vjeter.jpg\" alt=\"ulqini-i-vjeter\" width=\"580\" height=\"391\" \/>Fushata diplomatike<\/strong><br \/>\nN\u00eb lajmet q\u00eb vinin nga Shkodra thuhej se populli i Shkodr\u00ebs brohoriste q\u00eb shqiptar\u00ebt duhet t\u2019i marrin p\u00ebrs\u00ebri t\u00eb gjitha territoret q\u00eb i kishte marr\u00eb Mali i Zi. Banor\u00ebt e Ulqinit thoshin gjithashtu se me kurrfar\u00eb kushti nuk do t\u00eb rrinin n\u00ebn Malin e Zi. Dega e Shkodr\u00ebs p\u00ebrdorte parull\u00ebn ushtarake: \u201cT\u00eb veprojm\u00eb s\u00eb bashku, t\u00eb lidhemi s\u00eb bashku, t\u00eb vdesim s\u00eb bashku\u201d.<br \/>\nEdhe konsulli britanik, Grin, n\u00eb dhjet\u00ebdit\u00ebshin e par\u00eb t\u00eb muajit korrik filloi aksionin e vet ndaj udh\u00ebheq\u00ebsve t\u00eb Lidhjes Shqiptare p\u00ebr Shkod\u00ebr. Q\u00ebllimi i tij ishte t\u2019i thyente dy krer\u00ebt \u2013 Hodo pash\u00eb Sokolin dhe Prek\u00eb Bib\u00eb Dod\u00ebn. Grini i njoftoi t\u00eb dy se Londra po nd\u00ebrmjet\u00ebsonte te Fuqit\u00eb e M\u00ebdha q\u00eb Sanxhaku i Shkodr\u00ebs t\u00eb ndahej n\u00eb dy sanxhaqe t\u00eb cil\u00ebt do t\u00eb kishin nga disa priviliegje autonomiste. Nj\u00ebri sanxhak do t\u00eb p\u00ebrfshinte viset malore katolike dhe n\u00eb krye t\u00eb tij do t\u00eb caktohej Prek\u00eb Bib\u00eb Doda, nd\u00ebrsa sanxhaku i dyt\u00eb do t\u00eb p\u00ebrfshinte viset fushore myslimane n\u00eb krye me Hodo pash\u00eb Sokolin. P\u00ebr realizimin e k\u00ebtij projekti, Grini vinte dy kushte: 1. Q\u00eb shqiptar\u00ebt t\u00eb mos kund\u00ebrshtonin dor\u00ebzimin e Ulqinit, dhe 2. Propozimi p\u00ebr caktimin e kryetar\u00ebve t\u00eb dy sanxhaqeve t\u00eb dilte nga vet\u00eb shqiptar\u00ebt. Mir\u00ebpo, edhe kjo p\u00ebrpjekje nuk dha rezultat.<br \/>\nShqiptar\u00ebt ishin pushtuar nga nj\u00eb entuziaz\u00ebm i madh patriotik lidhur me mbrojtjen e rajoneve q\u00eb Fuqit\u00eb e M\u00ebdha ia kishin premtuar Malit t\u00eb Zi.<br \/>\nT\u00eb gjith\u00eb kapidan\u00ebt dhe patriot\u00ebt e lundrave shqiptare, t\u00eb cil\u00ebt jetonin dhe kishin si burim jetese vet\u00ebm detin dhe q\u00eb n\u00eb det kishin interesat jetike, duke ndjekur gjurm\u00ebt e t\u00eb gjith\u00eb bashkatdhetar\u00ebve t\u00eb tjer\u00eb t\u00eb mal\u00ebsive dhe thirrjen e Komitetit t\u00eb Lidhjes, i braktis\u00ebn pun\u00ebt e tyre dhe anijet e tyre duke i t\u00ebrhequr n\u00eb tok\u00eb e shpesh edhe ata q\u00eb i kishin marr\u00eb me qira dhe q\u00eb ishin plot mallra, i rrok\u00ebn arm\u00ebt dhe vrapuan p\u00ebr t\u2019u rreshtuar n\u00ebn flamurin e ngritur nga Lidhja Shqiptare p\u00ebr t\u00eb mbrojtur tok\u00ebn e tyre.<br \/>\nN\u00eb mes t\u00eb vullnetar\u00ebve shqiptar\u00eb qarkullonin parulla prej goj\u00ebs n\u00eb goj\u00eb: \u201cM\u00eb mir\u00eb t\u00eb vdesim, sesa t\u2019i l\u00ebshojm\u00eb Malit t\u00eb Zi qoft\u00eb edhe nj\u00eb p\u00ebll\u00ebmb\u00eb tok\u00eb\u201d. Njoftohej se shqiptar\u00ebt ishin t\u00eb furnizuar si me t\u00eb holla, ashtu edhe me gj\u00ebrat m\u00eb t\u00eb nevojshme p\u00ebr ushqim. Theksohej se numri i shqiptar\u00ebve t\u00eb vendosur n\u00eb mes t\u00eb Ulqinit, malit Mozhurr dhe viseve rreth e rrotull gjat\u00eb dit\u00ebve t\u00eb fundit ishte shtuar.<br \/>\nN\u00eb lajmet q\u00eb vinin nga Shkodra thuhej se populli i Shkodr\u00ebs brohoriste q\u00eb shqiptar\u00ebt duhet t\u2019i marrin p\u00ebrs\u00ebri t\u00eb gjitha territoret q\u00eb i kishte marr\u00eb Mali i Zi. Banor\u00ebt e Ulqinit thoshin gjithashtu se me kurrfar\u00eb kushti nuk do t\u00eb rrinin n\u00ebn Malin e Zi.<br \/>\nDega e Shkodr\u00ebs p\u00ebrdorte parull\u00ebn ushtarake: \u201cT\u00eb veprojm\u00eb s\u00eb bashku, t\u00eb lidhemi s\u00eb bashku, t\u00eb vdesim s\u00eb bashku\u201d.<br \/>\nLidhur me realizimin e vendimit q\u00eb Malit t\u00eb Zi t\u2019i jepet Ulqini zhvillohej nj\u00eb manov\u00ebr e pand\u00ebrprer\u00eb diplomatike. Ishte \u00e7\u00ebshtja se si t\u00eb detyrohej Porta e Lart\u00eb t\u00eb zbatonte ose Protokollin e 18 prillit ose dor\u00ebzimin e Ulqinit me rrethina.<br \/>\nN\u00eb k\u00ebt\u00eb fush\u00eb diplomatike Britania e Madhe nd\u00ebrhynte pran\u00eb kabineteve t\u00eb Fuqive t\u00eb M\u00ebdha q\u00eb t\u00eb organizonin flot\u00ebn e p\u00ebrbashk\u00ebt q\u00eb do t\u00eb demonstronte para Ulqinit. Qeveria britanike kujtonte se nj\u00eb demonstrat\u00eb detare n\u00eb uj\u00ebrat e Ulqinit do t\u2019i sh\u00ebrbente p\u00ebr t\u2019i bindur turqit q\u00eb t\u00eb mos mendonin se Evropa nuk do t\u00eb nd\u00ebrhynte n\u00eb \u00e7\u00ebshtjen e Ulqinit.<br \/>\nPrinci gjerman Hohenlohe thoshte se Porta e Lart\u00eb, pas skadimit t\u00eb afatit trijavor, po qe se nuk e zbaton vendimin e caktuar, do t\u00eb duhej t\u00eb bashkohej me Fuqit\u00eb e M\u00ebdha p\u00ebr ta ndihmuar Malin e Zi p\u00ebr t\u00eb v\u00ebn\u00eb n\u00eb zot\u00ebrim territorin e Ulqinit. Mir\u00ebpo, ajo rezervohej gjithnj\u00eb kur shtrohej \u00e7\u00ebshtja e pjes\u00ebmarrjes aktive n\u00eb demonstrimin eventual t\u00eb flot\u00ebs nd\u00ebrkomb\u00ebtare p\u00ebr t\u2019i ndihmuar aksionit t\u00eb Malit t\u00eb Zi.<br \/>\nKjo \u00e7\u00ebshtje qe shtyr\u00eb p\u00ebr nj\u00eb koh\u00eb. Thuhej se, edhe po qe se do t\u00eb vendosej p\u00ebr nj\u00eb demonstrim kolektiv detar, do t\u00eb duhej t\u00eb p\u00ebrjashtohej krejt\u00ebsisht zbarkimi n\u00eb tok\u00eb, lundrimi i vapor\u00ebve n\u00eb Bun\u00eb ose n\u00eb liqenin e Shkodr\u00ebs. P\u00ebr numrin e anijeve, q\u00eb do t\u00eb ofronte \u00e7do shtet ve\u00e7 e ve\u00e7 p\u00ebr flot\u00ebn e bashkuar, do t\u00eb vendosej m\u00eb von\u00eb.<br \/>\nGjithashtu k\u00ebrkohej q\u00eb secila nga Fuqit\u00eb e M\u00ebdha t\u00eb hiqte dor\u00eb q\u00eb n\u00eb start nga q\u00ebllimet n\u00eb dobi t\u00eb tyre.<\/p>\n<p><strong>Mr. Riza Rexha<br \/>\nKoha Javore<\/strong><\/p>\n<!--YouTube Error: bad URL entered-->\n","protected":false},"excerpt":{"rendered":"<p>Fushata diplomatike N\u00eb lajmet q\u00eb vinin nga Shkodra thuhej se populli i Shkodr\u00ebs brohoriste q\u00eb shqiptar\u00ebt duhet t\u2019i marrin p\u00ebrs\u00ebri t\u00eb gjitha territoret q\u00eb i kishte marr\u00eb Mali i Zi. Banor\u00ebt e Ulqinit thoshin gjithashtu se me kurrfar\u00eb kushti nuk do t\u00eb rrinin n\u00ebn Malin e Zi. Dega e Shkodr\u00ebs p\u00ebrdorte parull\u00ebn ushtarake: \u201cT\u00eb veprojm\u00eb [&hellip;]<\/p>\n","protected":false},"author":1,"featured_media":0,"comment_status":"open","ping_status":"closed","sticky":false,"template":"","format":"standard","meta":{"spay_email":"","jetpack_publicize_message":"","jetpack_is_tweetstorm":false,"jetpack_publicize_feature_enabled":true},"categories":[4],"tags":[5396,95,41,1655,200,18],"jetpack_publicize_connections":[],"yoast_head":"<!-- This site is optimized with the Yoast SEO plugin v19.1 - https:\/\/yoast.com\/wordpress\/plugins\/seo\/ -->\n<title>Ulqini n\u00eb vitet e lidhjes shqiptare t\u00eb Prizrenit 1878-1881 (21) - Lajme nga Ulqini<\/title>\n<meta name=\"description\" content=\"Fushata diplomatike N\u00eb lajmet q\u00eb vinin nga Shkodra thuhej se populli i Shkodr\u00ebs brohoriste q\u00eb shqiptar\u00ebt duhet t\u2019i marrin p\u00ebrs\u00ebri t\u00eb gjitha territoret q\u00eb\" \/>\n<meta name=\"robots\" content=\"index, follow, max-snippet:-1, max-image-preview:large, max-video-preview:-1\" \/>\n<link rel=\"canonical\" href=\"https:\/\/www.visit-ulcinj.com\/blog\/2009\/05\/25\/ulqini-ne-vitet-e-lidhjes-shqiptare-te-prizrenit-1878-1881-21\/\" \/>\n<meta property=\"og:locale\" content=\"en_US\" \/>\n<meta property=\"og:type\" content=\"article\" \/>\n<meta property=\"og:title\" content=\"Ulqini n\u00eb vitet e lidhjes shqiptare t\u00eb Prizrenit 1878-1881 (21) - Lajme nga Ulqini\" \/>\n<meta property=\"og:description\" content=\"Fushata diplomatike N\u00eb lajmet q\u00eb vinin nga Shkodra thuhej se populli i Shkodr\u00ebs brohoriste q\u00eb shqiptar\u00ebt duhet t\u2019i marrin p\u00ebrs\u00ebri t\u00eb gjitha territoret q\u00eb\" \/>\n<meta property=\"og:url\" content=\"https:\/\/www.visit-ulcinj.com\/blog\/2009\/05\/25\/ulqini-ne-vitet-e-lidhjes-shqiptare-te-prizrenit-1878-1881-21\/\" \/>\n<meta property=\"og:site_name\" content=\"Lajme nga Ulqini\" \/>\n<meta property=\"article:published_time\" content=\"2009-05-25T08:11:16+00:00\" \/>\n<meta property=\"article:modified_time\" content=\"2009-05-25T12:17:06+00:00\" \/>\n<meta property=\"og:image\" content=\"http:\/\/www.visit-ulcinj.com\/blog\/wp-content\/uploads\/2009\/05\/ulqini-i-vjeter.jpg\" \/>\n<meta name=\"twitter:label1\" content=\"Written by\" \/>\n\t<meta name=\"twitter:data1\" content=\"ulqini\" \/>\n\t<meta name=\"twitter:label2\" content=\"Est. reading time\" \/>\n\t<meta name=\"twitter:data2\" content=\"4 minutes\" \/>\n<script type=\"application\/ld+json\" class=\"yoast-schema-graph\">{\"@context\":\"https:\/\/schema.org\",\"@graph\":[{\"@type\":\"WebSite\",\"@id\":\"https:\/\/www.visit-ulcinj.com\/blog\/#website\",\"url\":\"https:\/\/www.visit-ulcinj.com\/blog\/\",\"name\":\"Lajme nga Ulqini\",\"description\":\"Lajme,Vijesti,Ulqini,Ulqin,Crna Gora,Mali i Zi\",\"potentialAction\":[{\"@type\":\"SearchAction\",\"target\":{\"@type\":\"EntryPoint\",\"urlTemplate\":\"https:\/\/www.visit-ulcinj.com\/blog\/?s={search_term_string}\"},\"query-input\":\"required name=search_term_string\"}],\"inLanguage\":\"en-US\"},{\"@type\":\"ImageObject\",\"inLanguage\":\"en-US\",\"@id\":\"https:\/\/www.visit-ulcinj.com\/blog\/2009\/05\/25\/ulqini-ne-vitet-e-lidhjes-shqiptare-te-prizrenit-1878-1881-21\/#primaryimage\",\"url\":\"https:\/\/www.visit-ulcinj.com\/blog\/wp-content\/uploads\/2009\/05\/ulqini-i-vjeter.jpg\",\"contentUrl\":\"https:\/\/www.visit-ulcinj.com\/blog\/wp-content\/uploads\/2009\/05\/ulqini-i-vjeter.jpg\",\"width\":\"640\",\"height\":\"391\"},{\"@type\":\"WebPage\",\"@id\":\"https:\/\/www.visit-ulcinj.com\/blog\/2009\/05\/25\/ulqini-ne-vitet-e-lidhjes-shqiptare-te-prizrenit-1878-1881-21\/#webpage\",\"url\":\"https:\/\/www.visit-ulcinj.com\/blog\/2009\/05\/25\/ulqini-ne-vitet-e-lidhjes-shqiptare-te-prizrenit-1878-1881-21\/\",\"name\":\"Ulqini n\u00eb vitet e lidhjes shqiptare t\u00eb Prizrenit 1878-1881 (21) - Lajme nga Ulqini\",\"isPartOf\":{\"@id\":\"https:\/\/www.visit-ulcinj.com\/blog\/#website\"},\"primaryImageOfPage\":{\"@id\":\"https:\/\/www.visit-ulcinj.com\/blog\/2009\/05\/25\/ulqini-ne-vitet-e-lidhjes-shqiptare-te-prizrenit-1878-1881-21\/#primaryimage\"},\"datePublished\":\"2009-05-25T08:11:16+00:00\",\"dateModified\":\"2009-05-25T12:17:06+00:00\",\"author\":{\"@id\":\"https:\/\/www.visit-ulcinj.com\/blog\/#\/schema\/person\/dcab619c614d3038751c63bc2aadc06d\"},\"description\":\"Fushata diplomatike N\u00eb lajmet q\u00eb vinin nga Shkodra thuhej se populli i Shkodr\u00ebs brohoriste q\u00eb shqiptar\u00ebt duhet t\u2019i marrin p\u00ebrs\u00ebri t\u00eb gjitha territoret q\u00eb\",\"breadcrumb\":{\"@id\":\"https:\/\/www.visit-ulcinj.com\/blog\/2009\/05\/25\/ulqini-ne-vitet-e-lidhjes-shqiptare-te-prizrenit-1878-1881-21\/#breadcrumb\"},\"inLanguage\":\"en-US\",\"potentialAction\":[{\"@type\":\"ReadAction\",\"target\":[\"https:\/\/www.visit-ulcinj.com\/blog\/2009\/05\/25\/ulqini-ne-vitet-e-lidhjes-shqiptare-te-prizrenit-1878-1881-21\/\"]}]},{\"@type\":\"BreadcrumbList\",\"@id\":\"https:\/\/www.visit-ulcinj.com\/blog\/2009\/05\/25\/ulqini-ne-vitet-e-lidhjes-shqiptare-te-prizrenit-1878-1881-21\/#breadcrumb\",\"itemListElement\":[{\"@type\":\"ListItem\",\"position\":1,\"name\":\"Ulqini n\u00eb vitet e lidhjes shqiptare t\u00eb Prizrenit 1878-1881 (21)\"}]},{\"@type\":\"Person\",\"@id\":\"https:\/\/www.visit-ulcinj.com\/blog\/#\/schema\/person\/dcab619c614d3038751c63bc2aadc06d\",\"name\":\"ulqini\",\"sameAs\":[\"http:\/\/www.visit-ulcinj.com\"],\"url\":\"https:\/\/www.visit-ulcinj.com\/blog\/author\/admin\/\"}]}<\/script>\n<!-- \/ Yoast SEO plugin. -->","yoast_head_json":{"title":"Ulqini n\u00eb vitet e lidhjes shqiptare t\u00eb Prizrenit 1878-1881 (21) - Lajme nga Ulqini","description":"Fushata diplomatike N\u00eb lajmet q\u00eb vinin nga Shkodra thuhej se populli i Shkodr\u00ebs brohoriste q\u00eb shqiptar\u00ebt duhet t\u2019i marrin p\u00ebrs\u00ebri t\u00eb gjitha territoret q\u00eb","robots":{"index":"index","follow":"follow","max-snippet":"max-snippet:-1","max-image-preview":"max-image-preview:large","max-video-preview":"max-video-preview:-1"},"canonical":"https:\/\/www.visit-ulcinj.com\/blog\/2009\/05\/25\/ulqini-ne-vitet-e-lidhjes-shqiptare-te-prizrenit-1878-1881-21\/","og_locale":"en_US","og_type":"article","og_title":"Ulqini n\u00eb vitet e lidhjes shqiptare t\u00eb Prizrenit 1878-1881 (21) - Lajme nga Ulqini","og_description":"Fushata diplomatike N\u00eb lajmet q\u00eb vinin nga Shkodra thuhej se populli i Shkodr\u00ebs brohoriste q\u00eb shqiptar\u00ebt duhet t\u2019i marrin p\u00ebrs\u00ebri t\u00eb gjitha territoret q\u00eb","og_url":"https:\/\/www.visit-ulcinj.com\/blog\/2009\/05\/25\/ulqini-ne-vitet-e-lidhjes-shqiptare-te-prizrenit-1878-1881-21\/","og_site_name":"Lajme nga Ulqini","article_published_time":"2009-05-25T08:11:16+00:00","article_modified_time":"2009-05-25T12:17:06+00:00","og_image":[{"url":"http:\/\/www.visit-ulcinj.com\/blog\/wp-content\/uploads\/2009\/05\/ulqini-i-vjeter.jpg"}],"twitter_misc":{"Written by":"ulqini","Est. reading time":"4 minutes"},"schema":{"@context":"https:\/\/schema.org","@graph":[{"@type":"WebSite","@id":"https:\/\/www.visit-ulcinj.com\/blog\/#website","url":"https:\/\/www.visit-ulcinj.com\/blog\/","name":"Lajme nga Ulqini","description":"Lajme,Vijesti,Ulqini,Ulqin,Crna Gora,Mali i Zi","potentialAction":[{"@type":"SearchAction","target":{"@type":"EntryPoint","urlTemplate":"https:\/\/www.visit-ulcinj.com\/blog\/?s={search_term_string}"},"query-input":"required name=search_term_string"}],"inLanguage":"en-US"},{"@type":"ImageObject","inLanguage":"en-US","@id":"https:\/\/www.visit-ulcinj.com\/blog\/2009\/05\/25\/ulqini-ne-vitet-e-lidhjes-shqiptare-te-prizrenit-1878-1881-21\/#primaryimage","url":"https:\/\/www.visit-ulcinj.com\/blog\/wp-content\/uploads\/2009\/05\/ulqini-i-vjeter.jpg","contentUrl":"https:\/\/www.visit-ulcinj.com\/blog\/wp-content\/uploads\/2009\/05\/ulqini-i-vjeter.jpg","width":"640","height":"391"},{"@type":"WebPage","@id":"https:\/\/www.visit-ulcinj.com\/blog\/2009\/05\/25\/ulqini-ne-vitet-e-lidhjes-shqiptare-te-prizrenit-1878-1881-21\/#webpage","url":"https:\/\/www.visit-ulcinj.com\/blog\/2009\/05\/25\/ulqini-ne-vitet-e-lidhjes-shqiptare-te-prizrenit-1878-1881-21\/","name":"Ulqini n\u00eb vitet e lidhjes shqiptare t\u00eb Prizrenit 1878-1881 (21) - Lajme nga Ulqini","isPartOf":{"@id":"https:\/\/www.visit-ulcinj.com\/blog\/#website"},"primaryImageOfPage":{"@id":"https:\/\/www.visit-ulcinj.com\/blog\/2009\/05\/25\/ulqini-ne-vitet-e-lidhjes-shqiptare-te-prizrenit-1878-1881-21\/#primaryimage"},"datePublished":"2009-05-25T08:11:16+00:00","dateModified":"2009-05-25T12:17:06+00:00","author":{"@id":"https:\/\/www.visit-ulcinj.com\/blog\/#\/schema\/person\/dcab619c614d3038751c63bc2aadc06d"},"description":"Fushata diplomatike N\u00eb lajmet q\u00eb vinin nga Shkodra thuhej se populli i Shkodr\u00ebs brohoriste q\u00eb shqiptar\u00ebt duhet t\u2019i marrin p\u00ebrs\u00ebri t\u00eb gjitha territoret q\u00eb","breadcrumb":{"@id":"https:\/\/www.visit-ulcinj.com\/blog\/2009\/05\/25\/ulqini-ne-vitet-e-lidhjes-shqiptare-te-prizrenit-1878-1881-21\/#breadcrumb"},"inLanguage":"en-US","potentialAction":[{"@type":"ReadAction","target":["https:\/\/www.visit-ulcinj.com\/blog\/2009\/05\/25\/ulqini-ne-vitet-e-lidhjes-shqiptare-te-prizrenit-1878-1881-21\/"]}]},{"@type":"BreadcrumbList","@id":"https:\/\/www.visit-ulcinj.com\/blog\/2009\/05\/25\/ulqini-ne-vitet-e-lidhjes-shqiptare-te-prizrenit-1878-1881-21\/#breadcrumb","itemListElement":[{"@type":"ListItem","position":1,"name":"Ulqini n\u00eb vitet e lidhjes shqiptare t\u00eb Prizrenit 1878-1881 (21)"}]},{"@type":"Person","@id":"https:\/\/www.visit-ulcinj.com\/blog\/#\/schema\/person\/dcab619c614d3038751c63bc2aadc06d","name":"ulqini","sameAs":["http:\/\/www.visit-ulcinj.com"],"url":"https:\/\/www.visit-ulcinj.com\/blog\/author\/admin\/"}]}},"jetpack_featured_media_url":"","jetpack_sharing_enabled":true,"jetpack_shortlink":"https:\/\/wp.me\/pe6lTn-5IX","_links":{"self":[{"href":"https:\/\/www.visit-ulcinj.com\/blog\/wp-json\/wp\/v2\/posts\/22007"}],"collection":[{"href":"https:\/\/www.visit-ulcinj.com\/blog\/wp-json\/wp\/v2\/posts"}],"about":[{"href":"https:\/\/www.visit-ulcinj.com\/blog\/wp-json\/wp\/v2\/types\/post"}],"author":[{"embeddable":true,"href":"https:\/\/www.visit-ulcinj.com\/blog\/wp-json\/wp\/v2\/users\/1"}],"replies":[{"embeddable":true,"href":"https:\/\/www.visit-ulcinj.com\/blog\/wp-json\/wp\/v2\/comments?post=22007"}],"version-history":[{"count":0,"href":"https:\/\/www.visit-ulcinj.com\/blog\/wp-json\/wp\/v2\/posts\/22007\/revisions"}],"wp:attachment":[{"href":"https:\/\/www.visit-ulcinj.com\/blog\/wp-json\/wp\/v2\/media?parent=22007"}],"wp:term":[{"taxonomy":"category","embeddable":true,"href":"https:\/\/www.visit-ulcinj.com\/blog\/wp-json\/wp\/v2\/categories?post=22007"},{"taxonomy":"post_tag","embeddable":true,"href":"https:\/\/www.visit-ulcinj.com\/blog\/wp-json\/wp\/v2\/tags?post=22007"}],"curies":[{"name":"wp","href":"https:\/\/api.w.org\/{rel}","templated":true}]}}