{"id":22012,"date":"2009-05-25T20:33:04","date_gmt":"2009-05-25T18:33:04","guid":{"rendered":"http:\/\/www.visit-ulcinj.com\/blog\/?p=22012"},"modified":"2009-05-25T20:33:56","modified_gmt":"2009-05-25T18:33:56","slug":"konferenca-islamike-miraton-ne-unanimitet-rezoluten-e-shqiperise-per-kosoven","status":"publish","type":"post","link":"https:\/\/www.visit-ulcinj.com\/blog\/2009\/05\/25\/konferenca-islamike-miraton-ne-unanimitet-rezoluten-e-shqiperise-per-kosoven\/","title":{"rendered":"Konferenca Islamike, miraton n\u00eb unanimitet rezolut\u00ebn e Shqip\u00ebris\u00eb p\u00ebr Kosov\u00ebn"},"content":{"rendered":"<p><img loading=\"lazy\" class=\"alignleft size-full wp-image-22013\" title=\"lulzim-basha-ne-konferencen-islamike\" src=\"http:\/\/www.visit-ulcinj.com\/blog\/wp-content\/uploads\/2009\/05\/lulzim-basha-ne-konferencen-islamike.jpg\" alt=\"lulzim-basha-ne-konferencen-islamike\" width=\"580\" height=\"320\" \/>Nj\u00eb betej\u00eb e n\u00ebndheshme \u00ebsht\u00eb zhvilluar prej m\u00eb se tre muajsh nd\u00ebrmjet diplomacis\u00eb shqiptare dhe asaj serbe, e cila ka p\u00ebrfunduar me fitoren de\u00e7izice pas miratimit t\u00eb rezolut\u00ebs s\u00eb iniciuar nga Shqip\u00ebria n\u00eb t\u00eb cil\u00ebn evidenton qart\u00eb se q\u00eb nga shpallja e pavar\u00ebsis\u00eb, Kosova ka b\u00ebr\u00eb progres n\u00eb nd\u00ebrtimin e institucioneve demokratike.<br \/>\nN\u00eb k\u00ebt\u00eb m\u00ebnyr\u00eb diplomacia shqiptare ka arritur q\u00eb n\u00eb Damask t\u00eb Siris\u00eb, n\u00eb Sesionin e 36-t\u00eb t\u00eb K\u00ebshillit t\u00eb Ministrave t\u00eb Pun\u00ebve t\u00eb Jashtme t\u00eb Organizat\u00ebs s\u00eb Konferenc\u00ebs Islamike, e p\u00ebrfaq\u00ebsuar nga numri nj\u00eb i diplomacis\u00eb Lulzim Basha t\u00eb marr\u00eb konsensusin e 57 vendeve an\u00ebtare t\u00eb Organizat\u00ebs, p\u00ebr nj\u00eb rezolut\u00eb n\u00eb mb\u00ebshtetje t\u00eb shtetit t\u00eb pavarur t\u00eb Kosov\u00ebs. N\u00eb rezolut\u00eb thuhet se tashm\u00eb shteti i ri i Kosov\u00ebs ka Kushtetut\u00ebn e tij moderne, si dhe ka kontribuar n\u00eb ruajtjen e paqes dhe stabilitetit n\u00eb rajon. M\u00eb tej, kjo rezolut\u00eb, e cila \u00ebsht\u00eb e para e miratuar nga OKI-ja q\u00eb pas shpalljes s\u00eb pavar\u00ebsis\u00eb s\u00eb Kosov\u00ebs, u b\u00ebn thirrje vendeve an\u00ebtare t\u00eb Organizat\u00ebs dhe bashk\u00ebsis\u00eb nd\u00ebrkomb\u00ebtare, q\u00eb t\u00eb vazhdojn\u00eb t\u00eb mb\u00ebshtesin forcimin e Kosov\u00ebs dhe ekonomis\u00eb s\u00eb saj. Rezoluta ngarkon Sekretarin e P\u00ebrgjithsh\u00ebm t\u00eb OKI-s\u00eb q\u00eb n\u00eb sesionet e radh\u00ebs t\u00eb Ministrave t\u00eb Jasht\u00ebm t\u00eb Organizat\u00ebs t\u00eb raportoj\u00eb mbi dinamik\u00ebn e zhvillimeve n\u00eb Kosov\u00eb, duke e vendosur k\u00ebshtu shtetin m\u00eb t\u00eb ri t\u00eb Europ\u00ebs n\u00eb axhend\u00ebn e p\u00ebrhershme t\u00eb Organizat\u00ebs s\u00eb Konferenc\u00ebs Islamike. Miratimi i k\u00ebsaj resolute me unanimitet d\u00ebshmon p\u00ebr nj\u00eb momentum t\u00eb ri n\u00eb marr\u00ebdh\u00ebniet e OKI-s\u00eb me Kosov\u00ebn, e cila vjen pas njohjes mjaft t\u00eb r\u00ebnd\u00ebsishme nga Arabia Saudite para disa jav\u00ebve dhe njohjes s\u00eb saj nga Mbret\u00ebria e Bahreinit dhe Unioni i Komorreve dit\u00eb m\u00eb par\u00eb. Burime nga punimet e Sesionit t\u00eb Damaskut b\u00ebjn\u00eb t\u00eb ditur se pas k\u00ebtij momenti t\u00eb ri pritet, nj\u00eb bum njohjesh t\u00eb shtetit t\u00eb ri Kosov\u00ebs nga vendet an\u00ebtare t\u00eb Konferenc\u00ebs Islamike.<br \/>\nPo burime t\u00eb besueshme diplomatike thon\u00eb se diplomacia shqiptare ka qen\u00eb tep\u00ebr aktive n\u00eb funksion t\u00eb miratimit t\u00eb rezolut\u00ebs p\u00ebr Kosov\u00ebn. Me t\u00eb d\u00ebrguarit e saj special\u00eb n\u00eb Damask, n\u00eb Xhedah dhe n\u00eb disa vende t\u00eb tjera t\u00eb r\u00ebnd\u00ebsishme t\u00eb OKI-s\u00eb, Shqip\u00ebria \u00ebsht\u00eb angazhuar prej m\u00eb shum\u00eb se tre muajsh n\u00eb nj\u00eb operacion t\u00eb n\u00ebdhesh\u00ebm diplomatik t\u00eb p\u00ebrmasave t\u00eb m\u00ebdha me q\u00ebllim miratimin e nj\u00eb rezolut\u00eb n\u00eb mb\u00ebshtetje t\u00eb shtetit t\u00eb ri t\u00eb Kosov\u00ebs. M\u00ebsohet se diplomacia shqiptare \u00ebsht\u00eb markuar n\u00eb vijim\u00ebsi nga ajo serbe me q\u00ebllimin e bllokimit t\u00eb k\u00ebsaj iniciative. Kjo kulmoi me vizit\u00ebn e 10 dit\u00ebve m\u00eb par\u00eb t\u00eb Ministrit t\u00eb Jasht\u00ebm Jeremic n\u00eb Damask dhe takimeve t\u00eb tij me autoritetet m\u00eb t\u00eb larta t\u00eb Siris\u00eb, e cila mbante Presidenc\u00ebn e radh\u00ebs s\u00eb OKI-s\u00eb.<br \/>\nSakaq Jeremiq ka k\u00ebrkuar bllokimin e rezolut\u00ebs dhe pjes\u00ebmarrjen e Serbis\u00eb me t\u00eb drejt\u00ebn e fjal\u00ebs, duke pretenduar madje edhe marrjen e statusit t\u00eb v\u00ebzhguesit. Edhe nj\u00eb her\u00eb jan\u00eb v\u00ebn\u00eb n\u00eb l\u00ebvizje mekanizmat e dy diplomacive, t\u00eb Tiran\u00ebs dhe Beogradit, t\u00eb cilat kan\u00eb lobuar ethsh\u00ebm n\u00eb drejtime krejt\u00ebsisht t\u00eb kund\u00ebrta p\u00ebr t\u00eb marr\u00eb mb\u00ebshtetjen e an\u00ebtar\u00ebve t\u00eb OKI-s\u00eb. Burimet diplomatike jan\u00eb tep\u00ebr t\u00eb rezervuara p\u00ebr t\u00eb dh\u00ebn\u00eb detajet e k\u00ebsaj faze vendimare t\u00eb betej\u00ebs diplomatike. Por nj\u00eb gj\u00eb \u00ebsht\u00eb e sigurt\u00eb: Jeremic dhe delegacioni serb nuk kane qen\u00eb t\u00eb pranish\u00ebm n\u00eb Sesionin e 36-t\u00eb t\u00eb Ministrave t\u00eb Jasht\u00ebm t\u00eb OKI-s\u00eb dhe rezoluta n\u00eb mb\u00ebshtetje t\u00eb shtetit t\u00eb pavarur t\u00eb Kosov\u00ebs \u00ebsht\u00eb miratuar sot n\u00eb unanimitet t\u00eb plot\u00eb nga 57 vendet an\u00ebtare t\u00eb Organizat\u00ebs<br \/>\n<strong><br \/>\nTV KLAN<\/strong><br \/>\n[flv width=&#8221;580&#8243; height=&#8221;380&#8243;]http:\/\/video.tvklan.tv\/lajme\/5147.flv[\/flv]<\/p>\n","protected":false},"excerpt":{"rendered":"<p>Nj\u00eb betej\u00eb e n\u00ebndheshme \u00ebsht\u00eb zhvilluar prej m\u00eb se tre muajsh nd\u00ebrmjet diplomacis\u00eb shqiptare dhe asaj serbe, e cila ka p\u00ebrfunduar me fitoren de\u00e7izice pas miratimit t\u00eb rezolut\u00ebs s\u00eb iniciuar nga Shqip\u00ebria n\u00eb t\u00eb cil\u00ebn evidenton qart\u00eb se q\u00eb nga shpallja e pavar\u00ebsis\u00eb, Kosova ka b\u00ebr\u00eb progres n\u00eb nd\u00ebrtimin e institucioneve demokratike. N\u00eb k\u00ebt\u00eb m\u00ebnyr\u00eb [&hellip;]<\/p>\n","protected":false},"author":1,"featured_media":0,"comment_status":"open","ping_status":"closed","sticky":false,"template":"","format":"standard","meta":{"spay_email":"","jetpack_publicize_message":"","jetpack_is_tweetstorm":false,"jetpack_publicize_feature_enabled":true},"categories":[14],"tags":[10739,2223,10737,10735,10736,10738],"jetpack_publicize_connections":[],"yoast_head":"<!-- This site is optimized with the Yoast SEO plugin v19.1 - https:\/\/yoast.com\/wordpress\/plugins\/seo\/ -->\n<title>Konferenca Islamike, miraton n\u00eb unanimitet rezolut\u00ebn e Shqip\u00ebris\u00eb p\u00ebr Kosov\u00ebn  - Lajme nga Ulqini<\/title>\n<meta name=\"description\" content=\"Nj\u00eb betej\u00eb e n\u00ebndheshme \u00ebsht\u00eb zhvilluar prej m\u00eb se tre muajsh nd\u00ebrmjet diplomacis\u00eb shqiptare dhe asaj serbe, e cila ka p\u00ebrfunduar me fitoren de\u00e7izice pas\" \/>\n<meta name=\"robots\" content=\"index, follow, max-snippet:-1, max-image-preview:large, max-video-preview:-1\" \/>\n<link rel=\"canonical\" href=\"https:\/\/www.visit-ulcinj.com\/blog\/2009\/05\/25\/konferenca-islamike-miraton-ne-unanimitet-rezoluten-e-shqiperise-per-kosoven\/\" \/>\n<meta property=\"og:locale\" content=\"en_US\" \/>\n<meta property=\"og:type\" content=\"article\" \/>\n<meta property=\"og:title\" content=\"Konferenca Islamike, miraton n\u00eb unanimitet rezolut\u00ebn e Shqip\u00ebris\u00eb p\u00ebr Kosov\u00ebn  - Lajme nga Ulqini\" \/>\n<meta property=\"og:description\" content=\"Nj\u00eb betej\u00eb e n\u00ebndheshme \u00ebsht\u00eb zhvilluar prej m\u00eb se tre muajsh nd\u00ebrmjet diplomacis\u00eb shqiptare dhe asaj serbe, e cila ka p\u00ebrfunduar me fitoren de\u00e7izice pas\" \/>\n<meta property=\"og:url\" content=\"https:\/\/www.visit-ulcinj.com\/blog\/2009\/05\/25\/konferenca-islamike-miraton-ne-unanimitet-rezoluten-e-shqiperise-per-kosoven\/\" \/>\n<meta property=\"og:site_name\" content=\"Lajme nga Ulqini\" \/>\n<meta property=\"article:published_time\" content=\"2009-05-25T18:33:04+00:00\" \/>\n<meta property=\"article:modified_time\" content=\"2009-05-25T18:33:56+00:00\" \/>\n<meta property=\"og:image\" content=\"http:\/\/www.visit-ulcinj.com\/blog\/wp-content\/uploads\/2009\/05\/lulzim-basha-ne-konferencen-islamike.jpg\" \/>\n<meta name=\"twitter:label1\" content=\"Written by\" \/>\n\t<meta name=\"twitter:data1\" content=\"ulqini\" \/>\n\t<meta name=\"twitter:label2\" content=\"Est. reading time\" \/>\n\t<meta name=\"twitter:data2\" content=\"3 minutes\" \/>\n<script type=\"application\/ld+json\" class=\"yoast-schema-graph\">{\"@context\":\"https:\/\/schema.org\",\"@graph\":[{\"@type\":\"WebSite\",\"@id\":\"https:\/\/www.visit-ulcinj.com\/blog\/#website\",\"url\":\"https:\/\/www.visit-ulcinj.com\/blog\/\",\"name\":\"Lajme nga Ulqini\",\"description\":\"Lajme,Vijesti,Ulqini,Ulqin,Crna Gora,Mali i Zi\",\"potentialAction\":[{\"@type\":\"SearchAction\",\"target\":{\"@type\":\"EntryPoint\",\"urlTemplate\":\"https:\/\/www.visit-ulcinj.com\/blog\/?s={search_term_string}\"},\"query-input\":\"required name=search_term_string\"}],\"inLanguage\":\"en-US\"},{\"@type\":\"ImageObject\",\"inLanguage\":\"en-US\",\"@id\":\"https:\/\/www.visit-ulcinj.com\/blog\/2009\/05\/25\/konferenca-islamike-miraton-ne-unanimitet-rezoluten-e-shqiperise-per-kosoven\/#primaryimage\",\"url\":\"https:\/\/www.visit-ulcinj.com\/blog\/wp-content\/uploads\/2009\/05\/lulzim-basha-ne-konferencen-islamike.jpg\",\"contentUrl\":\"https:\/\/www.visit-ulcinj.com\/blog\/wp-content\/uploads\/2009\/05\/lulzim-basha-ne-konferencen-islamike.jpg\",\"width\":\"490\",\"height\":\"320\"},{\"@type\":\"WebPage\",\"@id\":\"https:\/\/www.visit-ulcinj.com\/blog\/2009\/05\/25\/konferenca-islamike-miraton-ne-unanimitet-rezoluten-e-shqiperise-per-kosoven\/#webpage\",\"url\":\"https:\/\/www.visit-ulcinj.com\/blog\/2009\/05\/25\/konferenca-islamike-miraton-ne-unanimitet-rezoluten-e-shqiperise-per-kosoven\/\",\"name\":\"Konferenca Islamike, miraton n\u00eb unanimitet rezolut\u00ebn e Shqip\u00ebris\u00eb p\u00ebr Kosov\u00ebn - Lajme nga Ulqini\",\"isPartOf\":{\"@id\":\"https:\/\/www.visit-ulcinj.com\/blog\/#website\"},\"primaryImageOfPage\":{\"@id\":\"https:\/\/www.visit-ulcinj.com\/blog\/2009\/05\/25\/konferenca-islamike-miraton-ne-unanimitet-rezoluten-e-shqiperise-per-kosoven\/#primaryimage\"},\"datePublished\":\"2009-05-25T18:33:04+00:00\",\"dateModified\":\"2009-05-25T18:33:56+00:00\",\"author\":{\"@id\":\"https:\/\/www.visit-ulcinj.com\/blog\/#\/schema\/person\/dcab619c614d3038751c63bc2aadc06d\"},\"description\":\"Nj\u00eb betej\u00eb e n\u00ebndheshme \u00ebsht\u00eb zhvilluar prej m\u00eb se tre muajsh nd\u00ebrmjet diplomacis\u00eb shqiptare dhe asaj serbe, e cila ka p\u00ebrfunduar me fitoren de\u00e7izice pas\",\"breadcrumb\":{\"@id\":\"https:\/\/www.visit-ulcinj.com\/blog\/2009\/05\/25\/konferenca-islamike-miraton-ne-unanimitet-rezoluten-e-shqiperise-per-kosoven\/#breadcrumb\"},\"inLanguage\":\"en-US\",\"potentialAction\":[{\"@type\":\"ReadAction\",\"target\":[\"https:\/\/www.visit-ulcinj.com\/blog\/2009\/05\/25\/konferenca-islamike-miraton-ne-unanimitet-rezoluten-e-shqiperise-per-kosoven\/\"]}]},{\"@type\":\"BreadcrumbList\",\"@id\":\"https:\/\/www.visit-ulcinj.com\/blog\/2009\/05\/25\/konferenca-islamike-miraton-ne-unanimitet-rezoluten-e-shqiperise-per-kosoven\/#breadcrumb\",\"itemListElement\":[{\"@type\":\"ListItem\",\"position\":1,\"name\":\"Konferenca Islamike, miraton n\u00eb unanimitet rezolut\u00ebn e Shqip\u00ebris\u00eb p\u00ebr Kosov\u00ebn\"}]},{\"@type\":\"Person\",\"@id\":\"https:\/\/www.visit-ulcinj.com\/blog\/#\/schema\/person\/dcab619c614d3038751c63bc2aadc06d\",\"name\":\"ulqini\",\"sameAs\":[\"http:\/\/www.visit-ulcinj.com\"],\"url\":\"https:\/\/www.visit-ulcinj.com\/blog\/author\/admin\/\"}]}<\/script>\n<!-- \/ Yoast SEO plugin. -->","yoast_head_json":{"title":"Konferenca Islamike, miraton n\u00eb unanimitet rezolut\u00ebn e Shqip\u00ebris\u00eb p\u00ebr Kosov\u00ebn  - Lajme nga Ulqini","description":"Nj\u00eb betej\u00eb e n\u00ebndheshme \u00ebsht\u00eb zhvilluar prej m\u00eb se tre muajsh nd\u00ebrmjet diplomacis\u00eb shqiptare dhe asaj serbe, e cila ka p\u00ebrfunduar me fitoren de\u00e7izice pas","robots":{"index":"index","follow":"follow","max-snippet":"max-snippet:-1","max-image-preview":"max-image-preview:large","max-video-preview":"max-video-preview:-1"},"canonical":"https:\/\/www.visit-ulcinj.com\/blog\/2009\/05\/25\/konferenca-islamike-miraton-ne-unanimitet-rezoluten-e-shqiperise-per-kosoven\/","og_locale":"en_US","og_type":"article","og_title":"Konferenca Islamike, miraton n\u00eb unanimitet rezolut\u00ebn e Shqip\u00ebris\u00eb p\u00ebr Kosov\u00ebn  - Lajme nga Ulqini","og_description":"Nj\u00eb betej\u00eb e n\u00ebndheshme \u00ebsht\u00eb zhvilluar prej m\u00eb se tre muajsh nd\u00ebrmjet diplomacis\u00eb shqiptare dhe asaj serbe, e cila ka p\u00ebrfunduar me fitoren de\u00e7izice pas","og_url":"https:\/\/www.visit-ulcinj.com\/blog\/2009\/05\/25\/konferenca-islamike-miraton-ne-unanimitet-rezoluten-e-shqiperise-per-kosoven\/","og_site_name":"Lajme nga Ulqini","article_published_time":"2009-05-25T18:33:04+00:00","article_modified_time":"2009-05-25T18:33:56+00:00","og_image":[{"url":"http:\/\/www.visit-ulcinj.com\/blog\/wp-content\/uploads\/2009\/05\/lulzim-basha-ne-konferencen-islamike.jpg"}],"twitter_misc":{"Written by":"ulqini","Est. reading time":"3 minutes"},"schema":{"@context":"https:\/\/schema.org","@graph":[{"@type":"WebSite","@id":"https:\/\/www.visit-ulcinj.com\/blog\/#website","url":"https:\/\/www.visit-ulcinj.com\/blog\/","name":"Lajme nga Ulqini","description":"Lajme,Vijesti,Ulqini,Ulqin,Crna Gora,Mali i Zi","potentialAction":[{"@type":"SearchAction","target":{"@type":"EntryPoint","urlTemplate":"https:\/\/www.visit-ulcinj.com\/blog\/?s={search_term_string}"},"query-input":"required name=search_term_string"}],"inLanguage":"en-US"},{"@type":"ImageObject","inLanguage":"en-US","@id":"https:\/\/www.visit-ulcinj.com\/blog\/2009\/05\/25\/konferenca-islamike-miraton-ne-unanimitet-rezoluten-e-shqiperise-per-kosoven\/#primaryimage","url":"https:\/\/www.visit-ulcinj.com\/blog\/wp-content\/uploads\/2009\/05\/lulzim-basha-ne-konferencen-islamike.jpg","contentUrl":"https:\/\/www.visit-ulcinj.com\/blog\/wp-content\/uploads\/2009\/05\/lulzim-basha-ne-konferencen-islamike.jpg","width":"490","height":"320"},{"@type":"WebPage","@id":"https:\/\/www.visit-ulcinj.com\/blog\/2009\/05\/25\/konferenca-islamike-miraton-ne-unanimitet-rezoluten-e-shqiperise-per-kosoven\/#webpage","url":"https:\/\/www.visit-ulcinj.com\/blog\/2009\/05\/25\/konferenca-islamike-miraton-ne-unanimitet-rezoluten-e-shqiperise-per-kosoven\/","name":"Konferenca Islamike, miraton n\u00eb unanimitet rezolut\u00ebn e Shqip\u00ebris\u00eb p\u00ebr Kosov\u00ebn - Lajme nga Ulqini","isPartOf":{"@id":"https:\/\/www.visit-ulcinj.com\/blog\/#website"},"primaryImageOfPage":{"@id":"https:\/\/www.visit-ulcinj.com\/blog\/2009\/05\/25\/konferenca-islamike-miraton-ne-unanimitet-rezoluten-e-shqiperise-per-kosoven\/#primaryimage"},"datePublished":"2009-05-25T18:33:04+00:00","dateModified":"2009-05-25T18:33:56+00:00","author":{"@id":"https:\/\/www.visit-ulcinj.com\/blog\/#\/schema\/person\/dcab619c614d3038751c63bc2aadc06d"},"description":"Nj\u00eb betej\u00eb e n\u00ebndheshme \u00ebsht\u00eb zhvilluar prej m\u00eb se tre muajsh nd\u00ebrmjet diplomacis\u00eb shqiptare dhe asaj serbe, e cila ka p\u00ebrfunduar me fitoren de\u00e7izice pas","breadcrumb":{"@id":"https:\/\/www.visit-ulcinj.com\/blog\/2009\/05\/25\/konferenca-islamike-miraton-ne-unanimitet-rezoluten-e-shqiperise-per-kosoven\/#breadcrumb"},"inLanguage":"en-US","potentialAction":[{"@type":"ReadAction","target":["https:\/\/www.visit-ulcinj.com\/blog\/2009\/05\/25\/konferenca-islamike-miraton-ne-unanimitet-rezoluten-e-shqiperise-per-kosoven\/"]}]},{"@type":"BreadcrumbList","@id":"https:\/\/www.visit-ulcinj.com\/blog\/2009\/05\/25\/konferenca-islamike-miraton-ne-unanimitet-rezoluten-e-shqiperise-per-kosoven\/#breadcrumb","itemListElement":[{"@type":"ListItem","position":1,"name":"Konferenca Islamike, miraton n\u00eb unanimitet rezolut\u00ebn e Shqip\u00ebris\u00eb p\u00ebr Kosov\u00ebn"}]},{"@type":"Person","@id":"https:\/\/www.visit-ulcinj.com\/blog\/#\/schema\/person\/dcab619c614d3038751c63bc2aadc06d","name":"ulqini","sameAs":["http:\/\/www.visit-ulcinj.com"],"url":"https:\/\/www.visit-ulcinj.com\/blog\/author\/admin\/"}]}},"jetpack_featured_media_url":"","jetpack_sharing_enabled":true,"jetpack_shortlink":"https:\/\/wp.me\/pe6lTn-5J2","_links":{"self":[{"href":"https:\/\/www.visit-ulcinj.com\/blog\/wp-json\/wp\/v2\/posts\/22012"}],"collection":[{"href":"https:\/\/www.visit-ulcinj.com\/blog\/wp-json\/wp\/v2\/posts"}],"about":[{"href":"https:\/\/www.visit-ulcinj.com\/blog\/wp-json\/wp\/v2\/types\/post"}],"author":[{"embeddable":true,"href":"https:\/\/www.visit-ulcinj.com\/blog\/wp-json\/wp\/v2\/users\/1"}],"replies":[{"embeddable":true,"href":"https:\/\/www.visit-ulcinj.com\/blog\/wp-json\/wp\/v2\/comments?post=22012"}],"version-history":[{"count":0,"href":"https:\/\/www.visit-ulcinj.com\/blog\/wp-json\/wp\/v2\/posts\/22012\/revisions"}],"wp:attachment":[{"href":"https:\/\/www.visit-ulcinj.com\/blog\/wp-json\/wp\/v2\/media?parent=22012"}],"wp:term":[{"taxonomy":"category","embeddable":true,"href":"https:\/\/www.visit-ulcinj.com\/blog\/wp-json\/wp\/v2\/categories?post=22012"},{"taxonomy":"post_tag","embeddable":true,"href":"https:\/\/www.visit-ulcinj.com\/blog\/wp-json\/wp\/v2\/tags?post=22012"}],"curies":[{"name":"wp","href":"https:\/\/api.w.org\/{rel}","templated":true}]}}