{"id":22017,"date":"2009-05-26T17:48:12","date_gmt":"2009-05-26T15:48:12","guid":{"rendered":"http:\/\/www.visit-ulcinj.com\/blog\/?p=22017"},"modified":"2009-05-26T17:52:18","modified_gmt":"2009-05-26T15:52:18","slug":"da-nije-bilo-elite-ne-bi-bilo-ni-ajfelovog-tornja","status":"publish","type":"post","link":"https:\/\/www.visit-ulcinj.com\/blog\/2009\/05\/26\/da-nije-bilo-elite-ne-bi-bilo-ni-ajfelovog-tornja\/","title":{"rendered":"Da nije bilo elite, ne bi bilo ni Ajfelovog tornja"},"content":{"rendered":"<p><img loading=\"lazy\" class=\"alignleft size-full wp-image-22018\" title=\"lift-u-starom-gradu-ulcinju_crna-gora\" src=\"http:\/\/www.visit-ulcinj.com\/blog\/wp-content\/uploads\/2009\/05\/lift-u-starom-gradu-ulcinju_crna-gora.jpg\" alt=\"lift-u-starom-gradu-ulcinju_crna-gora\" width=\"357\" height=\"470\" \/>Ulcinj &#8211; Prodekan na Arhitektonskom fakultetu u Podgorici Rifat Alihod\u017ei? ocijenio je da lift koji se gradi na Starom gradu u Ulcinju ni?im ne remeti drevne zidine isti?u?i da se najlak\u0161e kalkuli\u0161e sa naviknutom urbanom sikom, \u201cpri ?emu se zaboravlja da je svaka prethodna gradnja predstavljala promjene za svoje savremenike\u201d.<br \/>\n\u201cLijenost ljudskog uma podrazumijeva strah od promjena. Prvim gra?evinama koje su podignute na poluostrvu iznad Pristana, gdje nije bilo Starog grada, nestala je takozvana \u201cnulta ta?ka\u201d. Tada je po?eo ?in ljudskog djelovanja, prvi otklon od postoje?eg stanja. Pokrivanje ku?a crijepom, odnosno ?eramidom umjesto kamenih plo?a, vjerovatno je izazvalo \u0161okantnu tehnolo\u0161ku revoluciju i u nekim o?ima tada, svakako i ,poreme?aj ambijenta\u201c, istakao je Alihod\u017ei? u razgovoru za \u201eVijesti\u201c.<\/p>\n<p>Lift u Starom gradu gradi kompanija Real estate, ali su radovi na toj gra?evini obustavljeni u aprilu pro\u0161le godine nakon \u0161to je Sekretarijat za inspekcijske poslove utvrdio da investitor nema dozvolu za gradnju i zaprijetio ru\u0161enjem 12 metara visokog objekta ako betonjerke ne utihnu. Izgradnja panoramskog lifta od 37 metara, sa pasarelom na 32. metru, ko\u0161ta 35 hiljada eura, dok je ukupna investicija vrijedna 120 hiljada vi\u0161e. Izgradnja lifta podijelila je ulcinjsku javnost, a zabrana gradnje uslijedila je nakon \u017eestoke medijske kampanje dijela civilnog sektora.<br \/>\nAlihod\u017ei? je podsjetio na sli?ne polemike kada je gra?ena Ajfelova kula u Parizu.<br \/>\n\u201cAjfelova kula je izgra?ena 1889, kao ulazna kapija za prostor Svjetske izlo\u017ebe u Parizu. Dana\u0161nji simbol francuskog glavnog grada, u vrijeme izgradnje, nai\u0161ao je na o\u0161tar otpor ubjedljive ve?ine gra?ana. Zahvaljuju?i tome \u0161to je intelektualna elita od uticaja razumjela zna?aj ovog objekta u budu?oj urbanoj slici Pariza, on je danas tu\u201d, podsjetio je Alihod\u017ei? navode?i da je sli?nu storiju Pariz do\u017eivio i krajem pro\u0161log vijeka, kada je trebalo postaviti kosi lift na padini koja povezuje najvi\u0161u ta?ku sjevernog dijela grada sa jezgrom grada.<\/p>\n<p>\u201cRadi se poznatoj staroj boemskoj ?etvrti, Monmartr, na kojoj dominira impozantna crkva Sakr-Ker, u prevodu Sveto srce. \u0160ira javnost nije bila sklona predlo\u017eenoj intervenciji , pla\u0161e?i se naru\u0161avanja ambijenta. Pokazalo se, ubrzo, da je pomenuti zahvat predstavljao samo sredstvo jo\u0161 sna\u017enije integracije starog urbanog tkiva sa okru\u017eenjem\u201d, kazao je Alihod\u017ei?.<br \/>\nOn je istakao da arhitektonski objekti, po definiciji, nastaju kao proizvod konkretnih potreba te da lift u Ulcinju predstavlja nu\u017enu vezu izme?u Starog grada i Pristana, \u201e\u0161to svakako nije sporno\u201c.<br \/>\n\u201cJasno je da pri tom svi dobijaju u aktiviranju \u0161ireg urbanog prostora. Ono \u0161to se naziva \u201eugro\u017eavanjem ambijenta\u201c, sa stanovi\u0161ta perceptivnih zakona u ovom slu?aju predstavlja nu\u017eno redifinisanje urbane slike, a to nije isto! Ovo neshvatanje razlika u poimanju problema postaje glavna ta?ka spora\u201c, zaklju?io je Alihod\u017ei?, dodav\u0161i da lift ne ignori\u0161e i ne remeti Stari grad i Pristan.<br \/>\nPrema njegovim rije?ima, lift ?e \u201eopa\u017eanju postati element koji nagla\u0161ava postojanje komunikacije i potcrtava nu\u017eno jedinstvo razli?itog urbanog tkiva\u201c.<\/p>\n<p>\u201cTime lift nosi vi\u0161estruku ulogu u cijelom prostoru, kako funkcionalnu tako i vizuelnu. On posmatra?u daje informaciju a objekat postaje dinami?an opa\u017eajni reper kada se panoramski lift kre?e danju, pogotovo osvijetljen. Svojim kretanjem lift daje dinamiku cijelom prostoru jer se, prema psihologiji opa\u017eanja, najprije uo?avaju stvari koje se kre?u. Zato je potrebno da lift bude izvan i vidljiv. On ne treba da se \u201estidljivo\u201c uvla?i ispod zemlje. Svojim oblikovnim karakteristikama on nema potrebe da se \u201eudvara\u201c Starom gradu, ve? treba da govori jezikom, formom i materijalima vremena u kome je nastao\u201d, kazao je Alihod\u017ei?.<\/p>\n<p>On je podsjetio da u knjizi \u201cArhitektura grada\u201d Aldo Rosi, kada je o?uvanje starih gradskih jezgara u pitanju, daje prednost njihovom punom aktiviranju kroz davanje novih, aktuelnih funkcija.<br \/>\n\u201cSuprotan i nepo\u017eeljan proces on naziva \u201cmumificiranjem\u201c, \u0161to prakti?no zna?i odumiranje dijela grada. Rosi navodi istorijsku \u201c\u017eilavost\u201d palate u Padovi , koja je vjekovima u stalnoj upotrebi za razli?ite namjene i zahvaljuju?i tome je opstala kao aktivni u?esnik urbane slike i funkcije grada\u201d, naveo je Alihod\u017ei? naglasiv\u0161i da je Stari grad \u017eivi organizam koji se neprestano mijenja.<br \/>\n\u201cNa njegovom licu treba jasno da se o?itavaju prethodni vremenski slojevi i na takva na?in se grad najbolje predstavlja posmatra?u. Ne mora se ulcinjski Stari grad nikakvim dekretom pretvoriti u \u201cZabranjeni grad\u201d niti se moraju ?vrsto zaklju?ati njegove kapije. To se mo\u017ee uraditi urbanim postupkom, izbjegavanjem njegove integracije u dominantno urbano tkivo Pristana, \u0161to je sada slu?aj\u201d, tvrdi Alihod\u017ei?.<br \/>\n<strong><br \/>\nNe ugroziti \u0161ansu za UNESCO<\/strong><\/p>\n<p>Arhitekta iz Ulcinja Suada Ismailaga kazala je \u201cVijestima\u201d da bi lift olak\u0161ao komunikaciju i dopunio turisti?ku ponudu grada. Ona smatra da je specifi?nost starog jezgra od izuzetnog zna?aja zbog ?ega je \u201cneophodno slijediti konzervatorske uslove i mi\u0161ljenje Republi?kog zavoda sa Cetinja\u201d.<br \/>\n\u201cZadatak arhitekte je u ovom slu?aju izazovan, ali istovremeno i delikatan imaju?i u vidu da se radi o modernoj gra?evini koja ne smije svojim izgledom i proporcijama konkurisati starim zidinama jer bi time arhitektonska kompozicija bila naru\u0161ena\u201d, ocijenila je Ismailaga. Ona je ocijenila da se prilikom ove ili bilo koje druge intervencije u Starom gradu, mora uzeti u obzir o?uvanje statusa spomenika kulture prve kategorije i da se ni?im ne ugrozi \u0161ansa za ulazak pod za\u0161titom UNESCO-a.<\/p>\n<p>I u Dru\u0161tvu prijatelja Starog grada kazali su da ?e istrajati u namjeri da sa?uvaju, revitalizuju i uvrste drevne zidine u UNESCO ocjenjuju?i da je promjena spoljne fizionimije vrlo osjetljivo pitanje.<br \/>\n\u201cSada\u0161nje stanje lifta ne odgovara ambijentu Starog grada, a ni o?ima prolaznika. Me?utim, panoramski lift, koji gradi jedan od zapa\u017eenijih ?lanova na\u0161eg Dru\u0161tva i koji van svake sumnje posjeduje jedan od najljep\u0161ih apartmanskih kompleksa na Jadranu, jeste neophodan i mi\u0161ljenja sam da ?e on samo obogatiti ponudu na\u0161eg grada. No, mislim da lift mora biti adaptiran stijenskoj masi a projekat po\u0161tovati pravne norme i propise Zavoda sa Cetinja, pod ?ijom je ingerencijom Stari grad\u201d, kazao je predsjednik Dru\u0161tva Ismet Karmanaga.<\/p>\n<p><strong>S.ADROVI?<br \/>\n<a href=\"http:\/\/www.vijesti.cg.yu\/index.php?id_pre=305537&amp;godina=2009\" target=\"_blank\">Vijesti<\/a><\/strong><\/p>\n<p><strong><!--YouTube Error: bad URL entered--><br \/>\n<\/strong><\/p>\n","protected":false},"excerpt":{"rendered":"<p>Ulcinj &#8211; Prodekan na Arhitektonskom fakultetu u Podgorici Rifat Alihod\u017ei? ocijenio je da lift koji se gradi na Starom gradu u Ulcinju ni?im ne remeti drevne zidine isti?u?i da se najlak\u0161e kalkuli\u0161e sa naviknutom urbanom sikom, \u201cpri ?emu se zaboravlja da je svaka prethodna gradnja predstavljala promjene za svoje savremenike\u201d. \u201cLijenost ljudskog uma podrazumijeva strah [&hellip;]<\/p>\n","protected":false},"author":1,"featured_media":0,"comment_status":"open","ping_status":"closed","sticky":false,"template":"","format":"standard","meta":{"spay_email":"","jetpack_publicize_message":"","jetpack_is_tweetstorm":false,"jetpack_publicize_feature_enabled":true},"categories":[8337],"tags":[10505,10740,307],"jetpack_publicize_connections":[],"yoast_head":"<!-- This site is optimized with the Yoast SEO plugin v19.1 - https:\/\/yoast.com\/wordpress\/plugins\/seo\/ -->\n<title>Da nije bilo elite, ne bi bilo ni Ajfelovog tornja - Lajme nga Ulqini<\/title>\n<meta name=\"description\" content=\"Ulcinj - Prodekan na Arhitektonskom fakultetu u Podgorici Rifat Alihod\u017ei? ocijenio je da lift koji se gradi na Starom gradu u Ulcinju ni?im ne remeti\" \/>\n<meta name=\"robots\" content=\"index, follow, max-snippet:-1, max-image-preview:large, max-video-preview:-1\" \/>\n<link rel=\"canonical\" href=\"https:\/\/www.visit-ulcinj.com\/blog\/2009\/05\/26\/da-nije-bilo-elite-ne-bi-bilo-ni-ajfelovog-tornja\/\" \/>\n<meta property=\"og:locale\" content=\"en_US\" \/>\n<meta property=\"og:type\" content=\"article\" \/>\n<meta property=\"og:title\" content=\"Da nije bilo elite, ne bi bilo ni Ajfelovog tornja - Lajme nga Ulqini\" \/>\n<meta property=\"og:description\" content=\"Ulcinj - Prodekan na Arhitektonskom fakultetu u Podgorici Rifat Alihod\u017ei? ocijenio je da lift koji se gradi na Starom gradu u Ulcinju ni?im ne remeti\" \/>\n<meta property=\"og:url\" content=\"https:\/\/www.visit-ulcinj.com\/blog\/2009\/05\/26\/da-nije-bilo-elite-ne-bi-bilo-ni-ajfelovog-tornja\/\" \/>\n<meta property=\"og:site_name\" content=\"Lajme nga Ulqini\" \/>\n<meta property=\"article:published_time\" content=\"2009-05-26T15:48:12+00:00\" \/>\n<meta property=\"article:modified_time\" content=\"2009-05-26T15:52:18+00:00\" \/>\n<meta property=\"og:image\" content=\"http:\/\/www.visit-ulcinj.com\/blog\/wp-content\/uploads\/2009\/05\/lift-u-starom-gradu-ulcinju_crna-gora.jpg\" \/>\n<meta name=\"twitter:label1\" content=\"Written by\" \/>\n\t<meta name=\"twitter:data1\" content=\"ulqini\" \/>\n\t<meta name=\"twitter:label2\" content=\"Est. reading time\" \/>\n\t<meta name=\"twitter:data2\" content=\"5 minutes\" \/>\n<script type=\"application\/ld+json\" class=\"yoast-schema-graph\">{\"@context\":\"https:\/\/schema.org\",\"@graph\":[{\"@type\":\"WebSite\",\"@id\":\"https:\/\/www.visit-ulcinj.com\/blog\/#website\",\"url\":\"https:\/\/www.visit-ulcinj.com\/blog\/\",\"name\":\"Lajme nga Ulqini\",\"description\":\"Lajme,Vijesti,Ulqini,Ulqin,Crna Gora,Mali i Zi\",\"potentialAction\":[{\"@type\":\"SearchAction\",\"target\":{\"@type\":\"EntryPoint\",\"urlTemplate\":\"https:\/\/www.visit-ulcinj.com\/blog\/?s={search_term_string}\"},\"query-input\":\"required name=search_term_string\"}],\"inLanguage\":\"en-US\"},{\"@type\":\"ImageObject\",\"inLanguage\":\"en-US\",\"@id\":\"https:\/\/www.visit-ulcinj.com\/blog\/2009\/05\/26\/da-nije-bilo-elite-ne-bi-bilo-ni-ajfelovog-tornja\/#primaryimage\",\"url\":\"http:\/\/www.visit-ulcinj.com\/blog\/wp-content\/uploads\/2009\/05\/lift-u-starom-gradu-ulcinju_crna-gora.jpg\",\"contentUrl\":\"http:\/\/www.visit-ulcinj.com\/blog\/wp-content\/uploads\/2009\/05\/lift-u-starom-gradu-ulcinju_crna-gora.jpg\"},{\"@type\":\"WebPage\",\"@id\":\"https:\/\/www.visit-ulcinj.com\/blog\/2009\/05\/26\/da-nije-bilo-elite-ne-bi-bilo-ni-ajfelovog-tornja\/#webpage\",\"url\":\"https:\/\/www.visit-ulcinj.com\/blog\/2009\/05\/26\/da-nije-bilo-elite-ne-bi-bilo-ni-ajfelovog-tornja\/\",\"name\":\"Da nije bilo elite, ne bi bilo ni Ajfelovog tornja - Lajme nga Ulqini\",\"isPartOf\":{\"@id\":\"https:\/\/www.visit-ulcinj.com\/blog\/#website\"},\"primaryImageOfPage\":{\"@id\":\"https:\/\/www.visit-ulcinj.com\/blog\/2009\/05\/26\/da-nije-bilo-elite-ne-bi-bilo-ni-ajfelovog-tornja\/#primaryimage\"},\"datePublished\":\"2009-05-26T15:48:12+00:00\",\"dateModified\":\"2009-05-26T15:52:18+00:00\",\"author\":{\"@id\":\"https:\/\/www.visit-ulcinj.com\/blog\/#\/schema\/person\/dcab619c614d3038751c63bc2aadc06d\"},\"description\":\"Ulcinj - Prodekan na Arhitektonskom fakultetu u Podgorici Rifat Alihod\u017ei? ocijenio je da lift koji se gradi na Starom gradu u Ulcinju ni?im ne remeti\",\"breadcrumb\":{\"@id\":\"https:\/\/www.visit-ulcinj.com\/blog\/2009\/05\/26\/da-nije-bilo-elite-ne-bi-bilo-ni-ajfelovog-tornja\/#breadcrumb\"},\"inLanguage\":\"en-US\",\"potentialAction\":[{\"@type\":\"ReadAction\",\"target\":[\"https:\/\/www.visit-ulcinj.com\/blog\/2009\/05\/26\/da-nije-bilo-elite-ne-bi-bilo-ni-ajfelovog-tornja\/\"]}]},{\"@type\":\"BreadcrumbList\",\"@id\":\"https:\/\/www.visit-ulcinj.com\/blog\/2009\/05\/26\/da-nije-bilo-elite-ne-bi-bilo-ni-ajfelovog-tornja\/#breadcrumb\",\"itemListElement\":[{\"@type\":\"ListItem\",\"position\":1,\"name\":\"Da nije bilo elite, ne bi bilo ni Ajfelovog tornja\"}]},{\"@type\":\"Person\",\"@id\":\"https:\/\/www.visit-ulcinj.com\/blog\/#\/schema\/person\/dcab619c614d3038751c63bc2aadc06d\",\"name\":\"ulqini\",\"sameAs\":[\"http:\/\/www.visit-ulcinj.com\"],\"url\":\"https:\/\/www.visit-ulcinj.com\/blog\/author\/admin\/\"}]}<\/script>\n<!-- \/ Yoast SEO plugin. -->","yoast_head_json":{"title":"Da nije bilo elite, ne bi bilo ni Ajfelovog tornja - Lajme nga Ulqini","description":"Ulcinj - Prodekan na Arhitektonskom fakultetu u Podgorici Rifat Alihod\u017ei? ocijenio je da lift koji se gradi na Starom gradu u Ulcinju ni?im ne remeti","robots":{"index":"index","follow":"follow","max-snippet":"max-snippet:-1","max-image-preview":"max-image-preview:large","max-video-preview":"max-video-preview:-1"},"canonical":"https:\/\/www.visit-ulcinj.com\/blog\/2009\/05\/26\/da-nije-bilo-elite-ne-bi-bilo-ni-ajfelovog-tornja\/","og_locale":"en_US","og_type":"article","og_title":"Da nije bilo elite, ne bi bilo ni Ajfelovog tornja - Lajme nga Ulqini","og_description":"Ulcinj - Prodekan na Arhitektonskom fakultetu u Podgorici Rifat Alihod\u017ei? ocijenio je da lift koji se gradi na Starom gradu u Ulcinju ni?im ne remeti","og_url":"https:\/\/www.visit-ulcinj.com\/blog\/2009\/05\/26\/da-nije-bilo-elite-ne-bi-bilo-ni-ajfelovog-tornja\/","og_site_name":"Lajme nga Ulqini","article_published_time":"2009-05-26T15:48:12+00:00","article_modified_time":"2009-05-26T15:52:18+00:00","og_image":[{"url":"http:\/\/www.visit-ulcinj.com\/blog\/wp-content\/uploads\/2009\/05\/lift-u-starom-gradu-ulcinju_crna-gora.jpg"}],"twitter_misc":{"Written by":"ulqini","Est. reading time":"5 minutes"},"schema":{"@context":"https:\/\/schema.org","@graph":[{"@type":"WebSite","@id":"https:\/\/www.visit-ulcinj.com\/blog\/#website","url":"https:\/\/www.visit-ulcinj.com\/blog\/","name":"Lajme nga Ulqini","description":"Lajme,Vijesti,Ulqini,Ulqin,Crna Gora,Mali i Zi","potentialAction":[{"@type":"SearchAction","target":{"@type":"EntryPoint","urlTemplate":"https:\/\/www.visit-ulcinj.com\/blog\/?s={search_term_string}"},"query-input":"required name=search_term_string"}],"inLanguage":"en-US"},{"@type":"ImageObject","inLanguage":"en-US","@id":"https:\/\/www.visit-ulcinj.com\/blog\/2009\/05\/26\/da-nije-bilo-elite-ne-bi-bilo-ni-ajfelovog-tornja\/#primaryimage","url":"http:\/\/www.visit-ulcinj.com\/blog\/wp-content\/uploads\/2009\/05\/lift-u-starom-gradu-ulcinju_crna-gora.jpg","contentUrl":"http:\/\/www.visit-ulcinj.com\/blog\/wp-content\/uploads\/2009\/05\/lift-u-starom-gradu-ulcinju_crna-gora.jpg"},{"@type":"WebPage","@id":"https:\/\/www.visit-ulcinj.com\/blog\/2009\/05\/26\/da-nije-bilo-elite-ne-bi-bilo-ni-ajfelovog-tornja\/#webpage","url":"https:\/\/www.visit-ulcinj.com\/blog\/2009\/05\/26\/da-nije-bilo-elite-ne-bi-bilo-ni-ajfelovog-tornja\/","name":"Da nije bilo elite, ne bi bilo ni Ajfelovog tornja - Lajme nga Ulqini","isPartOf":{"@id":"https:\/\/www.visit-ulcinj.com\/blog\/#website"},"primaryImageOfPage":{"@id":"https:\/\/www.visit-ulcinj.com\/blog\/2009\/05\/26\/da-nije-bilo-elite-ne-bi-bilo-ni-ajfelovog-tornja\/#primaryimage"},"datePublished":"2009-05-26T15:48:12+00:00","dateModified":"2009-05-26T15:52:18+00:00","author":{"@id":"https:\/\/www.visit-ulcinj.com\/blog\/#\/schema\/person\/dcab619c614d3038751c63bc2aadc06d"},"description":"Ulcinj - Prodekan na Arhitektonskom fakultetu u Podgorici Rifat Alihod\u017ei? ocijenio je da lift koji se gradi na Starom gradu u Ulcinju ni?im ne remeti","breadcrumb":{"@id":"https:\/\/www.visit-ulcinj.com\/blog\/2009\/05\/26\/da-nije-bilo-elite-ne-bi-bilo-ni-ajfelovog-tornja\/#breadcrumb"},"inLanguage":"en-US","potentialAction":[{"@type":"ReadAction","target":["https:\/\/www.visit-ulcinj.com\/blog\/2009\/05\/26\/da-nije-bilo-elite-ne-bi-bilo-ni-ajfelovog-tornja\/"]}]},{"@type":"BreadcrumbList","@id":"https:\/\/www.visit-ulcinj.com\/blog\/2009\/05\/26\/da-nije-bilo-elite-ne-bi-bilo-ni-ajfelovog-tornja\/#breadcrumb","itemListElement":[{"@type":"ListItem","position":1,"name":"Da nije bilo elite, ne bi bilo ni Ajfelovog tornja"}]},{"@type":"Person","@id":"https:\/\/www.visit-ulcinj.com\/blog\/#\/schema\/person\/dcab619c614d3038751c63bc2aadc06d","name":"ulqini","sameAs":["http:\/\/www.visit-ulcinj.com"],"url":"https:\/\/www.visit-ulcinj.com\/blog\/author\/admin\/"}]}},"jetpack_featured_media_url":"","jetpack_sharing_enabled":true,"jetpack_shortlink":"https:\/\/wp.me\/pe6lTn-5J7","_links":{"self":[{"href":"https:\/\/www.visit-ulcinj.com\/blog\/wp-json\/wp\/v2\/posts\/22017"}],"collection":[{"href":"https:\/\/www.visit-ulcinj.com\/blog\/wp-json\/wp\/v2\/posts"}],"about":[{"href":"https:\/\/www.visit-ulcinj.com\/blog\/wp-json\/wp\/v2\/types\/post"}],"author":[{"embeddable":true,"href":"https:\/\/www.visit-ulcinj.com\/blog\/wp-json\/wp\/v2\/users\/1"}],"replies":[{"embeddable":true,"href":"https:\/\/www.visit-ulcinj.com\/blog\/wp-json\/wp\/v2\/comments?post=22017"}],"version-history":[{"count":0,"href":"https:\/\/www.visit-ulcinj.com\/blog\/wp-json\/wp\/v2\/posts\/22017\/revisions"}],"wp:attachment":[{"href":"https:\/\/www.visit-ulcinj.com\/blog\/wp-json\/wp\/v2\/media?parent=22017"}],"wp:term":[{"taxonomy":"category","embeddable":true,"href":"https:\/\/www.visit-ulcinj.com\/blog\/wp-json\/wp\/v2\/categories?post=22017"},{"taxonomy":"post_tag","embeddable":true,"href":"https:\/\/www.visit-ulcinj.com\/blog\/wp-json\/wp\/v2\/tags?post=22017"}],"curies":[{"name":"wp","href":"https:\/\/api.w.org\/{rel}","templated":true}]}}