{"id":22036,"date":"2009-05-27T19:45:42","date_gmt":"2009-05-27T17:45:42","guid":{"rendered":"http:\/\/www.visit-ulcinj.com\/blog\/?p=22036"},"modified":"2009-05-27T19:48:38","modified_gmt":"2009-05-27T17:48:38","slug":"cubus-ne-ispunjava-uslove","status":"publish","type":"post","link":"https:\/\/www.visit-ulcinj.com\/blog\/2009\/05\/27\/cubus-ne-ispunjava-uslove\/","title":{"rendered":"Cubus ne ispunjava uslove?"},"content":{"rendered":"<p><strong><img loading=\"lazy\" class=\"alignleft size-full wp-image-22037\" title=\"dzemal-m-perovic\" src=\"http:\/\/www.visit-ulcinj.com\/blog\/wp-content\/uploads\/2009\/05\/dzemal-m-perovic.jpg\" alt=\"dzemal-m-perovic\" width=\"322\" height=\"330\" \/>Pojedine nvo iz ulcinja ne gledaju blagonaklono na izdavanje valdanosa u zakup<\/strong><br \/>\nUlcinj &#8211; Povodom odluke Tenderske komisije da zapo?ne pregovore sa firmom Cubus lux iz Londona za 30-ogodi\u0161nji zakup uvale Valdanos, regovala je koalicija NVO i nezavisnih intelektualaca iz Ulcinja, a reagovanje je potpisao koordinator D\u017eemal M. Perovi?.<br \/>\n&#8211; Sve agresivniji medijski presing firme Cubus lux najbolji je dokaz da su njeni ?elnici i sami svjesni da nijesu partner za zakup ove jedinstvene uvale. Jasno je da ova firma nije \u201eme?unarodni turisti?ki brend\u201c niti ima \u201ereputaciju renomirane turisti?ke kompanije\u201c niti pak \u201eiskustvo u upravljanju hotelima\u201c. Sve u navodnicima su uslovi iz tendera koje navedena firma ne ispunjava. Istovremeno, velikodu\u0161no nam nude da ?emo mo?i da zakupimo objekte i lokale u toj uvali, a nude nam i da budemo ba\u0161tovani u na\u0161em maslinjaku &#8211; kazao je Perovi?.<br \/>\nOn se zahvalio na \u201eponudi\u201d i naglasio da je to \u201ena\u0161a imovina, kao i imovina Islamske zajednice i Pravoslavne crkve, a i maslinovo ulje, istorija je dokaz, bolje znamo proizvoditi od njih\u201d.<br \/>\n&#8211; Po\u0161to ka\u017eu da se kotiraju na Londonskoj berzi, javno ih pitamo da nam samo odgovore na pitanje: kolika je vrijednost njihove firme. I ni\u0161ta vi\u0161e. Jer, nakon toga svima ?e biti jasno da Cubus lux ne ispunjava klju?ne uslove tendera.<img loading=\"lazy\" class=\"alignright size-full wp-image-22038\" title=\"dzemal-m-perovic_ulcinj\" src=\"http:\/\/www.visit-ulcinj.com\/blog\/wp-content\/uploads\/2009\/05\/dzemal-m-perovic_ulcinj.jpg\" alt=\"dzemal-m-perovic_ulcinj\" width=\"180\" height=\"240\" \/><br \/>\nO?ito je da se Tenderskoj komisiji veoma \u017euri i u toj \u017eurbi se kr\u0161i procedura i zakoni ove zemlje, sa ?ime ?emo upoznati sve doma?e i me?unarodne organizacije, posebno kancelariju Evropske komisije u Podgorici &#8211; stoji u saop\u0161tenju.<br \/>\nNevladina organizacija \u201eZeleni korak\u201c iz Ulcinja smatra da je te\u0161ko ostvariva i namjera Britanaca o proizvodnji brendiranog maslinovog ulja, Valdanos oil.<br \/>\n&#8211; Da bi se stvorili uslovi za proizvodnju vrhunskog maslinovog ulja potrebno je izvr\u0161iti sanaciju i revitalizaciju maslinjaka koji danas li?e na neprohodnu \u0161umu obraslu korovom i \u0161ibljem. Sanacija zahtijeva mnogo rada i veliki broj radnika a jo\u0161 vi\u0161e ljubavi prema maslini.<br \/>\nTaj posao sa uspjehom mogu obaviti samo stvarni vlasnici koji u maslinadi borave gotovo svaki dan tokom cijele godine \u2013 tvrde ulcinjski ekolozi.<br \/>\nOni ocjenjuju, da je namjera Britanaca da u uvali grade objekte i lokale za izdavanje u zakup domicilnom stanovni\u0161tvu komercijalne prirode, te da nema za cilj valorizaciji tog lokaliteta.<br \/>\n&#8211; Na kraju se postavlja pitanje da li ?e ?elnici Cubus luxa, ukoliko potpi\u0161u ugovor o zakupu, tokom izrade projektne dokumentacije uva\u017eiti gra?ane Ulcinja i istinske vlasnike maslinade tako \u0161to ?e detaljnije izlo\u017eiti svoje namjere a pogotovo ekolo\u0161ki-socijalni program budu?eg turisti?kog naselja u Valdanosu \u2013 navode u \u201cZelenom koraku\u201d.<\/p>\n<p><strong>G.K. &#8211; S.A.<br \/>\n<a href=\"http:\/\/www.vijesti.cg.yu\/index.php?id_pre=305727&amp;godina=2009\" target=\"_blank\">Vijesti<\/a><\/strong><\/p>\n<!--YouTube Error: bad URL entered-->\n","protected":false},"excerpt":{"rendered":"<p>Pojedine nvo iz ulcinja ne gledaju blagonaklono na izdavanje valdanosa u zakup Ulcinj &#8211; Povodom odluke Tenderske komisije da zapo?ne pregovore sa firmom Cubus lux iz Londona za 30-ogodi\u0161nji zakup uvale Valdanos, regovala je koalicija NVO i nezavisnih intelektualaca iz Ulcinja, a reagovanje je potpisao koordinator D\u017eemal M. Perovi?. &#8211; Sve agresivniji medijski presing firme [&hellip;]<\/p>\n","protected":false},"author":1,"featured_media":0,"comment_status":"open","ping_status":"closed","sticky":false,"template":"","format":"standard","meta":{"spay_email":"","jetpack_publicize_message":"","jetpack_is_tweetstorm":false,"jetpack_publicize_feature_enabled":true},"categories":[8337],"tags":[20,10781,10777,10778,10780,10779,19,136],"jetpack_publicize_connections":[],"yoast_head":"<!-- This site is optimized with the Yoast SEO plugin v19.1 - https:\/\/yoast.com\/wordpress\/plugins\/seo\/ -->\n<title>Cubus ne ispunjava uslove? - Lajme nga Ulqini<\/title>\n<meta name=\"description\" content=\"Pojedine nvo iz ulcinja ne gledaju blagonaklono na izdavanje valdanosa u zakup Ulcinj - Povodom odluke Tenderske komisije da zapo?ne pregovore sa firmom\" \/>\n<meta name=\"robots\" content=\"index, follow, max-snippet:-1, max-image-preview:large, max-video-preview:-1\" \/>\n<link rel=\"canonical\" href=\"https:\/\/www.visit-ulcinj.com\/blog\/2009\/05\/27\/cubus-ne-ispunjava-uslove\/\" \/>\n<meta property=\"og:locale\" content=\"en_US\" \/>\n<meta property=\"og:type\" content=\"article\" \/>\n<meta property=\"og:title\" content=\"Cubus ne ispunjava uslove? - Lajme nga Ulqini\" \/>\n<meta property=\"og:description\" content=\"Pojedine nvo iz ulcinja ne gledaju blagonaklono na izdavanje valdanosa u zakup Ulcinj - Povodom odluke Tenderske komisije da zapo?ne pregovore sa firmom\" \/>\n<meta property=\"og:url\" content=\"https:\/\/www.visit-ulcinj.com\/blog\/2009\/05\/27\/cubus-ne-ispunjava-uslove\/\" \/>\n<meta property=\"og:site_name\" content=\"Lajme nga Ulqini\" \/>\n<meta property=\"article:published_time\" content=\"2009-05-27T17:45:42+00:00\" \/>\n<meta property=\"article:modified_time\" content=\"2009-05-27T17:48:38+00:00\" \/>\n<meta property=\"og:image\" content=\"http:\/\/www.visit-ulcinj.com\/blog\/wp-content\/uploads\/2009\/05\/dzemal-m-perovic.jpg\" \/>\n<meta name=\"twitter:label1\" content=\"Written by\" \/>\n\t<meta name=\"twitter:data1\" content=\"ulqini\" \/>\n\t<meta name=\"twitter:label2\" content=\"Est. reading time\" \/>\n\t<meta name=\"twitter:data2\" content=\"2 minutes\" \/>\n<script type=\"application\/ld+json\" class=\"yoast-schema-graph\">{\"@context\":\"https:\/\/schema.org\",\"@graph\":[{\"@type\":\"WebSite\",\"@id\":\"https:\/\/www.visit-ulcinj.com\/blog\/#website\",\"url\":\"https:\/\/www.visit-ulcinj.com\/blog\/\",\"name\":\"Lajme nga Ulqini\",\"description\":\"Lajme,Vijesti,Ulqini,Ulqin,Crna Gora,Mali i Zi\",\"potentialAction\":[{\"@type\":\"SearchAction\",\"target\":{\"@type\":\"EntryPoint\",\"urlTemplate\":\"https:\/\/www.visit-ulcinj.com\/blog\/?s={search_term_string}\"},\"query-input\":\"required name=search_term_string\"}],\"inLanguage\":\"en-US\"},{\"@type\":\"ImageObject\",\"inLanguage\":\"en-US\",\"@id\":\"https:\/\/www.visit-ulcinj.com\/blog\/2009\/05\/27\/cubus-ne-ispunjava-uslove\/#primaryimage\",\"url\":\"https:\/\/www.visit-ulcinj.com\/blog\/wp-content\/uploads\/2009\/05\/dzemal-m-perovic.jpg\",\"contentUrl\":\"https:\/\/www.visit-ulcinj.com\/blog\/wp-content\/uploads\/2009\/05\/dzemal-m-perovic.jpg\",\"width\":\"240\",\"height\":\"246\"},{\"@type\":\"WebPage\",\"@id\":\"https:\/\/www.visit-ulcinj.com\/blog\/2009\/05\/27\/cubus-ne-ispunjava-uslove\/#webpage\",\"url\":\"https:\/\/www.visit-ulcinj.com\/blog\/2009\/05\/27\/cubus-ne-ispunjava-uslove\/\",\"name\":\"Cubus ne ispunjava uslove? - Lajme nga Ulqini\",\"isPartOf\":{\"@id\":\"https:\/\/www.visit-ulcinj.com\/blog\/#website\"},\"primaryImageOfPage\":{\"@id\":\"https:\/\/www.visit-ulcinj.com\/blog\/2009\/05\/27\/cubus-ne-ispunjava-uslove\/#primaryimage\"},\"datePublished\":\"2009-05-27T17:45:42+00:00\",\"dateModified\":\"2009-05-27T17:48:38+00:00\",\"author\":{\"@id\":\"https:\/\/www.visit-ulcinj.com\/blog\/#\/schema\/person\/dcab619c614d3038751c63bc2aadc06d\"},\"description\":\"Pojedine nvo iz ulcinja ne gledaju blagonaklono na izdavanje valdanosa u zakup Ulcinj - Povodom odluke Tenderske komisije da zapo?ne pregovore sa firmom\",\"breadcrumb\":{\"@id\":\"https:\/\/www.visit-ulcinj.com\/blog\/2009\/05\/27\/cubus-ne-ispunjava-uslove\/#breadcrumb\"},\"inLanguage\":\"en-US\",\"potentialAction\":[{\"@type\":\"ReadAction\",\"target\":[\"https:\/\/www.visit-ulcinj.com\/blog\/2009\/05\/27\/cubus-ne-ispunjava-uslove\/\"]}]},{\"@type\":\"BreadcrumbList\",\"@id\":\"https:\/\/www.visit-ulcinj.com\/blog\/2009\/05\/27\/cubus-ne-ispunjava-uslove\/#breadcrumb\",\"itemListElement\":[{\"@type\":\"ListItem\",\"position\":1,\"name\":\"Cubus ne ispunjava uslove?\"}]},{\"@type\":\"Person\",\"@id\":\"https:\/\/www.visit-ulcinj.com\/blog\/#\/schema\/person\/dcab619c614d3038751c63bc2aadc06d\",\"name\":\"ulqini\",\"sameAs\":[\"http:\/\/www.visit-ulcinj.com\"],\"url\":\"https:\/\/www.visit-ulcinj.com\/blog\/author\/admin\/\"}]}<\/script>\n<!-- \/ Yoast SEO plugin. -->","yoast_head_json":{"title":"Cubus ne ispunjava uslove? - Lajme nga Ulqini","description":"Pojedine nvo iz ulcinja ne gledaju blagonaklono na izdavanje valdanosa u zakup Ulcinj - Povodom odluke Tenderske komisije da zapo?ne pregovore sa firmom","robots":{"index":"index","follow":"follow","max-snippet":"max-snippet:-1","max-image-preview":"max-image-preview:large","max-video-preview":"max-video-preview:-1"},"canonical":"https:\/\/www.visit-ulcinj.com\/blog\/2009\/05\/27\/cubus-ne-ispunjava-uslove\/","og_locale":"en_US","og_type":"article","og_title":"Cubus ne ispunjava uslove? - Lajme nga Ulqini","og_description":"Pojedine nvo iz ulcinja ne gledaju blagonaklono na izdavanje valdanosa u zakup Ulcinj - Povodom odluke Tenderske komisije da zapo?ne pregovore sa firmom","og_url":"https:\/\/www.visit-ulcinj.com\/blog\/2009\/05\/27\/cubus-ne-ispunjava-uslove\/","og_site_name":"Lajme nga Ulqini","article_published_time":"2009-05-27T17:45:42+00:00","article_modified_time":"2009-05-27T17:48:38+00:00","og_image":[{"url":"http:\/\/www.visit-ulcinj.com\/blog\/wp-content\/uploads\/2009\/05\/dzemal-m-perovic.jpg"}],"twitter_misc":{"Written by":"ulqini","Est. reading time":"2 minutes"},"schema":{"@context":"https:\/\/schema.org","@graph":[{"@type":"WebSite","@id":"https:\/\/www.visit-ulcinj.com\/blog\/#website","url":"https:\/\/www.visit-ulcinj.com\/blog\/","name":"Lajme nga Ulqini","description":"Lajme,Vijesti,Ulqini,Ulqin,Crna Gora,Mali i Zi","potentialAction":[{"@type":"SearchAction","target":{"@type":"EntryPoint","urlTemplate":"https:\/\/www.visit-ulcinj.com\/blog\/?s={search_term_string}"},"query-input":"required name=search_term_string"}],"inLanguage":"en-US"},{"@type":"ImageObject","inLanguage":"en-US","@id":"https:\/\/www.visit-ulcinj.com\/blog\/2009\/05\/27\/cubus-ne-ispunjava-uslove\/#primaryimage","url":"https:\/\/www.visit-ulcinj.com\/blog\/wp-content\/uploads\/2009\/05\/dzemal-m-perovic.jpg","contentUrl":"https:\/\/www.visit-ulcinj.com\/blog\/wp-content\/uploads\/2009\/05\/dzemal-m-perovic.jpg","width":"240","height":"246"},{"@type":"WebPage","@id":"https:\/\/www.visit-ulcinj.com\/blog\/2009\/05\/27\/cubus-ne-ispunjava-uslove\/#webpage","url":"https:\/\/www.visit-ulcinj.com\/blog\/2009\/05\/27\/cubus-ne-ispunjava-uslove\/","name":"Cubus ne ispunjava uslove? - Lajme nga Ulqini","isPartOf":{"@id":"https:\/\/www.visit-ulcinj.com\/blog\/#website"},"primaryImageOfPage":{"@id":"https:\/\/www.visit-ulcinj.com\/blog\/2009\/05\/27\/cubus-ne-ispunjava-uslove\/#primaryimage"},"datePublished":"2009-05-27T17:45:42+00:00","dateModified":"2009-05-27T17:48:38+00:00","author":{"@id":"https:\/\/www.visit-ulcinj.com\/blog\/#\/schema\/person\/dcab619c614d3038751c63bc2aadc06d"},"description":"Pojedine nvo iz ulcinja ne gledaju blagonaklono na izdavanje valdanosa u zakup Ulcinj - Povodom odluke Tenderske komisije da zapo?ne pregovore sa firmom","breadcrumb":{"@id":"https:\/\/www.visit-ulcinj.com\/blog\/2009\/05\/27\/cubus-ne-ispunjava-uslove\/#breadcrumb"},"inLanguage":"en-US","potentialAction":[{"@type":"ReadAction","target":["https:\/\/www.visit-ulcinj.com\/blog\/2009\/05\/27\/cubus-ne-ispunjava-uslove\/"]}]},{"@type":"BreadcrumbList","@id":"https:\/\/www.visit-ulcinj.com\/blog\/2009\/05\/27\/cubus-ne-ispunjava-uslove\/#breadcrumb","itemListElement":[{"@type":"ListItem","position":1,"name":"Cubus ne ispunjava uslove?"}]},{"@type":"Person","@id":"https:\/\/www.visit-ulcinj.com\/blog\/#\/schema\/person\/dcab619c614d3038751c63bc2aadc06d","name":"ulqini","sameAs":["http:\/\/www.visit-ulcinj.com"],"url":"https:\/\/www.visit-ulcinj.com\/blog\/author\/admin\/"}]}},"jetpack_featured_media_url":"","jetpack_sharing_enabled":true,"jetpack_shortlink":"https:\/\/wp.me\/pe6lTn-5Jq","_links":{"self":[{"href":"https:\/\/www.visit-ulcinj.com\/blog\/wp-json\/wp\/v2\/posts\/22036"}],"collection":[{"href":"https:\/\/www.visit-ulcinj.com\/blog\/wp-json\/wp\/v2\/posts"}],"about":[{"href":"https:\/\/www.visit-ulcinj.com\/blog\/wp-json\/wp\/v2\/types\/post"}],"author":[{"embeddable":true,"href":"https:\/\/www.visit-ulcinj.com\/blog\/wp-json\/wp\/v2\/users\/1"}],"replies":[{"embeddable":true,"href":"https:\/\/www.visit-ulcinj.com\/blog\/wp-json\/wp\/v2\/comments?post=22036"}],"version-history":[{"count":0,"href":"https:\/\/www.visit-ulcinj.com\/blog\/wp-json\/wp\/v2\/posts\/22036\/revisions"}],"wp:attachment":[{"href":"https:\/\/www.visit-ulcinj.com\/blog\/wp-json\/wp\/v2\/media?parent=22036"}],"wp:term":[{"taxonomy":"category","embeddable":true,"href":"https:\/\/www.visit-ulcinj.com\/blog\/wp-json\/wp\/v2\/categories?post=22036"},{"taxonomy":"post_tag","embeddable":true,"href":"https:\/\/www.visit-ulcinj.com\/blog\/wp-json\/wp\/v2\/tags?post=22036"}],"curies":[{"name":"wp","href":"https:\/\/api.w.org\/{rel}","templated":true}]}}