{"id":22044,"date":"2009-05-27T20:25:24","date_gmt":"2009-05-27T18:25:24","guid":{"rendered":"http:\/\/www.visit-ulcinj.com\/blog\/?p=22044"},"modified":"2009-05-27T20:25:24","modified_gmt":"2009-05-27T18:25:24","slug":"gjukanoviq-mendon-per-trashegimtarin","status":"publish","type":"post","link":"https:\/\/www.visit-ulcinj.com\/blog\/2009\/05\/27\/gjukanoviq-mendon-per-trashegimtarin\/","title":{"rendered":"Gjukanoviq: Mendon p\u00ebr trash\u00ebgimtarin"},"content":{"rendered":"<p><img loading=\"lazy\" class=\"alignleft size-full wp-image-22052\" title=\"gjukanoviq_lukshiq\" src=\"http:\/\/www.visit-ulcinj.com\/blog\/wp-content\/uploads\/2009\/05\/gjukanoviq_lukshiq.gif\" alt=\"gjukanoviq_lukshiq\" width=\"359\" height=\"219\" srcset=\"https:\/\/www.visit-ulcinj.com\/blog\/wp-content\/uploads\/2009\/05\/gjukanoviq_lukshiq.gif 359w, https:\/\/www.visit-ulcinj.com\/blog\/wp-content\/uploads\/2009\/05\/gjukanoviq_lukshiq-300x183.gif 300w\" sizes=\"(max-width: 359px) 100vw, 359px\" \/>Mandatari p\u00ebr formimin e qeveris\u00eb malazeze, Milo Djukanovic, ka njoftuar bashk\u00ebpun\u00ebtor\u00ebt e tij m\u00eb t\u00eb af\u00ebrt me planin q\u00eb kabineti i tij t\u00eb jet\u00eb tranzicional dhe t\u00eb punoj\u00eb deri n\u00eb vitin 2011, kur drejtimin e qeveris\u00eb dhe t\u00eb Partis\u00eb Demokratike t\u00eb Socialist\u00ebve (DPS) do a merrte p\u00ebrsip\u00ebr z\u00ebvend\u00ebskryeministri, Igor Luksic.<br \/>\nGazeta ditore e Podgoric\u00ebs \u2018Vijesti\u2019 njoftoi t\u00eb mart\u00ebn se, Djukanovic llogarit se deri at\u00ebher\u00eb kriza globale ekonomike do t\u00eb tejkalohet dhe se Mali i Zi do ta rikthej\u00eb stabilitetin financiar.<br \/>\nKjo do t\u00eb thoshte edhe p\u00ebrfundimin e pun\u00ebs s\u00eb Djukanovic dhe t\u00eb bashk\u00ebpun\u00ebtor\u00ebve q\u00eb ai mendon t\u2019i zgjedh\u00eb n\u00eb qeveri, pohon gazeta.<br \/>\nNdryshe, p\u00ebr vitin 2011 \u00ebsht\u00eb planifikuar edhe mbajtja e kongresit t\u00eb rregullt t\u00eb DPS, k\u00ebshtu q\u00eb at\u00ebher\u00eb do t\u00eb duhej t\u00eb zgjidhej edhe K\u00ebshilli Kryesor i partis\u00eb dhe udh\u00ebheq\u00ebsia e ngusht\u00eb e saj.<br \/>\nGazeta pohon se Djukanovic tashm\u00eb ua ka paralajm\u00ebruar bashk\u00ebpun\u00ebtor\u00ebve se d\u00ebshiron q\u00eb ul\u00ebsen e kryetarit t\u00eb partis\u00eb t\u2019ia l\u00ebshoj\u00eb dikujt tjet\u00ebr, por edhe at\u00eb se do t\u00eb donte ta shihte Igor Luksic\u2019in n\u00eb at\u00eb post.<br \/>\nZgjedhja e Luksic p\u00ebr shef t\u00eb DPS automatikisht do t\u00eb n\u00ebnkuptonte se ai ka edhe legjitimitetin e duhur p\u00ebr drejtimin e qeveris\u00eb.<br \/>\nNatyrisht, kjo seri l\u00ebvizjesh nuk n\u00ebnkupton domosdoshm\u00ebrisht edhe t\u00ebrheqjen e plot\u00eb t\u00eb Djukanovic nga jeta politike, sepse p\u00ebr vitin 2013 \u00ebsht\u00eb parapar\u00eb mbajtja e zgjedhjeve presidenciale n\u00eb Mal t\u00eb Zi.<br \/>\n<strong><br \/>\nGazeta Express<\/strong><\/p>\n","protected":false},"excerpt":{"rendered":"<p>Mandatari p\u00ebr formimin e qeveris\u00eb malazeze, Milo Djukanovic, ka njoftuar bashk\u00ebpun\u00ebtor\u00ebt e tij m\u00eb t\u00eb af\u00ebrt me planin q\u00eb kabineti i tij t\u00eb jet\u00eb tranzicional dhe t\u00eb punoj\u00eb deri n\u00eb vitin 2011, kur drejtimin e qeveris\u00eb dhe t\u00eb Partis\u00eb Demokratike t\u00eb Socialist\u00ebve (DPS) do a merrte p\u00ebrsip\u00ebr z\u00ebvend\u00ebskryeministri, Igor Luksic. Gazeta ditore e Podgoric\u00ebs \u2018Vijesti\u2019 [&hellip;]<\/p>\n","protected":false},"author":1,"featured_media":0,"comment_status":"open","ping_status":"closed","sticky":false,"template":"","format":"standard","meta":{"spay_email":"","jetpack_publicize_message":"","jetpack_is_tweetstorm":false,"jetpack_publicize_feature_enabled":true},"categories":[12],"tags":[147,1964,10782],"jetpack_publicize_connections":[],"yoast_head":"<!-- This site is optimized with the Yoast SEO plugin v19.1 - https:\/\/yoast.com\/wordpress\/plugins\/seo\/ -->\n<title>Gjukanoviq: Mendon p\u00ebr trash\u00ebgimtarin - Lajme nga Ulqini<\/title>\n<meta name=\"description\" content=\"Mandatari p\u00ebr formimin e qeveris\u00eb malazeze, Milo Djukanovic, ka njoftuar bashk\u00ebpun\u00ebtor\u00ebt e tij m\u00eb t\u00eb af\u00ebrt me planin q\u00eb kabineti i tij t\u00eb jet\u00eb\" \/>\n<meta name=\"robots\" content=\"index, follow, max-snippet:-1, max-image-preview:large, max-video-preview:-1\" \/>\n<link rel=\"canonical\" href=\"https:\/\/www.visit-ulcinj.com\/blog\/2009\/05\/27\/gjukanoviq-mendon-per-trashegimtarin\/\" \/>\n<meta property=\"og:locale\" content=\"en_US\" \/>\n<meta property=\"og:type\" content=\"article\" \/>\n<meta property=\"og:title\" content=\"Gjukanoviq: Mendon p\u00ebr trash\u00ebgimtarin - Lajme nga Ulqini\" \/>\n<meta property=\"og:description\" content=\"Mandatari p\u00ebr formimin e qeveris\u00eb malazeze, Milo Djukanovic, ka njoftuar bashk\u00ebpun\u00ebtor\u00ebt e tij m\u00eb t\u00eb af\u00ebrt me planin q\u00eb kabineti i tij t\u00eb jet\u00eb\" \/>\n<meta property=\"og:url\" content=\"https:\/\/www.visit-ulcinj.com\/blog\/2009\/05\/27\/gjukanoviq-mendon-per-trashegimtarin\/\" \/>\n<meta property=\"og:site_name\" content=\"Lajme nga Ulqini\" \/>\n<meta property=\"article:published_time\" content=\"2009-05-27T18:25:24+00:00\" \/>\n<meta property=\"og:image\" content=\"http:\/\/www.visit-ulcinj.com\/blog\/wp-content\/uploads\/2009\/05\/gjukanoviq_lukshiq.gif\" \/>\n<meta name=\"twitter:label1\" content=\"Written by\" \/>\n\t<meta name=\"twitter:data1\" content=\"ulqini\" \/>\n\t<meta name=\"twitter:label2\" content=\"Est. reading time\" \/>\n\t<meta name=\"twitter:data2\" content=\"1 minute\" \/>\n<script type=\"application\/ld+json\" class=\"yoast-schema-graph\">{\"@context\":\"https:\/\/schema.org\",\"@graph\":[{\"@type\":\"WebSite\",\"@id\":\"https:\/\/www.visit-ulcinj.com\/blog\/#website\",\"url\":\"https:\/\/www.visit-ulcinj.com\/blog\/\",\"name\":\"Lajme nga Ulqini\",\"description\":\"Lajme,Vijesti,Ulqini,Ulqin,Crna Gora,Mali i Zi\",\"potentialAction\":[{\"@type\":\"SearchAction\",\"target\":{\"@type\":\"EntryPoint\",\"urlTemplate\":\"https:\/\/www.visit-ulcinj.com\/blog\/?s={search_term_string}\"},\"query-input\":\"required name=search_term_string\"}],\"inLanguage\":\"en-US\"},{\"@type\":\"ImageObject\",\"inLanguage\":\"en-US\",\"@id\":\"https:\/\/www.visit-ulcinj.com\/blog\/2009\/05\/27\/gjukanoviq-mendon-per-trashegimtarin\/#primaryimage\",\"url\":\"https:\/\/www.visit-ulcinj.com\/blog\/wp-content\/uploads\/2009\/05\/gjukanoviq_lukshiq.gif\",\"contentUrl\":\"https:\/\/www.visit-ulcinj.com\/blog\/wp-content\/uploads\/2009\/05\/gjukanoviq_lukshiq.gif\",\"width\":\"359\",\"height\":\"219\"},{\"@type\":\"WebPage\",\"@id\":\"https:\/\/www.visit-ulcinj.com\/blog\/2009\/05\/27\/gjukanoviq-mendon-per-trashegimtarin\/#webpage\",\"url\":\"https:\/\/www.visit-ulcinj.com\/blog\/2009\/05\/27\/gjukanoviq-mendon-per-trashegimtarin\/\",\"name\":\"Gjukanoviq: Mendon p\u00ebr trash\u00ebgimtarin - Lajme nga Ulqini\",\"isPartOf\":{\"@id\":\"https:\/\/www.visit-ulcinj.com\/blog\/#website\"},\"primaryImageOfPage\":{\"@id\":\"https:\/\/www.visit-ulcinj.com\/blog\/2009\/05\/27\/gjukanoviq-mendon-per-trashegimtarin\/#primaryimage\"},\"datePublished\":\"2009-05-27T18:25:24+00:00\",\"dateModified\":\"2009-05-27T18:25:24+00:00\",\"author\":{\"@id\":\"https:\/\/www.visit-ulcinj.com\/blog\/#\/schema\/person\/dcab619c614d3038751c63bc2aadc06d\"},\"description\":\"Mandatari p\u00ebr formimin e qeveris\u00eb malazeze, Milo Djukanovic, ka njoftuar bashk\u00ebpun\u00ebtor\u00ebt e tij m\u00eb t\u00eb af\u00ebrt me planin q\u00eb kabineti i tij t\u00eb jet\u00eb\",\"breadcrumb\":{\"@id\":\"https:\/\/www.visit-ulcinj.com\/blog\/2009\/05\/27\/gjukanoviq-mendon-per-trashegimtarin\/#breadcrumb\"},\"inLanguage\":\"en-US\",\"potentialAction\":[{\"@type\":\"ReadAction\",\"target\":[\"https:\/\/www.visit-ulcinj.com\/blog\/2009\/05\/27\/gjukanoviq-mendon-per-trashegimtarin\/\"]}]},{\"@type\":\"BreadcrumbList\",\"@id\":\"https:\/\/www.visit-ulcinj.com\/blog\/2009\/05\/27\/gjukanoviq-mendon-per-trashegimtarin\/#breadcrumb\",\"itemListElement\":[{\"@type\":\"ListItem\",\"position\":1,\"name\":\"Gjukanoviq: Mendon p\u00ebr trash\u00ebgimtarin\"}]},{\"@type\":\"Person\",\"@id\":\"https:\/\/www.visit-ulcinj.com\/blog\/#\/schema\/person\/dcab619c614d3038751c63bc2aadc06d\",\"name\":\"ulqini\",\"sameAs\":[\"http:\/\/www.visit-ulcinj.com\"],\"url\":\"https:\/\/www.visit-ulcinj.com\/blog\/author\/admin\/\"}]}<\/script>\n<!-- \/ Yoast SEO plugin. -->","yoast_head_json":{"title":"Gjukanoviq: Mendon p\u00ebr trash\u00ebgimtarin - Lajme nga Ulqini","description":"Mandatari p\u00ebr formimin e qeveris\u00eb malazeze, Milo Djukanovic, ka njoftuar bashk\u00ebpun\u00ebtor\u00ebt e tij m\u00eb t\u00eb af\u00ebrt me planin q\u00eb kabineti i tij t\u00eb jet\u00eb","robots":{"index":"index","follow":"follow","max-snippet":"max-snippet:-1","max-image-preview":"max-image-preview:large","max-video-preview":"max-video-preview:-1"},"canonical":"https:\/\/www.visit-ulcinj.com\/blog\/2009\/05\/27\/gjukanoviq-mendon-per-trashegimtarin\/","og_locale":"en_US","og_type":"article","og_title":"Gjukanoviq: Mendon p\u00ebr trash\u00ebgimtarin - Lajme nga Ulqini","og_description":"Mandatari p\u00ebr formimin e qeveris\u00eb malazeze, Milo Djukanovic, ka njoftuar bashk\u00ebpun\u00ebtor\u00ebt e tij m\u00eb t\u00eb af\u00ebrt me planin q\u00eb kabineti i tij t\u00eb jet\u00eb","og_url":"https:\/\/www.visit-ulcinj.com\/blog\/2009\/05\/27\/gjukanoviq-mendon-per-trashegimtarin\/","og_site_name":"Lajme nga Ulqini","article_published_time":"2009-05-27T18:25:24+00:00","og_image":[{"url":"http:\/\/www.visit-ulcinj.com\/blog\/wp-content\/uploads\/2009\/05\/gjukanoviq_lukshiq.gif"}],"twitter_misc":{"Written by":"ulqini","Est. reading time":"1 minute"},"schema":{"@context":"https:\/\/schema.org","@graph":[{"@type":"WebSite","@id":"https:\/\/www.visit-ulcinj.com\/blog\/#website","url":"https:\/\/www.visit-ulcinj.com\/blog\/","name":"Lajme nga Ulqini","description":"Lajme,Vijesti,Ulqini,Ulqin,Crna Gora,Mali i Zi","potentialAction":[{"@type":"SearchAction","target":{"@type":"EntryPoint","urlTemplate":"https:\/\/www.visit-ulcinj.com\/blog\/?s={search_term_string}"},"query-input":"required name=search_term_string"}],"inLanguage":"en-US"},{"@type":"ImageObject","inLanguage":"en-US","@id":"https:\/\/www.visit-ulcinj.com\/blog\/2009\/05\/27\/gjukanoviq-mendon-per-trashegimtarin\/#primaryimage","url":"https:\/\/www.visit-ulcinj.com\/blog\/wp-content\/uploads\/2009\/05\/gjukanoviq_lukshiq.gif","contentUrl":"https:\/\/www.visit-ulcinj.com\/blog\/wp-content\/uploads\/2009\/05\/gjukanoviq_lukshiq.gif","width":"359","height":"219"},{"@type":"WebPage","@id":"https:\/\/www.visit-ulcinj.com\/blog\/2009\/05\/27\/gjukanoviq-mendon-per-trashegimtarin\/#webpage","url":"https:\/\/www.visit-ulcinj.com\/blog\/2009\/05\/27\/gjukanoviq-mendon-per-trashegimtarin\/","name":"Gjukanoviq: Mendon p\u00ebr trash\u00ebgimtarin - Lajme nga Ulqini","isPartOf":{"@id":"https:\/\/www.visit-ulcinj.com\/blog\/#website"},"primaryImageOfPage":{"@id":"https:\/\/www.visit-ulcinj.com\/blog\/2009\/05\/27\/gjukanoviq-mendon-per-trashegimtarin\/#primaryimage"},"datePublished":"2009-05-27T18:25:24+00:00","dateModified":"2009-05-27T18:25:24+00:00","author":{"@id":"https:\/\/www.visit-ulcinj.com\/blog\/#\/schema\/person\/dcab619c614d3038751c63bc2aadc06d"},"description":"Mandatari p\u00ebr formimin e qeveris\u00eb malazeze, Milo Djukanovic, ka njoftuar bashk\u00ebpun\u00ebtor\u00ebt e tij m\u00eb t\u00eb af\u00ebrt me planin q\u00eb kabineti i tij t\u00eb jet\u00eb","breadcrumb":{"@id":"https:\/\/www.visit-ulcinj.com\/blog\/2009\/05\/27\/gjukanoviq-mendon-per-trashegimtarin\/#breadcrumb"},"inLanguage":"en-US","potentialAction":[{"@type":"ReadAction","target":["https:\/\/www.visit-ulcinj.com\/blog\/2009\/05\/27\/gjukanoviq-mendon-per-trashegimtarin\/"]}]},{"@type":"BreadcrumbList","@id":"https:\/\/www.visit-ulcinj.com\/blog\/2009\/05\/27\/gjukanoviq-mendon-per-trashegimtarin\/#breadcrumb","itemListElement":[{"@type":"ListItem","position":1,"name":"Gjukanoviq: Mendon p\u00ebr trash\u00ebgimtarin"}]},{"@type":"Person","@id":"https:\/\/www.visit-ulcinj.com\/blog\/#\/schema\/person\/dcab619c614d3038751c63bc2aadc06d","name":"ulqini","sameAs":["http:\/\/www.visit-ulcinj.com"],"url":"https:\/\/www.visit-ulcinj.com\/blog\/author\/admin\/"}]}},"jetpack_featured_media_url":"","jetpack_sharing_enabled":true,"jetpack_shortlink":"https:\/\/wp.me\/pe6lTn-5Jy","_links":{"self":[{"href":"https:\/\/www.visit-ulcinj.com\/blog\/wp-json\/wp\/v2\/posts\/22044"}],"collection":[{"href":"https:\/\/www.visit-ulcinj.com\/blog\/wp-json\/wp\/v2\/posts"}],"about":[{"href":"https:\/\/www.visit-ulcinj.com\/blog\/wp-json\/wp\/v2\/types\/post"}],"author":[{"embeddable":true,"href":"https:\/\/www.visit-ulcinj.com\/blog\/wp-json\/wp\/v2\/users\/1"}],"replies":[{"embeddable":true,"href":"https:\/\/www.visit-ulcinj.com\/blog\/wp-json\/wp\/v2\/comments?post=22044"}],"version-history":[{"count":0,"href":"https:\/\/www.visit-ulcinj.com\/blog\/wp-json\/wp\/v2\/posts\/22044\/revisions"}],"wp:attachment":[{"href":"https:\/\/www.visit-ulcinj.com\/blog\/wp-json\/wp\/v2\/media?parent=22044"}],"wp:term":[{"taxonomy":"category","embeddable":true,"href":"https:\/\/www.visit-ulcinj.com\/blog\/wp-json\/wp\/v2\/categories?post=22044"},{"taxonomy":"post_tag","embeddable":true,"href":"https:\/\/www.visit-ulcinj.com\/blog\/wp-json\/wp\/v2\/tags?post=22044"}],"curies":[{"name":"wp","href":"https:\/\/api.w.org\/{rel}","templated":true}]}}