{"id":22074,"date":"2009-05-28T00:31:04","date_gmt":"2009-05-27T22:31:04","guid":{"rendered":"http:\/\/www.visit-ulcinj.com\/blog\/?p=22074"},"modified":"2009-05-28T00:31:04","modified_gmt":"2009-05-27T22:31:04","slug":"sori-kandidati-per-deputet-qe-nuk-di-programin-e-pdk","status":"publish","type":"post","link":"https:\/\/www.visit-ulcinj.com\/blog\/2009\/05\/28\/sori-kandidati-per-deputet-qe-nuk-di-programin-e-pdk\/","title":{"rendered":"Sori, kandidati p\u00ebr deputet q\u00eb nuk di programin e PDK"},"content":{"rendered":"<p><a href=\"http:\/\/www.visit-ulcinj.com\/blog\/wp-content\/uploads\/2009\/05\/qetsori-bba-pdk.jpg\"><img loading=\"lazy\" class=\"size-full wp-image-22075 alignleft\" title=\"qetsori-bba-pdk-big-brother-albania-2\" src=\"http:\/\/www.visit-ulcinj.com\/blog\/wp-content\/uploads\/2009\/05\/qetsori-bba-pdk.jpg\" alt=\"qetsori-bba-pdk-big-brother-albania-2\" width=\"440\" height=\"559\" \/><\/a>K\u00ebto pyetjet q\u00eb kemi shkruar m\u00eb posht\u00eb, i jan\u00eb drejtuar prej disa dit\u00ebsh, Qetsorit, djalit fitues t\u00eb BB 2. N\u00eb fakt, si\u00e7 e shihni, jan\u00eb pyetje pa p\u00ebrgjigje. Pse? Sepse Sorit i jan\u00eb dukur aq t\u00eb v\u00ebshtira pyetjet, sa nuk ka arritur t&#8217;u kthej\u00eb p\u00ebrgjigje.<br \/>\nPor pyetjet nuk kan\u00eb qen\u00eb t\u00eb v\u00ebshtira vet\u00ebm p\u00ebr Sorin, ato kan\u00eb qen\u00eb po aq t\u00eb v\u00ebshtira dhe p\u00ebr an\u00ebtar\u00ebt dhe drejtuesit e PDK-s\u00eb, t\u00eb cil\u00ebt mor\u00ebn p\u00ebrsip\u00ebr t\u00eb organizonin takimin e SH2 me Sorin, por m\u00eb pas, kur lexuan pyetjet e kuptuan q\u00eb disave prej tyre nuk u jepnin dot p\u00ebrgjigje ata vet\u00eb, e jo m\u00eb Sori.<br \/>\nN\u00eb fillim, duke qen\u00eb se Sori ishte &#8220;i ri&#8221; n\u00eb k\u00ebt\u00eb fush\u00ebn e intervistave, z\u00ebdh\u00ebn\u00ebsja e PDK-s\u00eb mendoi q\u00eb p\u00ebr t\u00eb duhet t\u00eb shkruhej nj\u00eb profil i shkurt\u00ebr, ku t\u00eb shpaloseshin m\u00eb shum\u00eb vlerat e tij si politikan i ardhsh\u00ebm.<br \/>\nPor ne donim ta pyesnim Sorin (meq\u00eb \u00ebsht\u00eb i vetmi nga djemt\u00eb e Big Brother q\u00eb e paska marr\u00eb seriozisht list\u00ebn e deputet\u00ebve) n\u00ebse e kishte lexuar programin e PDK-s\u00eb?? Dhe pyetjen nuk e b\u00ebjm\u00eb ne. E kan\u00eb b\u00ebr\u00eb lexuesit e Shekullit online q\u00eb kur SH2 editoi lajmin se Qetsori ishte futur n\u00eb listat e PDK-s\u00eb.<br \/>\nV\u00ebrtet, ka arritur dot Sori ta lexoj\u00eb s\u00eb paku programin e partis\u00eb q\u00eb do t\u00eb p\u00ebrfaq\u00ebsoj\u00eb? E n\u00ebse jo, pse i thot\u00eb &#8220;po&#8221; nj\u00eb oferte t\u00eb till\u00eb? Ne besojm\u00eb se Sori nuk e ka lexuar as programin dhe as ia ka iden\u00eb kush jan\u00eb votuesit e PDK-s\u00eb. Se p\u00ebr 3 muaj ka qen\u00eb n\u00eb loj\u00eb, m\u00eb pas \u00ebsht\u00eb nisur direkt drejt Italis\u00eb, pastaj, kur ka ardhur ka organizuar fest\u00ebn n\u00eb Dukat, pastaj takoi edhe kryetarin e partis\u00eb. Eh mor Sori, po mos u m\u00ebrzit. Ka edhe m\u00eb keq se ty n\u00eb politik\u00eb. Le q\u00eb po ta pyes\u00ebsh p\u00ebr program politik, rrezik mbetet n\u00eb klas\u00eb edhe vet\u00eb Ndoka, e jo m\u00eb Sori.<br \/>\nM\u00eb posht\u00eb jan\u00eb 5 nga pyetjet t\u00eb cilave as Sori, as PDK-ja nuk mundi t&#8217;u p\u00ebrgjigjej:<\/p>\n<p>1. Sori, a e keni lexuar programin e PDK-s\u00eb?<br \/>\n2. N\u00ebse po, \u00e7far\u00eb thot\u00eb programi i PDK p\u00ebr fen\u00eb dhe familjen?<br \/>\n3. T\u00eb duket normale kjo tendenc\u00eb e partive p\u00ebr t\u00eb marr\u00eb kandidat\u00eb ish-lojtar\u00eb t\u00eb &#8220;BB&#8221;-s\u00eb ?<br \/>\n4. \u00c7far\u00eb mund t&#8217;i premtoj\u00eb 1 personazh televiziv publikut n\u00eb rolin e politikanit?<br \/>\n5. Ku e mendon Sori veten pas 5 vjet\u00ebsh, kur t\u00eb ket\u00eb edhe 5 fitues t\u00eb tjer\u00eb t\u00eb rradh\u00ebs t\u00eb BB-se?<\/p>\n<p><strong>Suksese<\/strong><\/p>\n","protected":false},"excerpt":{"rendered":"<p>K\u00ebto pyetjet q\u00eb kemi shkruar m\u00eb posht\u00eb, i jan\u00eb drejtuar prej disa dit\u00ebsh, Qetsorit, djalit fitues t\u00eb BB 2. N\u00eb fakt, si\u00e7 e shihni, jan\u00eb pyetje pa p\u00ebrgjigje. Pse? Sepse Sorit i jan\u00eb dukur aq t\u00eb v\u00ebshtira pyetjet, sa nuk ka arritur t&#8217;u kthej\u00eb p\u00ebrgjigje. Por pyetjet nuk kan\u00eb qen\u00eb t\u00eb v\u00ebshtira vet\u00ebm p\u00ebr Sorin, [&hellip;]<\/p>\n","protected":false},"author":1,"featured_media":0,"comment_status":"open","ping_status":"closed","sticky":false,"template":"","format":"standard","meta":{"spay_email":"","jetpack_publicize_message":"","jetpack_is_tweetstorm":false,"jetpack_publicize_feature_enabled":true},"categories":[6502],"tags":[5057,6506,6516,9121,6712,7129,10787,58,8276,6891,6693,6887],"jetpack_publicize_connections":[],"yoast_head":"<!-- This site is optimized with the Yoast SEO plugin v19.1 - https:\/\/yoast.com\/wordpress\/plugins\/seo\/ -->\n<title>Sori, kandidati p\u00c3\u00abr deputet q\u00c3\u00ab nuk di programin e PDK | Big Brother Albania 2<\/title>\n<meta name=\"description\" content=\"Big Brother Albania 2 - K\u00c3\u00abto pyetjet q\u00c3\u00ab kemi shkruar m\u00c3\u00ab posht\u00c3\u00ab, i jan\u00c3\u00ab drejtuar prej disa dit\u00c3\u00absh, Qetsorit, djalit fitues t\u00c3\u00ab BB 2. N\u00c3\u00ab fakt, si\u00c3\u00a7 e shihni, jan\u00c3\u00ab pyetje pa p\u00c3\u00abrgjigje.\" \/>\n<meta name=\"robots\" content=\"index, follow, max-snippet:-1, max-image-preview:large, max-video-preview:-1\" \/>\n<link rel=\"canonical\" href=\"https:\/\/www.visit-ulcinj.com\/blog\/2009\/05\/28\/sori-kandidati-per-deputet-qe-nuk-di-programin-e-pdk\/\" \/>\n<meta property=\"og:locale\" content=\"en_US\" \/>\n<meta property=\"og:type\" content=\"article\" \/>\n<meta property=\"og:title\" content=\"Sori, kandidati p\u00c3\u00abr deputet q\u00c3\u00ab nuk di programin e PDK | Big Brother Albania 2\" \/>\n<meta property=\"og:description\" content=\"Big Brother Albania 2 - K\u00c3\u00abto pyetjet q\u00c3\u00ab kemi shkruar m\u00c3\u00ab posht\u00c3\u00ab, i jan\u00c3\u00ab drejtuar prej disa dit\u00c3\u00absh, Qetsorit, djalit fitues t\u00c3\u00ab BB 2. N\u00c3\u00ab fakt, si\u00c3\u00a7 e shihni, jan\u00c3\u00ab pyetje pa p\u00c3\u00abrgjigje.\" \/>\n<meta property=\"og:url\" content=\"https:\/\/www.visit-ulcinj.com\/blog\/2009\/05\/28\/sori-kandidati-per-deputet-qe-nuk-di-programin-e-pdk\/\" \/>\n<meta property=\"og:site_name\" content=\"Lajme nga Ulqini\" \/>\n<meta property=\"article:published_time\" content=\"2009-05-27T22:31:04+00:00\" \/>\n<meta property=\"og:image\" content=\"http:\/\/www.visit-ulcinj.com\/blog\/wp-content\/uploads\/2009\/05\/qetsori-bba-pdk.jpg\" \/>\n<meta name=\"twitter:label1\" content=\"Written by\" \/>\n\t<meta name=\"twitter:data1\" content=\"ulqini\" \/>\n\t<meta name=\"twitter:label2\" content=\"Est. reading time\" \/>\n\t<meta name=\"twitter:data2\" content=\"2 minutes\" \/>\n<script type=\"application\/ld+json\" class=\"yoast-schema-graph\">{\"@context\":\"https:\/\/schema.org\",\"@graph\":[{\"@type\":\"WebSite\",\"@id\":\"https:\/\/www.visit-ulcinj.com\/blog\/#website\",\"url\":\"https:\/\/www.visit-ulcinj.com\/blog\/\",\"name\":\"Lajme nga Ulqini\",\"description\":\"Lajme,Vijesti,Ulqini,Ulqin,Crna Gora,Mali i Zi\",\"potentialAction\":[{\"@type\":\"SearchAction\",\"target\":{\"@type\":\"EntryPoint\",\"urlTemplate\":\"https:\/\/www.visit-ulcinj.com\/blog\/?s={search_term_string}\"},\"query-input\":\"required name=search_term_string\"}],\"inLanguage\":\"en-US\"},{\"@type\":\"ImageObject\",\"inLanguage\":\"en-US\",\"@id\":\"https:\/\/www.visit-ulcinj.com\/blog\/2009\/05\/28\/sori-kandidati-per-deputet-qe-nuk-di-programin-e-pdk\/#primaryimage\",\"url\":\"http:\/\/www.visit-ulcinj.com\/blog\/wp-content\/uploads\/2009\/05\/qetsori-bba-pdk.jpg\",\"contentUrl\":\"http:\/\/www.visit-ulcinj.com\/blog\/wp-content\/uploads\/2009\/05\/qetsori-bba-pdk.jpg\"},{\"@type\":\"WebPage\",\"@id\":\"https:\/\/www.visit-ulcinj.com\/blog\/2009\/05\/28\/sori-kandidati-per-deputet-qe-nuk-di-programin-e-pdk\/#webpage\",\"url\":\"https:\/\/www.visit-ulcinj.com\/blog\/2009\/05\/28\/sori-kandidati-per-deputet-qe-nuk-di-programin-e-pdk\/\",\"name\":\"Sori, kandidati p\u00c3\u00abr deputet q\u00c3\u00ab nuk di programin e PDK | Big Brother Albania 2\",\"isPartOf\":{\"@id\":\"https:\/\/www.visit-ulcinj.com\/blog\/#website\"},\"primaryImageOfPage\":{\"@id\":\"https:\/\/www.visit-ulcinj.com\/blog\/2009\/05\/28\/sori-kandidati-per-deputet-qe-nuk-di-programin-e-pdk\/#primaryimage\"},\"datePublished\":\"2009-05-27T22:31:04+00:00\",\"dateModified\":\"2009-05-27T22:31:04+00:00\",\"author\":{\"@id\":\"https:\/\/www.visit-ulcinj.com\/blog\/#\/schema\/person\/dcab619c614d3038751c63bc2aadc06d\"},\"description\":\"Big Brother Albania 2 - K\u00c3\u00abto pyetjet q\u00c3\u00ab kemi shkruar m\u00c3\u00ab posht\u00c3\u00ab, i jan\u00c3\u00ab drejtuar prej disa dit\u00c3\u00absh, Qetsorit, djalit fitues t\u00c3\u00ab BB 2. N\u00c3\u00ab fakt, si\u00c3\u00a7 e shihni, jan\u00c3\u00ab pyetje pa p\u00c3\u00abrgjigje.\",\"breadcrumb\":{\"@id\":\"https:\/\/www.visit-ulcinj.com\/blog\/2009\/05\/28\/sori-kandidati-per-deputet-qe-nuk-di-programin-e-pdk\/#breadcrumb\"},\"inLanguage\":\"en-US\",\"potentialAction\":[{\"@type\":\"ReadAction\",\"target\":[\"https:\/\/www.visit-ulcinj.com\/blog\/2009\/05\/28\/sori-kandidati-per-deputet-qe-nuk-di-programin-e-pdk\/\"]}]},{\"@type\":\"BreadcrumbList\",\"@id\":\"https:\/\/www.visit-ulcinj.com\/blog\/2009\/05\/28\/sori-kandidati-per-deputet-qe-nuk-di-programin-e-pdk\/#breadcrumb\",\"itemListElement\":[{\"@type\":\"ListItem\",\"position\":1,\"name\":\"Sori, kandidati p\u00ebr deputet q\u00eb nuk di programin e PDK\"}]},{\"@type\":\"Person\",\"@id\":\"https:\/\/www.visit-ulcinj.com\/blog\/#\/schema\/person\/dcab619c614d3038751c63bc2aadc06d\",\"name\":\"ulqini\",\"sameAs\":[\"http:\/\/www.visit-ulcinj.com\"],\"url\":\"https:\/\/www.visit-ulcinj.com\/blog\/author\/admin\/\"}]}<\/script>\n<!-- \/ Yoast SEO plugin. -->","yoast_head_json":{"title":"Sori, kandidati p\u00c3\u00abr deputet q\u00c3\u00ab nuk di programin e PDK | Big Brother Albania 2","description":"Big Brother Albania 2 - K\u00c3\u00abto pyetjet q\u00c3\u00ab kemi shkruar m\u00c3\u00ab posht\u00c3\u00ab, i jan\u00c3\u00ab drejtuar prej disa dit\u00c3\u00absh, Qetsorit, djalit fitues t\u00c3\u00ab BB 2. N\u00c3\u00ab fakt, si\u00c3\u00a7 e shihni, jan\u00c3\u00ab pyetje pa p\u00c3\u00abrgjigje.","robots":{"index":"index","follow":"follow","max-snippet":"max-snippet:-1","max-image-preview":"max-image-preview:large","max-video-preview":"max-video-preview:-1"},"canonical":"https:\/\/www.visit-ulcinj.com\/blog\/2009\/05\/28\/sori-kandidati-per-deputet-qe-nuk-di-programin-e-pdk\/","og_locale":"en_US","og_type":"article","og_title":"Sori, kandidati p\u00c3\u00abr deputet q\u00c3\u00ab nuk di programin e PDK | Big Brother Albania 2","og_description":"Big Brother Albania 2 - K\u00c3\u00abto pyetjet q\u00c3\u00ab kemi shkruar m\u00c3\u00ab posht\u00c3\u00ab, i jan\u00c3\u00ab drejtuar prej disa dit\u00c3\u00absh, Qetsorit, djalit fitues t\u00c3\u00ab BB 2. N\u00c3\u00ab fakt, si\u00c3\u00a7 e shihni, jan\u00c3\u00ab pyetje pa p\u00c3\u00abrgjigje.","og_url":"https:\/\/www.visit-ulcinj.com\/blog\/2009\/05\/28\/sori-kandidati-per-deputet-qe-nuk-di-programin-e-pdk\/","og_site_name":"Lajme nga Ulqini","article_published_time":"2009-05-27T22:31:04+00:00","og_image":[{"url":"http:\/\/www.visit-ulcinj.com\/blog\/wp-content\/uploads\/2009\/05\/qetsori-bba-pdk.jpg"}],"twitter_misc":{"Written by":"ulqini","Est. reading time":"2 minutes"},"schema":{"@context":"https:\/\/schema.org","@graph":[{"@type":"WebSite","@id":"https:\/\/www.visit-ulcinj.com\/blog\/#website","url":"https:\/\/www.visit-ulcinj.com\/blog\/","name":"Lajme nga Ulqini","description":"Lajme,Vijesti,Ulqini,Ulqin,Crna Gora,Mali i Zi","potentialAction":[{"@type":"SearchAction","target":{"@type":"EntryPoint","urlTemplate":"https:\/\/www.visit-ulcinj.com\/blog\/?s={search_term_string}"},"query-input":"required name=search_term_string"}],"inLanguage":"en-US"},{"@type":"ImageObject","inLanguage":"en-US","@id":"https:\/\/www.visit-ulcinj.com\/blog\/2009\/05\/28\/sori-kandidati-per-deputet-qe-nuk-di-programin-e-pdk\/#primaryimage","url":"http:\/\/www.visit-ulcinj.com\/blog\/wp-content\/uploads\/2009\/05\/qetsori-bba-pdk.jpg","contentUrl":"http:\/\/www.visit-ulcinj.com\/blog\/wp-content\/uploads\/2009\/05\/qetsori-bba-pdk.jpg"},{"@type":"WebPage","@id":"https:\/\/www.visit-ulcinj.com\/blog\/2009\/05\/28\/sori-kandidati-per-deputet-qe-nuk-di-programin-e-pdk\/#webpage","url":"https:\/\/www.visit-ulcinj.com\/blog\/2009\/05\/28\/sori-kandidati-per-deputet-qe-nuk-di-programin-e-pdk\/","name":"Sori, kandidati p\u00c3\u00abr deputet q\u00c3\u00ab nuk di programin e PDK | Big Brother Albania 2","isPartOf":{"@id":"https:\/\/www.visit-ulcinj.com\/blog\/#website"},"primaryImageOfPage":{"@id":"https:\/\/www.visit-ulcinj.com\/blog\/2009\/05\/28\/sori-kandidati-per-deputet-qe-nuk-di-programin-e-pdk\/#primaryimage"},"datePublished":"2009-05-27T22:31:04+00:00","dateModified":"2009-05-27T22:31:04+00:00","author":{"@id":"https:\/\/www.visit-ulcinj.com\/blog\/#\/schema\/person\/dcab619c614d3038751c63bc2aadc06d"},"description":"Big Brother Albania 2 - K\u00c3\u00abto pyetjet q\u00c3\u00ab kemi shkruar m\u00c3\u00ab posht\u00c3\u00ab, i jan\u00c3\u00ab drejtuar prej disa dit\u00c3\u00absh, Qetsorit, djalit fitues t\u00c3\u00ab BB 2. N\u00c3\u00ab fakt, si\u00c3\u00a7 e shihni, jan\u00c3\u00ab pyetje pa p\u00c3\u00abrgjigje.","breadcrumb":{"@id":"https:\/\/www.visit-ulcinj.com\/blog\/2009\/05\/28\/sori-kandidati-per-deputet-qe-nuk-di-programin-e-pdk\/#breadcrumb"},"inLanguage":"en-US","potentialAction":[{"@type":"ReadAction","target":["https:\/\/www.visit-ulcinj.com\/blog\/2009\/05\/28\/sori-kandidati-per-deputet-qe-nuk-di-programin-e-pdk\/"]}]},{"@type":"BreadcrumbList","@id":"https:\/\/www.visit-ulcinj.com\/blog\/2009\/05\/28\/sori-kandidati-per-deputet-qe-nuk-di-programin-e-pdk\/#breadcrumb","itemListElement":[{"@type":"ListItem","position":1,"name":"Sori, kandidati p\u00ebr deputet q\u00eb nuk di programin e PDK"}]},{"@type":"Person","@id":"https:\/\/www.visit-ulcinj.com\/blog\/#\/schema\/person\/dcab619c614d3038751c63bc2aadc06d","name":"ulqini","sameAs":["http:\/\/www.visit-ulcinj.com"],"url":"https:\/\/www.visit-ulcinj.com\/blog\/author\/admin\/"}]}},"jetpack_featured_media_url":"","jetpack_sharing_enabled":true,"jetpack_shortlink":"https:\/\/wp.me\/pe6lTn-5K2","_links":{"self":[{"href":"https:\/\/www.visit-ulcinj.com\/blog\/wp-json\/wp\/v2\/posts\/22074"}],"collection":[{"href":"https:\/\/www.visit-ulcinj.com\/blog\/wp-json\/wp\/v2\/posts"}],"about":[{"href":"https:\/\/www.visit-ulcinj.com\/blog\/wp-json\/wp\/v2\/types\/post"}],"author":[{"embeddable":true,"href":"https:\/\/www.visit-ulcinj.com\/blog\/wp-json\/wp\/v2\/users\/1"}],"replies":[{"embeddable":true,"href":"https:\/\/www.visit-ulcinj.com\/blog\/wp-json\/wp\/v2\/comments?post=22074"}],"version-history":[{"count":0,"href":"https:\/\/www.visit-ulcinj.com\/blog\/wp-json\/wp\/v2\/posts\/22074\/revisions"}],"wp:attachment":[{"href":"https:\/\/www.visit-ulcinj.com\/blog\/wp-json\/wp\/v2\/media?parent=22074"}],"wp:term":[{"taxonomy":"category","embeddable":true,"href":"https:\/\/www.visit-ulcinj.com\/blog\/wp-json\/wp\/v2\/categories?post=22074"},{"taxonomy":"post_tag","embeddable":true,"href":"https:\/\/www.visit-ulcinj.com\/blog\/wp-json\/wp\/v2\/tags?post=22074"}],"curies":[{"name":"wp","href":"https:\/\/api.w.org\/{rel}","templated":true}]}}