{"id":22079,"date":"2009-05-28T00:49:01","date_gmt":"2009-05-27T22:49:01","guid":{"rendered":"http:\/\/www.visit-ulcinj.com\/blog\/?p=22079"},"modified":"2009-05-28T16:11:51","modified_gmt":"2009-05-28T14:11:51","slug":"ndahet-ciljeta-gjen-te-dashur-ne-nje-pike-karburanti","status":"publish","type":"post","link":"https:\/\/www.visit-ulcinj.com\/blog\/2009\/05\/28\/ndahet-ciljeta-gjen-te-dashur-ne-nje-pike-karburanti\/","title":{"rendered":"Ndahet \u00c7iljeta, gjen t\u00eb dashur n\u00eb nj\u00eb pik\u00eb karburanti"},"content":{"rendered":"<p><a href=\"http:\/\/www.visit-ulcinj.com\/blog\/wp-content\/uploads\/2009\/05\/ciljeta-fest-1.jpg\"><img loading=\"lazy\" class=\"alignnone size-full wp-image-22078\" title=\"ciljeta-fest-1\" src=\"http:\/\/www.visit-ulcinj.com\/blog\/wp-content\/uploads\/2009\/05\/ciljeta-fest-1.jpg\" alt=\"ciljeta-fest-1\" width=\"585\" height=\"330\" \/><\/a><\/p>\n<p>Esht\u00eb ndar\u00eb nga i dashuri dhe miqt\u00eb e saj m\u00eb t\u00eb mir\u00eb duan t\u00eb krijojn\u00eb nj\u00eb atmosfer\u00eb festive p\u00ebr t\u00eb. Kjo \u00ebsht\u00eb dhe fabula e klipit dhe k\u00ebng\u00ebs m\u00eb t\u00eb re t\u00eb k\u00ebng\u00ebtares \u00c7iljeta Xhilaga. Ka arritur t\u00eb mbledh\u00eb n\u00eb xhirimet e k\u00ebtij klipi, miqt\u00eb e saj m\u00eb t\u00eb af\u00ebrt si dhe artist\u00eb t\u00eb njohur, duke e shnd\u00ebrruar sheshin e xhirimeve n\u00eb nj\u00eb fest\u00eb gjigante dhe shum\u00eb miq\u00ebsore\u2026 Do t\u00eb rikthehet p\u00ebrs\u00ebri n\u00eb k\u00ebto dit\u00eb t\u00eb nxehta verore me nj\u00eb klip mjaft t\u00eb nxeht\u00eb. \u00c7iljeta, shum\u00eb shpejt do t\u00eb jet\u00eb e pranishme n\u00eb ekranet muzikore shqiptare me nj\u00eb k\u00ebng\u00eb t\u00eb re q\u00eb premton t\u00eb b\u00ebhet \u201chit\u201d veror. K\u00ebnga itullohet \u201cDejavu\u201d dhe tashm\u00eb ka p\u00ebrfunduar s\u00eb regjistruari n\u00eb studio dhe ka kaluar tashm\u00eb n\u00eb faz\u00ebn e xhirimit t\u00eb klipit.<\/p>\n<p><span style=\"font-weight: bold;\">KLIPI<\/span><\/p>\n<p><a rel=\"attachment wp-att-22082\" href=\"http:\/\/www.visit-ulcinj.com\/blog\/2009\/05\/28\/ndahet-ciljeta-gjen-te-dashur-ne-nje-pike-karburanti\/ciljeta-xhilaga1-2\/\"><img loading=\"lazy\" class=\"alignleft size-medium wp-image-22082\" title=\"ciljeta-xhilaga1\" src=\"http:\/\/www.visit-ulcinj.com\/blog\/wp-content\/uploads\/2009\/05\/ciljeta-xhilaga1-214x300.jpg\" alt=\"ciljeta-xhilaga1\" width=\"214\" height=\"300\" \/><\/a>Vajza me rroba banje, djem simpatik\u00eb, birra, pishin\u00eb dhe nj\u00eb \u00c7iljet\u00eb e veshur n\u00eb m\u00ebnyr\u00eb pikante\u2026 Kjo \u00ebsht\u00eb vet\u00ebm nj\u00eb pjes\u00eb e asaj q\u00eb k\u00ebng\u00ebtarja shqiptare do t\u00eb propozoj\u00eb n\u00eb k\u00ebt\u00eb klip, i cili sipas saj, \u00ebsht\u00eb menduar t\u00eb xhirohet n\u00eb bashk\u00ebpunim me miqt\u00eb e saj m\u00eb t\u00eb ngusht\u00eb, nj\u00eb pjes\u00eb e mir\u00eb e tyre dhe artist\u00eb t\u00eb njohur t\u00eb sken\u00ebs shqiptare. \u201cDo t\u00eb jet\u00eb nj\u00eb realizim n\u00eb trajt\u00ebn e nj\u00eb filmi me personazhe reale, ku jan\u00eb t\u00eb pranish\u00ebm dhe shum\u00eb miq n\u00eb jet\u00ebn e p\u00ebrditshme\u201d, &#8211; shprehet ajo p\u00ebr sa i p\u00ebrket zgjedhje s\u00eb personazheve q\u00eb jan\u00eb pjes\u00ebmarr\u00ebs n\u00eb klip. Por, klipi nuk propozon vet\u00ebm atmosfer\u00eb verore dhe figura t\u00eb njohura t\u00eb spektaklit, por dhe nj\u00eb subjekt interesant, i cili do ta b\u00ebj\u00eb dhe m\u00eb intrigues k\u00ebt\u00eb t\u00eb fundit. \u201cFabula e klipit \u00ebsht\u00eb q\u00eb un\u00eb jam ndar\u00eb nga i dashuri dhe miqt\u00eb e mi m\u00eb marrin n\u00eb telefon n\u00eb m\u00ebngjes p\u00ebr t\u00eb m\u00eb lajm\u00ebruar q\u00eb kan\u00eb organizuar nj\u00eb fest\u00eb p\u00ebr mua. Rrug\u00ebs, duke shkuar p\u00ebr n\u00eb fest\u00eb, kam gjat\u00eb gjith\u00eb koh\u00ebs dejavu t\u00eb \u00e7asteve t\u00eb kaluar me t\u00eb ishdashurin tim. N\u00eb nj\u00eb moment, ndaloj n\u00eb nj\u00eb pik\u00eb karburan i p\u00ebr t\u00eb furnizuar makin\u00ebn dhe aty kam nj\u00eb takim me shikim me nj\u00eb djal\u00eb q\u00eb punonte aty dhe lind di\u00e7ka. M\u00eb pas, pjesa tjet\u00ebr zhvillohet n\u00eb fest\u00eb, ku prezent\u00eb jan\u00eb t\u00eb dy djemt\u00eb. Ish-i dashuri im i shoq\u00ebruar me nj\u00eb vajz\u00eb dhe djali q\u00eb kam njohur n\u00eb pik\u00ebn e karburantit. Djali m\u00eb t\u00eb cili kam pasur nj\u00eb lidhje, gjat\u00eb fest\u00ebs b\u00ebhet xheloz p\u00ebr djalin e panjohur me t\u00eb cilin un\u00eb flas\u2026 N\u00eb fund un\u00eb zgjedh t\u00eb q\u00ebndroj me djalin q\u00eb kam njohur n\u00eb pik\u00ebn e karburantit\u2026\u201d, &#8211; tregon \u00c7iljeta p\u00ebr sa i p\u00ebrket subjektit q\u00eb do t\u00eb ket\u00eb klipi i ri.<\/p>\n<p><span style=\"font-weight: bold;\">DJEMT\u00cb<a rel=\"attachment wp-att-22083\" href=\"http:\/\/www.visit-ulcinj.com\/blog\/2009\/05\/28\/ndahet-ciljeta-gjen-te-dashur-ne-nje-pike-karburanti\/ciljeta-xhilaga3\/\"><img loading=\"lazy\" class=\"alignright size-medium wp-image-22083\" title=\"ciljeta-xhilaga3\" src=\"http:\/\/www.visit-ulcinj.com\/blog\/wp-content\/uploads\/2009\/05\/ciljeta-xhilaga3-300x300.jpg\" alt=\"ciljeta-xhilaga3\" width=\"300\" height=\"300\" \/><\/a><\/span><\/p>\n<p>E gjith\u00eb \u201clufta\u201d p\u00ebr t\u00eb fituar zemr\u00ebn e \u00c7iljet\u00ebs n\u00eb klip interpretohet nga dy djem v\u00ebrtet shum\u00eb simpatik\u00eb. Nj\u00ebri prej tyre, brun, me karakteristika t\u00eb nj\u00eb mashkulli latin, nd\u00ebrsa jetri \u00ebsht\u00eb nj\u00eb bukuri e nj\u00eb lloji tjet\u00ebr, biond me sy boj\u00ebqielli. N\u00eb klip, nj\u00ebri prej tyre luan rolin e ish-t\u00eb dashurit t\u00eb k\u00ebng\u00ebtares seksi, nd\u00ebrsa tjetri \u00ebsht\u00eb dashuria q\u00eb ajo takon n\u00eb nj\u00eb pik\u00eb karburanti. \u201cDy djemt\u00eb q\u00eb interpretojn\u00eb n\u00eb klipin tim, Flori dhe Kli i, jan\u00eb dy nga miqt\u00eb e mi m\u00eb t\u00eb mir\u00eb n\u00eb jet\u00ebn reale\u201d, &#8211; tregon \u00c7ili.<\/p>\n<p><span style=\"font-weight: bold;\"><a rel=\"attachment wp-att-22084\" href=\"http:\/\/www.visit-ulcinj.com\/blog\/2009\/05\/28\/ndahet-ciljeta-gjen-te-dashur-ne-nje-pike-karburanti\/ciljeta-xhilaga4\/\"><img loading=\"lazy\" class=\"alignleft size-medium wp-image-22084\" title=\"ciljeta-xhilaga4\" src=\"http:\/\/www.visit-ulcinj.com\/blog\/wp-content\/uploads\/2009\/05\/ciljeta-xhilaga4-292x300.jpg\" alt=\"ciljeta-xhilaga4\" width=\"292\" height=\"300\" \/><\/a>PARAQITJA<\/span><\/p>\n<p><span style=\"font-weight: bold;\"><br \/>\n<\/span><\/p>\n<p>Si gjithmon\u00eb, look-u q\u00eb ka zgjedhur \u00c7ili ka qen\u00eb mjaft interesante dhe pikant, ashtu si dhe stina q\u00eb pritet t\u00eb vij\u00eb. Duke pasur parasysh ngjyr\u00ebn e err\u00ebt t\u00eb flok\u00ebve dhe l\u00ebkur\u00ebn e nxir\u00eb, ajo ka krijuar nj\u00eb kontrast t\u00eb duksh\u00ebm me nj\u00eb fustan n\u00eb ngjyr\u00eb portokalli t\u00eb ndezur, i shoq\u00ebruar me vath\u00eb t\u00eb gjat\u00eb dhe t\u00eb ndritsh\u00ebm.<br \/>\n.<br \/>\n.<\/p>\n<p><span style=\"font-weight: bold; font-style: italic;\">Bluetooth<\/span><\/p>\n<p><span style=\"font-weight: bold; font-style: italic;\"><!--YouTube Error: bad URL entered--><br \/>\n<\/span><\/p>\n<p><span style=\"font-weight: bold; font-style: italic;\"><br \/>\n<\/span><\/p>\n<p><span style=\"font-weight: bold; font-style: italic;\"><br \/>\n<\/span><\/p>\n","protected":false},"excerpt":{"rendered":"<p>Esht\u00eb ndar\u00eb nga i dashuri dhe miqt\u00eb e saj m\u00eb t\u00eb mir\u00eb duan t\u00eb krijojn\u00eb nj\u00eb atmosfer\u00eb festive p\u00ebr t\u00eb. Kjo \u00ebsht\u00eb dhe fabula e klipit dhe k\u00ebng\u00ebs m\u00eb t\u00eb re t\u00eb k\u00ebng\u00ebtares \u00c7iljeta Xhilaga. Ka arritur t\u00eb mbledh\u00eb n\u00eb xhirimet e k\u00ebtij klipi, miqt\u00eb e saj m\u00eb t\u00eb af\u00ebrt si dhe artist\u00eb t\u00eb njohur, [&hellip;]<\/p>\n","protected":false},"author":1,"featured_media":0,"comment_status":"open","ping_status":"closed","sticky":false,"template":"","format":"standard","meta":{"spay_email":"","jetpack_publicize_message":"","jetpack_is_tweetstorm":false,"jetpack_publicize_feature_enabled":true},"categories":[1],"tags":[5191,10790,10788,10789,9090,4896],"jetpack_publicize_connections":[],"yoast_head":"<!-- This site is optimized with the Yoast SEO plugin v19.1 - https:\/\/yoast.com\/wordpress\/plugins\/seo\/ -->\n<title>Ndahet \u00c3\u2021iljeta, gjen t\u00c3\u00ab dashur n\u00c3\u00ab nj\u00c3\u00ab pik\u00c3\u00ab karburanti<\/title>\n<meta name=\"description\" content=\"Ndahet \u00c3\u2021iljeta, gjen t\u00c3\u00ab dashur n\u00c3\u00ab nj\u00c3\u00ab pik\u00c3\u00ab karburanti - Esht\u00c3\u00ab ndar\u00c3\u00ab nga i dashuri dhe miqt\u00c3\u00ab e saj m\u00c3\u00ab t\u00c3\u00ab mir\u00c3\u00ab duan t\u00c3\u00ab krijojn\u00c3\u00ab nj\u00c3\u00ab atmosfer\u00c3\u00ab festive p\u00c3\u00abr t\u00c3\u00ab.\" \/>\n<meta name=\"robots\" content=\"index, follow, max-snippet:-1, max-image-preview:large, max-video-preview:-1\" \/>\n<link rel=\"canonical\" href=\"https:\/\/www.visit-ulcinj.com\/blog\/2009\/05\/28\/ndahet-ciljeta-gjen-te-dashur-ne-nje-pike-karburanti\/\" \/>\n<meta property=\"og:locale\" content=\"en_US\" \/>\n<meta property=\"og:type\" content=\"article\" \/>\n<meta property=\"og:title\" content=\"Ndahet \u00c3\u2021iljeta, gjen t\u00c3\u00ab dashur n\u00c3\u00ab nj\u00c3\u00ab pik\u00c3\u00ab karburanti\" \/>\n<meta property=\"og:description\" content=\"Ndahet \u00c3\u2021iljeta, gjen t\u00c3\u00ab dashur n\u00c3\u00ab nj\u00c3\u00ab pik\u00c3\u00ab karburanti - Esht\u00c3\u00ab ndar\u00c3\u00ab nga i dashuri dhe miqt\u00c3\u00ab e saj m\u00c3\u00ab t\u00c3\u00ab mir\u00c3\u00ab duan t\u00c3\u00ab krijojn\u00c3\u00ab nj\u00c3\u00ab atmosfer\u00c3\u00ab festive p\u00c3\u00abr t\u00c3\u00ab.\" \/>\n<meta property=\"og:url\" content=\"https:\/\/www.visit-ulcinj.com\/blog\/2009\/05\/28\/ndahet-ciljeta-gjen-te-dashur-ne-nje-pike-karburanti\/\" \/>\n<meta property=\"og:site_name\" content=\"Lajme nga Ulqini\" \/>\n<meta property=\"article:published_time\" content=\"2009-05-27T22:49:01+00:00\" \/>\n<meta property=\"article:modified_time\" content=\"2009-05-28T14:11:51+00:00\" \/>\n<meta property=\"og:image\" content=\"http:\/\/www.visit-ulcinj.com\/blog\/wp-content\/uploads\/2009\/05\/ciljeta-fest-1.jpg\" \/>\n<meta name=\"twitter:label1\" content=\"Written by\" \/>\n\t<meta name=\"twitter:data1\" content=\"ulqini\" \/>\n\t<meta name=\"twitter:label2\" content=\"Est. reading time\" \/>\n\t<meta name=\"twitter:data2\" content=\"3 minutes\" \/>\n<script type=\"application\/ld+json\" class=\"yoast-schema-graph\">{\"@context\":\"https:\/\/schema.org\",\"@graph\":[{\"@type\":\"WebSite\",\"@id\":\"https:\/\/www.visit-ulcinj.com\/blog\/#website\",\"url\":\"https:\/\/www.visit-ulcinj.com\/blog\/\",\"name\":\"Lajme nga Ulqini\",\"description\":\"Lajme,Vijesti,Ulqini,Ulqin,Crna Gora,Mali i Zi\",\"potentialAction\":[{\"@type\":\"SearchAction\",\"target\":{\"@type\":\"EntryPoint\",\"urlTemplate\":\"https:\/\/www.visit-ulcinj.com\/blog\/?s={search_term_string}\"},\"query-input\":\"required name=search_term_string\"}],\"inLanguage\":\"en-US\"},{\"@type\":\"ImageObject\",\"inLanguage\":\"en-US\",\"@id\":\"https:\/\/www.visit-ulcinj.com\/blog\/2009\/05\/28\/ndahet-ciljeta-gjen-te-dashur-ne-nje-pike-karburanti\/#primaryimage\",\"url\":\"http:\/\/www.visit-ulcinj.com\/blog\/wp-content\/uploads\/2009\/05\/ciljeta-fest-1.jpg\",\"contentUrl\":\"http:\/\/www.visit-ulcinj.com\/blog\/wp-content\/uploads\/2009\/05\/ciljeta-fest-1.jpg\"},{\"@type\":\"WebPage\",\"@id\":\"https:\/\/www.visit-ulcinj.com\/blog\/2009\/05\/28\/ndahet-ciljeta-gjen-te-dashur-ne-nje-pike-karburanti\/#webpage\",\"url\":\"https:\/\/www.visit-ulcinj.com\/blog\/2009\/05\/28\/ndahet-ciljeta-gjen-te-dashur-ne-nje-pike-karburanti\/\",\"name\":\"Ndahet \u00c3\u2021iljeta, gjen t\u00c3\u00ab dashur n\u00c3\u00ab nj\u00c3\u00ab pik\u00c3\u00ab karburanti\",\"isPartOf\":{\"@id\":\"https:\/\/www.visit-ulcinj.com\/blog\/#website\"},\"primaryImageOfPage\":{\"@id\":\"https:\/\/www.visit-ulcinj.com\/blog\/2009\/05\/28\/ndahet-ciljeta-gjen-te-dashur-ne-nje-pike-karburanti\/#primaryimage\"},\"datePublished\":\"2009-05-27T22:49:01+00:00\",\"dateModified\":\"2009-05-28T14:11:51+00:00\",\"author\":{\"@id\":\"https:\/\/www.visit-ulcinj.com\/blog\/#\/schema\/person\/dcab619c614d3038751c63bc2aadc06d\"},\"description\":\"Ndahet \u00c3\u2021iljeta, gjen t\u00c3\u00ab dashur n\u00c3\u00ab nj\u00c3\u00ab pik\u00c3\u00ab karburanti - Esht\u00c3\u00ab ndar\u00c3\u00ab nga i dashuri dhe miqt\u00c3\u00ab e saj m\u00c3\u00ab t\u00c3\u00ab mir\u00c3\u00ab duan t\u00c3\u00ab krijojn\u00c3\u00ab nj\u00c3\u00ab atmosfer\u00c3\u00ab festive p\u00c3\u00abr t\u00c3\u00ab.\",\"breadcrumb\":{\"@id\":\"https:\/\/www.visit-ulcinj.com\/blog\/2009\/05\/28\/ndahet-ciljeta-gjen-te-dashur-ne-nje-pike-karburanti\/#breadcrumb\"},\"inLanguage\":\"en-US\",\"potentialAction\":[{\"@type\":\"ReadAction\",\"target\":[\"https:\/\/www.visit-ulcinj.com\/blog\/2009\/05\/28\/ndahet-ciljeta-gjen-te-dashur-ne-nje-pike-karburanti\/\"]}]},{\"@type\":\"BreadcrumbList\",\"@id\":\"https:\/\/www.visit-ulcinj.com\/blog\/2009\/05\/28\/ndahet-ciljeta-gjen-te-dashur-ne-nje-pike-karburanti\/#breadcrumb\",\"itemListElement\":[{\"@type\":\"ListItem\",\"position\":1,\"name\":\"Ndahet \u00c7iljeta, gjen t\u00eb dashur n\u00eb nj\u00eb pik\u00eb karburanti\"}]},{\"@type\":\"Person\",\"@id\":\"https:\/\/www.visit-ulcinj.com\/blog\/#\/schema\/person\/dcab619c614d3038751c63bc2aadc06d\",\"name\":\"ulqini\",\"sameAs\":[\"http:\/\/www.visit-ulcinj.com\"],\"url\":\"https:\/\/www.visit-ulcinj.com\/blog\/author\/admin\/\"}]}<\/script>\n<!-- \/ Yoast SEO plugin. -->","yoast_head_json":{"title":"Ndahet \u00c3\u2021iljeta, gjen t\u00c3\u00ab dashur n\u00c3\u00ab nj\u00c3\u00ab pik\u00c3\u00ab karburanti","description":"Ndahet \u00c3\u2021iljeta, gjen t\u00c3\u00ab dashur n\u00c3\u00ab nj\u00c3\u00ab pik\u00c3\u00ab karburanti - Esht\u00c3\u00ab ndar\u00c3\u00ab nga i dashuri dhe miqt\u00c3\u00ab e saj m\u00c3\u00ab t\u00c3\u00ab mir\u00c3\u00ab duan t\u00c3\u00ab krijojn\u00c3\u00ab nj\u00c3\u00ab atmosfer\u00c3\u00ab festive p\u00c3\u00abr t\u00c3\u00ab.","robots":{"index":"index","follow":"follow","max-snippet":"max-snippet:-1","max-image-preview":"max-image-preview:large","max-video-preview":"max-video-preview:-1"},"canonical":"https:\/\/www.visit-ulcinj.com\/blog\/2009\/05\/28\/ndahet-ciljeta-gjen-te-dashur-ne-nje-pike-karburanti\/","og_locale":"en_US","og_type":"article","og_title":"Ndahet \u00c3\u2021iljeta, gjen t\u00c3\u00ab dashur n\u00c3\u00ab nj\u00c3\u00ab pik\u00c3\u00ab karburanti","og_description":"Ndahet \u00c3\u2021iljeta, gjen t\u00c3\u00ab dashur n\u00c3\u00ab nj\u00c3\u00ab pik\u00c3\u00ab karburanti - Esht\u00c3\u00ab ndar\u00c3\u00ab nga i dashuri dhe miqt\u00c3\u00ab e saj m\u00c3\u00ab t\u00c3\u00ab mir\u00c3\u00ab duan t\u00c3\u00ab krijojn\u00c3\u00ab nj\u00c3\u00ab atmosfer\u00c3\u00ab festive p\u00c3\u00abr t\u00c3\u00ab.","og_url":"https:\/\/www.visit-ulcinj.com\/blog\/2009\/05\/28\/ndahet-ciljeta-gjen-te-dashur-ne-nje-pike-karburanti\/","og_site_name":"Lajme nga Ulqini","article_published_time":"2009-05-27T22:49:01+00:00","article_modified_time":"2009-05-28T14:11:51+00:00","og_image":[{"url":"http:\/\/www.visit-ulcinj.com\/blog\/wp-content\/uploads\/2009\/05\/ciljeta-fest-1.jpg"}],"twitter_misc":{"Written by":"ulqini","Est. reading time":"3 minutes"},"schema":{"@context":"https:\/\/schema.org","@graph":[{"@type":"WebSite","@id":"https:\/\/www.visit-ulcinj.com\/blog\/#website","url":"https:\/\/www.visit-ulcinj.com\/blog\/","name":"Lajme nga Ulqini","description":"Lajme,Vijesti,Ulqini,Ulqin,Crna Gora,Mali i Zi","potentialAction":[{"@type":"SearchAction","target":{"@type":"EntryPoint","urlTemplate":"https:\/\/www.visit-ulcinj.com\/blog\/?s={search_term_string}"},"query-input":"required name=search_term_string"}],"inLanguage":"en-US"},{"@type":"ImageObject","inLanguage":"en-US","@id":"https:\/\/www.visit-ulcinj.com\/blog\/2009\/05\/28\/ndahet-ciljeta-gjen-te-dashur-ne-nje-pike-karburanti\/#primaryimage","url":"http:\/\/www.visit-ulcinj.com\/blog\/wp-content\/uploads\/2009\/05\/ciljeta-fest-1.jpg","contentUrl":"http:\/\/www.visit-ulcinj.com\/blog\/wp-content\/uploads\/2009\/05\/ciljeta-fest-1.jpg"},{"@type":"WebPage","@id":"https:\/\/www.visit-ulcinj.com\/blog\/2009\/05\/28\/ndahet-ciljeta-gjen-te-dashur-ne-nje-pike-karburanti\/#webpage","url":"https:\/\/www.visit-ulcinj.com\/blog\/2009\/05\/28\/ndahet-ciljeta-gjen-te-dashur-ne-nje-pike-karburanti\/","name":"Ndahet \u00c3\u2021iljeta, gjen t\u00c3\u00ab dashur n\u00c3\u00ab nj\u00c3\u00ab pik\u00c3\u00ab karburanti","isPartOf":{"@id":"https:\/\/www.visit-ulcinj.com\/blog\/#website"},"primaryImageOfPage":{"@id":"https:\/\/www.visit-ulcinj.com\/blog\/2009\/05\/28\/ndahet-ciljeta-gjen-te-dashur-ne-nje-pike-karburanti\/#primaryimage"},"datePublished":"2009-05-27T22:49:01+00:00","dateModified":"2009-05-28T14:11:51+00:00","author":{"@id":"https:\/\/www.visit-ulcinj.com\/blog\/#\/schema\/person\/dcab619c614d3038751c63bc2aadc06d"},"description":"Ndahet \u00c3\u2021iljeta, gjen t\u00c3\u00ab dashur n\u00c3\u00ab nj\u00c3\u00ab pik\u00c3\u00ab karburanti - Esht\u00c3\u00ab ndar\u00c3\u00ab nga i dashuri dhe miqt\u00c3\u00ab e saj m\u00c3\u00ab t\u00c3\u00ab mir\u00c3\u00ab duan t\u00c3\u00ab krijojn\u00c3\u00ab nj\u00c3\u00ab atmosfer\u00c3\u00ab festive p\u00c3\u00abr t\u00c3\u00ab.","breadcrumb":{"@id":"https:\/\/www.visit-ulcinj.com\/blog\/2009\/05\/28\/ndahet-ciljeta-gjen-te-dashur-ne-nje-pike-karburanti\/#breadcrumb"},"inLanguage":"en-US","potentialAction":[{"@type":"ReadAction","target":["https:\/\/www.visit-ulcinj.com\/blog\/2009\/05\/28\/ndahet-ciljeta-gjen-te-dashur-ne-nje-pike-karburanti\/"]}]},{"@type":"BreadcrumbList","@id":"https:\/\/www.visit-ulcinj.com\/blog\/2009\/05\/28\/ndahet-ciljeta-gjen-te-dashur-ne-nje-pike-karburanti\/#breadcrumb","itemListElement":[{"@type":"ListItem","position":1,"name":"Ndahet \u00c7iljeta, gjen t\u00eb dashur n\u00eb nj\u00eb pik\u00eb karburanti"}]},{"@type":"Person","@id":"https:\/\/www.visit-ulcinj.com\/blog\/#\/schema\/person\/dcab619c614d3038751c63bc2aadc06d","name":"ulqini","sameAs":["http:\/\/www.visit-ulcinj.com"],"url":"https:\/\/www.visit-ulcinj.com\/blog\/author\/admin\/"}]}},"jetpack_featured_media_url":"","jetpack_sharing_enabled":true,"jetpack_shortlink":"https:\/\/wp.me\/pe6lTn-5K7","_links":{"self":[{"href":"https:\/\/www.visit-ulcinj.com\/blog\/wp-json\/wp\/v2\/posts\/22079"}],"collection":[{"href":"https:\/\/www.visit-ulcinj.com\/blog\/wp-json\/wp\/v2\/posts"}],"about":[{"href":"https:\/\/www.visit-ulcinj.com\/blog\/wp-json\/wp\/v2\/types\/post"}],"author":[{"embeddable":true,"href":"https:\/\/www.visit-ulcinj.com\/blog\/wp-json\/wp\/v2\/users\/1"}],"replies":[{"embeddable":true,"href":"https:\/\/www.visit-ulcinj.com\/blog\/wp-json\/wp\/v2\/comments?post=22079"}],"version-history":[{"count":0,"href":"https:\/\/www.visit-ulcinj.com\/blog\/wp-json\/wp\/v2\/posts\/22079\/revisions"}],"wp:attachment":[{"href":"https:\/\/www.visit-ulcinj.com\/blog\/wp-json\/wp\/v2\/media?parent=22079"}],"wp:term":[{"taxonomy":"category","embeddable":true,"href":"https:\/\/www.visit-ulcinj.com\/blog\/wp-json\/wp\/v2\/categories?post=22079"},{"taxonomy":"post_tag","embeddable":true,"href":"https:\/\/www.visit-ulcinj.com\/blog\/wp-json\/wp\/v2\/tags?post=22079"}],"curies":[{"name":"wp","href":"https:\/\/api.w.org\/{rel}","templated":true}]}}