{"id":22087,"date":"2009-05-28T16:29:30","date_gmt":"2009-05-28T14:29:30","guid":{"rendered":"http:\/\/www.visit-ulcinj.com\/blog\/?p=22087"},"modified":"2009-05-28T18:12:07","modified_gmt":"2009-05-28T16:12:07","slug":"kumtese-kaldermimi-dhe-bllokimi-i-rruges","status":"publish","type":"post","link":"https:\/\/www.visit-ulcinj.com\/blog\/2009\/05\/28\/kumtese-kaldermimi-dhe-bllokimi-i-rruges\/","title":{"rendered":"KUMTESE &#8211; Kaldermimi dhe bllokimi i rruges"},"content":{"rendered":"<p><strong><img loading=\"lazy\" class=\"alignleft size-full wp-image-22088\" title=\"carshija-e-ulqinit\" src=\"http:\/\/www.visit-ulcinj.com\/blog\/wp-content\/uploads\/2009\/05\/carshija-e-ulqinit.jpg\" alt=\"carshija-e-ulqinit\" width=\"580\" height=\"400\" \/>FORCA E RE DEMOKRATIKE &#8211; KUMTES\u00cb P\u00cbR MEDIJA<br \/>\nULQIN &#8211; 28-05-2009<\/strong><\/p>\n<p><strong>Kalldr\u00ebmimi<\/strong><\/p>\n<p>Bllokimi i arteries ky\u00e7e ne Komun\u00ebn e Ulqinit po zgjat\u00eb edhe pas \u00e7eljes zyrtare t\u00eb rrug\u00ebs n\u00eb \u00c7arshin\u00eb e qytetit.<br \/>\nPuna e st\u00ebrzgjatur n\u00eb kalldr\u00ebmimin e rreth 100 metrave rrug\u00eb po vazhdon tutje.<br \/>\nRruga u mbyll p\u00ebr trafik, n\u00eb koh\u00eb dhe afat t\u00eb pacaktuar.<br \/>\nMbyllja nuk \u00ebsht\u00eb p\u00ebrcjell me kurrfar\u00eb informimi &#8211; tabele ku do t\u00eb duhej t\u00eb q\u00ebndronte data e mbylljes dhe data e p\u00ebrfundimit te punimeve.<br \/>\nNj\u00eb trajtim tejet mosp\u00ebrfilljes si ndaj qytetareve por edhe turist\u00ebve.<br \/>\nPyetja tjet\u00ebr e cila shtrohet \u00ebsht\u00eb se si ka mund\u00ebsi q\u00eb t\u00eb jet\u00eb aprovuar nj\u00eb vendosje e tille e kalldr\u00ebmit, i cili nuk po I duron as 20 dit\u00eb trafik me fluks normal.<br \/>\nSi ka mund\u00ebsi q\u00eb nj\u00eb projekt i till\u00eb t\u00eb ket\u00eb kaluar revidimin?<br \/>\nT\u00eb gjith\u00eb k\u00ebto pyetje me gjase do t\u00eb mbesin pa p\u00ebrgjigje pasi jo transparenca \u00ebsht\u00eb stil i pun\u00ebs i zyrtar\u00ebve Komunal, stil i cili vjen n\u00eb shprehje sidomos kur jan\u00eb ne pyetje investimet.<br \/>\nKy reagim i Forc\u00ebs ka p\u00ebr q\u00ebllim q\u00eb edhe nj\u00eb her\u00eb t\u00eb t\u00ebrheq v\u00ebrejtjen pushtetit lokal por edhe atij republikan q\u00eb n\u00eb m\u00ebnyr\u00eb m\u00eb serioze t\u00eb merren me k\u00ebto probleme t\u00eb cilit drejt p\u00ebr s\u00eb drejti ndikojn\u00eb n\u00eb rrjedhat e sezonit turistik.<br \/>\nBanor\u00ebt e Ulqinit jan\u00eb m\u00ebsuar q\u00eb t\u00eb durojn\u00eb k\u00ebso\u00a0 maltretimesh por turist\u00ebt q\u00eb kan\u00eb ardhur dhe do t\u00eb vijn\u00eb n\u00eb pushim tek ne,nuk do ta ken\u00eb durimin ton\u00eb por do t\u00eb na sjellin shpin\u00ebn dhe do t\u00eb orientohen n\u00eb destinacjone tjera turistike.<\/p>\n<p><strong>Ulqin, 28.05.09<br \/>\nSh\u00ebrbimi informativ<\/strong><\/p>\n<!--YouTube Error: bad URL entered-->\n","protected":false},"excerpt":{"rendered":"<p>FORCA E RE DEMOKRATIKE &#8211; KUMTES\u00cb P\u00cbR MEDIJA ULQIN &#8211; 28-05-2009 Kalldr\u00ebmimi Bllokimi i arteries ky\u00e7e ne Komun\u00ebn e Ulqinit po zgjat\u00eb edhe pas \u00e7eljes zyrtare t\u00eb rrug\u00ebs n\u00eb \u00c7arshin\u00eb e qytetit. Puna e st\u00ebrzgjatur n\u00eb kalldr\u00ebmimin e rreth 100 metrave rrug\u00eb po vazhdon tutje. Rruga u mbyll p\u00ebr trafik, n\u00eb koh\u00eb dhe afat t\u00eb [&hellip;]<\/p>\n","protected":false},"author":1,"featured_media":0,"comment_status":"open","ping_status":"closed","sticky":false,"template":"","format":"standard","meta":{"spay_email":"","jetpack_publicize_message":"","jetpack_is_tweetstorm":false,"jetpack_publicize_feature_enabled":true},"categories":[1],"tags":[672,10791,297,95,18],"jetpack_publicize_connections":[],"yoast_head":"<!-- This site is optimized with the Yoast SEO plugin v19.1 - https:\/\/yoast.com\/wordpress\/plugins\/seo\/ -->\n<title>KUMTESE - Kaldermimi dhe bllokimi i rruges - Lajme nga Ulqini<\/title>\n<meta name=\"description\" content=\"FORCA E RE DEMOKRATIKE - KUMTES\u00cb P\u00cbR MEDIJA ULQIN - 28-05-2009 Kalldr\u00ebmimi Bllokimi i arteries ky\u00e7e ne Komun\u00ebn e Ulqinit po zgjat\u00eb edhe pas \u00e7eljes zyrtare\" \/>\n<meta name=\"robots\" content=\"index, follow, max-snippet:-1, max-image-preview:large, max-video-preview:-1\" \/>\n<link rel=\"canonical\" href=\"https:\/\/www.visit-ulcinj.com\/blog\/2009\/05\/28\/kumtese-kaldermimi-dhe-bllokimi-i-rruges\/\" \/>\n<meta property=\"og:locale\" content=\"en_US\" \/>\n<meta property=\"og:type\" content=\"article\" \/>\n<meta property=\"og:title\" content=\"KUMTESE - Kaldermimi dhe bllokimi i rruges - Lajme nga Ulqini\" \/>\n<meta property=\"og:description\" content=\"FORCA E RE DEMOKRATIKE - KUMTES\u00cb P\u00cbR MEDIJA ULQIN - 28-05-2009 Kalldr\u00ebmimi Bllokimi i arteries ky\u00e7e ne Komun\u00ebn e Ulqinit po zgjat\u00eb edhe pas \u00e7eljes zyrtare\" \/>\n<meta property=\"og:url\" content=\"https:\/\/www.visit-ulcinj.com\/blog\/2009\/05\/28\/kumtese-kaldermimi-dhe-bllokimi-i-rruges\/\" \/>\n<meta property=\"og:site_name\" content=\"Lajme nga Ulqini\" \/>\n<meta property=\"article:published_time\" content=\"2009-05-28T14:29:30+00:00\" \/>\n<meta property=\"article:modified_time\" content=\"2009-05-28T16:12:07+00:00\" \/>\n<meta property=\"og:image\" content=\"http:\/\/www.visit-ulcinj.com\/blog\/wp-content\/uploads\/2009\/05\/carshija-e-ulqinit.jpg\" \/>\n<meta name=\"twitter:label1\" content=\"Written by\" \/>\n\t<meta name=\"twitter:data1\" content=\"ulqini\" \/>\n\t<meta name=\"twitter:label2\" content=\"Est. reading time\" \/>\n\t<meta name=\"twitter:data2\" content=\"2 minutes\" \/>\n<script type=\"application\/ld+json\" class=\"yoast-schema-graph\">{\"@context\":\"https:\/\/schema.org\",\"@graph\":[{\"@type\":\"WebSite\",\"@id\":\"https:\/\/www.visit-ulcinj.com\/blog\/#website\",\"url\":\"https:\/\/www.visit-ulcinj.com\/blog\/\",\"name\":\"Lajme nga Ulqini\",\"description\":\"Lajme,Vijesti,Ulqini,Ulqin,Crna Gora,Mali i Zi\",\"potentialAction\":[{\"@type\":\"SearchAction\",\"target\":{\"@type\":\"EntryPoint\",\"urlTemplate\":\"https:\/\/www.visit-ulcinj.com\/blog\/?s={search_term_string}\"},\"query-input\":\"required name=search_term_string\"}],\"inLanguage\":\"en-US\"},{\"@type\":\"ImageObject\",\"inLanguage\":\"en-US\",\"@id\":\"https:\/\/www.visit-ulcinj.com\/blog\/2009\/05\/28\/kumtese-kaldermimi-dhe-bllokimi-i-rruges\/#primaryimage\",\"url\":\"https:\/\/www.visit-ulcinj.com\/blog\/wp-content\/uploads\/2009\/05\/carshija-e-ulqinit.jpg\",\"contentUrl\":\"https:\/\/www.visit-ulcinj.com\/blog\/wp-content\/uploads\/2009\/05\/carshija-e-ulqinit.jpg\",\"width\":\"1200\",\"height\":\"801\"},{\"@type\":\"WebPage\",\"@id\":\"https:\/\/www.visit-ulcinj.com\/blog\/2009\/05\/28\/kumtese-kaldermimi-dhe-bllokimi-i-rruges\/#webpage\",\"url\":\"https:\/\/www.visit-ulcinj.com\/blog\/2009\/05\/28\/kumtese-kaldermimi-dhe-bllokimi-i-rruges\/\",\"name\":\"KUMTESE - Kaldermimi dhe bllokimi i rruges - Lajme nga Ulqini\",\"isPartOf\":{\"@id\":\"https:\/\/www.visit-ulcinj.com\/blog\/#website\"},\"primaryImageOfPage\":{\"@id\":\"https:\/\/www.visit-ulcinj.com\/blog\/2009\/05\/28\/kumtese-kaldermimi-dhe-bllokimi-i-rruges\/#primaryimage\"},\"datePublished\":\"2009-05-28T14:29:30+00:00\",\"dateModified\":\"2009-05-28T16:12:07+00:00\",\"author\":{\"@id\":\"https:\/\/www.visit-ulcinj.com\/blog\/#\/schema\/person\/dcab619c614d3038751c63bc2aadc06d\"},\"description\":\"FORCA E RE DEMOKRATIKE - KUMTES\u00cb P\u00cbR MEDIJA ULQIN - 28-05-2009 Kalldr\u00ebmimi Bllokimi i arteries ky\u00e7e ne Komun\u00ebn e Ulqinit po zgjat\u00eb edhe pas \u00e7eljes zyrtare\",\"breadcrumb\":{\"@id\":\"https:\/\/www.visit-ulcinj.com\/blog\/2009\/05\/28\/kumtese-kaldermimi-dhe-bllokimi-i-rruges\/#breadcrumb\"},\"inLanguage\":\"en-US\",\"potentialAction\":[{\"@type\":\"ReadAction\",\"target\":[\"https:\/\/www.visit-ulcinj.com\/blog\/2009\/05\/28\/kumtese-kaldermimi-dhe-bllokimi-i-rruges\/\"]}]},{\"@type\":\"BreadcrumbList\",\"@id\":\"https:\/\/www.visit-ulcinj.com\/blog\/2009\/05\/28\/kumtese-kaldermimi-dhe-bllokimi-i-rruges\/#breadcrumb\",\"itemListElement\":[{\"@type\":\"ListItem\",\"position\":1,\"name\":\"KUMTESE &#8211; Kaldermimi dhe bllokimi i rruges\"}]},{\"@type\":\"Person\",\"@id\":\"https:\/\/www.visit-ulcinj.com\/blog\/#\/schema\/person\/dcab619c614d3038751c63bc2aadc06d\",\"name\":\"ulqini\",\"sameAs\":[\"http:\/\/www.visit-ulcinj.com\"],\"url\":\"https:\/\/www.visit-ulcinj.com\/blog\/author\/admin\/\"}]}<\/script>\n<!-- \/ Yoast SEO plugin. -->","yoast_head_json":{"title":"KUMTESE - Kaldermimi dhe bllokimi i rruges - Lajme nga Ulqini","description":"FORCA E RE DEMOKRATIKE - KUMTES\u00cb P\u00cbR MEDIJA ULQIN - 28-05-2009 Kalldr\u00ebmimi Bllokimi i arteries ky\u00e7e ne Komun\u00ebn e Ulqinit po zgjat\u00eb edhe pas \u00e7eljes zyrtare","robots":{"index":"index","follow":"follow","max-snippet":"max-snippet:-1","max-image-preview":"max-image-preview:large","max-video-preview":"max-video-preview:-1"},"canonical":"https:\/\/www.visit-ulcinj.com\/blog\/2009\/05\/28\/kumtese-kaldermimi-dhe-bllokimi-i-rruges\/","og_locale":"en_US","og_type":"article","og_title":"KUMTESE - Kaldermimi dhe bllokimi i rruges - Lajme nga Ulqini","og_description":"FORCA E RE DEMOKRATIKE - KUMTES\u00cb P\u00cbR MEDIJA ULQIN - 28-05-2009 Kalldr\u00ebmimi Bllokimi i arteries ky\u00e7e ne Komun\u00ebn e Ulqinit po zgjat\u00eb edhe pas \u00e7eljes zyrtare","og_url":"https:\/\/www.visit-ulcinj.com\/blog\/2009\/05\/28\/kumtese-kaldermimi-dhe-bllokimi-i-rruges\/","og_site_name":"Lajme nga Ulqini","article_published_time":"2009-05-28T14:29:30+00:00","article_modified_time":"2009-05-28T16:12:07+00:00","og_image":[{"url":"http:\/\/www.visit-ulcinj.com\/blog\/wp-content\/uploads\/2009\/05\/carshija-e-ulqinit.jpg"}],"twitter_misc":{"Written by":"ulqini","Est. reading time":"2 minutes"},"schema":{"@context":"https:\/\/schema.org","@graph":[{"@type":"WebSite","@id":"https:\/\/www.visit-ulcinj.com\/blog\/#website","url":"https:\/\/www.visit-ulcinj.com\/blog\/","name":"Lajme nga Ulqini","description":"Lajme,Vijesti,Ulqini,Ulqin,Crna Gora,Mali i Zi","potentialAction":[{"@type":"SearchAction","target":{"@type":"EntryPoint","urlTemplate":"https:\/\/www.visit-ulcinj.com\/blog\/?s={search_term_string}"},"query-input":"required name=search_term_string"}],"inLanguage":"en-US"},{"@type":"ImageObject","inLanguage":"en-US","@id":"https:\/\/www.visit-ulcinj.com\/blog\/2009\/05\/28\/kumtese-kaldermimi-dhe-bllokimi-i-rruges\/#primaryimage","url":"https:\/\/www.visit-ulcinj.com\/blog\/wp-content\/uploads\/2009\/05\/carshija-e-ulqinit.jpg","contentUrl":"https:\/\/www.visit-ulcinj.com\/blog\/wp-content\/uploads\/2009\/05\/carshija-e-ulqinit.jpg","width":"1200","height":"801"},{"@type":"WebPage","@id":"https:\/\/www.visit-ulcinj.com\/blog\/2009\/05\/28\/kumtese-kaldermimi-dhe-bllokimi-i-rruges\/#webpage","url":"https:\/\/www.visit-ulcinj.com\/blog\/2009\/05\/28\/kumtese-kaldermimi-dhe-bllokimi-i-rruges\/","name":"KUMTESE - Kaldermimi dhe bllokimi i rruges - Lajme nga Ulqini","isPartOf":{"@id":"https:\/\/www.visit-ulcinj.com\/blog\/#website"},"primaryImageOfPage":{"@id":"https:\/\/www.visit-ulcinj.com\/blog\/2009\/05\/28\/kumtese-kaldermimi-dhe-bllokimi-i-rruges\/#primaryimage"},"datePublished":"2009-05-28T14:29:30+00:00","dateModified":"2009-05-28T16:12:07+00:00","author":{"@id":"https:\/\/www.visit-ulcinj.com\/blog\/#\/schema\/person\/dcab619c614d3038751c63bc2aadc06d"},"description":"FORCA E RE DEMOKRATIKE - KUMTES\u00cb P\u00cbR MEDIJA ULQIN - 28-05-2009 Kalldr\u00ebmimi Bllokimi i arteries ky\u00e7e ne Komun\u00ebn e Ulqinit po zgjat\u00eb edhe pas \u00e7eljes zyrtare","breadcrumb":{"@id":"https:\/\/www.visit-ulcinj.com\/blog\/2009\/05\/28\/kumtese-kaldermimi-dhe-bllokimi-i-rruges\/#breadcrumb"},"inLanguage":"en-US","potentialAction":[{"@type":"ReadAction","target":["https:\/\/www.visit-ulcinj.com\/blog\/2009\/05\/28\/kumtese-kaldermimi-dhe-bllokimi-i-rruges\/"]}]},{"@type":"BreadcrumbList","@id":"https:\/\/www.visit-ulcinj.com\/blog\/2009\/05\/28\/kumtese-kaldermimi-dhe-bllokimi-i-rruges\/#breadcrumb","itemListElement":[{"@type":"ListItem","position":1,"name":"KUMTESE &#8211; Kaldermimi dhe bllokimi i rruges"}]},{"@type":"Person","@id":"https:\/\/www.visit-ulcinj.com\/blog\/#\/schema\/person\/dcab619c614d3038751c63bc2aadc06d","name":"ulqini","sameAs":["http:\/\/www.visit-ulcinj.com"],"url":"https:\/\/www.visit-ulcinj.com\/blog\/author\/admin\/"}]}},"jetpack_featured_media_url":"","jetpack_sharing_enabled":true,"jetpack_shortlink":"https:\/\/wp.me\/pe6lTn-5Kf","_links":{"self":[{"href":"https:\/\/www.visit-ulcinj.com\/blog\/wp-json\/wp\/v2\/posts\/22087"}],"collection":[{"href":"https:\/\/www.visit-ulcinj.com\/blog\/wp-json\/wp\/v2\/posts"}],"about":[{"href":"https:\/\/www.visit-ulcinj.com\/blog\/wp-json\/wp\/v2\/types\/post"}],"author":[{"embeddable":true,"href":"https:\/\/www.visit-ulcinj.com\/blog\/wp-json\/wp\/v2\/users\/1"}],"replies":[{"embeddable":true,"href":"https:\/\/www.visit-ulcinj.com\/blog\/wp-json\/wp\/v2\/comments?post=22087"}],"version-history":[{"count":0,"href":"https:\/\/www.visit-ulcinj.com\/blog\/wp-json\/wp\/v2\/posts\/22087\/revisions"}],"wp:attachment":[{"href":"https:\/\/www.visit-ulcinj.com\/blog\/wp-json\/wp\/v2\/media?parent=22087"}],"wp:term":[{"taxonomy":"category","embeddable":true,"href":"https:\/\/www.visit-ulcinj.com\/blog\/wp-json\/wp\/v2\/categories?post=22087"},{"taxonomy":"post_tag","embeddable":true,"href":"https:\/\/www.visit-ulcinj.com\/blog\/wp-json\/wp\/v2\/tags?post=22087"}],"curies":[{"name":"wp","href":"https:\/\/api.w.org\/{rel}","templated":true}]}}