{"id":221,"date":"2008-01-19T18:04:33","date_gmt":"2008-01-19T23:04:33","guid":{"rendered":"http:\/\/www.visit-ulcinj.com\/blog\/2008\/01\/19\/221\/"},"modified":"2008-02-12T19:11:17","modified_gmt":"2008-02-13T00:11:17","slug":"nazif-cungu-flet-per-uba-2007","status":"publish","type":"post","link":"https:\/\/www.visit-ulcinj.com\/blog\/2008\/01\/19\/nazif-cungu-flet-per-uba-2007\/","title":{"rendered":"NAZIF CUNGU FLET P\u00cbR &#8220;UBA 2007&#8221;"},"content":{"rendered":"<p><strong>NAZIF CUNGU FLET P\u00cbR &#8220;UBA  2007&#8221;<\/strong><\/p>\n<p>[googlevideo]http:\/\/video.google.com\/videoplay?docid=-1821746656018697064&amp;hl=en[\/googlevideo]<\/p>\n<p><strong> Kapitull i posa\u00e7\u00ebm p\u00ebr pakica<\/strong><\/p>\n<p>Ulqin &#8211; Forca e Re Demokratike, Partia e Prosperitetit Demokratik, Bashkimi Demokratik Shqiptar dhe Alternativa Shqiptare i kan\u00eb d\u00ebrguar K\u00ebshillit Kushtetues propozimet e p\u00ebrbashk\u00ebta me k\u00ebrkesat e k\u00ebtyre partive lidhur me Kushtetut\u00ebn e re t\u00eb Malit t\u00eb Zi. <!--more--><br \/>\n&#8220;N\u00ebp\u00ebrmes propozimeve tona q\u00eb mendojm\u00eb se duhen t\u00eb gjenden n\u00eb Kushtetut\u00eb jan\u00eb q\u00eb ajo t\u00eb ket\u00eb kapitull t\u00eb posa\u00e7\u00ebm p\u00ebr t\u00eb drejtat e pakicave, e jo si\u00e7 \u00ebsht\u00eb propozuar n\u00eb projekt, e cila do t\u00eb p\u00ebrmbante t\u00eb drejtat e arritura nga Karta e Vog\u00ebl e SMZ-s\u00eb dhe nga kushtetutat e m\u00ebparshme dhe t\u00eb p\u00ebrforcohen me ligj kushtetues p\u00ebr drejtat e pakicave, q\u00eb do t\u00eb nxirret gjasht\u00eb muaj pas aprovimit t\u00eb Kushtetut\u00ebs&#8221;, thuhet n\u00eb kumtes\u00ebn e p\u00ebrbashk\u00ebt t\u00eb k\u00ebtyre kat\u00ebr subjekteve.<br \/>\nPropozimet jan\u00eb p\u00ebrpiluar nga grupi i ekspert\u00ebve i k\u00ebtyre kat\u00ebr subjekteve, t\u00eb cilat shpresojn\u00eb se ato do t\u00eb jen\u00eb edhe k\u00ebrkes\u00eb e pjes\u00ebs m\u00eb t\u00eb madhe t\u00eb shqiptar\u00ebve n\u00eb Mal t\u00eb Zi.<br \/>\nK\u00ebto subjekte politike v\u00ebrejn\u00eb se praktika e deritashme n\u00eb Mal t\u00eb Zi ka treguar se ka munguar vullneti i pushtetit p\u00ebr implementimin e ligjeve q\u00eb kan\u00eb t\u00eb b\u00ebjn\u00eb sidomos me t\u00eb drejtat e pakicave nacionale dhe ligjeve q\u00eb kan\u00eb t\u00eb b\u00ebjn\u00eb me viset ku jetojn\u00eb shqiptar\u00ebt, duke besuar se ligji kushtetues do t\u00eb jet\u00eb mekaniz\u00ebm mbrojt\u00ebs i cili do t\u00eb ket\u00eb baz\u00ebn n\u00eb konventat dhe dokumentet nd\u00ebrkomb\u00ebtare.<\/p>\n<p>i.k.<\/p>\n","protected":false},"excerpt":{"rendered":"<p>NOT IMAGE<\/p>\n","protected":false},"author":1,"featured_media":0,"comment_status":"open","ping_status":"closed","sticky":false,"template":"","format":"standard","meta":{"spay_email":"","jetpack_publicize_message":"","jetpack_is_tweetstorm":false,"jetpack_publicize_feature_enabled":true},"categories":[],"tags":[],"jetpack_publicize_connections":[],"yoast_head":"<!-- This site is optimized with the Yoast SEO plugin v19.1 - https:\/\/yoast.com\/wordpress\/plugins\/seo\/ -->\n<title>NAZIF CUNGU FLET P\u00cbR &quot;UBA 2007&quot; - Lajme nga Ulqini<\/title>\n<meta name=\"description\" content=\"NOT IMAGE\" \/>\n<meta name=\"robots\" content=\"index, follow, max-snippet:-1, max-image-preview:large, max-video-preview:-1\" \/>\n<link rel=\"canonical\" href=\"https:\/\/www.visit-ulcinj.com\/blog\/2008\/01\/19\/nazif-cungu-flet-per-uba-2007\/\" \/>\n<meta property=\"og:locale\" content=\"en_US\" \/>\n<meta property=\"og:type\" content=\"article\" \/>\n<meta property=\"og:title\" content=\"NAZIF CUNGU FLET P\u00cbR &quot;UBA 2007&quot; - Lajme nga Ulqini\" \/>\n<meta property=\"og:description\" content=\"NOT IMAGE\" \/>\n<meta property=\"og:url\" content=\"https:\/\/www.visit-ulcinj.com\/blog\/2008\/01\/19\/nazif-cungu-flet-per-uba-2007\/\" \/>\n<meta property=\"og:site_name\" content=\"Lajme nga Ulqini\" \/>\n<meta property=\"article:published_time\" content=\"2008-01-19T23:04:33+00:00\" \/>\n<meta property=\"article:modified_time\" content=\"2008-02-13T00:11:17+00:00\" \/>\n<meta name=\"twitter:label1\" content=\"Written by\" \/>\n\t<meta name=\"twitter:data1\" content=\"ulqini\" \/>\n\t<meta name=\"twitter:label2\" content=\"Est. reading time\" \/>\n\t<meta name=\"twitter:data2\" content=\"1 minute\" \/>\n<script type=\"application\/ld+json\" class=\"yoast-schema-graph\">{\"@context\":\"https:\/\/schema.org\",\"@graph\":[{\"@type\":\"WebSite\",\"@id\":\"https:\/\/www.visit-ulcinj.com\/blog\/#website\",\"url\":\"https:\/\/www.visit-ulcinj.com\/blog\/\",\"name\":\"Lajme nga Ulqini\",\"description\":\"Lajme,Vijesti,Ulqini,Ulqin,Crna Gora,Mali i Zi\",\"potentialAction\":[{\"@type\":\"SearchAction\",\"target\":{\"@type\":\"EntryPoint\",\"urlTemplate\":\"https:\/\/www.visit-ulcinj.com\/blog\/?s={search_term_string}\"},\"query-input\":\"required name=search_term_string\"}],\"inLanguage\":\"en-US\"},{\"@type\":\"WebPage\",\"@id\":\"https:\/\/www.visit-ulcinj.com\/blog\/2008\/01\/19\/nazif-cungu-flet-per-uba-2007\/#webpage\",\"url\":\"https:\/\/www.visit-ulcinj.com\/blog\/2008\/01\/19\/nazif-cungu-flet-per-uba-2007\/\",\"name\":\"NAZIF CUNGU FLET P\u00cbR \\\"UBA 2007\\\" - Lajme nga Ulqini\",\"isPartOf\":{\"@id\":\"https:\/\/www.visit-ulcinj.com\/blog\/#website\"},\"datePublished\":\"2008-01-19T23:04:33+00:00\",\"dateModified\":\"2008-02-13T00:11:17+00:00\",\"author\":{\"@id\":\"https:\/\/www.visit-ulcinj.com\/blog\/#\/schema\/person\/dcab619c614d3038751c63bc2aadc06d\"},\"description\":\"NOT IMAGE\",\"breadcrumb\":{\"@id\":\"https:\/\/www.visit-ulcinj.com\/blog\/2008\/01\/19\/nazif-cungu-flet-per-uba-2007\/#breadcrumb\"},\"inLanguage\":\"en-US\",\"potentialAction\":[{\"@type\":\"ReadAction\",\"target\":[\"https:\/\/www.visit-ulcinj.com\/blog\/2008\/01\/19\/nazif-cungu-flet-per-uba-2007\/\"]}]},{\"@type\":\"BreadcrumbList\",\"@id\":\"https:\/\/www.visit-ulcinj.com\/blog\/2008\/01\/19\/nazif-cungu-flet-per-uba-2007\/#breadcrumb\",\"itemListElement\":[{\"@type\":\"ListItem\",\"position\":1,\"name\":\"NAZIF CUNGU FLET P\u00cbR &#8220;UBA 2007&#8221;\"}]},{\"@type\":\"Person\",\"@id\":\"https:\/\/www.visit-ulcinj.com\/blog\/#\/schema\/person\/dcab619c614d3038751c63bc2aadc06d\",\"name\":\"ulqini\",\"sameAs\":[\"http:\/\/www.visit-ulcinj.com\"],\"url\":\"https:\/\/www.visit-ulcinj.com\/blog\/author\/admin\/\"}]}<\/script>\n<!-- \/ Yoast SEO plugin. -->","yoast_head_json":{"title":"NAZIF CUNGU FLET P\u00cbR \"UBA 2007\" - Lajme nga Ulqini","description":"NOT IMAGE","robots":{"index":"index","follow":"follow","max-snippet":"max-snippet:-1","max-image-preview":"max-image-preview:large","max-video-preview":"max-video-preview:-1"},"canonical":"https:\/\/www.visit-ulcinj.com\/blog\/2008\/01\/19\/nazif-cungu-flet-per-uba-2007\/","og_locale":"en_US","og_type":"article","og_title":"NAZIF CUNGU FLET P\u00cbR \"UBA 2007\" - Lajme nga Ulqini","og_description":"NOT IMAGE","og_url":"https:\/\/www.visit-ulcinj.com\/blog\/2008\/01\/19\/nazif-cungu-flet-per-uba-2007\/","og_site_name":"Lajme nga Ulqini","article_published_time":"2008-01-19T23:04:33+00:00","article_modified_time":"2008-02-13T00:11:17+00:00","twitter_misc":{"Written by":"ulqini","Est. reading time":"1 minute"},"schema":{"@context":"https:\/\/schema.org","@graph":[{"@type":"WebSite","@id":"https:\/\/www.visit-ulcinj.com\/blog\/#website","url":"https:\/\/www.visit-ulcinj.com\/blog\/","name":"Lajme nga Ulqini","description":"Lajme,Vijesti,Ulqini,Ulqin,Crna Gora,Mali i Zi","potentialAction":[{"@type":"SearchAction","target":{"@type":"EntryPoint","urlTemplate":"https:\/\/www.visit-ulcinj.com\/blog\/?s={search_term_string}"},"query-input":"required name=search_term_string"}],"inLanguage":"en-US"},{"@type":"WebPage","@id":"https:\/\/www.visit-ulcinj.com\/blog\/2008\/01\/19\/nazif-cungu-flet-per-uba-2007\/#webpage","url":"https:\/\/www.visit-ulcinj.com\/blog\/2008\/01\/19\/nazif-cungu-flet-per-uba-2007\/","name":"NAZIF CUNGU FLET P\u00cbR \"UBA 2007\" - Lajme nga Ulqini","isPartOf":{"@id":"https:\/\/www.visit-ulcinj.com\/blog\/#website"},"datePublished":"2008-01-19T23:04:33+00:00","dateModified":"2008-02-13T00:11:17+00:00","author":{"@id":"https:\/\/www.visit-ulcinj.com\/blog\/#\/schema\/person\/dcab619c614d3038751c63bc2aadc06d"},"description":"NOT IMAGE","breadcrumb":{"@id":"https:\/\/www.visit-ulcinj.com\/blog\/2008\/01\/19\/nazif-cungu-flet-per-uba-2007\/#breadcrumb"},"inLanguage":"en-US","potentialAction":[{"@type":"ReadAction","target":["https:\/\/www.visit-ulcinj.com\/blog\/2008\/01\/19\/nazif-cungu-flet-per-uba-2007\/"]}]},{"@type":"BreadcrumbList","@id":"https:\/\/www.visit-ulcinj.com\/blog\/2008\/01\/19\/nazif-cungu-flet-per-uba-2007\/#breadcrumb","itemListElement":[{"@type":"ListItem","position":1,"name":"NAZIF CUNGU FLET P\u00cbR &#8220;UBA 2007&#8221;"}]},{"@type":"Person","@id":"https:\/\/www.visit-ulcinj.com\/blog\/#\/schema\/person\/dcab619c614d3038751c63bc2aadc06d","name":"ulqini","sameAs":["http:\/\/www.visit-ulcinj.com"],"url":"https:\/\/www.visit-ulcinj.com\/blog\/author\/admin\/"}]}},"jetpack_featured_media_url":"","jetpack_sharing_enabled":true,"jetpack_shortlink":"https:\/\/wp.me\/pe6lTn-3z","_links":{"self":[{"href":"https:\/\/www.visit-ulcinj.com\/blog\/wp-json\/wp\/v2\/posts\/221"}],"collection":[{"href":"https:\/\/www.visit-ulcinj.com\/blog\/wp-json\/wp\/v2\/posts"}],"about":[{"href":"https:\/\/www.visit-ulcinj.com\/blog\/wp-json\/wp\/v2\/types\/post"}],"author":[{"embeddable":true,"href":"https:\/\/www.visit-ulcinj.com\/blog\/wp-json\/wp\/v2\/users\/1"}],"replies":[{"embeddable":true,"href":"https:\/\/www.visit-ulcinj.com\/blog\/wp-json\/wp\/v2\/comments?post=221"}],"version-history":[{"count":0,"href":"https:\/\/www.visit-ulcinj.com\/blog\/wp-json\/wp\/v2\/posts\/221\/revisions"}],"wp:attachment":[{"href":"https:\/\/www.visit-ulcinj.com\/blog\/wp-json\/wp\/v2\/media?parent=221"}],"wp:term":[{"taxonomy":"category","embeddable":true,"href":"https:\/\/www.visit-ulcinj.com\/blog\/wp-json\/wp\/v2\/categories?post=221"},{"taxonomy":"post_tag","embeddable":true,"href":"https:\/\/www.visit-ulcinj.com\/blog\/wp-json\/wp\/v2\/tags?post=221"}],"curies":[{"name":"wp","href":"https:\/\/api.w.org\/{rel}","templated":true}]}}