{"id":22100,"date":"2009-05-28T19:36:22","date_gmt":"2009-05-28T17:36:22","guid":{"rendered":"http:\/\/www.visit-ulcinj.com\/blog\/?p=22100"},"modified":"2009-05-28T19:52:38","modified_gmt":"2009-05-28T17:52:38","slug":"bajkeri-iz-cijele-evrope-u-ulcinju","status":"publish","type":"post","link":"https:\/\/www.visit-ulcinj.com\/blog\/2009\/05\/28\/bajkeri-iz-cijele-evrope-u-ulcinju\/","title":{"rendered":"Bajkeri iz cijele Evrope u Ulcinju"},"content":{"rendered":"<p><strong><img loading=\"lazy\" class=\"alignleft size-full wp-image-22108\" title=\"leuropean-bike-week_ulcinj_montenegro_1\" src=\"http:\/\/www.visit-ulcinj.com\/blog\/wp-content\/uploads\/2009\/05\/leuropean-bike-week_ulcinj_montenegro_1.jpg\" alt=\"leuropean-bike-week_ulcinj_montenegro_1\" width=\"580\" height=\"400\" \/>U najju\u017enijoj crnogorskoj op\u0161tini po?inju moto susreti<\/strong><br \/>\nUlcinj &#8211; Hiljadu bajkera iz cijele Evrope sti?i ?e ve?eras i sjutra ujutro na Veliku pla\u017eu na spektakularne susrete, koje organizuje moto klub \u201ePirates\u201c iz Ulcinja i kupali\u0161te Safari.<br \/>\n\u201cO?ekujemo izme?u 500 i 700 motora na jednom od najve?ih moto skupova u ovom dijelu Evrope\u201d, kazao je predsjednik popularnih Pirata, Alen Alovi?.<br \/>\nBajkeri iz Njema?ke, Austrije, \u0160vajcarske, Italije, ?e\u0161ke, Slovenije, Hrvatske, Bosne, Srbije, Kosova, Makedonije, Albanije i Rumunije, koji su najavili dolazak, u naredna dva-tri dana mo?i ?e da u\u017eivaju u ?arima jedne od najljep\u0161ih pla\u017ea na ovom dijelu Jadrana.<br \/>\n\u201cZato smo i odabrali Safari, jer je idealan za ovakva dru\u017eenja\u201d, isti?e Alovi?, dok na popularnom kupali\u0161tu radnici obavljaju finalne pripreme za do?ek.<br \/>\nBina je spremna, borova \u0161uma i pla\u017ea besprekorno o?i\u0161?ene, na ledini ispred restorana nekoliko mladi?a fiksira simpati?nu staru barku sa \u0161ankovima.<br \/>\n\u201cSafari potpuno spremno do?ekuje bajkere. Tu ne mislim samo na na\u0161u ponudu, nego i na sadr\u017eaje koji su definisani pravilnikom o organizaciji moto susreta\u201d, isti?e zakupac Safarija Zefa Deli?.<br \/>\nU \u201cdebeloj\u201d hladovini borove \u0161ume u zale?u Safarija, odmah iza restorana, ve? no?as ?e zamirisati ro\u0161tilj ispred prvih bajkerskih bivaka. Sjutra ujutro, za kada je planirano otvaranje skupa, bi?e ih te\u0161ko prebrojiti.<br \/>\n\u201cPrvog dana susreta planiramo da odr\u017eimo rekreativne igre bajkera na pijesku. Uve?e ?e rok grupa Bend krug odr\u017eati koncert, jer su susreti bez roka prosto nezamislivi\u201d, ka\u017ee Alovi?.<br \/>\nOrganizatori su za subotu najavili vo\u017enju brodom do Bojane, nastavak igara, defile gradom i rok koncert bendova Sexy very much i Akademija.<br \/>\nOba dana dru\u017eenja, za bajkere je predvi?en besplatan ru?ak u ekskluzivnom pla\u017enom restoranu, u kome, kako tvrdi Deli?, i dalje va\u017ee \u201ezimske cijene\u201c.<br \/>\n\u201cOvim skupom, po?inje glavna sezona na Safariju ?ijih je 80 odsto kapaciteta bilo u funkciji jo\u0161 od 1. maja. Zato pozivam sve ljubitelje motociklizma i dobre rok muzike da nam se pridru\u017ee u dru\u017eenju\u201d, poru?uje Deli?, koji smatra da su takvi susreti u interesu razvoja ulcinjskog i crnogorskog turizma.<br \/>\n\u201cDopala mi se ideja \u2019Pirata\u2019. Ovo ?e biti svojevrsna promocija na\u0161eg turisti?kog proizvoda. U?ini?emo sve da bajkeri sa sobom u svoje zemlje ponesu \u0161to bolje utiske\u201d, ka\u017ee Deli?.<br \/>\nLe\u017ealjke besplatne<br \/>\nZa ulazak na Safari, bajkeri ?e po motoru morati da izdvoje pet eura. Za ostale koji budu htjeli da prisustvuju koncertima, ulaznica iznosi tri eura.<br \/>\n\u201cZa sve koji \u017eele da se kupaju na Safariju, ulaz je slobodan kao i uvijek, a pla\u017eni mobilijar do daljeg, besplatan\u201d, ka\u017ee Deli?.<\/p>\n<p><strong>S.ADROVI?<br \/>\n<a href=\"http:\/\/www.vijesti.cg.yu\/index.php?id_pre=305866&amp;godina=2009\" target=\"_blank\">Vijesti<\/a><\/strong><\/p>\n<p><strong>\n\t\t<style type=\"text\/css\">\n\t\t\t#gallery-1 {\n\t\t\t\tmargin: auto;\n\t\t\t}\n\t\t\t#gallery-1 .gallery-item {\n\t\t\t\tfloat: left;\n\t\t\t\tmargin-top: 10px;\n\t\t\t\ttext-align: center;\n\t\t\t\twidth: 33%;\n\t\t\t}\n\t\t\t#gallery-1 img {\n\t\t\t\tborder: 2px solid #cfcfcf;\n\t\t\t}\n\t\t\t#gallery-1 .gallery-caption {\n\t\t\t\tmargin-left: 0;\n\t\t\t}\n\t\t\t\/* see gallery_shortcode() in wp-includes\/media.php *\/\n\t\t<\/style>\n\t\t<div id='gallery-1' class='gallery galleryid-22100 gallery-columns-3 gallery-size-thumbnail'><dl class='gallery-item'>\n\t\t\t<dt class='gallery-icon landscape'>\n\t\t\t\t<a href='https:\/\/www.visit-ulcinj.com\/blog\/wp-content\/uploads\/2009\/05\/safari-beach_ulcinj_montenegro.jpg'><img width=\"150\" height=\"150\" src=\"https:\/\/www.visit-ulcinj.com\/blog\/wp-content\/uploads\/2009\/05\/safari-beach_ulcinj_montenegro-150x150.jpg\" class=\"attachment-thumbnail size-thumbnail\" alt=\"\" loading=\"lazy\" \/><\/a>\n\t\t\t<\/dt><\/dl>\n\t\t\t<br style='clear: both' \/>\n\t\t<\/div>\n<br \/>\n<\/strong><\/p>\n<!-- vimeo error: not a vimeo video -->\n","protected":false},"excerpt":{"rendered":"<p>U najju\u017enijoj crnogorskoj op\u0161tini po?inju moto susreti Ulcinj &#8211; Hiljadu bajkera iz cijele Evrope sti?i ?e ve?eras i sjutra ujutro na Veliku pla\u017eu na spektakularne susrete, koje organizuje moto klub \u201ePirates\u201c iz Ulcinja i kupali\u0161te Safari. \u201cO?ekujemo izme?u 500 i 700 motora na jednom od najve?ih moto skupova u ovom dijelu Evrope\u201d, kazao je predsjednik [&hellip;]<\/p>\n","protected":false},"author":1,"featured_media":0,"comment_status":"open","ping_status":"closed","sticky":false,"template":"","format":"standard","meta":{"spay_email":"","jetpack_publicize_message":"","jetpack_is_tweetstorm":false,"jetpack_publicize_feature_enabled":true},"categories":[8337],"tags":[10808,10810,10804,2867,10805,518,10800,519,10807,49,10802,517,10803,10801,10809,516,19,10811,10806],"jetpack_publicize_connections":[],"yoast_head":"<!-- This site is optimized with the Yoast SEO plugin v19.1 - https:\/\/yoast.com\/wordpress\/plugins\/seo\/ -->\n<title>Bajkeri iz cijele Evrope u Ulcinju - Lajme nga Ulqini<\/title>\n<meta name=\"description\" content=\"U najju\u017enijoj crnogorskoj op\u0161tini po?inju moto susreti Ulcinj - Hiljadu bajkera iz cijele Evrope sti?i ?e ve?eras i sjutra ujutro na Veliku pla\u017eu na\" \/>\n<meta name=\"robots\" content=\"index, follow, max-snippet:-1, max-image-preview:large, max-video-preview:-1\" \/>\n<link rel=\"canonical\" href=\"https:\/\/www.visit-ulcinj.com\/blog\/2009\/05\/28\/bajkeri-iz-cijele-evrope-u-ulcinju\/\" \/>\n<meta property=\"og:locale\" content=\"en_US\" \/>\n<meta property=\"og:type\" content=\"article\" \/>\n<meta property=\"og:title\" content=\"Bajkeri iz cijele Evrope u Ulcinju - Lajme nga Ulqini\" \/>\n<meta property=\"og:description\" content=\"U najju\u017enijoj crnogorskoj op\u0161tini po?inju moto susreti Ulcinj - Hiljadu bajkera iz cijele Evrope sti?i ?e ve?eras i sjutra ujutro na Veliku pla\u017eu na\" \/>\n<meta property=\"og:url\" content=\"https:\/\/www.visit-ulcinj.com\/blog\/2009\/05\/28\/bajkeri-iz-cijele-evrope-u-ulcinju\/\" \/>\n<meta property=\"og:site_name\" content=\"Lajme nga Ulqini\" \/>\n<meta property=\"article:published_time\" content=\"2009-05-28T17:36:22+00:00\" \/>\n<meta property=\"article:modified_time\" content=\"2009-05-28T17:52:38+00:00\" \/>\n<meta property=\"og:image\" content=\"https:\/\/www.visit-ulcinj.com\/blog\/wp-content\/uploads\/2009\/05\/leuropean-bike-week_ulcinj_montenegro_1-150x150.jpg\" \/>\n<meta name=\"twitter:label1\" content=\"Written by\" \/>\n\t<meta name=\"twitter:data1\" content=\"ulqini\" \/>\n\t<meta name=\"twitter:label2\" content=\"Est. reading time\" \/>\n\t<meta name=\"twitter:data2\" content=\"2 minutes\" \/>\n<script type=\"application\/ld+json\" class=\"yoast-schema-graph\">{\"@context\":\"https:\/\/schema.org\",\"@graph\":[{\"@type\":\"WebSite\",\"@id\":\"https:\/\/www.visit-ulcinj.com\/blog\/#website\",\"url\":\"https:\/\/www.visit-ulcinj.com\/blog\/\",\"name\":\"Lajme nga Ulqini\",\"description\":\"Lajme,Vijesti,Ulqini,Ulqin,Crna Gora,Mali i Zi\",\"potentialAction\":[{\"@type\":\"SearchAction\",\"target\":{\"@type\":\"EntryPoint\",\"urlTemplate\":\"https:\/\/www.visit-ulcinj.com\/blog\/?s={search_term_string}\"},\"query-input\":\"required name=search_term_string\"}],\"inLanguage\":\"en-US\"},{\"@type\":\"ImageObject\",\"inLanguage\":\"en-US\",\"@id\":\"https:\/\/www.visit-ulcinj.com\/blog\/2009\/05\/28\/bajkeri-iz-cijele-evrope-u-ulcinju\/#primaryimage\",\"url\":\"http:\/\/www.visit-ulcinj.com\/blog\/wp-content\/uploads\/2009\/05\/leuropean-bike-week_ulcinj_montenegro_1.jpg\",\"contentUrl\":\"http:\/\/www.visit-ulcinj.com\/blog\/wp-content\/uploads\/2009\/05\/leuropean-bike-week_ulcinj_montenegro_1.jpg\"},{\"@type\":\"WebPage\",\"@id\":\"https:\/\/www.visit-ulcinj.com\/blog\/2009\/05\/28\/bajkeri-iz-cijele-evrope-u-ulcinju\/#webpage\",\"url\":\"https:\/\/www.visit-ulcinj.com\/blog\/2009\/05\/28\/bajkeri-iz-cijele-evrope-u-ulcinju\/\",\"name\":\"Bajkeri iz cijele Evrope u Ulcinju - Lajme nga Ulqini\",\"isPartOf\":{\"@id\":\"https:\/\/www.visit-ulcinj.com\/blog\/#website\"},\"primaryImageOfPage\":{\"@id\":\"https:\/\/www.visit-ulcinj.com\/blog\/2009\/05\/28\/bajkeri-iz-cijele-evrope-u-ulcinju\/#primaryimage\"},\"datePublished\":\"2009-05-28T17:36:22+00:00\",\"dateModified\":\"2009-05-28T17:52:38+00:00\",\"author\":{\"@id\":\"https:\/\/www.visit-ulcinj.com\/blog\/#\/schema\/person\/dcab619c614d3038751c63bc2aadc06d\"},\"description\":\"U najju\u017enijoj crnogorskoj op\u0161tini po?inju moto susreti Ulcinj - Hiljadu bajkera iz cijele Evrope sti?i ?e ve?eras i sjutra ujutro na Veliku pla\u017eu na\",\"breadcrumb\":{\"@id\":\"https:\/\/www.visit-ulcinj.com\/blog\/2009\/05\/28\/bajkeri-iz-cijele-evrope-u-ulcinju\/#breadcrumb\"},\"inLanguage\":\"en-US\",\"potentialAction\":[{\"@type\":\"ReadAction\",\"target\":[\"https:\/\/www.visit-ulcinj.com\/blog\/2009\/05\/28\/bajkeri-iz-cijele-evrope-u-ulcinju\/\"]}]},{\"@type\":\"BreadcrumbList\",\"@id\":\"https:\/\/www.visit-ulcinj.com\/blog\/2009\/05\/28\/bajkeri-iz-cijele-evrope-u-ulcinju\/#breadcrumb\",\"itemListElement\":[{\"@type\":\"ListItem\",\"position\":1,\"name\":\"Bajkeri iz cijele Evrope u Ulcinju\"}]},{\"@type\":\"Person\",\"@id\":\"https:\/\/www.visit-ulcinj.com\/blog\/#\/schema\/person\/dcab619c614d3038751c63bc2aadc06d\",\"name\":\"ulqini\",\"sameAs\":[\"http:\/\/www.visit-ulcinj.com\"],\"url\":\"https:\/\/www.visit-ulcinj.com\/blog\/author\/admin\/\"}]}<\/script>\n<!-- \/ Yoast SEO plugin. -->","yoast_head_json":{"title":"Bajkeri iz cijele Evrope u Ulcinju - Lajme nga Ulqini","description":"U najju\u017enijoj crnogorskoj op\u0161tini po?inju moto susreti Ulcinj - Hiljadu bajkera iz cijele Evrope sti?i ?e ve?eras i sjutra ujutro na Veliku pla\u017eu na","robots":{"index":"index","follow":"follow","max-snippet":"max-snippet:-1","max-image-preview":"max-image-preview:large","max-video-preview":"max-video-preview:-1"},"canonical":"https:\/\/www.visit-ulcinj.com\/blog\/2009\/05\/28\/bajkeri-iz-cijele-evrope-u-ulcinju\/","og_locale":"en_US","og_type":"article","og_title":"Bajkeri iz cijele Evrope u Ulcinju - Lajme nga Ulqini","og_description":"U najju\u017enijoj crnogorskoj op\u0161tini po?inju moto susreti Ulcinj - Hiljadu bajkera iz cijele Evrope sti?i ?e ve?eras i sjutra ujutro na Veliku pla\u017eu na","og_url":"https:\/\/www.visit-ulcinj.com\/blog\/2009\/05\/28\/bajkeri-iz-cijele-evrope-u-ulcinju\/","og_site_name":"Lajme nga Ulqini","article_published_time":"2009-05-28T17:36:22+00:00","article_modified_time":"2009-05-28T17:52:38+00:00","og_image":[{"url":"https:\/\/www.visit-ulcinj.com\/blog\/wp-content\/uploads\/2009\/05\/leuropean-bike-week_ulcinj_montenegro_1-150x150.jpg"}],"twitter_misc":{"Written by":"ulqini","Est. reading time":"2 minutes"},"schema":{"@context":"https:\/\/schema.org","@graph":[{"@type":"WebSite","@id":"https:\/\/www.visit-ulcinj.com\/blog\/#website","url":"https:\/\/www.visit-ulcinj.com\/blog\/","name":"Lajme nga Ulqini","description":"Lajme,Vijesti,Ulqini,Ulqin,Crna Gora,Mali i Zi","potentialAction":[{"@type":"SearchAction","target":{"@type":"EntryPoint","urlTemplate":"https:\/\/www.visit-ulcinj.com\/blog\/?s={search_term_string}"},"query-input":"required name=search_term_string"}],"inLanguage":"en-US"},{"@type":"ImageObject","inLanguage":"en-US","@id":"https:\/\/www.visit-ulcinj.com\/blog\/2009\/05\/28\/bajkeri-iz-cijele-evrope-u-ulcinju\/#primaryimage","url":"http:\/\/www.visit-ulcinj.com\/blog\/wp-content\/uploads\/2009\/05\/leuropean-bike-week_ulcinj_montenegro_1.jpg","contentUrl":"http:\/\/www.visit-ulcinj.com\/blog\/wp-content\/uploads\/2009\/05\/leuropean-bike-week_ulcinj_montenegro_1.jpg"},{"@type":"WebPage","@id":"https:\/\/www.visit-ulcinj.com\/blog\/2009\/05\/28\/bajkeri-iz-cijele-evrope-u-ulcinju\/#webpage","url":"https:\/\/www.visit-ulcinj.com\/blog\/2009\/05\/28\/bajkeri-iz-cijele-evrope-u-ulcinju\/","name":"Bajkeri iz cijele Evrope u Ulcinju - Lajme nga Ulqini","isPartOf":{"@id":"https:\/\/www.visit-ulcinj.com\/blog\/#website"},"primaryImageOfPage":{"@id":"https:\/\/www.visit-ulcinj.com\/blog\/2009\/05\/28\/bajkeri-iz-cijele-evrope-u-ulcinju\/#primaryimage"},"datePublished":"2009-05-28T17:36:22+00:00","dateModified":"2009-05-28T17:52:38+00:00","author":{"@id":"https:\/\/www.visit-ulcinj.com\/blog\/#\/schema\/person\/dcab619c614d3038751c63bc2aadc06d"},"description":"U najju\u017enijoj crnogorskoj op\u0161tini po?inju moto susreti Ulcinj - Hiljadu bajkera iz cijele Evrope sti?i ?e ve?eras i sjutra ujutro na Veliku pla\u017eu na","breadcrumb":{"@id":"https:\/\/www.visit-ulcinj.com\/blog\/2009\/05\/28\/bajkeri-iz-cijele-evrope-u-ulcinju\/#breadcrumb"},"inLanguage":"en-US","potentialAction":[{"@type":"ReadAction","target":["https:\/\/www.visit-ulcinj.com\/blog\/2009\/05\/28\/bajkeri-iz-cijele-evrope-u-ulcinju\/"]}]},{"@type":"BreadcrumbList","@id":"https:\/\/www.visit-ulcinj.com\/blog\/2009\/05\/28\/bajkeri-iz-cijele-evrope-u-ulcinju\/#breadcrumb","itemListElement":[{"@type":"ListItem","position":1,"name":"Bajkeri iz cijele Evrope u Ulcinju"}]},{"@type":"Person","@id":"https:\/\/www.visit-ulcinj.com\/blog\/#\/schema\/person\/dcab619c614d3038751c63bc2aadc06d","name":"ulqini","sameAs":["http:\/\/www.visit-ulcinj.com"],"url":"https:\/\/www.visit-ulcinj.com\/blog\/author\/admin\/"}]}},"jetpack_featured_media_url":"","jetpack_sharing_enabled":true,"jetpack_shortlink":"https:\/\/wp.me\/pe6lTn-5Ks","_links":{"self":[{"href":"https:\/\/www.visit-ulcinj.com\/blog\/wp-json\/wp\/v2\/posts\/22100"}],"collection":[{"href":"https:\/\/www.visit-ulcinj.com\/blog\/wp-json\/wp\/v2\/posts"}],"about":[{"href":"https:\/\/www.visit-ulcinj.com\/blog\/wp-json\/wp\/v2\/types\/post"}],"author":[{"embeddable":true,"href":"https:\/\/www.visit-ulcinj.com\/blog\/wp-json\/wp\/v2\/users\/1"}],"replies":[{"embeddable":true,"href":"https:\/\/www.visit-ulcinj.com\/blog\/wp-json\/wp\/v2\/comments?post=22100"}],"version-history":[{"count":0,"href":"https:\/\/www.visit-ulcinj.com\/blog\/wp-json\/wp\/v2\/posts\/22100\/revisions"}],"wp:attachment":[{"href":"https:\/\/www.visit-ulcinj.com\/blog\/wp-json\/wp\/v2\/media?parent=22100"}],"wp:term":[{"taxonomy":"category","embeddable":true,"href":"https:\/\/www.visit-ulcinj.com\/blog\/wp-json\/wp\/v2\/categories?post=22100"},{"taxonomy":"post_tag","embeddable":true,"href":"https:\/\/www.visit-ulcinj.com\/blog\/wp-json\/wp\/v2\/tags?post=22100"}],"curies":[{"name":"wp","href":"https:\/\/api.w.org\/{rel}","templated":true}]}}