{"id":22143,"date":"2009-05-28T20:04:03","date_gmt":"2009-05-28T18:04:03","guid":{"rendered":"http:\/\/www.visit-ulcinj.com\/blog\/?p=22143"},"modified":"2009-05-28T20:10:20","modified_gmt":"2009-05-28T18:10:20","slug":"pare-od-smeca-idu-podgorici-i-ulcinju","status":"publish","type":"post","link":"https:\/\/www.visit-ulcinj.com\/blog\/2009\/05\/28\/pare-od-smeca-idu-podgorici-i-ulcinju\/","title":{"rendered":"Pare od sme?a idu Podgorici i Ulcinju"},"content":{"rendered":"<p><img loading=\"lazy\" class=\"alignleft size-full wp-image-22144\" title=\"AAMK001364\" src=\"http:\/\/www.visit-ulcinj.com\/blog\/wp-content\/uploads\/2009\/05\/odpad-za-smece.jpg\" alt=\"ODPAD ZA SMECE\" width=\"580\" height=\"400\" \/>Barski komunalci spremno do?ekuju turisti?ku sezonu. Kako nagla\u0161ava Nena Orlandi?, direktor preduze?a, ?ist grad je zajedni?ki interes kome svi treba da doprinesu saradnjom sa komunalcima. Za efikasan rad ovog preduze?a, kako isti?e Orlandi?eva, neophodna je saradnja sa stanovni\u0161tvom i lokalnim zajednicama. Orlandi?eva nagla\u0161ava da se kvalitetnom organizacijom komunalnih djelatnosti obezbje?uje uredno odno\u0161enje sme?a, \u0161to je veoma va\u017eno za sve gra?ane, te da se kvalitetnom saradnjom spre?ava stvaranje \u201edivljih&#8221; deponija i nepropisno odlaganje gradskog otpada.<br \/>\n&#8211; ?isto?a je potrebna svim gra?anima, pa je po\u017eeljno da svi daju svoj doprinos njenom o?uvanju. Imamo problema sa nesavjesnim odlaganjem, posebno kabastog otpada. Razgovarali smo sa ljudima iz ugostiteljstva i predstavnicima mjesnih zajednica u kojima je to izra\u017eena pojava, i zamolili ih da uti?u na gra?ane. To je imalo efekta. O?ekujemo da bude jo\u0161 bolje &#8211; ka\u017ee Orlandi?eva i nagla\u0161ava da u ovoj turisti?koj sezoni Komunalno preduze?e ima rije\u0161eno pitanje odvoza sme?a.<br \/>\n&#8211; Tro\u0161kovi su zna?ajno uve?ani. Sanitarno sme?e odvozimo za Podgoricu, a jedan dio kabastog otpada u Ulcinj. To je sve zna?ajno pove?alo na\u0161e tro\u0161kove. Vezani smo ugovorima i mi smo trenutno jedino preduze?e na Primorju koje nema tih problema. Odlaganje u Podgorici je 38,50 eura po toni, a u Ulcinju 7 eura po kubiku. Prema pokazateljima od pro\u0161le godine, nailazi period u kojem ?e koli?ine sme?a biti znatno uve?ane, sigurno za 50 do 60 odsto. U Podgorici se svako vozilo mjeri i dostavlja nam se ra?un, a mi smo u obavezi da ga platimo za prethodni mjesec do 15. narednog mjeseca. Do sada smo to na vrijeme radili. Uglavnom je dnevno i\u0161lo prema Podgorici 4 do 5 kamiona, plus podiza?i koji odvoze sme?e za Ulcinj. O?ekujemo da ove godine prema Podgorici dnevno ode i do osam kamiona. Pro\u0161le godine, u julu, interesovali smo se kako to funkcioni\u0161e u ostalim primorskim op\u0161tinama, i saznali da smo mi odvezli vi\u0161e sme?a nego Podgorica &#8211; ka\u017ee Orlandi?eva.<br \/>\nPrema njenim rije?ima, za sve te obaveze treba na vrijeme obezbijediti i dovoljan broj izvr\u0161ilaca, te su i ove godine, shodno Zakonu o strancima, iz Srbije obezbijedili odre?en broj radnika.<br \/>\n&#8211; Na\u0161i prioriteti su da naplatimo svoje usluge od gra?ana. Poznato je da mi nemamo mehanizme za naplatu potra\u017eivanja, koja su na\u0161 dugogodi\u0161nji problem. Me?utim, to ne smije biti razlog da se one ne pla?aju u kontinuitetu. Onako kako mi obavljamo na\u0161e poslove, bilo bi dobro da se i prema nama tako odnose gra?ani prilikom izmirivanja obaveza. Naplata se kod individualnog fonda, dakle kod ku?evlasnika, kre?e u prosjeku oko 30 odsto, mada ne\u0161to vi\u0161e o?ekujemo u sezoni od vikenda\u0161a koji imaju navike da pla?aju te obaveze. \u0160to se ti?e stambenog fonda, procenat je negdje oko 50 odsto. Apelujem na gra?ane i druge subjekte da kona?no po?nu da pla?aju svoje obaveze, jer nas sve ko\u0161ta, a mislim da mi zaslu\u017eujemo da na\u0161i korisnici budu revnosniji, iako znamo da je prisutna op\u0161ta nelikvidnost- nagla\u0161ava Orlandi?eva.<\/p>\n<p><strong>Nema lokacija za kontejnere<br \/>\n<\/strong><br \/>\nJedan od problema u Komunalnom preduze?u je i nedostatak lokacija za postavljanje kontejnera.<br \/>\n&#8211; To nas je natjeralo da se, kao i drugdje u svijetu, u dogovoreno vrijeme, ako bude bilo mogu?nosti, ovaj problem prevazi?e putem kesa, jer je isti izra\u017een u gotovo svim mjesnim zajednicama. U ve?ini slu?ajeva radi se o privatnom zemlji\u0161tu, pa mnogi ne \u017eele da lokacije za kontejner budu pored njihove ku?e ili objekta. U samoj sezoni, zbog gustog saobra?aja i pove?anja broja ljudi, veliki je problem do?i do ulica uz samu obalu, kao \u0161to je u Sutomoru, Velikom pijesku ili na Utjehi &#8211; ka\u017ee Orlandi?eva.<\/p>\n<p><strong>Pilot projekat sa vre?ama<\/strong><\/p>\n<p>U Komunalnom preduze?u privode kraju pilot projekat koji za ideju ima da u odre?enom dijelu grada, konkretno naselje Stare ambulante i zgrade Prvoborac, uklone posude za odlaganje otpada i da se ku?ni i kabasti otpad odvozi u dogovoreno vrijeme, odre?enim danima, odnosno ponedjeljkom, srijedom i petkom u popodnevnim satima, a kabasti nedjeljom. Kako nagla\u0161ava zamjenik direktora Komunalnog sektora Bo\u017eidar Kumburovi?, doma?instva ?e dobiti plasty?ne vre?e, koje treba da odlo\u017ee zavezane na punktovima koji su ve? dogovoreni.<br \/>\n&#8211; Na ovaj na?in ?emo ukloniti kontejnere sa javnih povr\u0161ina, jer ?esto oko njih zna da bude mnogo ne?isto, a tako se, uostalom, radi i u okru\u017eenju. Ako se ovo poka\u017ee kao dobro, radi?emo to i u drugim mjesnim zajednicama i krajevima gdje nema mogu?nosti za postavljanje kontejnera &#8211; ka\u017ee on.<\/p>\n<p><a href=\"http:\/\/www.dan.cg.yu\/index.php?nivo=3&amp;rubrika=Dan%20u%20Baru&amp;datum=2009-05-28&amp;clanak=188900\" target=\"_blank\"><strong><br \/>\nIZVOR \/ DAN<\/strong><\/a><\/p>\n","protected":false},"excerpt":{"rendered":"<p>Barski komunalci spremno do?ekuju turisti?ku sezonu. Kako nagla\u0161ava Nena Orlandi?, direktor preduze?a, ?ist grad je zajedni?ki interes kome svi treba da doprinesu saradnjom sa komunalcima. Za efikasan rad ovog preduze?a, kako isti?e Orlandi?eva, neophodna je saradnja sa stanovni\u0161tvom i lokalnim zajednicama. Orlandi?eva nagla\u0161ava da se kvalitetnom organizacijom komunalnih djelatnosti obezbje?uje uredno odno\u0161enje sme?a, \u0161to je [&hellip;]<\/p>\n","protected":false},"author":1,"featured_media":0,"comment_status":"open","ping_status":"closed","sticky":false,"template":"","format":"standard","meta":{"spay_email":"","jetpack_publicize_message":"","jetpack_is_tweetstorm":false,"jetpack_publicize_feature_enabled":true},"categories":[8337],"tags":[748,10812,92,19],"jetpack_publicize_connections":[],"yoast_head":"<!-- This site is optimized with the Yoast SEO plugin v19.1 - https:\/\/yoast.com\/wordpress\/plugins\/seo\/ -->\n<title>Pare od sme?a idu Podgorici i Ulcinju - Lajme nga Ulqini<\/title>\n<meta name=\"description\" content=\"Barski komunalci spremno do?ekuju turisti?ku sezonu. Kako nagla\u0161ava Nena Orlandi?, direktor preduze?a, ?ist grad je zajedni?ki interes kome svi treba da\" \/>\n<meta name=\"robots\" content=\"index, follow, max-snippet:-1, max-image-preview:large, max-video-preview:-1\" \/>\n<link rel=\"canonical\" href=\"https:\/\/www.visit-ulcinj.com\/blog\/2009\/05\/28\/pare-od-smeca-idu-podgorici-i-ulcinju\/\" \/>\n<meta property=\"og:locale\" content=\"en_US\" \/>\n<meta property=\"og:type\" content=\"article\" \/>\n<meta property=\"og:title\" content=\"Pare od sme?a idu Podgorici i Ulcinju - Lajme nga Ulqini\" \/>\n<meta property=\"og:description\" content=\"Barski komunalci spremno do?ekuju turisti?ku sezonu. Kako nagla\u0161ava Nena Orlandi?, direktor preduze?a, ?ist grad je zajedni?ki interes kome svi treba da\" \/>\n<meta property=\"og:url\" content=\"https:\/\/www.visit-ulcinj.com\/blog\/2009\/05\/28\/pare-od-smeca-idu-podgorici-i-ulcinju\/\" \/>\n<meta property=\"og:site_name\" content=\"Lajme nga Ulqini\" \/>\n<meta property=\"article:published_time\" content=\"2009-05-28T18:04:03+00:00\" \/>\n<meta property=\"article:modified_time\" content=\"2009-05-28T18:10:20+00:00\" \/>\n<meta property=\"og:image\" content=\"http:\/\/www.visit-ulcinj.com\/blog\/wp-content\/uploads\/2009\/05\/odpad-za-smece.jpg\" \/>\n<meta name=\"twitter:label1\" content=\"Written by\" \/>\n\t<meta name=\"twitter:data1\" content=\"ulqini\" \/>\n\t<meta name=\"twitter:label2\" content=\"Est. reading time\" \/>\n\t<meta name=\"twitter:data2\" content=\"4 minutes\" \/>\n<script type=\"application\/ld+json\" class=\"yoast-schema-graph\">{\"@context\":\"https:\/\/schema.org\",\"@graph\":[{\"@type\":\"WebSite\",\"@id\":\"https:\/\/www.visit-ulcinj.com\/blog\/#website\",\"url\":\"https:\/\/www.visit-ulcinj.com\/blog\/\",\"name\":\"Lajme nga Ulqini\",\"description\":\"Lajme,Vijesti,Ulqini,Ulqin,Crna Gora,Mali i Zi\",\"potentialAction\":[{\"@type\":\"SearchAction\",\"target\":{\"@type\":\"EntryPoint\",\"urlTemplate\":\"https:\/\/www.visit-ulcinj.com\/blog\/?s={search_term_string}\"},\"query-input\":\"required name=search_term_string\"}],\"inLanguage\":\"en-US\"},{\"@type\":\"ImageObject\",\"inLanguage\":\"en-US\",\"@id\":\"https:\/\/www.visit-ulcinj.com\/blog\/2009\/05\/28\/pare-od-smeca-idu-podgorici-i-ulcinju\/#primaryimage\",\"url\":\"http:\/\/www.visit-ulcinj.com\/blog\/wp-content\/uploads\/2009\/05\/odpad-za-smece.jpg\",\"contentUrl\":\"http:\/\/www.visit-ulcinj.com\/blog\/wp-content\/uploads\/2009\/05\/odpad-za-smece.jpg\"},{\"@type\":\"WebPage\",\"@id\":\"https:\/\/www.visit-ulcinj.com\/blog\/2009\/05\/28\/pare-od-smeca-idu-podgorici-i-ulcinju\/#webpage\",\"url\":\"https:\/\/www.visit-ulcinj.com\/blog\/2009\/05\/28\/pare-od-smeca-idu-podgorici-i-ulcinju\/\",\"name\":\"Pare od sme?a idu Podgorici i Ulcinju - Lajme nga Ulqini\",\"isPartOf\":{\"@id\":\"https:\/\/www.visit-ulcinj.com\/blog\/#website\"},\"primaryImageOfPage\":{\"@id\":\"https:\/\/www.visit-ulcinj.com\/blog\/2009\/05\/28\/pare-od-smeca-idu-podgorici-i-ulcinju\/#primaryimage\"},\"datePublished\":\"2009-05-28T18:04:03+00:00\",\"dateModified\":\"2009-05-28T18:10:20+00:00\",\"author\":{\"@id\":\"https:\/\/www.visit-ulcinj.com\/blog\/#\/schema\/person\/dcab619c614d3038751c63bc2aadc06d\"},\"description\":\"Barski komunalci spremno do?ekuju turisti?ku sezonu. Kako nagla\u0161ava Nena Orlandi?, direktor preduze?a, ?ist grad je zajedni?ki interes kome svi treba da\",\"breadcrumb\":{\"@id\":\"https:\/\/www.visit-ulcinj.com\/blog\/2009\/05\/28\/pare-od-smeca-idu-podgorici-i-ulcinju\/#breadcrumb\"},\"inLanguage\":\"en-US\",\"potentialAction\":[{\"@type\":\"ReadAction\",\"target\":[\"https:\/\/www.visit-ulcinj.com\/blog\/2009\/05\/28\/pare-od-smeca-idu-podgorici-i-ulcinju\/\"]}]},{\"@type\":\"BreadcrumbList\",\"@id\":\"https:\/\/www.visit-ulcinj.com\/blog\/2009\/05\/28\/pare-od-smeca-idu-podgorici-i-ulcinju\/#breadcrumb\",\"itemListElement\":[{\"@type\":\"ListItem\",\"position\":1,\"name\":\"Pare od sme?a idu Podgorici i Ulcinju\"}]},{\"@type\":\"Person\",\"@id\":\"https:\/\/www.visit-ulcinj.com\/blog\/#\/schema\/person\/dcab619c614d3038751c63bc2aadc06d\",\"name\":\"ulqini\",\"sameAs\":[\"http:\/\/www.visit-ulcinj.com\"],\"url\":\"https:\/\/www.visit-ulcinj.com\/blog\/author\/admin\/\"}]}<\/script>\n<!-- \/ Yoast SEO plugin. -->","yoast_head_json":{"title":"Pare od sme?a idu Podgorici i Ulcinju - Lajme nga Ulqini","description":"Barski komunalci spremno do?ekuju turisti?ku sezonu. Kako nagla\u0161ava Nena Orlandi?, direktor preduze?a, ?ist grad je zajedni?ki interes kome svi treba da","robots":{"index":"index","follow":"follow","max-snippet":"max-snippet:-1","max-image-preview":"max-image-preview:large","max-video-preview":"max-video-preview:-1"},"canonical":"https:\/\/www.visit-ulcinj.com\/blog\/2009\/05\/28\/pare-od-smeca-idu-podgorici-i-ulcinju\/","og_locale":"en_US","og_type":"article","og_title":"Pare od sme?a idu Podgorici i Ulcinju - Lajme nga Ulqini","og_description":"Barski komunalci spremno do?ekuju turisti?ku sezonu. Kako nagla\u0161ava Nena Orlandi?, direktor preduze?a, ?ist grad je zajedni?ki interes kome svi treba da","og_url":"https:\/\/www.visit-ulcinj.com\/blog\/2009\/05\/28\/pare-od-smeca-idu-podgorici-i-ulcinju\/","og_site_name":"Lajme nga Ulqini","article_published_time":"2009-05-28T18:04:03+00:00","article_modified_time":"2009-05-28T18:10:20+00:00","og_image":[{"url":"http:\/\/www.visit-ulcinj.com\/blog\/wp-content\/uploads\/2009\/05\/odpad-za-smece.jpg"}],"twitter_misc":{"Written by":"ulqini","Est. reading time":"4 minutes"},"schema":{"@context":"https:\/\/schema.org","@graph":[{"@type":"WebSite","@id":"https:\/\/www.visit-ulcinj.com\/blog\/#website","url":"https:\/\/www.visit-ulcinj.com\/blog\/","name":"Lajme nga Ulqini","description":"Lajme,Vijesti,Ulqini,Ulqin,Crna Gora,Mali i Zi","potentialAction":[{"@type":"SearchAction","target":{"@type":"EntryPoint","urlTemplate":"https:\/\/www.visit-ulcinj.com\/blog\/?s={search_term_string}"},"query-input":"required name=search_term_string"}],"inLanguage":"en-US"},{"@type":"ImageObject","inLanguage":"en-US","@id":"https:\/\/www.visit-ulcinj.com\/blog\/2009\/05\/28\/pare-od-smeca-idu-podgorici-i-ulcinju\/#primaryimage","url":"http:\/\/www.visit-ulcinj.com\/blog\/wp-content\/uploads\/2009\/05\/odpad-za-smece.jpg","contentUrl":"http:\/\/www.visit-ulcinj.com\/blog\/wp-content\/uploads\/2009\/05\/odpad-za-smece.jpg"},{"@type":"WebPage","@id":"https:\/\/www.visit-ulcinj.com\/blog\/2009\/05\/28\/pare-od-smeca-idu-podgorici-i-ulcinju\/#webpage","url":"https:\/\/www.visit-ulcinj.com\/blog\/2009\/05\/28\/pare-od-smeca-idu-podgorici-i-ulcinju\/","name":"Pare od sme?a idu Podgorici i Ulcinju - Lajme nga Ulqini","isPartOf":{"@id":"https:\/\/www.visit-ulcinj.com\/blog\/#website"},"primaryImageOfPage":{"@id":"https:\/\/www.visit-ulcinj.com\/blog\/2009\/05\/28\/pare-od-smeca-idu-podgorici-i-ulcinju\/#primaryimage"},"datePublished":"2009-05-28T18:04:03+00:00","dateModified":"2009-05-28T18:10:20+00:00","author":{"@id":"https:\/\/www.visit-ulcinj.com\/blog\/#\/schema\/person\/dcab619c614d3038751c63bc2aadc06d"},"description":"Barski komunalci spremno do?ekuju turisti?ku sezonu. Kako nagla\u0161ava Nena Orlandi?, direktor preduze?a, ?ist grad je zajedni?ki interes kome svi treba da","breadcrumb":{"@id":"https:\/\/www.visit-ulcinj.com\/blog\/2009\/05\/28\/pare-od-smeca-idu-podgorici-i-ulcinju\/#breadcrumb"},"inLanguage":"en-US","potentialAction":[{"@type":"ReadAction","target":["https:\/\/www.visit-ulcinj.com\/blog\/2009\/05\/28\/pare-od-smeca-idu-podgorici-i-ulcinju\/"]}]},{"@type":"BreadcrumbList","@id":"https:\/\/www.visit-ulcinj.com\/blog\/2009\/05\/28\/pare-od-smeca-idu-podgorici-i-ulcinju\/#breadcrumb","itemListElement":[{"@type":"ListItem","position":1,"name":"Pare od sme?a idu Podgorici i Ulcinju"}]},{"@type":"Person","@id":"https:\/\/www.visit-ulcinj.com\/blog\/#\/schema\/person\/dcab619c614d3038751c63bc2aadc06d","name":"ulqini","sameAs":["http:\/\/www.visit-ulcinj.com"],"url":"https:\/\/www.visit-ulcinj.com\/blog\/author\/admin\/"}]}},"jetpack_featured_media_url":"","jetpack_sharing_enabled":true,"jetpack_shortlink":"https:\/\/wp.me\/pe6lTn-5L9","_links":{"self":[{"href":"https:\/\/www.visit-ulcinj.com\/blog\/wp-json\/wp\/v2\/posts\/22143"}],"collection":[{"href":"https:\/\/www.visit-ulcinj.com\/blog\/wp-json\/wp\/v2\/posts"}],"about":[{"href":"https:\/\/www.visit-ulcinj.com\/blog\/wp-json\/wp\/v2\/types\/post"}],"author":[{"embeddable":true,"href":"https:\/\/www.visit-ulcinj.com\/blog\/wp-json\/wp\/v2\/users\/1"}],"replies":[{"embeddable":true,"href":"https:\/\/www.visit-ulcinj.com\/blog\/wp-json\/wp\/v2\/comments?post=22143"}],"version-history":[{"count":0,"href":"https:\/\/www.visit-ulcinj.com\/blog\/wp-json\/wp\/v2\/posts\/22143\/revisions"}],"wp:attachment":[{"href":"https:\/\/www.visit-ulcinj.com\/blog\/wp-json\/wp\/v2\/media?parent=22143"}],"wp:term":[{"taxonomy":"category","embeddable":true,"href":"https:\/\/www.visit-ulcinj.com\/blog\/wp-json\/wp\/v2\/categories?post=22143"},{"taxonomy":"post_tag","embeddable":true,"href":"https:\/\/www.visit-ulcinj.com\/blog\/wp-json\/wp\/v2\/tags?post=22143"}],"curies":[{"name":"wp","href":"https:\/\/api.w.org\/{rel}","templated":true}]}}