{"id":22149,"date":"2009-05-28T22:05:30","date_gmt":"2009-05-28T20:05:30","guid":{"rendered":"http:\/\/www.visit-ulcinj.com\/blog\/?p=22149"},"modified":"2009-05-29T00:13:37","modified_gmt":"2009-05-28T22:13:37","slug":"arta-bajrami-se-shpejti-me-album-te-ri","status":"publish","type":"post","link":"https:\/\/www.visit-ulcinj.com\/blog\/2009\/05\/28\/arta-bajrami-se-shpejti-me-album-te-ri\/","title":{"rendered":"Arta Bajrami: S\u00eb shpejti me album t\u00eb ri"},"content":{"rendered":"<p><img loading=\"lazy\" class=\"alignleft size-full wp-image-22156\" title=\"arta-bajrami5\" src=\"http:\/\/www.visit-ulcinj.com\/blog\/wp-content\/uploads\/2009\/05\/arta-bajrami5.jpg\" alt=\"arta-bajrami5\" width=\"580\" height=\"320\" \/>K\u00ebng\u00ebtarja kosovare, Arta Bajrami, pritet q\u00eb s\u00eb shpejti t\u00eb lansoj albumin e saj m\u00eb t\u00eb ri.N\u00eb fakt albumi ka pasur q\u00eb t\u00eb del n\u00eb shitje disa dit\u00eb m\u00eb par\u00eb por p\u00ebr shkak t\u00eb l\u00ebndimit t\u00eb v\u00ebllait t\u00eb Art\u00ebs, Don Arbas, n\u00eb k\u00ebmb\u00eb ai \u00ebsht\u00eb shtyr\u00eb p\u00ebr nj\u00eb koh\u00eb tjet\u00ebr.Arta ka th\u00ebn\u00eb p\u00ebr Express Online se albumi pritet q\u00eb t\u00eb del n\u00eb treg n\u00eb qershor pasi q\u00eb v\u00ebllai i saj t\u00eb jet\u00eb sh\u00ebruar. Albumi \u00ebsht\u00eb edituar nga produksioni \u201cEurolindi\u201d.\u201cE di q\u00eb adhuruesit e mij\u00eb mezi q\u00eb presin q\u00eb t\u00eb shikon albumin tim por un\u00eb i premtoj ata se ai nuk do t\u00eb vonohet shum\u00eb\u201d, ka th\u00ebn\u00eb Arta.Sipas saj edhe n\u00eb k\u00ebt\u00eb album pritet q\u00eb t\u00eb k\u00ebt\u00eb nj\u00eb num\u00ebr t\u00eb madh t\u00eb hiteve.<br \/>\n<strong><br \/>\nVip.Shqiperia<\/strong><\/p>\n<p><strong><br \/>\n<!--YouTube Error: bad URL entered--><\/strong><\/p>\n","protected":false},"excerpt":{"rendered":"<p>K\u00ebng\u00ebtarja kosovare, Arta Bajrami, pritet q\u00eb s\u00eb shpejti t\u00eb lansoj albumin e saj m\u00eb t\u00eb ri.N\u00eb fakt albumi ka pasur q\u00eb t\u00eb del n\u00eb shitje disa dit\u00eb m\u00eb par\u00eb por p\u00ebr shkak t\u00eb l\u00ebndimit t\u00eb v\u00ebllait t\u00eb Art\u00ebs, Don Arbas, n\u00eb k\u00ebmb\u00eb ai \u00ebsht\u00eb shtyr\u00eb p\u00ebr nj\u00eb koh\u00eb tjet\u00ebr.Arta ka th\u00ebn\u00eb p\u00ebr Express Online se [&hellip;]<\/p>\n","protected":false},"author":1,"featured_media":0,"comment_status":"open","ping_status":"closed","sticky":false,"template":"","format":"standard","meta":{"spay_email":"","jetpack_publicize_message":"","jetpack_is_tweetstorm":false,"jetpack_publicize_feature_enabled":true},"categories":[1],"tags":[10813,4955],"jetpack_publicize_connections":[],"yoast_head":"<!-- This site is optimized with the Yoast SEO plugin v19.1 - https:\/\/yoast.com\/wordpress\/plugins\/seo\/ -->\n<title>Arta Bajrami: S\u00eb shpejti me album t\u00eb ri - Lajme nga Ulqini<\/title>\n<meta name=\"description\" content=\"K\u00ebng\u00ebtarja kosovare, Arta Bajrami, pritet q\u00eb s\u00eb shpejti t\u00eb lansoj albumin e saj m\u00eb t\u00eb ri.N\u00eb fakt albumi ka pasur q\u00eb t\u00eb del n\u00eb shitje disa dit\u00eb m\u00eb par\u00eb por\" \/>\n<meta name=\"robots\" content=\"index, follow, max-snippet:-1, max-image-preview:large, max-video-preview:-1\" \/>\n<link rel=\"canonical\" href=\"https:\/\/www.visit-ulcinj.com\/blog\/2009\/05\/28\/arta-bajrami-se-shpejti-me-album-te-ri\/\" \/>\n<meta property=\"og:locale\" content=\"en_US\" \/>\n<meta property=\"og:type\" content=\"article\" \/>\n<meta property=\"og:title\" content=\"Arta Bajrami: S\u00eb shpejti me album t\u00eb ri - Lajme nga Ulqini\" \/>\n<meta property=\"og:description\" content=\"K\u00ebng\u00ebtarja kosovare, Arta Bajrami, pritet q\u00eb s\u00eb shpejti t\u00eb lansoj albumin e saj m\u00eb t\u00eb ri.N\u00eb fakt albumi ka pasur q\u00eb t\u00eb del n\u00eb shitje disa dit\u00eb m\u00eb par\u00eb por\" \/>\n<meta property=\"og:url\" content=\"https:\/\/www.visit-ulcinj.com\/blog\/2009\/05\/28\/arta-bajrami-se-shpejti-me-album-te-ri\/\" \/>\n<meta property=\"og:site_name\" content=\"Lajme nga Ulqini\" \/>\n<meta property=\"article:published_time\" content=\"2009-05-28T20:05:30+00:00\" \/>\n<meta property=\"article:modified_time\" content=\"2009-05-28T22:13:37+00:00\" \/>\n<meta property=\"og:image\" content=\"https:\/\/www.visit-ulcinj.com\/blog\/wp-content\/uploads\/2009\/05\/arta-bajrami-150x150.jpg\" \/>\n<meta name=\"twitter:label1\" content=\"Written by\" \/>\n\t<meta name=\"twitter:data1\" content=\"ulqini\" \/>\n\t<meta name=\"twitter:label2\" content=\"Est. reading time\" \/>\n\t<meta name=\"twitter:data2\" content=\"1 minute\" \/>\n<script type=\"application\/ld+json\" class=\"yoast-schema-graph\">{\"@context\":\"https:\/\/schema.org\",\"@graph\":[{\"@type\":\"WebSite\",\"@id\":\"https:\/\/www.visit-ulcinj.com\/blog\/#website\",\"url\":\"https:\/\/www.visit-ulcinj.com\/blog\/\",\"name\":\"Lajme nga Ulqini\",\"description\":\"Lajme,Vijesti,Ulqini,Ulqin,Crna Gora,Mali i Zi\",\"potentialAction\":[{\"@type\":\"SearchAction\",\"target\":{\"@type\":\"EntryPoint\",\"urlTemplate\":\"https:\/\/www.visit-ulcinj.com\/blog\/?s={search_term_string}\"},\"query-input\":\"required name=search_term_string\"}],\"inLanguage\":\"en-US\"},{\"@type\":\"ImageObject\",\"inLanguage\":\"en-US\",\"@id\":\"https:\/\/www.visit-ulcinj.com\/blog\/2009\/05\/28\/arta-bajrami-se-shpejti-me-album-te-ri\/#primaryimage\",\"url\":\"http:\/\/www.visit-ulcinj.com\/blog\/wp-content\/uploads\/2009\/05\/arta-bajrami5.jpg\",\"contentUrl\":\"http:\/\/www.visit-ulcinj.com\/blog\/wp-content\/uploads\/2009\/05\/arta-bajrami5.jpg\"},{\"@type\":\"WebPage\",\"@id\":\"https:\/\/www.visit-ulcinj.com\/blog\/2009\/05\/28\/arta-bajrami-se-shpejti-me-album-te-ri\/#webpage\",\"url\":\"https:\/\/www.visit-ulcinj.com\/blog\/2009\/05\/28\/arta-bajrami-se-shpejti-me-album-te-ri\/\",\"name\":\"Arta Bajrami: S\u00eb shpejti me album t\u00eb ri - Lajme nga Ulqini\",\"isPartOf\":{\"@id\":\"https:\/\/www.visit-ulcinj.com\/blog\/#website\"},\"primaryImageOfPage\":{\"@id\":\"https:\/\/www.visit-ulcinj.com\/blog\/2009\/05\/28\/arta-bajrami-se-shpejti-me-album-te-ri\/#primaryimage\"},\"datePublished\":\"2009-05-28T20:05:30+00:00\",\"dateModified\":\"2009-05-28T22:13:37+00:00\",\"author\":{\"@id\":\"https:\/\/www.visit-ulcinj.com\/blog\/#\/schema\/person\/dcab619c614d3038751c63bc2aadc06d\"},\"description\":\"K\u00ebng\u00ebtarja kosovare, Arta Bajrami, pritet q\u00eb s\u00eb shpejti t\u00eb lansoj albumin e saj m\u00eb t\u00eb ri.N\u00eb fakt albumi ka pasur q\u00eb t\u00eb del n\u00eb shitje disa dit\u00eb m\u00eb par\u00eb por\",\"breadcrumb\":{\"@id\":\"https:\/\/www.visit-ulcinj.com\/blog\/2009\/05\/28\/arta-bajrami-se-shpejti-me-album-te-ri\/#breadcrumb\"},\"inLanguage\":\"en-US\",\"potentialAction\":[{\"@type\":\"ReadAction\",\"target\":[\"https:\/\/www.visit-ulcinj.com\/blog\/2009\/05\/28\/arta-bajrami-se-shpejti-me-album-te-ri\/\"]}]},{\"@type\":\"BreadcrumbList\",\"@id\":\"https:\/\/www.visit-ulcinj.com\/blog\/2009\/05\/28\/arta-bajrami-se-shpejti-me-album-te-ri\/#breadcrumb\",\"itemListElement\":[{\"@type\":\"ListItem\",\"position\":1,\"name\":\"Arta Bajrami: S\u00eb shpejti me album t\u00eb ri\"}]},{\"@type\":\"Person\",\"@id\":\"https:\/\/www.visit-ulcinj.com\/blog\/#\/schema\/person\/dcab619c614d3038751c63bc2aadc06d\",\"name\":\"ulqini\",\"sameAs\":[\"http:\/\/www.visit-ulcinj.com\"],\"url\":\"https:\/\/www.visit-ulcinj.com\/blog\/author\/admin\/\"}]}<\/script>\n<!-- \/ Yoast SEO plugin. -->","yoast_head_json":{"title":"Arta Bajrami: S\u00eb shpejti me album t\u00eb ri - Lajme nga Ulqini","description":"K\u00ebng\u00ebtarja kosovare, Arta Bajrami, pritet q\u00eb s\u00eb shpejti t\u00eb lansoj albumin e saj m\u00eb t\u00eb ri.N\u00eb fakt albumi ka pasur q\u00eb t\u00eb del n\u00eb shitje disa dit\u00eb m\u00eb par\u00eb por","robots":{"index":"index","follow":"follow","max-snippet":"max-snippet:-1","max-image-preview":"max-image-preview:large","max-video-preview":"max-video-preview:-1"},"canonical":"https:\/\/www.visit-ulcinj.com\/blog\/2009\/05\/28\/arta-bajrami-se-shpejti-me-album-te-ri\/","og_locale":"en_US","og_type":"article","og_title":"Arta Bajrami: S\u00eb shpejti me album t\u00eb ri - Lajme nga Ulqini","og_description":"K\u00ebng\u00ebtarja kosovare, Arta Bajrami, pritet q\u00eb s\u00eb shpejti t\u00eb lansoj albumin e saj m\u00eb t\u00eb ri.N\u00eb fakt albumi ka pasur q\u00eb t\u00eb del n\u00eb shitje disa dit\u00eb m\u00eb par\u00eb por","og_url":"https:\/\/www.visit-ulcinj.com\/blog\/2009\/05\/28\/arta-bajrami-se-shpejti-me-album-te-ri\/","og_site_name":"Lajme nga Ulqini","article_published_time":"2009-05-28T20:05:30+00:00","article_modified_time":"2009-05-28T22:13:37+00:00","og_image":[{"url":"https:\/\/www.visit-ulcinj.com\/blog\/wp-content\/uploads\/2009\/05\/arta-bajrami-150x150.jpg"}],"twitter_misc":{"Written by":"ulqini","Est. reading time":"1 minute"},"schema":{"@context":"https:\/\/schema.org","@graph":[{"@type":"WebSite","@id":"https:\/\/www.visit-ulcinj.com\/blog\/#website","url":"https:\/\/www.visit-ulcinj.com\/blog\/","name":"Lajme nga Ulqini","description":"Lajme,Vijesti,Ulqini,Ulqin,Crna Gora,Mali i Zi","potentialAction":[{"@type":"SearchAction","target":{"@type":"EntryPoint","urlTemplate":"https:\/\/www.visit-ulcinj.com\/blog\/?s={search_term_string}"},"query-input":"required name=search_term_string"}],"inLanguage":"en-US"},{"@type":"ImageObject","inLanguage":"en-US","@id":"https:\/\/www.visit-ulcinj.com\/blog\/2009\/05\/28\/arta-bajrami-se-shpejti-me-album-te-ri\/#primaryimage","url":"http:\/\/www.visit-ulcinj.com\/blog\/wp-content\/uploads\/2009\/05\/arta-bajrami5.jpg","contentUrl":"http:\/\/www.visit-ulcinj.com\/blog\/wp-content\/uploads\/2009\/05\/arta-bajrami5.jpg"},{"@type":"WebPage","@id":"https:\/\/www.visit-ulcinj.com\/blog\/2009\/05\/28\/arta-bajrami-se-shpejti-me-album-te-ri\/#webpage","url":"https:\/\/www.visit-ulcinj.com\/blog\/2009\/05\/28\/arta-bajrami-se-shpejti-me-album-te-ri\/","name":"Arta Bajrami: S\u00eb shpejti me album t\u00eb ri - Lajme nga Ulqini","isPartOf":{"@id":"https:\/\/www.visit-ulcinj.com\/blog\/#website"},"primaryImageOfPage":{"@id":"https:\/\/www.visit-ulcinj.com\/blog\/2009\/05\/28\/arta-bajrami-se-shpejti-me-album-te-ri\/#primaryimage"},"datePublished":"2009-05-28T20:05:30+00:00","dateModified":"2009-05-28T22:13:37+00:00","author":{"@id":"https:\/\/www.visit-ulcinj.com\/blog\/#\/schema\/person\/dcab619c614d3038751c63bc2aadc06d"},"description":"K\u00ebng\u00ebtarja kosovare, Arta Bajrami, pritet q\u00eb s\u00eb shpejti t\u00eb lansoj albumin e saj m\u00eb t\u00eb ri.N\u00eb fakt albumi ka pasur q\u00eb t\u00eb del n\u00eb shitje disa dit\u00eb m\u00eb par\u00eb por","breadcrumb":{"@id":"https:\/\/www.visit-ulcinj.com\/blog\/2009\/05\/28\/arta-bajrami-se-shpejti-me-album-te-ri\/#breadcrumb"},"inLanguage":"en-US","potentialAction":[{"@type":"ReadAction","target":["https:\/\/www.visit-ulcinj.com\/blog\/2009\/05\/28\/arta-bajrami-se-shpejti-me-album-te-ri\/"]}]},{"@type":"BreadcrumbList","@id":"https:\/\/www.visit-ulcinj.com\/blog\/2009\/05\/28\/arta-bajrami-se-shpejti-me-album-te-ri\/#breadcrumb","itemListElement":[{"@type":"ListItem","position":1,"name":"Arta Bajrami: S\u00eb shpejti me album t\u00eb ri"}]},{"@type":"Person","@id":"https:\/\/www.visit-ulcinj.com\/blog\/#\/schema\/person\/dcab619c614d3038751c63bc2aadc06d","name":"ulqini","sameAs":["http:\/\/www.visit-ulcinj.com"],"url":"https:\/\/www.visit-ulcinj.com\/blog\/author\/admin\/"}]}},"jetpack_featured_media_url":"","jetpack_sharing_enabled":true,"jetpack_shortlink":"https:\/\/wp.me\/pe6lTn-5Lf","_links":{"self":[{"href":"https:\/\/www.visit-ulcinj.com\/blog\/wp-json\/wp\/v2\/posts\/22149"}],"collection":[{"href":"https:\/\/www.visit-ulcinj.com\/blog\/wp-json\/wp\/v2\/posts"}],"about":[{"href":"https:\/\/www.visit-ulcinj.com\/blog\/wp-json\/wp\/v2\/types\/post"}],"author":[{"embeddable":true,"href":"https:\/\/www.visit-ulcinj.com\/blog\/wp-json\/wp\/v2\/users\/1"}],"replies":[{"embeddable":true,"href":"https:\/\/www.visit-ulcinj.com\/blog\/wp-json\/wp\/v2\/comments?post=22149"}],"version-history":[{"count":0,"href":"https:\/\/www.visit-ulcinj.com\/blog\/wp-json\/wp\/v2\/posts\/22149\/revisions"}],"wp:attachment":[{"href":"https:\/\/www.visit-ulcinj.com\/blog\/wp-json\/wp\/v2\/media?parent=22149"}],"wp:term":[{"taxonomy":"category","embeddable":true,"href":"https:\/\/www.visit-ulcinj.com\/blog\/wp-json\/wp\/v2\/categories?post=22149"},{"taxonomy":"post_tag","embeddable":true,"href":"https:\/\/www.visit-ulcinj.com\/blog\/wp-json\/wp\/v2\/tags?post=22149"}],"curies":[{"name":"wp","href":"https:\/\/api.w.org\/{rel}","templated":true}]}}