{"id":2216,"date":"2008-08-04T07:33:44","date_gmt":"2008-08-04T12:33:44","guid":{"rendered":"http:\/\/www.visit-ulcinj.com\/blog\/?p=2216"},"modified":"2008-08-04T07:33:44","modified_gmt":"2008-08-04T12:33:44","slug":"ulcinj-losa-vlast-otjerala-goste","status":"publish","type":"post","link":"https:\/\/www.visit-ulcinj.com\/blog\/2008\/08\/04\/ulcinj-losa-vlast-otjerala-goste\/","title":{"rendered":"Ulcinj: Lo\u0161a vlast otjerala goste"},"content":{"rendered":"<p><img loading=\"lazy\" class=\"alignleft\" title=\"PZP\" src=\"http:\/\/www.promjene.org\/p.gif\" alt=\"\" width=\"294\" height=\"80\" \/><strong>Ulcinjski odbor PzP-a kritikovao lokalnu vlast zbog slabe turisti?ke sezone<\/strong><br \/>\nULCINj &#8211; Inicijativni odbor Pokreta za promjene iz Ulcinja kritikovao je lokalnu vlast zbog lo\u0161e organizacije turisti?ke sezone. U saop\u0161tenju za medije, tim povodom, PzP navodi da u najju\u017enijoj crnogorskoj op\u0161tini turisti?ka sezona kao da nije ni po?ela. \u2013 Informacije sa recepcija hotela, turisti?kih agencija, a za\u0161to ne re?i i uli?nih dilera, govore da je broj turista u Ulcinju manji izme?u 30 i 50 odsto. Podatke smo crpili iz navedenih izvora, jer je Ulcinj jedini grad na primorju na\u0161e lijepe domovine, a i \u0161ire, gdje i pored odluke Skup\u0161tine op\u0161tine da se formira turisti?ka organizacija ista nije za\u017eivjela, stoji u saop\u0161tenju. Dalje se navodi da &#8220;rukovodiocima op\u0161tine izgleda nije ni potrebna turisti?ka organizacija kada oni sami mogu da odre?uju prioritete, propagandu, organizovanje posjeta, marketing a ne tamo neka turisti?ka organizacija?. Isti?u?i da ?elnici op\u0161tine redovno posje?uju i centre odakle Ulcinj ve? godinama crpi najvi\u0161e gostiju, PzP nagla\u0161ava kako je ovogodi\u0161nji promotivni u?inak veoma lo\u0161.<br \/>\nNa promocijama u Pri\u0161tini,Tirani, Beogradu, Sarajevu i Berlinu promoteri turisti?ke sezone bili su izgleda sami sebi dovoljni, misle?i valjda da ?e njihove markantne pojave same po sebi privu?i vi\u0161e gostiju. I kako ?ujemo, po kozna koji put, u Pri\u0161tini su obe?avali smje\u0161taj i za po tri eura, bezbjednost i tradicionalnu narodnu muziku sa prelijepih terasa ulcinjske obale. Naravno, oni sami nisu svjesni, da tako potcjenjuju na\u0161e tradicionalne goste sa Kosova. Prvo, oni sami im u svojim velelepnim vilama ne daju smje\u0161taj za tri eura. Mir i bezbjednost nema potrebe da im obe?avaju, jer su Ulcinjani poznati kao dobri doma?ini i gostoljubivi ljudi. U dijelu obe?anja koa se ti?u tradicionalne narodne muzike sa ulciinjskih terasa, op\u0161tinari su zaboravili da je Kosovo proglasilo nezavisnost i da putuje u Evropu, pa ?e obe?ana muzika, ina?e jako glasna, izgleda prijati samo njihovim u\u0161ima. Zbog toga, sve vi\u0161e turista sa Kosova i Albanije odlazi u zemlje u regionu, a kada plate\u017eno mo?niji i odlu?e da do?u u Crnu Goru, biraju destinacije kao \u0161to su Budva i Herceg Novi, jer tamo im ne obe?avaju krevet za tri evra niti etno muziku, a bezbjednost se podrazumjeva, navodi se u saop\u0161tenju.<br \/>\nPzP, na kraju reagovanja, konstatuje da ukoliko slede?e godine op\u0161tinari ne budu promovisali turisti?ku ponudu sezona ?e sigurno biti mnogo bolja. \u2013 Mo\u017eda im ipak padne na pamet da formiraju turisti?ku organizaciju i puste profesionalce da rade svoj posao, stoji na kraju pismenog reagovanja Inicijativnog odbora Pokreta za promjene Ulcinj. <strong><br \/>\nM.K.<br \/>\nIzvor \/ Dan<\/strong><\/p>\n","protected":false},"excerpt":{"rendered":"<p><img loading=\"lazy\" class=\"alignleft\" title=\"PZP\" src=\"http:\/\/www.promjene.org\/p.gif\" alt=\"\" width=\"140\" height=\"140\" \/><\/p>\n","protected":false},"author":1,"featured_media":0,"comment_status":"open","ping_status":"closed","sticky":false,"template":"","format":"standard","meta":{"spay_email":"","jetpack_publicize_message":"","jetpack_is_tweetstorm":false,"jetpack_publicize_feature_enabled":true},"categories":[12,15],"tags":[19],"jetpack_publicize_connections":[],"yoast_head":"<!-- This site is optimized with the Yoast SEO plugin v19.1 - https:\/\/yoast.com\/wordpress\/plugins\/seo\/ -->\n<title>Ulcinj: Lo\u0161a vlast otjerala goste - Lajme nga Ulqini<\/title>\n<meta name=\"robots\" content=\"index, follow, max-snippet:-1, max-image-preview:large, max-video-preview:-1\" \/>\n<link rel=\"canonical\" href=\"https:\/\/www.visit-ulcinj.com\/blog\/2008\/08\/04\/ulcinj-losa-vlast-otjerala-goste\/\" \/>\n<meta property=\"og:locale\" content=\"en_US\" \/>\n<meta property=\"og:type\" content=\"article\" \/>\n<meta property=\"og:title\" content=\"Ulcinj: Lo\u0161a vlast otjerala goste - Lajme nga Ulqini\" \/>\n<meta property=\"og:url\" content=\"https:\/\/www.visit-ulcinj.com\/blog\/2008\/08\/04\/ulcinj-losa-vlast-otjerala-goste\/\" \/>\n<meta property=\"og:site_name\" content=\"Lajme nga Ulqini\" \/>\n<meta property=\"article:published_time\" content=\"2008-08-04T12:33:44+00:00\" \/>\n<meta property=\"og:image\" content=\"http:\/\/www.promjene.org\/p.gif\" \/>\n<meta name=\"twitter:label1\" content=\"Written by\" \/>\n\t<meta name=\"twitter:data1\" content=\"ulqini\" \/>\n\t<meta name=\"twitter:label2\" content=\"Est. reading time\" \/>\n\t<meta name=\"twitter:data2\" content=\"2 minutes\" \/>\n<script type=\"application\/ld+json\" class=\"yoast-schema-graph\">{\"@context\":\"https:\/\/schema.org\",\"@graph\":[{\"@type\":\"WebSite\",\"@id\":\"https:\/\/www.visit-ulcinj.com\/blog\/#website\",\"url\":\"https:\/\/www.visit-ulcinj.com\/blog\/\",\"name\":\"Lajme nga Ulqini\",\"description\":\"Lajme,Vijesti,Ulqini,Ulqin,Crna Gora,Mali i Zi\",\"potentialAction\":[{\"@type\":\"SearchAction\",\"target\":{\"@type\":\"EntryPoint\",\"urlTemplate\":\"https:\/\/www.visit-ulcinj.com\/blog\/?s={search_term_string}\"},\"query-input\":\"required name=search_term_string\"}],\"inLanguage\":\"en-US\"},{\"@type\":\"ImageObject\",\"inLanguage\":\"en-US\",\"@id\":\"https:\/\/www.visit-ulcinj.com\/blog\/2008\/08\/04\/ulcinj-losa-vlast-otjerala-goste\/#primaryimage\",\"url\":\"http:\/\/www.promjene.org\/p.gif\",\"contentUrl\":\"http:\/\/www.promjene.org\/p.gif\"},{\"@type\":\"WebPage\",\"@id\":\"https:\/\/www.visit-ulcinj.com\/blog\/2008\/08\/04\/ulcinj-losa-vlast-otjerala-goste\/#webpage\",\"url\":\"https:\/\/www.visit-ulcinj.com\/blog\/2008\/08\/04\/ulcinj-losa-vlast-otjerala-goste\/\",\"name\":\"Ulcinj: Lo\u0161a vlast otjerala goste - Lajme nga Ulqini\",\"isPartOf\":{\"@id\":\"https:\/\/www.visit-ulcinj.com\/blog\/#website\"},\"primaryImageOfPage\":{\"@id\":\"https:\/\/www.visit-ulcinj.com\/blog\/2008\/08\/04\/ulcinj-losa-vlast-otjerala-goste\/#primaryimage\"},\"datePublished\":\"2008-08-04T12:33:44+00:00\",\"dateModified\":\"2008-08-04T12:33:44+00:00\",\"author\":{\"@id\":\"https:\/\/www.visit-ulcinj.com\/blog\/#\/schema\/person\/dcab619c614d3038751c63bc2aadc06d\"},\"breadcrumb\":{\"@id\":\"https:\/\/www.visit-ulcinj.com\/blog\/2008\/08\/04\/ulcinj-losa-vlast-otjerala-goste\/#breadcrumb\"},\"inLanguage\":\"en-US\",\"potentialAction\":[{\"@type\":\"ReadAction\",\"target\":[\"https:\/\/www.visit-ulcinj.com\/blog\/2008\/08\/04\/ulcinj-losa-vlast-otjerala-goste\/\"]}]},{\"@type\":\"BreadcrumbList\",\"@id\":\"https:\/\/www.visit-ulcinj.com\/blog\/2008\/08\/04\/ulcinj-losa-vlast-otjerala-goste\/#breadcrumb\",\"itemListElement\":[{\"@type\":\"ListItem\",\"position\":1,\"name\":\"Ulcinj: Lo\u0161a vlast otjerala goste\"}]},{\"@type\":\"Person\",\"@id\":\"https:\/\/www.visit-ulcinj.com\/blog\/#\/schema\/person\/dcab619c614d3038751c63bc2aadc06d\",\"name\":\"ulqini\",\"sameAs\":[\"http:\/\/www.visit-ulcinj.com\"],\"url\":\"https:\/\/www.visit-ulcinj.com\/blog\/author\/admin\/\"}]}<\/script>\n<!-- \/ Yoast SEO plugin. -->","yoast_head_json":{"title":"Ulcinj: Lo\u0161a vlast otjerala goste - Lajme nga Ulqini","robots":{"index":"index","follow":"follow","max-snippet":"max-snippet:-1","max-image-preview":"max-image-preview:large","max-video-preview":"max-video-preview:-1"},"canonical":"https:\/\/www.visit-ulcinj.com\/blog\/2008\/08\/04\/ulcinj-losa-vlast-otjerala-goste\/","og_locale":"en_US","og_type":"article","og_title":"Ulcinj: Lo\u0161a vlast otjerala goste - Lajme nga Ulqini","og_url":"https:\/\/www.visit-ulcinj.com\/blog\/2008\/08\/04\/ulcinj-losa-vlast-otjerala-goste\/","og_site_name":"Lajme nga Ulqini","article_published_time":"2008-08-04T12:33:44+00:00","og_image":[{"url":"http:\/\/www.promjene.org\/p.gif"}],"twitter_misc":{"Written by":"ulqini","Est. reading time":"2 minutes"},"schema":{"@context":"https:\/\/schema.org","@graph":[{"@type":"WebSite","@id":"https:\/\/www.visit-ulcinj.com\/blog\/#website","url":"https:\/\/www.visit-ulcinj.com\/blog\/","name":"Lajme nga Ulqini","description":"Lajme,Vijesti,Ulqini,Ulqin,Crna Gora,Mali i Zi","potentialAction":[{"@type":"SearchAction","target":{"@type":"EntryPoint","urlTemplate":"https:\/\/www.visit-ulcinj.com\/blog\/?s={search_term_string}"},"query-input":"required name=search_term_string"}],"inLanguage":"en-US"},{"@type":"ImageObject","inLanguage":"en-US","@id":"https:\/\/www.visit-ulcinj.com\/blog\/2008\/08\/04\/ulcinj-losa-vlast-otjerala-goste\/#primaryimage","url":"http:\/\/www.promjene.org\/p.gif","contentUrl":"http:\/\/www.promjene.org\/p.gif"},{"@type":"WebPage","@id":"https:\/\/www.visit-ulcinj.com\/blog\/2008\/08\/04\/ulcinj-losa-vlast-otjerala-goste\/#webpage","url":"https:\/\/www.visit-ulcinj.com\/blog\/2008\/08\/04\/ulcinj-losa-vlast-otjerala-goste\/","name":"Ulcinj: Lo\u0161a vlast otjerala goste - Lajme nga Ulqini","isPartOf":{"@id":"https:\/\/www.visit-ulcinj.com\/blog\/#website"},"primaryImageOfPage":{"@id":"https:\/\/www.visit-ulcinj.com\/blog\/2008\/08\/04\/ulcinj-losa-vlast-otjerala-goste\/#primaryimage"},"datePublished":"2008-08-04T12:33:44+00:00","dateModified":"2008-08-04T12:33:44+00:00","author":{"@id":"https:\/\/www.visit-ulcinj.com\/blog\/#\/schema\/person\/dcab619c614d3038751c63bc2aadc06d"},"breadcrumb":{"@id":"https:\/\/www.visit-ulcinj.com\/blog\/2008\/08\/04\/ulcinj-losa-vlast-otjerala-goste\/#breadcrumb"},"inLanguage":"en-US","potentialAction":[{"@type":"ReadAction","target":["https:\/\/www.visit-ulcinj.com\/blog\/2008\/08\/04\/ulcinj-losa-vlast-otjerala-goste\/"]}]},{"@type":"BreadcrumbList","@id":"https:\/\/www.visit-ulcinj.com\/blog\/2008\/08\/04\/ulcinj-losa-vlast-otjerala-goste\/#breadcrumb","itemListElement":[{"@type":"ListItem","position":1,"name":"Ulcinj: Lo\u0161a vlast otjerala goste"}]},{"@type":"Person","@id":"https:\/\/www.visit-ulcinj.com\/blog\/#\/schema\/person\/dcab619c614d3038751c63bc2aadc06d","name":"ulqini","sameAs":["http:\/\/www.visit-ulcinj.com"],"url":"https:\/\/www.visit-ulcinj.com\/blog\/author\/admin\/"}]}},"jetpack_featured_media_url":"","jetpack_sharing_enabled":true,"jetpack_shortlink":"https:\/\/wp.me\/pe6lTn-zK","_links":{"self":[{"href":"https:\/\/www.visit-ulcinj.com\/blog\/wp-json\/wp\/v2\/posts\/2216"}],"collection":[{"href":"https:\/\/www.visit-ulcinj.com\/blog\/wp-json\/wp\/v2\/posts"}],"about":[{"href":"https:\/\/www.visit-ulcinj.com\/blog\/wp-json\/wp\/v2\/types\/post"}],"author":[{"embeddable":true,"href":"https:\/\/www.visit-ulcinj.com\/blog\/wp-json\/wp\/v2\/users\/1"}],"replies":[{"embeddable":true,"href":"https:\/\/www.visit-ulcinj.com\/blog\/wp-json\/wp\/v2\/comments?post=2216"}],"version-history":[{"count":0,"href":"https:\/\/www.visit-ulcinj.com\/blog\/wp-json\/wp\/v2\/posts\/2216\/revisions"}],"wp:attachment":[{"href":"https:\/\/www.visit-ulcinj.com\/blog\/wp-json\/wp\/v2\/media?parent=2216"}],"wp:term":[{"taxonomy":"category","embeddable":true,"href":"https:\/\/www.visit-ulcinj.com\/blog\/wp-json\/wp\/v2\/categories?post=2216"},{"taxonomy":"post_tag","embeddable":true,"href":"https:\/\/www.visit-ulcinj.com\/blog\/wp-json\/wp\/v2\/tags?post=2216"}],"curies":[{"name":"wp","href":"https:\/\/api.w.org\/{rel}","templated":true}]}}