{"id":22177,"date":"2009-05-29T16:04:25","date_gmt":"2009-05-29T14:04:25","guid":{"rendered":"http:\/\/www.visit-ulcinj.com\/blog\/?p=22177"},"modified":"2009-05-29T16:22:13","modified_gmt":"2009-05-29T14:22:13","slug":"arapima-treba-vise-vremena-za-veliku-plazu-i-adu-bojanu","status":"publish","type":"post","link":"https:\/\/www.visit-ulcinj.com\/blog\/2009\/05\/29\/arapima-treba-vise-vremena-za-veliku-plazu-i-adu-bojanu\/","title":{"rendered":"Arapima treba vi\u0161e vremena za Veliku pla\u017eu i Adu Bojanu"},"content":{"rendered":"<p><img loading=\"lazy\" class=\"alignleft size-full wp-image-22180\" title=\"velika-plaza_ada-bojana_ulcinj_montenegro_company-hydra-properties-chief-executive-sulaiman-al-fahim\" src=\"http:\/\/www.visit-ulcinj.com\/blog\/wp-content\/uploads\/2009\/05\/velika-plaza_ada-bojana_ulcinj_montenegro_company-hydra-properties-chief-executive-sulaiman-al-fahim.jpg\" alt=\"velika-plaza_ada-bojana_ulcinj_montenegro_company-hydra-properties-chief-executive-sulaiman-al-fahim\" width=\"580\" height=\"340\" \/>Podgorica \u2013 Ponude na tenderu za dugoro?ni zakup Velike pla\u017ee i Ade Bojane mogu se dostavljati do 1. decembra, tri mjeseca kasnije nego \u0161to je prvobitno bilo predvi?eno.<br \/>\nTenderom je bilo predvi?eno da se do danas, 28. maja, mogu podnositi prijave za u?e\u0161?e, ali je i taj rok produ\u017een do 17. avgusta.<br \/>\nTendersku dokumentaciju za Veliku pla\u017eu i Adu Bojanu do sada je jedino otkupila kompanija Hidra propertis iz Abu Dabija, vlasni\u0161tvo vladarske porodice te zemlje.<br \/>\nZvani?no iz tenderskih komisija jo\u0161 nema obja\u0161njenja za\u0161to se rokovi produ\u017eavaju, dok nezvani?ne informacije govore da je investitoru potrebno vi\u0161e vremena da se pripremi za projekat Velika pla\u017ea koji je, prema procjenama, vrijedan i\u0161e od 20 milijardi eura.<br \/>\nDelegacije Hidre propetis vi\u0161e puta su do sada boravile u Podgorici, i svojim doma?inima u Vladi predo?ili da se njihova ulaganja kod Ulcinja procjenjuju na preko 20 milijardi eura. Prema zamisli Arapa, prva faza projekta na Velikoj pla\u017ei bila bi gotova 2014. godine i u tom periodu bilo bi ulo\u017eeno tri milijarde eura. Gradnja bi trebalo da po?ne 2010. godine, a do tada se o?ekuju da budu potpisani ugovori, zavr\u0161e se projekti, planski dokumenti, dozvole i sli?no. Izgradnja kompletnog projekta du\u017e ?itave Velike pla\u017ee trebalo bi da traje oko 20 godina.<\/p>\n<p><strong>Z.V.<br \/>\n<\/strong><a href=\"http:\/\/www.vijesti.cg.yu\/index.php?id_pre=305854&amp;godina=2009\" target=\"_blank\"><strong>Vijesti<\/strong><\/a><br \/>\n<!--YouTube Error: bad URL entered--><\/p>\n","protected":false},"excerpt":{"rendered":"<p>Podgorica \u2013 Ponude na tenderu za dugoro?ni zakup Velike pla\u017ee i Ade Bojane mogu se dostavljati do 1. decembra, tri mjeseca kasnije nego \u0161to je prvobitno bilo predvi?eno. Tenderom je bilo predvi?eno da se do danas, 28. maja, mogu podnositi prijave za u?e\u0161?e, ali je i taj rok produ\u017een do 17. avgusta. Tendersku dokumentaciju za [&hellip;]<\/p>\n","protected":false},"author":1,"featured_media":0,"comment_status":"open","ping_status":"closed","sticky":false,"template":"","format":"standard","meta":{"spay_email":"","jetpack_publicize_message":"","jetpack_is_tweetstorm":false,"jetpack_publicize_feature_enabled":true},"categories":[8337],"tags":[10814,10817,9516,10816,10815,265,10818],"jetpack_publicize_connections":[],"yoast_head":"<!-- This site is optimized with the Yoast SEO plugin v19.1 - https:\/\/yoast.com\/wordpress\/plugins\/seo\/ -->\n<title>Arapima treba vi\u0161e vremena za Veliku pla\u017eu i Adu Bojanu - Lajme nga Ulqini<\/title>\n<meta name=\"description\" content=\"Podgorica \u2013 Ponude na tenderu za dugoro?ni zakup Velike pla\u017ee i Ade Bojane mogu se dostavljati do 1. decembra, tri mjeseca kasnije nego \u0161to je prvobitno\" \/>\n<meta name=\"robots\" content=\"index, follow, max-snippet:-1, max-image-preview:large, max-video-preview:-1\" \/>\n<link rel=\"canonical\" href=\"https:\/\/www.visit-ulcinj.com\/blog\/2009\/05\/29\/arapima-treba-vise-vremena-za-veliku-plazu-i-adu-bojanu\/\" \/>\n<meta property=\"og:locale\" content=\"en_US\" \/>\n<meta property=\"og:type\" content=\"article\" \/>\n<meta property=\"og:title\" content=\"Arapima treba vi\u0161e vremena za Veliku pla\u017eu i Adu Bojanu - Lajme nga Ulqini\" \/>\n<meta property=\"og:description\" content=\"Podgorica \u2013 Ponude na tenderu za dugoro?ni zakup Velike pla\u017ee i Ade Bojane mogu se dostavljati do 1. decembra, tri mjeseca kasnije nego \u0161to je prvobitno\" \/>\n<meta property=\"og:url\" content=\"https:\/\/www.visit-ulcinj.com\/blog\/2009\/05\/29\/arapima-treba-vise-vremena-za-veliku-plazu-i-adu-bojanu\/\" \/>\n<meta property=\"og:site_name\" content=\"Lajme nga Ulqini\" \/>\n<meta property=\"article:published_time\" content=\"2009-05-29T14:04:25+00:00\" \/>\n<meta property=\"article:modified_time\" content=\"2009-05-29T14:22:13+00:00\" \/>\n<meta property=\"og:image\" content=\"http:\/\/www.visit-ulcinj.com\/blog\/wp-content\/uploads\/2009\/05\/velika-plaza_ada-bojana_ulcinj_montenegro_company-hydra-properties-chief-executive-sulaiman-al-fahim.jpg\" \/>\n<meta name=\"twitter:label1\" content=\"Written by\" \/>\n\t<meta name=\"twitter:data1\" content=\"ulqini\" \/>\n\t<meta name=\"twitter:label2\" content=\"Est. reading time\" \/>\n\t<meta name=\"twitter:data2\" content=\"1 minute\" \/>\n<script type=\"application\/ld+json\" class=\"yoast-schema-graph\">{\"@context\":\"https:\/\/schema.org\",\"@graph\":[{\"@type\":\"WebSite\",\"@id\":\"https:\/\/www.visit-ulcinj.com\/blog\/#website\",\"url\":\"https:\/\/www.visit-ulcinj.com\/blog\/\",\"name\":\"Lajme nga Ulqini\",\"description\":\"Lajme,Vijesti,Ulqini,Ulqin,Crna Gora,Mali i Zi\",\"potentialAction\":[{\"@type\":\"SearchAction\",\"target\":{\"@type\":\"EntryPoint\",\"urlTemplate\":\"https:\/\/www.visit-ulcinj.com\/blog\/?s={search_term_string}\"},\"query-input\":\"required name=search_term_string\"}],\"inLanguage\":\"en-US\"},{\"@type\":\"ImageObject\",\"inLanguage\":\"en-US\",\"@id\":\"https:\/\/www.visit-ulcinj.com\/blog\/2009\/05\/29\/arapima-treba-vise-vremena-za-veliku-plazu-i-adu-bojanu\/#primaryimage\",\"url\":\"http:\/\/www.visit-ulcinj.com\/blog\/wp-content\/uploads\/2009\/05\/velika-plaza_ada-bojana_ulcinj_montenegro_company-hydra-properties-chief-executive-sulaiman-al-fahim.jpg\",\"contentUrl\":\"http:\/\/www.visit-ulcinj.com\/blog\/wp-content\/uploads\/2009\/05\/velika-plaza_ada-bojana_ulcinj_montenegro_company-hydra-properties-chief-executive-sulaiman-al-fahim.jpg\"},{\"@type\":\"WebPage\",\"@id\":\"https:\/\/www.visit-ulcinj.com\/blog\/2009\/05\/29\/arapima-treba-vise-vremena-za-veliku-plazu-i-adu-bojanu\/#webpage\",\"url\":\"https:\/\/www.visit-ulcinj.com\/blog\/2009\/05\/29\/arapima-treba-vise-vremena-za-veliku-plazu-i-adu-bojanu\/\",\"name\":\"Arapima treba vi\u0161e vremena za Veliku pla\u017eu i Adu Bojanu - Lajme nga Ulqini\",\"isPartOf\":{\"@id\":\"https:\/\/www.visit-ulcinj.com\/blog\/#website\"},\"primaryImageOfPage\":{\"@id\":\"https:\/\/www.visit-ulcinj.com\/blog\/2009\/05\/29\/arapima-treba-vise-vremena-za-veliku-plazu-i-adu-bojanu\/#primaryimage\"},\"datePublished\":\"2009-05-29T14:04:25+00:00\",\"dateModified\":\"2009-05-29T14:22:13+00:00\",\"author\":{\"@id\":\"https:\/\/www.visit-ulcinj.com\/blog\/#\/schema\/person\/dcab619c614d3038751c63bc2aadc06d\"},\"description\":\"Podgorica \u2013 Ponude na tenderu za dugoro?ni zakup Velike pla\u017ee i Ade Bojane mogu se dostavljati do 1. decembra, tri mjeseca kasnije nego \u0161to je prvobitno\",\"breadcrumb\":{\"@id\":\"https:\/\/www.visit-ulcinj.com\/blog\/2009\/05\/29\/arapima-treba-vise-vremena-za-veliku-plazu-i-adu-bojanu\/#breadcrumb\"},\"inLanguage\":\"en-US\",\"potentialAction\":[{\"@type\":\"ReadAction\",\"target\":[\"https:\/\/www.visit-ulcinj.com\/blog\/2009\/05\/29\/arapima-treba-vise-vremena-za-veliku-plazu-i-adu-bojanu\/\"]}]},{\"@type\":\"BreadcrumbList\",\"@id\":\"https:\/\/www.visit-ulcinj.com\/blog\/2009\/05\/29\/arapima-treba-vise-vremena-za-veliku-plazu-i-adu-bojanu\/#breadcrumb\",\"itemListElement\":[{\"@type\":\"ListItem\",\"position\":1,\"name\":\"Arapima treba vi\u0161e vremena za Veliku pla\u017eu i Adu Bojanu\"}]},{\"@type\":\"Person\",\"@id\":\"https:\/\/www.visit-ulcinj.com\/blog\/#\/schema\/person\/dcab619c614d3038751c63bc2aadc06d\",\"name\":\"ulqini\",\"sameAs\":[\"http:\/\/www.visit-ulcinj.com\"],\"url\":\"https:\/\/www.visit-ulcinj.com\/blog\/author\/admin\/\"}]}<\/script>\n<!-- \/ Yoast SEO plugin. -->","yoast_head_json":{"title":"Arapima treba vi\u0161e vremena za Veliku pla\u017eu i Adu Bojanu - Lajme nga Ulqini","description":"Podgorica \u2013 Ponude na tenderu za dugoro?ni zakup Velike pla\u017ee i Ade Bojane mogu se dostavljati do 1. decembra, tri mjeseca kasnije nego \u0161to je prvobitno","robots":{"index":"index","follow":"follow","max-snippet":"max-snippet:-1","max-image-preview":"max-image-preview:large","max-video-preview":"max-video-preview:-1"},"canonical":"https:\/\/www.visit-ulcinj.com\/blog\/2009\/05\/29\/arapima-treba-vise-vremena-za-veliku-plazu-i-adu-bojanu\/","og_locale":"en_US","og_type":"article","og_title":"Arapima treba vi\u0161e vremena za Veliku pla\u017eu i Adu Bojanu - Lajme nga Ulqini","og_description":"Podgorica \u2013 Ponude na tenderu za dugoro?ni zakup Velike pla\u017ee i Ade Bojane mogu se dostavljati do 1. decembra, tri mjeseca kasnije nego \u0161to je prvobitno","og_url":"https:\/\/www.visit-ulcinj.com\/blog\/2009\/05\/29\/arapima-treba-vise-vremena-za-veliku-plazu-i-adu-bojanu\/","og_site_name":"Lajme nga Ulqini","article_published_time":"2009-05-29T14:04:25+00:00","article_modified_time":"2009-05-29T14:22:13+00:00","og_image":[{"url":"http:\/\/www.visit-ulcinj.com\/blog\/wp-content\/uploads\/2009\/05\/velika-plaza_ada-bojana_ulcinj_montenegro_company-hydra-properties-chief-executive-sulaiman-al-fahim.jpg"}],"twitter_misc":{"Written by":"ulqini","Est. reading time":"1 minute"},"schema":{"@context":"https:\/\/schema.org","@graph":[{"@type":"WebSite","@id":"https:\/\/www.visit-ulcinj.com\/blog\/#website","url":"https:\/\/www.visit-ulcinj.com\/blog\/","name":"Lajme nga Ulqini","description":"Lajme,Vijesti,Ulqini,Ulqin,Crna Gora,Mali i Zi","potentialAction":[{"@type":"SearchAction","target":{"@type":"EntryPoint","urlTemplate":"https:\/\/www.visit-ulcinj.com\/blog\/?s={search_term_string}"},"query-input":"required name=search_term_string"}],"inLanguage":"en-US"},{"@type":"ImageObject","inLanguage":"en-US","@id":"https:\/\/www.visit-ulcinj.com\/blog\/2009\/05\/29\/arapima-treba-vise-vremena-za-veliku-plazu-i-adu-bojanu\/#primaryimage","url":"http:\/\/www.visit-ulcinj.com\/blog\/wp-content\/uploads\/2009\/05\/velika-plaza_ada-bojana_ulcinj_montenegro_company-hydra-properties-chief-executive-sulaiman-al-fahim.jpg","contentUrl":"http:\/\/www.visit-ulcinj.com\/blog\/wp-content\/uploads\/2009\/05\/velika-plaza_ada-bojana_ulcinj_montenegro_company-hydra-properties-chief-executive-sulaiman-al-fahim.jpg"},{"@type":"WebPage","@id":"https:\/\/www.visit-ulcinj.com\/blog\/2009\/05\/29\/arapima-treba-vise-vremena-za-veliku-plazu-i-adu-bojanu\/#webpage","url":"https:\/\/www.visit-ulcinj.com\/blog\/2009\/05\/29\/arapima-treba-vise-vremena-za-veliku-plazu-i-adu-bojanu\/","name":"Arapima treba vi\u0161e vremena za Veliku pla\u017eu i Adu Bojanu - Lajme nga Ulqini","isPartOf":{"@id":"https:\/\/www.visit-ulcinj.com\/blog\/#website"},"primaryImageOfPage":{"@id":"https:\/\/www.visit-ulcinj.com\/blog\/2009\/05\/29\/arapima-treba-vise-vremena-za-veliku-plazu-i-adu-bojanu\/#primaryimage"},"datePublished":"2009-05-29T14:04:25+00:00","dateModified":"2009-05-29T14:22:13+00:00","author":{"@id":"https:\/\/www.visit-ulcinj.com\/blog\/#\/schema\/person\/dcab619c614d3038751c63bc2aadc06d"},"description":"Podgorica \u2013 Ponude na tenderu za dugoro?ni zakup Velike pla\u017ee i Ade Bojane mogu se dostavljati do 1. decembra, tri mjeseca kasnije nego \u0161to je prvobitno","breadcrumb":{"@id":"https:\/\/www.visit-ulcinj.com\/blog\/2009\/05\/29\/arapima-treba-vise-vremena-za-veliku-plazu-i-adu-bojanu\/#breadcrumb"},"inLanguage":"en-US","potentialAction":[{"@type":"ReadAction","target":["https:\/\/www.visit-ulcinj.com\/blog\/2009\/05\/29\/arapima-treba-vise-vremena-za-veliku-plazu-i-adu-bojanu\/"]}]},{"@type":"BreadcrumbList","@id":"https:\/\/www.visit-ulcinj.com\/blog\/2009\/05\/29\/arapima-treba-vise-vremena-za-veliku-plazu-i-adu-bojanu\/#breadcrumb","itemListElement":[{"@type":"ListItem","position":1,"name":"Arapima treba vi\u0161e vremena za Veliku pla\u017eu i Adu Bojanu"}]},{"@type":"Person","@id":"https:\/\/www.visit-ulcinj.com\/blog\/#\/schema\/person\/dcab619c614d3038751c63bc2aadc06d","name":"ulqini","sameAs":["http:\/\/www.visit-ulcinj.com"],"url":"https:\/\/www.visit-ulcinj.com\/blog\/author\/admin\/"}]}},"jetpack_featured_media_url":"","jetpack_sharing_enabled":true,"jetpack_shortlink":"https:\/\/wp.me\/pe6lTn-5LH","_links":{"self":[{"href":"https:\/\/www.visit-ulcinj.com\/blog\/wp-json\/wp\/v2\/posts\/22177"}],"collection":[{"href":"https:\/\/www.visit-ulcinj.com\/blog\/wp-json\/wp\/v2\/posts"}],"about":[{"href":"https:\/\/www.visit-ulcinj.com\/blog\/wp-json\/wp\/v2\/types\/post"}],"author":[{"embeddable":true,"href":"https:\/\/www.visit-ulcinj.com\/blog\/wp-json\/wp\/v2\/users\/1"}],"replies":[{"embeddable":true,"href":"https:\/\/www.visit-ulcinj.com\/blog\/wp-json\/wp\/v2\/comments?post=22177"}],"version-history":[{"count":0,"href":"https:\/\/www.visit-ulcinj.com\/blog\/wp-json\/wp\/v2\/posts\/22177\/revisions"}],"wp:attachment":[{"href":"https:\/\/www.visit-ulcinj.com\/blog\/wp-json\/wp\/v2\/media?parent=22177"}],"wp:term":[{"taxonomy":"category","embeddable":true,"href":"https:\/\/www.visit-ulcinj.com\/blog\/wp-json\/wp\/v2\/categories?post=22177"},{"taxonomy":"post_tag","embeddable":true,"href":"https:\/\/www.visit-ulcinj.com\/blog\/wp-json\/wp\/v2\/tags?post=22177"}],"curies":[{"name":"wp","href":"https:\/\/api.w.org\/{rel}","templated":true}]}}