{"id":22206,"date":"2009-05-29T23:41:40","date_gmt":"2009-05-29T21:41:40","guid":{"rendered":"http:\/\/www.visit-ulcinj.com\/blog\/?p=22206"},"modified":"2009-05-29T23:47:40","modified_gmt":"2009-05-29T21:47:40","slug":"privuci-ulagace-iz-bjelorusije-u-ulcinj","status":"publish","type":"post","link":"https:\/\/www.visit-ulcinj.com\/blog\/2009\/05\/29\/privuci-ulagace-iz-bjelorusije-u-ulcinj\/","title":{"rendered":"Privu?i ulaga?e iz Bjelorusije u Ulcinj"},"content":{"rendered":"<p align=\"justify\"><span><a rel=\"attachment wp-att-22207\" href=\"http:\/\/www.visit-ulcinj.com\/blog\/2009\/05\/29\/privuci-ulagace-iz-bjelorusije-u-ulcinj\/gzim-hajdinaga-_privuci-ulagace-iz-bjelorusije-u-ulcinj\/\"><img loading=\"lazy\" class=\"alignleft size-full wp-image-22207\" title=\"gzim-hajdinaga-_privuci-ulagace-iz-bjelorusije-u-ulcinj\" src=\"http:\/\/www.visit-ulcinj.com\/blog\/wp-content\/uploads\/2009\/05\/gzim-hajdinaga-_privuci-ulagace-iz-bjelorusije-u-ulcinj.jpg\" alt=\"gzim-hajdinaga-_privuci-ulagace-iz-bjelorusije-u-ulcinj\" width=\"590\" height=\"400\" \/><\/a>Pomo?nik ministra za ekonomski razvoj Nada Medenica predvodila je crnogorsku delegaciju u zvani?noj posjeti Republici Bjelorusiji. U delegaciji su bili crnogorski ambasador u Bjelorusiji \u017deljko Radulovi? i predsjednik Op\u0161tine Ulcinj Gzim Hajdinaga. Tokom posjete Minsku odr\u017ean je niz sastanaka sa predstavnicima dr\u017eavnih institucija i privrede.<\/span><\/p>\n<p>Zamjenik ministra inostranih poslova Republike Bjelorusije Sergej Alejnik i ambasador Crne Gore u Republici Bjelorusiji \u017deljko Radulovi? saglasili su se sa potrebom za intenziviranjem politi?kog dijaloga na visokom novou u narednom periodu. Posebno je ukazano na zna?aj ekonomske saradnje gdje su mogu?nosti i potencijali jako veliki.<\/p>\n<p>Na sastanku sa zamjenikom ministra industrije Bjelorusije zajedni?ki je konstatovano da je uspostavljanje saradnje izme?u dva ministarstva dobar podsticaj za razvoj ekonomske saradnje izme?u Crne Gore i Bjelorusije. Robna razmjena je sada prakti?no zanemarljiva, investicije neznatne, a mogu?nosti za unaprije?enje saradnje brojne, konstatovano je na sastanku.<\/p>\n<p>U razgovorima u Ministarstvu turizma, pomo?nik ministra Nada Medenica i zamjenik ministra turizma Republike Bjelorusije ocijenili su da je osnovni razlog nezadovoljavaju?e saradnje u ovoj oblasti nedostatak informacija i da postoje brojne mogu?nosti za saradnju, prije svega pove?anje broja gostiju iz Bjelorusije, kori\u0161?enje crnogorskih kapaciteta za pripreme sportista i organizovanje rekreativnih boravak radnika. Zamjenik ministra turizma izrazio je zainteresovanost za razli?ite vrste obuka u oblasti turizma i ugostiteljstva i predlo\u017eio potpisivanje Protokola o saradnji, kako bi se konkretizovali na?ini i oblici saradnje.<\/p>\n<p>Medenica je na sastanku sa predsjednikom Privredne komore Bjelorusije i sa potpredsjednikom i ?lanovima Unije poslodavaca prezentirala poslovni ambijent u Crnoj Gori i predlo\u017eila mogu?e oblike saradnje privrednika dvije zemlje.<\/p>\n<p>Bjelorusija ima veoma razvijeno ma\u0161insku, metalnu i elektro industriju i Crna Gora mo\u017ee biti vrlo interesantna kao izvozno tr\u017ei\u0161te za njihove proizvode, istaknuto je na sastancima. Tako?e, investitori iz Bjelorusije pokazali su interesovanje za ulaganja u nekretnine. Crna Gora u Bjelorusiju mo\u017ee izvoziti vino, vodu i poljoprivredne proizvode. Privredna komora i Unija poslodavaca Bjelorusije zainteresovani su da uspostave saradnju sa partnerskim institucijama u Crnoj Gori i dogovoreno je da se prvi kontakti ostvare preko Ministarstva za ekonomski razvoj Crne Gore. Predstavnici Ministarstva podr\u017eali su inicijativu bjeloruskih institucija za organizovanje me?usobnih posjeta privrednika.<\/p>\n<p>\u201ePrva posjeta dr\u017eavne delegacije ispunila je svoj cilj. Nadle\u017ene dr\u017eavne institucije, ali i predstavnici privrede Republike Bjelorusije detaljno su upoznati sa karakteristikama poslovnog ambijenta Crne Gore i mogu?nostima za investiranje. Postignut je dogovor o mogu?nostima i na?inima razvoja bilateralno-ekonomkih odnosa i to prije svega u dijelu podsticanja robne razmjene, animiranja investitora iz Bjelorusije, saradnje u oblasti turizma, kao i o aktivnostima u pravcu ostvarenja neposrednih kontakata privrednika dvije dr\u017eave\u201c kazala je pomo?nik ministra za ekonomski razvoj Nada Medenica.<strong><br \/>\n<\/strong><\/p>\n<div style=\"text-align: left;\"><span style=\"font-family: Arial; font-size: x-small;\"><a style=\"font-weight: 400; font-size: 8pt; color: #999999; text-decoration: none;\" href=\"http:\/\/www.vlada.cg.yu\/minekon\/index.php?akcija=vijesti&amp;id=173547\" target=\"_blank\"><em><strong>Ministarstvo za ekonomski razvoj 28.05.2009 12:47<\/strong><\/em><\/a><\/span><\/div>\n<div style=\"text-align: left;\"><\/div>\n<div style=\"text-align: left;\"><span style=\"font-family: Arial; font-size: x-small;\"><em><strong>[flv width=&#8221;580&#8243; height=&#8221;380&#8243;]http:\/\/www.velikaplaza.info\/gallery\/video\/stream.php?f=Velika_Plaza_movie_Jan_2009.flv[\/flv]<br \/>\n<\/strong><\/em><\/span><\/div>\n","protected":false},"excerpt":{"rendered":"<p>Pomo?nik ministra za ekonomski razvoj Nada Medenica predvodila je crnogorsku delegaciju u zvani?noj posjeti Republici Bjelorusiji. U delegaciji su bili crnogorski ambasador u Bjelorusiji \u017deljko Radulovi? i predsjednik Op\u0161tine Ulcinj Gzim Hajdinaga. Tokom posjete Minsku odr\u017ean je niz sastanaka sa predstavnicima dr\u017eavnih institucija i privrede. Zamjenik ministra inostranih poslova Republike Bjelorusije Sergej Alejnik i ambasador [&hellip;]<\/p>\n","protected":false},"author":1,"featured_media":0,"comment_status":"open","ping_status":"closed","sticky":false,"template":"","format":"standard","meta":{"spay_email":"","jetpack_publicize_message":"","jetpack_is_tweetstorm":false,"jetpack_publicize_feature_enabled":true},"categories":[8337],"tags":[20,10830,10832,10833,10831,8625,10834,10835],"jetpack_publicize_connections":[],"yoast_head":"<!-- This site is optimized with the Yoast SEO plugin v19.1 - https:\/\/yoast.com\/wordpress\/plugins\/seo\/ -->\n<title>Privu?i ulaga?e iz Bjelorusije u Ulcinj - Lajme nga Ulqini<\/title>\n<meta name=\"description\" content=\"Pomo?nik ministra za ekonomski razvoj Nada Medenica predvodila je crnogorsku delegaciju u zvani?noj posjeti Republici Bjelorusiji. U delegaciji su bili\" \/>\n<meta name=\"robots\" content=\"index, follow, max-snippet:-1, max-image-preview:large, max-video-preview:-1\" \/>\n<link rel=\"canonical\" href=\"https:\/\/www.visit-ulcinj.com\/blog\/2009\/05\/29\/privuci-ulagace-iz-bjelorusije-u-ulcinj\/\" \/>\n<meta property=\"og:locale\" content=\"en_US\" \/>\n<meta property=\"og:type\" content=\"article\" \/>\n<meta property=\"og:title\" content=\"Privu?i ulaga?e iz Bjelorusije u Ulcinj - Lajme nga Ulqini\" \/>\n<meta property=\"og:description\" content=\"Pomo?nik ministra za ekonomski razvoj Nada Medenica predvodila je crnogorsku delegaciju u zvani?noj posjeti Republici Bjelorusiji. U delegaciji su bili\" \/>\n<meta property=\"og:url\" content=\"https:\/\/www.visit-ulcinj.com\/blog\/2009\/05\/29\/privuci-ulagace-iz-bjelorusije-u-ulcinj\/\" \/>\n<meta property=\"og:site_name\" content=\"Lajme nga Ulqini\" \/>\n<meta property=\"article:published_time\" content=\"2009-05-29T21:41:40+00:00\" \/>\n<meta property=\"article:modified_time\" content=\"2009-05-29T21:47:40+00:00\" \/>\n<meta property=\"og:image\" content=\"http:\/\/www.visit-ulcinj.com\/blog\/wp-content\/uploads\/2009\/05\/gzim-hajdinaga-_privuci-ulagace-iz-bjelorusije-u-ulcinj.jpg\" \/>\n<meta name=\"twitter:label1\" content=\"Written by\" \/>\n\t<meta name=\"twitter:data1\" content=\"ulqini\" \/>\n\t<meta name=\"twitter:label2\" content=\"Est. reading time\" \/>\n\t<meta name=\"twitter:data2\" content=\"2 minutes\" \/>\n<script type=\"application\/ld+json\" class=\"yoast-schema-graph\">{\"@context\":\"https:\/\/schema.org\",\"@graph\":[{\"@type\":\"WebSite\",\"@id\":\"https:\/\/www.visit-ulcinj.com\/blog\/#website\",\"url\":\"https:\/\/www.visit-ulcinj.com\/blog\/\",\"name\":\"Lajme nga Ulqini\",\"description\":\"Lajme,Vijesti,Ulqini,Ulqin,Crna Gora,Mali i Zi\",\"potentialAction\":[{\"@type\":\"SearchAction\",\"target\":{\"@type\":\"EntryPoint\",\"urlTemplate\":\"https:\/\/www.visit-ulcinj.com\/blog\/?s={search_term_string}\"},\"query-input\":\"required name=search_term_string\"}],\"inLanguage\":\"en-US\"},{\"@type\":\"ImageObject\",\"inLanguage\":\"en-US\",\"@id\":\"https:\/\/www.visit-ulcinj.com\/blog\/2009\/05\/29\/privuci-ulagace-iz-bjelorusije-u-ulcinj\/#primaryimage\",\"url\":\"https:\/\/www.visit-ulcinj.com\/blog\/wp-content\/uploads\/2009\/05\/gzim-hajdinaga-_privuci-ulagace-iz-bjelorusije-u-ulcinj.jpg\",\"contentUrl\":\"https:\/\/www.visit-ulcinj.com\/blog\/wp-content\/uploads\/2009\/05\/gzim-hajdinaga-_privuci-ulagace-iz-bjelorusije-u-ulcinj.jpg\",\"width\":\"640\",\"height\":\"480\"},{\"@type\":\"WebPage\",\"@id\":\"https:\/\/www.visit-ulcinj.com\/blog\/2009\/05\/29\/privuci-ulagace-iz-bjelorusije-u-ulcinj\/#webpage\",\"url\":\"https:\/\/www.visit-ulcinj.com\/blog\/2009\/05\/29\/privuci-ulagace-iz-bjelorusije-u-ulcinj\/\",\"name\":\"Privu?i ulaga?e iz Bjelorusije u Ulcinj - Lajme nga Ulqini\",\"isPartOf\":{\"@id\":\"https:\/\/www.visit-ulcinj.com\/blog\/#website\"},\"primaryImageOfPage\":{\"@id\":\"https:\/\/www.visit-ulcinj.com\/blog\/2009\/05\/29\/privuci-ulagace-iz-bjelorusije-u-ulcinj\/#primaryimage\"},\"datePublished\":\"2009-05-29T21:41:40+00:00\",\"dateModified\":\"2009-05-29T21:47:40+00:00\",\"author\":{\"@id\":\"https:\/\/www.visit-ulcinj.com\/blog\/#\/schema\/person\/dcab619c614d3038751c63bc2aadc06d\"},\"description\":\"Pomo?nik ministra za ekonomski razvoj Nada Medenica predvodila je crnogorsku delegaciju u zvani?noj posjeti Republici Bjelorusiji. U delegaciji su bili\",\"breadcrumb\":{\"@id\":\"https:\/\/www.visit-ulcinj.com\/blog\/2009\/05\/29\/privuci-ulagace-iz-bjelorusije-u-ulcinj\/#breadcrumb\"},\"inLanguage\":\"en-US\",\"potentialAction\":[{\"@type\":\"ReadAction\",\"target\":[\"https:\/\/www.visit-ulcinj.com\/blog\/2009\/05\/29\/privuci-ulagace-iz-bjelorusije-u-ulcinj\/\"]}]},{\"@type\":\"BreadcrumbList\",\"@id\":\"https:\/\/www.visit-ulcinj.com\/blog\/2009\/05\/29\/privuci-ulagace-iz-bjelorusije-u-ulcinj\/#breadcrumb\",\"itemListElement\":[{\"@type\":\"ListItem\",\"position\":1,\"name\":\"Privu?i ulaga?e iz Bjelorusije u Ulcinj\"}]},{\"@type\":\"Person\",\"@id\":\"https:\/\/www.visit-ulcinj.com\/blog\/#\/schema\/person\/dcab619c614d3038751c63bc2aadc06d\",\"name\":\"ulqini\",\"sameAs\":[\"http:\/\/www.visit-ulcinj.com\"],\"url\":\"https:\/\/www.visit-ulcinj.com\/blog\/author\/admin\/\"}]}<\/script>\n<!-- \/ Yoast SEO plugin. -->","yoast_head_json":{"title":"Privu?i ulaga?e iz Bjelorusije u Ulcinj - Lajme nga Ulqini","description":"Pomo?nik ministra za ekonomski razvoj Nada Medenica predvodila je crnogorsku delegaciju u zvani?noj posjeti Republici Bjelorusiji. U delegaciji su bili","robots":{"index":"index","follow":"follow","max-snippet":"max-snippet:-1","max-image-preview":"max-image-preview:large","max-video-preview":"max-video-preview:-1"},"canonical":"https:\/\/www.visit-ulcinj.com\/blog\/2009\/05\/29\/privuci-ulagace-iz-bjelorusije-u-ulcinj\/","og_locale":"en_US","og_type":"article","og_title":"Privu?i ulaga?e iz Bjelorusije u Ulcinj - Lajme nga Ulqini","og_description":"Pomo?nik ministra za ekonomski razvoj Nada Medenica predvodila je crnogorsku delegaciju u zvani?noj posjeti Republici Bjelorusiji. U delegaciji su bili","og_url":"https:\/\/www.visit-ulcinj.com\/blog\/2009\/05\/29\/privuci-ulagace-iz-bjelorusije-u-ulcinj\/","og_site_name":"Lajme nga Ulqini","article_published_time":"2009-05-29T21:41:40+00:00","article_modified_time":"2009-05-29T21:47:40+00:00","og_image":[{"url":"http:\/\/www.visit-ulcinj.com\/blog\/wp-content\/uploads\/2009\/05\/gzim-hajdinaga-_privuci-ulagace-iz-bjelorusije-u-ulcinj.jpg"}],"twitter_misc":{"Written by":"ulqini","Est. reading time":"2 minutes"},"schema":{"@context":"https:\/\/schema.org","@graph":[{"@type":"WebSite","@id":"https:\/\/www.visit-ulcinj.com\/blog\/#website","url":"https:\/\/www.visit-ulcinj.com\/blog\/","name":"Lajme nga Ulqini","description":"Lajme,Vijesti,Ulqini,Ulqin,Crna Gora,Mali i Zi","potentialAction":[{"@type":"SearchAction","target":{"@type":"EntryPoint","urlTemplate":"https:\/\/www.visit-ulcinj.com\/blog\/?s={search_term_string}"},"query-input":"required name=search_term_string"}],"inLanguage":"en-US"},{"@type":"ImageObject","inLanguage":"en-US","@id":"https:\/\/www.visit-ulcinj.com\/blog\/2009\/05\/29\/privuci-ulagace-iz-bjelorusije-u-ulcinj\/#primaryimage","url":"https:\/\/www.visit-ulcinj.com\/blog\/wp-content\/uploads\/2009\/05\/gzim-hajdinaga-_privuci-ulagace-iz-bjelorusije-u-ulcinj.jpg","contentUrl":"https:\/\/www.visit-ulcinj.com\/blog\/wp-content\/uploads\/2009\/05\/gzim-hajdinaga-_privuci-ulagace-iz-bjelorusije-u-ulcinj.jpg","width":"640","height":"480"},{"@type":"WebPage","@id":"https:\/\/www.visit-ulcinj.com\/blog\/2009\/05\/29\/privuci-ulagace-iz-bjelorusije-u-ulcinj\/#webpage","url":"https:\/\/www.visit-ulcinj.com\/blog\/2009\/05\/29\/privuci-ulagace-iz-bjelorusije-u-ulcinj\/","name":"Privu?i ulaga?e iz Bjelorusije u Ulcinj - Lajme nga Ulqini","isPartOf":{"@id":"https:\/\/www.visit-ulcinj.com\/blog\/#website"},"primaryImageOfPage":{"@id":"https:\/\/www.visit-ulcinj.com\/blog\/2009\/05\/29\/privuci-ulagace-iz-bjelorusije-u-ulcinj\/#primaryimage"},"datePublished":"2009-05-29T21:41:40+00:00","dateModified":"2009-05-29T21:47:40+00:00","author":{"@id":"https:\/\/www.visit-ulcinj.com\/blog\/#\/schema\/person\/dcab619c614d3038751c63bc2aadc06d"},"description":"Pomo?nik ministra za ekonomski razvoj Nada Medenica predvodila je crnogorsku delegaciju u zvani?noj posjeti Republici Bjelorusiji. U delegaciji su bili","breadcrumb":{"@id":"https:\/\/www.visit-ulcinj.com\/blog\/2009\/05\/29\/privuci-ulagace-iz-bjelorusije-u-ulcinj\/#breadcrumb"},"inLanguage":"en-US","potentialAction":[{"@type":"ReadAction","target":["https:\/\/www.visit-ulcinj.com\/blog\/2009\/05\/29\/privuci-ulagace-iz-bjelorusije-u-ulcinj\/"]}]},{"@type":"BreadcrumbList","@id":"https:\/\/www.visit-ulcinj.com\/blog\/2009\/05\/29\/privuci-ulagace-iz-bjelorusije-u-ulcinj\/#breadcrumb","itemListElement":[{"@type":"ListItem","position":1,"name":"Privu?i ulaga?e iz Bjelorusije u Ulcinj"}]},{"@type":"Person","@id":"https:\/\/www.visit-ulcinj.com\/blog\/#\/schema\/person\/dcab619c614d3038751c63bc2aadc06d","name":"ulqini","sameAs":["http:\/\/www.visit-ulcinj.com"],"url":"https:\/\/www.visit-ulcinj.com\/blog\/author\/admin\/"}]}},"jetpack_featured_media_url":"","jetpack_sharing_enabled":true,"jetpack_shortlink":"https:\/\/wp.me\/pe6lTn-5Ma","_links":{"self":[{"href":"https:\/\/www.visit-ulcinj.com\/blog\/wp-json\/wp\/v2\/posts\/22206"}],"collection":[{"href":"https:\/\/www.visit-ulcinj.com\/blog\/wp-json\/wp\/v2\/posts"}],"about":[{"href":"https:\/\/www.visit-ulcinj.com\/blog\/wp-json\/wp\/v2\/types\/post"}],"author":[{"embeddable":true,"href":"https:\/\/www.visit-ulcinj.com\/blog\/wp-json\/wp\/v2\/users\/1"}],"replies":[{"embeddable":true,"href":"https:\/\/www.visit-ulcinj.com\/blog\/wp-json\/wp\/v2\/comments?post=22206"}],"version-history":[{"count":0,"href":"https:\/\/www.visit-ulcinj.com\/blog\/wp-json\/wp\/v2\/posts\/22206\/revisions"}],"wp:attachment":[{"href":"https:\/\/www.visit-ulcinj.com\/blog\/wp-json\/wp\/v2\/media?parent=22206"}],"wp:term":[{"taxonomy":"category","embeddable":true,"href":"https:\/\/www.visit-ulcinj.com\/blog\/wp-json\/wp\/v2\/categories?post=22206"},{"taxonomy":"post_tag","embeddable":true,"href":"https:\/\/www.visit-ulcinj.com\/blog\/wp-json\/wp\/v2\/tags?post=22206"}],"curies":[{"name":"wp","href":"https:\/\/api.w.org\/{rel}","templated":true}]}}