{"id":22232,"date":"2009-05-30T19:20:30","date_gmt":"2009-05-30T17:20:30","guid":{"rendered":"http:\/\/www.visit-ulcinj.com\/blog\/?p=22232"},"modified":"2009-06-03T13:42:11","modified_gmt":"2009-06-03T11:42:11","slug":"hajdinaga-priti-50-turista-italian-nga-cesena","status":"publish","type":"post","link":"https:\/\/www.visit-ulcinj.com\/blog\/2009\/05\/30\/hajdinaga-priti-50-turista-italian-nga-cesena\/","title":{"rendered":"Hajdinaga priti 50 turista italian nga Cesena"},"content":{"rendered":"<p><img loading=\"lazy\" class=\"alignleft size-full wp-image-22235\" title=\"hajdinaga-priti-50-turista-italian-nga-cesena2\" src=\"http:\/\/www.visit-ulcinj.com\/blog\/wp-content\/uploads\/2009\/05\/hajdinaga-priti-50-turista-italian-nga-cesena2.jpg\" alt=\"hajdinaga-priti-50-turista-italian-nga-cesena2\" width=\"580\" height=\"400\" \/>Sot, Kryetari Hajdinaga priti nj\u00eb grup prej 50\u00a0 turistash italian t\u00eb kryesuar nga Ghini Lonello.<\/p>\n<p>Ata jan\u00eb nga Komuna e Cesen\u00ebs n\u00eb Itali, p\u00ebrndryshe t\u00eb apasionuar pas automjeteve t\u00eb vjet\u00ebr.<\/p>\n<p>N\u00eb takimin e ngroht\u00eb dhe miq\u00ebsor\u00eb, ata shpreh\u00ebn vler\u00ebsime dhe konsiderata p\u00ebr pritje dhe ishin t\u00eb gatsh\u00ebm q\u00eb t\u00eb angazhohen n\u00eb v\u00ebnijen e urave t\u00eb bashk\u00ebpunimit nd\u00ebrmjet dy qyteteve. Kryetari Hajdinaga duke p\u00ebrsh\u00ebndetur nism\u00ebn n\u00eb fjal\u00eb, foli p\u00ebr zhvillimin e qytetit ton\u00eb dhe p\u00ebr investimet q\u00eb priten.<\/p>\n<p><strong>Municipality of Ulcinj \/ Ulqin &#8211; Montenegro<\/strong><\/p>\n<p><strong>Arsllan Hajdinaga<\/strong><\/p>\n\n\t\t<style type=\"text\/css\">\n\t\t\t#gallery-1 {\n\t\t\t\tmargin: auto;\n\t\t\t}\n\t\t\t#gallery-1 .gallery-item {\n\t\t\t\tfloat: left;\n\t\t\t\tmargin-top: 10px;\n\t\t\t\ttext-align: center;\n\t\t\t\twidth: 33%;\n\t\t\t}\n\t\t\t#gallery-1 img {\n\t\t\t\tborder: 2px solid #cfcfcf;\n\t\t\t}\n\t\t\t#gallery-1 .gallery-caption {\n\t\t\t\tmargin-left: 0;\n\t\t\t}\n\t\t\t\/* see gallery_shortcode() in wp-includes\/media.php *\/\n\t\t<\/style>\n\t\t<div id='gallery-1' class='gallery galleryid-22232 gallery-columns-3 gallery-size-thumbnail'><dl class='gallery-item'>\n\t\t\t<dt class='gallery-icon landscape'>\n\t\t\t\t<a href='https:\/\/www.visit-ulcinj.com\/blog\/2009\/05\/30\/hajdinaga-priti-50-turista-italian-nga-cesena\/hajdinaga-priti-50-turista-italian-nga-cesena\/'><img width=\"150\" height=\"150\" src=\"https:\/\/www.visit-ulcinj.com\/blog\/wp-content\/uploads\/2009\/05\/hajdinaga-priti-50-turista-italian-nga-cesena-150x150.jpg\" class=\"attachment-thumbnail size-thumbnail\" alt=\"\" loading=\"lazy\" \/><\/a>\n\t\t\t<\/dt><\/dl><dl class='gallery-item'>\n\t\t\t<dt class='gallery-icon landscape'>\n\t\t\t\t<a href='https:\/\/www.visit-ulcinj.com\/blog\/2009\/05\/30\/hajdinaga-priti-50-turista-italian-nga-cesena\/hajdinaga-priti-50-turista-italian-nga-cesena1\/'><img width=\"150\" height=\"150\" src=\"https:\/\/www.visit-ulcinj.com\/blog\/wp-content\/uploads\/2009\/05\/hajdinaga-priti-50-turista-italian-nga-cesena1-150x150.jpg\" class=\"attachment-thumbnail size-thumbnail\" alt=\"\" loading=\"lazy\" \/><\/a>\n\t\t\t<\/dt><\/dl><dl class='gallery-item'>\n\t\t\t<dt class='gallery-icon landscape'>\n\t\t\t\t<a href='https:\/\/www.visit-ulcinj.com\/blog\/2009\/05\/30\/hajdinaga-priti-50-turista-italian-nga-cesena\/hajdinaga-priti-50-turista-italian-nga-cesena2\/'><img width=\"150\" height=\"150\" src=\"https:\/\/www.visit-ulcinj.com\/blog\/wp-content\/uploads\/2009\/05\/hajdinaga-priti-50-turista-italian-nga-cesena2-150x150.jpg\" class=\"attachment-thumbnail size-thumbnail\" alt=\"\" loading=\"lazy\" \/><\/a>\n\t\t\t<\/dt><\/dl><br style=\"clear: both\" \/><dl class='gallery-item'>\n\t\t\t<dt class='gallery-icon landscape'>\n\t\t\t\t<a href='https:\/\/www.visit-ulcinj.com\/blog\/2009\/05\/30\/hajdinaga-priti-50-turista-italian-nga-cesena\/hajdinaga-priti-50-turista-italian-nga-cesena3\/'><img width=\"150\" height=\"150\" src=\"https:\/\/www.visit-ulcinj.com\/blog\/wp-content\/uploads\/2009\/05\/hajdinaga-priti-50-turista-italian-nga-cesena3-150x150.jpg\" class=\"attachment-thumbnail size-thumbnail\" alt=\"\" loading=\"lazy\" \/><\/a>\n\t\t\t<\/dt><\/dl><dl class='gallery-item'>\n\t\t\t<dt class='gallery-icon landscape'>\n\t\t\t\t<a href='https:\/\/www.visit-ulcinj.com\/blog\/2009\/05\/30\/hajdinaga-priti-50-turista-italian-nga-cesena\/hajdinaga-priti-50-turista-italian-nga-cesena4\/'><img width=\"150\" height=\"150\" src=\"https:\/\/www.visit-ulcinj.com\/blog\/wp-content\/uploads\/2009\/05\/hajdinaga-priti-50-turista-italian-nga-cesena4-150x150.jpg\" class=\"attachment-thumbnail size-thumbnail\" alt=\"\" loading=\"lazy\" \/><\/a>\n\t\t\t<\/dt><\/dl><dl class='gallery-item'>\n\t\t\t<dt class='gallery-icon landscape'>\n\t\t\t\t<a href='https:\/\/www.visit-ulcinj.com\/blog\/2009\/05\/30\/hajdinaga-priti-50-turista-italian-nga-cesena\/hajdinaga-priti-50-turista-italian-nga-cesena5\/'><img width=\"150\" height=\"150\" src=\"https:\/\/www.visit-ulcinj.com\/blog\/wp-content\/uploads\/2009\/05\/hajdinaga-priti-50-turista-italian-nga-cesena5-150x150.jpg\" class=\"attachment-thumbnail size-thumbnail\" alt=\"\" loading=\"lazy\" \/><\/a>\n\t\t\t<\/dt><\/dl><br style=\"clear: both\" \/><dl class='gallery-item'>\n\t\t\t<dt class='gallery-icon landscape'>\n\t\t\t\t<a href='https:\/\/www.visit-ulcinj.com\/blog\/2009\/05\/30\/hajdinaga-priti-50-turista-italian-nga-cesena\/hajdinaga-priti-50-turista-italian-nga-cesena6\/'><img width=\"150\" height=\"150\" src=\"https:\/\/www.visit-ulcinj.com\/blog\/wp-content\/uploads\/2009\/05\/hajdinaga-priti-50-turista-italian-nga-cesena6-150x150.jpg\" class=\"attachment-thumbnail size-thumbnail\" alt=\"\" loading=\"lazy\" \/><\/a>\n\t\t\t<\/dt><\/dl><dl class='gallery-item'>\n\t\t\t<dt class='gallery-icon landscape'>\n\t\t\t\t<a href='https:\/\/www.visit-ulcinj.com\/blog\/2009\/05\/30\/hajdinaga-priti-50-turista-italian-nga-cesena\/hajdinaga-priti-50-turista-italian-nga-cesena7\/'><img width=\"150\" height=\"150\" src=\"https:\/\/www.visit-ulcinj.com\/blog\/wp-content\/uploads\/2009\/05\/hajdinaga-priti-50-turista-italian-nga-cesena7-150x150.jpg\" class=\"attachment-thumbnail size-thumbnail\" alt=\"\" loading=\"lazy\" \/><\/a>\n\t\t\t<\/dt><\/dl><dl class='gallery-item'>\n\t\t\t<dt class='gallery-icon landscape'>\n\t\t\t\t<a href='https:\/\/www.visit-ulcinj.com\/blog\/2009\/05\/30\/hajdinaga-priti-50-turista-italian-nga-cesena\/press-template-ulcinj\/'><img width=\"150\" height=\"150\" src=\"https:\/\/www.visit-ulcinj.com\/blog\/wp-content\/uploads\/2009\/05\/press-template-ulcinj-150x150.jpg\" class=\"attachment-thumbnail size-thumbnail\" alt=\"\" loading=\"lazy\" \/><\/a>\n\t\t\t<\/dt><\/dl><br style=\"clear: both\" \/>\n\t\t<\/div>\n\n<h1>ULCINJ FASHION FESTIVAL<\/h1>\n<!--YouTube Error: bad URL entered-->\n","protected":false},"excerpt":{"rendered":"<p>Sot, Kryetari Hajdinaga priti nj\u00eb grup prej 50\u00a0 turistash italian t\u00eb kryesuar nga Ghini Lonello. Ata jan\u00eb nga Komuna e Cesen\u00ebs n\u00eb Itali, p\u00ebrndryshe t\u00eb apasionuar pas automjeteve t\u00eb vjet\u00ebr. N\u00eb takimin e ngroht\u00eb dhe miq\u00ebsor\u00eb, ata shpreh\u00ebn vler\u00ebsime dhe konsiderata p\u00ebr pritje dhe ishin t\u00eb gatsh\u00ebm q\u00eb t\u00eb angazhohen n\u00eb v\u00ebnijen e urave t\u00eb [&hellip;]<\/p>\n","protected":false},"author":1,"featured_media":0,"comment_status":"open","ping_status":"closed","sticky":false,"template":"","format":"standard","meta":{"spay_email":"","jetpack_publicize_message":"","jetpack_is_tweetstorm":false,"jetpack_publicize_feature_enabled":true},"categories":[1],"tags":[10847,10850,10849,7434,7629,10848],"jetpack_publicize_connections":[],"yoast_head":"<!-- This site is optimized with the Yoast SEO plugin v19.1 - https:\/\/yoast.com\/wordpress\/plugins\/seo\/ -->\n<title>Hajdinaga priti 50 turista italian nga Cesena - Lajme nga Ulqini<\/title>\n<meta name=\"description\" content=\"Sot, Kryetari Hajdinaga priti nj\u00eb grup prej 50\u00a0 turistash italian t\u00eb kryesuar nga Ghini Lonello. Ata jan\u00eb nga Komuna e Cesen\u00ebs n\u00eb Itali, p\u00ebrndryshe t\u00eb\" \/>\n<meta name=\"robots\" content=\"index, follow, max-snippet:-1, max-image-preview:large, max-video-preview:-1\" \/>\n<link rel=\"canonical\" href=\"https:\/\/www.visit-ulcinj.com\/blog\/2009\/05\/30\/hajdinaga-priti-50-turista-italian-nga-cesena\/\" \/>\n<meta property=\"og:locale\" content=\"en_US\" \/>\n<meta property=\"og:type\" content=\"article\" \/>\n<meta property=\"og:title\" content=\"Hajdinaga priti 50 turista italian nga Cesena - Lajme nga Ulqini\" \/>\n<meta property=\"og:description\" content=\"Sot, Kryetari Hajdinaga priti nj\u00eb grup prej 50\u00a0 turistash italian t\u00eb kryesuar nga Ghini Lonello. Ata jan\u00eb nga Komuna e Cesen\u00ebs n\u00eb Itali, p\u00ebrndryshe t\u00eb\" \/>\n<meta property=\"og:url\" content=\"https:\/\/www.visit-ulcinj.com\/blog\/2009\/05\/30\/hajdinaga-priti-50-turista-italian-nga-cesena\/\" \/>\n<meta property=\"og:site_name\" content=\"Lajme nga Ulqini\" \/>\n<meta property=\"article:published_time\" content=\"2009-05-30T17:20:30+00:00\" \/>\n<meta property=\"article:modified_time\" content=\"2009-06-03T11:42:11+00:00\" \/>\n<meta property=\"og:image\" content=\"https:\/\/www.visit-ulcinj.com\/blog\/wp-content\/uploads\/2009\/05\/hajdinaga-priti-50-turista-italian-nga-cesena-150x150.jpg\" \/>\n<meta name=\"twitter:label1\" content=\"Written by\" \/>\n\t<meta name=\"twitter:data1\" content=\"ulqini\" \/>\n\t<meta name=\"twitter:label2\" content=\"Est. reading time\" \/>\n\t<meta name=\"twitter:data2\" content=\"1 minute\" \/>\n<script type=\"application\/ld+json\" class=\"yoast-schema-graph\">{\"@context\":\"https:\/\/schema.org\",\"@graph\":[{\"@type\":\"WebSite\",\"@id\":\"https:\/\/www.visit-ulcinj.com\/blog\/#website\",\"url\":\"https:\/\/www.visit-ulcinj.com\/blog\/\",\"name\":\"Lajme nga Ulqini\",\"description\":\"Lajme,Vijesti,Ulqini,Ulqin,Crna Gora,Mali i Zi\",\"potentialAction\":[{\"@type\":\"SearchAction\",\"target\":{\"@type\":\"EntryPoint\",\"urlTemplate\":\"https:\/\/www.visit-ulcinj.com\/blog\/?s={search_term_string}\"},\"query-input\":\"required name=search_term_string\"}],\"inLanguage\":\"en-US\"},{\"@type\":\"ImageObject\",\"inLanguage\":\"en-US\",\"@id\":\"https:\/\/www.visit-ulcinj.com\/blog\/2009\/05\/30\/hajdinaga-priti-50-turista-italian-nga-cesena\/#primaryimage\",\"url\":\"https:\/\/www.visit-ulcinj.com\/blog\/wp-content\/uploads\/2009\/05\/hajdinaga-priti-50-turista-italian-nga-cesena2.jpg\",\"contentUrl\":\"https:\/\/www.visit-ulcinj.com\/blog\/wp-content\/uploads\/2009\/05\/hajdinaga-priti-50-turista-italian-nga-cesena2.jpg\",\"width\":\"1024\",\"height\":\"768\"},{\"@type\":\"WebPage\",\"@id\":\"https:\/\/www.visit-ulcinj.com\/blog\/2009\/05\/30\/hajdinaga-priti-50-turista-italian-nga-cesena\/#webpage\",\"url\":\"https:\/\/www.visit-ulcinj.com\/blog\/2009\/05\/30\/hajdinaga-priti-50-turista-italian-nga-cesena\/\",\"name\":\"Hajdinaga priti 50 turista italian nga Cesena - Lajme nga Ulqini\",\"isPartOf\":{\"@id\":\"https:\/\/www.visit-ulcinj.com\/blog\/#website\"},\"primaryImageOfPage\":{\"@id\":\"https:\/\/www.visit-ulcinj.com\/blog\/2009\/05\/30\/hajdinaga-priti-50-turista-italian-nga-cesena\/#primaryimage\"},\"datePublished\":\"2009-05-30T17:20:30+00:00\",\"dateModified\":\"2009-06-03T11:42:11+00:00\",\"author\":{\"@id\":\"https:\/\/www.visit-ulcinj.com\/blog\/#\/schema\/person\/dcab619c614d3038751c63bc2aadc06d\"},\"description\":\"Sot, Kryetari Hajdinaga priti nj\u00eb grup prej 50\u00a0 turistash italian t\u00eb kryesuar nga Ghini Lonello. Ata jan\u00eb nga Komuna e Cesen\u00ebs n\u00eb Itali, p\u00ebrndryshe t\u00eb\",\"breadcrumb\":{\"@id\":\"https:\/\/www.visit-ulcinj.com\/blog\/2009\/05\/30\/hajdinaga-priti-50-turista-italian-nga-cesena\/#breadcrumb\"},\"inLanguage\":\"en-US\",\"potentialAction\":[{\"@type\":\"ReadAction\",\"target\":[\"https:\/\/www.visit-ulcinj.com\/blog\/2009\/05\/30\/hajdinaga-priti-50-turista-italian-nga-cesena\/\"]}]},{\"@type\":\"BreadcrumbList\",\"@id\":\"https:\/\/www.visit-ulcinj.com\/blog\/2009\/05\/30\/hajdinaga-priti-50-turista-italian-nga-cesena\/#breadcrumb\",\"itemListElement\":[{\"@type\":\"ListItem\",\"position\":1,\"name\":\"Hajdinaga priti 50 turista italian nga Cesena\"}]},{\"@type\":\"Person\",\"@id\":\"https:\/\/www.visit-ulcinj.com\/blog\/#\/schema\/person\/dcab619c614d3038751c63bc2aadc06d\",\"name\":\"ulqini\",\"sameAs\":[\"http:\/\/www.visit-ulcinj.com\"],\"url\":\"https:\/\/www.visit-ulcinj.com\/blog\/author\/admin\/\"}]}<\/script>\n<!-- \/ Yoast SEO plugin. -->","yoast_head_json":{"title":"Hajdinaga priti 50 turista italian nga Cesena - Lajme nga Ulqini","description":"Sot, Kryetari Hajdinaga priti nj\u00eb grup prej 50\u00a0 turistash italian t\u00eb kryesuar nga Ghini Lonello. Ata jan\u00eb nga Komuna e Cesen\u00ebs n\u00eb Itali, p\u00ebrndryshe t\u00eb","robots":{"index":"index","follow":"follow","max-snippet":"max-snippet:-1","max-image-preview":"max-image-preview:large","max-video-preview":"max-video-preview:-1"},"canonical":"https:\/\/www.visit-ulcinj.com\/blog\/2009\/05\/30\/hajdinaga-priti-50-turista-italian-nga-cesena\/","og_locale":"en_US","og_type":"article","og_title":"Hajdinaga priti 50 turista italian nga Cesena - Lajme nga Ulqini","og_description":"Sot, Kryetari Hajdinaga priti nj\u00eb grup prej 50\u00a0 turistash italian t\u00eb kryesuar nga Ghini Lonello. Ata jan\u00eb nga Komuna e Cesen\u00ebs n\u00eb Itali, p\u00ebrndryshe t\u00eb","og_url":"https:\/\/www.visit-ulcinj.com\/blog\/2009\/05\/30\/hajdinaga-priti-50-turista-italian-nga-cesena\/","og_site_name":"Lajme nga Ulqini","article_published_time":"2009-05-30T17:20:30+00:00","article_modified_time":"2009-06-03T11:42:11+00:00","og_image":[{"url":"https:\/\/www.visit-ulcinj.com\/blog\/wp-content\/uploads\/2009\/05\/hajdinaga-priti-50-turista-italian-nga-cesena-150x150.jpg"}],"twitter_misc":{"Written by":"ulqini","Est. reading time":"1 minute"},"schema":{"@context":"https:\/\/schema.org","@graph":[{"@type":"WebSite","@id":"https:\/\/www.visit-ulcinj.com\/blog\/#website","url":"https:\/\/www.visit-ulcinj.com\/blog\/","name":"Lajme nga Ulqini","description":"Lajme,Vijesti,Ulqini,Ulqin,Crna Gora,Mali i Zi","potentialAction":[{"@type":"SearchAction","target":{"@type":"EntryPoint","urlTemplate":"https:\/\/www.visit-ulcinj.com\/blog\/?s={search_term_string}"},"query-input":"required name=search_term_string"}],"inLanguage":"en-US"},{"@type":"ImageObject","inLanguage":"en-US","@id":"https:\/\/www.visit-ulcinj.com\/blog\/2009\/05\/30\/hajdinaga-priti-50-turista-italian-nga-cesena\/#primaryimage","url":"https:\/\/www.visit-ulcinj.com\/blog\/wp-content\/uploads\/2009\/05\/hajdinaga-priti-50-turista-italian-nga-cesena2.jpg","contentUrl":"https:\/\/www.visit-ulcinj.com\/blog\/wp-content\/uploads\/2009\/05\/hajdinaga-priti-50-turista-italian-nga-cesena2.jpg","width":"1024","height":"768"},{"@type":"WebPage","@id":"https:\/\/www.visit-ulcinj.com\/blog\/2009\/05\/30\/hajdinaga-priti-50-turista-italian-nga-cesena\/#webpage","url":"https:\/\/www.visit-ulcinj.com\/blog\/2009\/05\/30\/hajdinaga-priti-50-turista-italian-nga-cesena\/","name":"Hajdinaga priti 50 turista italian nga Cesena - Lajme nga Ulqini","isPartOf":{"@id":"https:\/\/www.visit-ulcinj.com\/blog\/#website"},"primaryImageOfPage":{"@id":"https:\/\/www.visit-ulcinj.com\/blog\/2009\/05\/30\/hajdinaga-priti-50-turista-italian-nga-cesena\/#primaryimage"},"datePublished":"2009-05-30T17:20:30+00:00","dateModified":"2009-06-03T11:42:11+00:00","author":{"@id":"https:\/\/www.visit-ulcinj.com\/blog\/#\/schema\/person\/dcab619c614d3038751c63bc2aadc06d"},"description":"Sot, Kryetari Hajdinaga priti nj\u00eb grup prej 50\u00a0 turistash italian t\u00eb kryesuar nga Ghini Lonello. Ata jan\u00eb nga Komuna e Cesen\u00ebs n\u00eb Itali, p\u00ebrndryshe t\u00eb","breadcrumb":{"@id":"https:\/\/www.visit-ulcinj.com\/blog\/2009\/05\/30\/hajdinaga-priti-50-turista-italian-nga-cesena\/#breadcrumb"},"inLanguage":"en-US","potentialAction":[{"@type":"ReadAction","target":["https:\/\/www.visit-ulcinj.com\/blog\/2009\/05\/30\/hajdinaga-priti-50-turista-italian-nga-cesena\/"]}]},{"@type":"BreadcrumbList","@id":"https:\/\/www.visit-ulcinj.com\/blog\/2009\/05\/30\/hajdinaga-priti-50-turista-italian-nga-cesena\/#breadcrumb","itemListElement":[{"@type":"ListItem","position":1,"name":"Hajdinaga priti 50 turista italian nga Cesena"}]},{"@type":"Person","@id":"https:\/\/www.visit-ulcinj.com\/blog\/#\/schema\/person\/dcab619c614d3038751c63bc2aadc06d","name":"ulqini","sameAs":["http:\/\/www.visit-ulcinj.com"],"url":"https:\/\/www.visit-ulcinj.com\/blog\/author\/admin\/"}]}},"jetpack_featured_media_url":"","jetpack_sharing_enabled":true,"jetpack_shortlink":"https:\/\/wp.me\/pe6lTn-5MA","_links":{"self":[{"href":"https:\/\/www.visit-ulcinj.com\/blog\/wp-json\/wp\/v2\/posts\/22232"}],"collection":[{"href":"https:\/\/www.visit-ulcinj.com\/blog\/wp-json\/wp\/v2\/posts"}],"about":[{"href":"https:\/\/www.visit-ulcinj.com\/blog\/wp-json\/wp\/v2\/types\/post"}],"author":[{"embeddable":true,"href":"https:\/\/www.visit-ulcinj.com\/blog\/wp-json\/wp\/v2\/users\/1"}],"replies":[{"embeddable":true,"href":"https:\/\/www.visit-ulcinj.com\/blog\/wp-json\/wp\/v2\/comments?post=22232"}],"version-history":[{"count":0,"href":"https:\/\/www.visit-ulcinj.com\/blog\/wp-json\/wp\/v2\/posts\/22232\/revisions"}],"wp:attachment":[{"href":"https:\/\/www.visit-ulcinj.com\/blog\/wp-json\/wp\/v2\/media?parent=22232"}],"wp:term":[{"taxonomy":"category","embeddable":true,"href":"https:\/\/www.visit-ulcinj.com\/blog\/wp-json\/wp\/v2\/categories?post=22232"},{"taxonomy":"post_tag","embeddable":true,"href":"https:\/\/www.visit-ulcinj.com\/blog\/wp-json\/wp\/v2\/tags?post=22232"}],"curies":[{"name":"wp","href":"https:\/\/api.w.org\/{rel}","templated":true}]}}