{"id":22247,"date":"2009-05-31T12:58:02","date_gmt":"2009-05-31T10:58:02","guid":{"rendered":"http:\/\/www.visit-ulcinj.com\/blog\/?p=22247"},"modified":"2009-05-31T18:15:25","modified_gmt":"2009-05-31T16:15:25","slug":"hapja-zyrtare-e-njerit-krah-te-autostrades-durres-kukes-morine","status":"publish","type":"post","link":"https:\/\/www.visit-ulcinj.com\/blog\/2009\/05\/31\/hapja-zyrtare-e-njerit-krah-te-autostrades-durres-kukes-morine\/","title":{"rendered":"Hapja zyrtare e nj\u00ebrit krah t\u00eb autostrad\u00ebs Durr\u00ebs-Kuk\u00ebs-Morin\u00eb"},"content":{"rendered":"<p><img loading=\"lazy\" class=\"alignleft size-full wp-image-22250\" title=\"tuneli-ne-kalimash-shqiperi-kosove\" src=\"http:\/\/www.visit-ulcinj.com\/blog\/wp-content\/uploads\/2009\/05\/tuneli-ne-kalimash-shqiperi-kosove.jpg\" alt=\"tuneli-ne-kalimash-shqiperi-kosove\" width=\"580\" height=\"400\" \/>Sot (e diel) mbahet ceremonia festive e hapjes zyrtare t\u00eb nj\u00ebrit krah t\u00eb autostrad\u00ebs Durr\u00ebs &#8211; Kuk\u00ebs &#8211; Morin, pas shpimit t\u00eb tunelit t\u00eb Kalimashit, p\u00ebr t\u00eb vazhduar m\u00eb pastaj p\u00ebr n\u00eb Prishtin\u00eb. T\u00eb pranish\u00ebm do t\u00eb jen\u00eb p\u00ebrfaq\u00ebsues t\u00eb lart\u00eb t\u00eb Qeverise s\u00eb Shqip\u00ebris\u00eb dhe asaj t\u00eb Kosov\u00ebs, t\u00eb prir\u00eb nga kryeministrat Sali Berisha dhe Hashim Tha\u00e7i. Hapja e k\u00ebsaj rruge e cila i ka kushtuar qeveris\u00eb shqiptare mbi 1 miliard euro, shkurton af\u00ebrsin\u00eb e Kosov\u00ebs me Shqip\u00ebrin\u00eb, sakt\u00ebsisht qasjen n\u00eb Durr\u00ebs p\u00ebr vet\u00ebm 3 or\u00eb.<img loading=\"lazy\" class=\"alignright size-medium wp-image-22249\" title=\"tuneli-ne-kalimash\" src=\"http:\/\/www.visit-ulcinj.com\/blog\/wp-content\/uploads\/2009\/05\/tuneli-ne-kalimash-300x186.jpg\" alt=\"tuneli-ne-kalimash\" width=\"300\" height=\"186\" srcset=\"https:\/\/www.visit-ulcinj.com\/blog\/wp-content\/uploads\/2009\/05\/tuneli-ne-kalimash-300x186.jpg 300w, https:\/\/www.visit-ulcinj.com\/blog\/wp-content\/uploads\/2009\/05\/tuneli-ne-kalimash.jpg 350w\" sizes=\"(max-width: 300px) 100vw, 300px\" \/><\/p>\n<p>Ceremonia e p\u00ebrurimit t\u00eb k\u00ebsaj rruge do t\u00eb mbahet n\u00eb mesdit\u00eb, kur Berisha dhe Tha\u00e7i n\u00eb m\u00ebnyr\u00eb simbolike do t\u00eb takohen n\u00eb mes t\u00eb tunelit t\u00eb sapohapur t\u00eb Kalimashit, i cili ka nj\u00eb gjat\u00ebsi prej 5.6 kilometra.<\/p>\n<p>Sipas agjend\u00ebs p\u00ebr ceremonin\u00eb e sotme Kryeministri i Shqip\u00ebris\u00eb Sali Berisha fillimisht do t\u00eb mb\u00ebrrij\u00eb n\u00eb Thirr\u00eb s\u00eb bashku me nj\u00eb grup prej 20 vetash (p\u00ebrfaq\u00ebsues t\u00eb qeveris\u00eb dhe kabinetit t\u00eb tij) q\u00eb e shoq\u00ebrojn\u00eb.<\/p>\n<p>Nd\u00ebrkoh\u00eb q\u00eb Kryeministri i Kosov\u00ebs, Hashim Tha\u00e7i dhe grupi prej 20 vetash (p\u00ebrfaq\u00ebsues t\u00eb qeveris\u00eb dhe kabineti i tij) q\u00eb e shoq\u00ebrojn\u00eb do t\u00eb mb\u00ebrrijn\u00eb n\u00eb Kuk\u00ebs.<\/p>\n<p>Pik\u00ebrisht n\u00eb mesdit\u00eb Kryeministri i Shqip\u00ebris\u00eb, Berisha p\u00ebrshkon tunelin, duke hyr\u00eb nga Thirra, nd\u00ebrsa Kryeministri i Kosov\u00ebs, Tha\u00e7i p\u00ebrshkon tunelin, duke hyr\u00eb nga ana tjet\u00ebr, Kuk\u00ebsi.<\/p>\n<p><img loading=\"lazy\" class=\"alignleft size-medium wp-image-22248\" title=\"berisha-duke-kalu-tunelin\" src=\"http:\/\/www.visit-ulcinj.com\/blog\/wp-content\/uploads\/2009\/05\/berisha-duke-kalu-tunelin-300x221.jpg\" alt=\"berisha-duke-kalu-tunelin\" width=\"300\" height=\"221\" srcset=\"https:\/\/www.visit-ulcinj.com\/blog\/wp-content\/uploads\/2009\/05\/berisha-duke-kalu-tunelin-300x221.jpg 300w, https:\/\/www.visit-ulcinj.com\/blog\/wp-content\/uploads\/2009\/05\/berisha-duke-kalu-tunelin.jpg 350w\" sizes=\"(max-width: 300px) 100vw, 300px\" \/>K\u00ebshtu q\u00eb takimi i dy Kryeministrave. z. Berisha e z. Tha\u00e7i do t\u00eb b\u00ebhet n\u00eb mes t\u00eb tunelit, pas shembjes s\u00eb murit, q\u00eb do t\u00eb hap\u00eb rrug\u00ebn p\u00ebr t\u00eb lidhur dy kahet e tunelit.<\/p>\n<p>M\u00eb pastaj, pas pastrimit t\u00eb zon\u00ebs nga BEJV, dy kryeministrat dhe grupet q\u00eb i shoq\u00ebrojn\u00eb do t\u00eb takohen me nj\u00ebri- tjetri dhe do t\u00eb p\u00ebrshkojn\u00eb n\u00eb k\u00ebmb\u00eb 100 met\u00ebrshin e fundit drejt hyrjeve t\u00eb tunelit nga zona e Kuk\u00ebs.<\/p>\n<p>Natyrisht do t\u00eb mbahet edhe konferenca e p\u00ebrbashk\u00ebt p\u00ebr shtyp e dy kryeministrave, z. Berisha dhe z. Tha\u00e7i, n\u00eb podiumin e ngritur n\u00eb hyrjen e tuneleve, n\u00eb zon\u00ebn e Kuk\u00ebsit.<\/p>\n<p>Si\u00e7 ju kemi paralajm\u00ebruar edhe m\u00eb her\u00ebt, Radio-Televizioni Publik i Kosov\u00ebs do t\u00eb b\u00ebj\u00eb transmetimin e drejtp\u00ebrdrejt\u00eb t\u00eb k\u00ebsaj ngjarje.<\/p>\n<p><strong>RTK<\/strong><\/p>\n<p><strong>VIDEO TOP CHANNEL<br \/>\n<\/strong><br \/>\n[flv width=&#8221;580&#8243; height=&#8221;380&#8243;]http:\/\/shqiphost.top-channel.tv\/18754796\/flv\/kronika\/tuneliBerisha.flv[\/flv]<\/p>\n","protected":false},"excerpt":{"rendered":"<p>Sot (e diel) mbahet ceremonia festive e hapjes zyrtare t\u00eb nj\u00ebrit krah t\u00eb autostrad\u00ebs Durr\u00ebs &#8211; Kuk\u00ebs &#8211; Morin, pas shpimit t\u00eb tunelit t\u00eb Kalimashit, p\u00ebr t\u00eb vazhduar m\u00eb pastaj p\u00ebr n\u00eb Prishtin\u00eb. T\u00eb pranish\u00ebm do t\u00eb jen\u00eb p\u00ebrfaq\u00ebsues t\u00eb lart\u00eb t\u00eb Qeverise s\u00eb Shqip\u00ebris\u00eb dhe asaj t\u00eb Kosov\u00ebs, t\u00eb prir\u00eb nga kryeministrat Sali Berisha [&hellip;]<\/p>\n","protected":false},"author":1,"featured_media":0,"comment_status":"open","ping_status":"closed","sticky":false,"template":"","format":"standard","meta":{"spay_email":"","jetpack_publicize_message":"","jetpack_is_tweetstorm":false,"jetpack_publicize_feature_enabled":true},"categories":[1],"tags":[10851,10852],"jetpack_publicize_connections":[],"yoast_head":"<!-- This site is optimized with the Yoast SEO plugin v19.1 - https:\/\/yoast.com\/wordpress\/plugins\/seo\/ -->\n<title>Hapja zyrtare e nj\u00ebrit krah t\u00eb autostrad\u00ebs Durr\u00ebs-Kuk\u00ebs-Morin\u00eb - Lajme nga Ulqini<\/title>\n<meta name=\"description\" content=\"Sot (e diel) mbahet ceremonia festive e hapjes zyrtare t\u00eb nj\u00ebrit krah t\u00eb autostrad\u00ebs Durr\u00ebs - Kuk\u00ebs - Morin, pas shpimit t\u00eb tunelit t\u00eb Kalimashit, p\u00ebr t\u00eb\" \/>\n<meta name=\"robots\" content=\"index, follow, max-snippet:-1, max-image-preview:large, max-video-preview:-1\" \/>\n<link rel=\"canonical\" href=\"https:\/\/www.visit-ulcinj.com\/blog\/2009\/05\/31\/hapja-zyrtare-e-njerit-krah-te-autostrades-durres-kukes-morine\/\" \/>\n<meta property=\"og:locale\" content=\"en_US\" \/>\n<meta property=\"og:type\" content=\"article\" \/>\n<meta property=\"og:title\" content=\"Hapja zyrtare e nj\u00ebrit krah t\u00eb autostrad\u00ebs Durr\u00ebs-Kuk\u00ebs-Morin\u00eb - Lajme nga Ulqini\" \/>\n<meta property=\"og:description\" content=\"Sot (e diel) mbahet ceremonia festive e hapjes zyrtare t\u00eb nj\u00ebrit krah t\u00eb autostrad\u00ebs Durr\u00ebs - Kuk\u00ebs - Morin, pas shpimit t\u00eb tunelit t\u00eb Kalimashit, p\u00ebr t\u00eb\" \/>\n<meta property=\"og:url\" content=\"https:\/\/www.visit-ulcinj.com\/blog\/2009\/05\/31\/hapja-zyrtare-e-njerit-krah-te-autostrades-durres-kukes-morine\/\" \/>\n<meta property=\"og:site_name\" content=\"Lajme nga Ulqini\" \/>\n<meta property=\"article:published_time\" content=\"2009-05-31T10:58:02+00:00\" \/>\n<meta property=\"article:modified_time\" content=\"2009-05-31T16:15:25+00:00\" \/>\n<meta property=\"og:image\" content=\"http:\/\/www.visit-ulcinj.com\/blog\/wp-content\/uploads\/2009\/05\/tuneli-ne-kalimash-shqiperi-kosove.jpg\" \/>\n<meta name=\"twitter:label1\" content=\"Written by\" \/>\n\t<meta name=\"twitter:data1\" content=\"ulqini\" \/>\n\t<meta name=\"twitter:label2\" content=\"Est. reading time\" \/>\n\t<meta name=\"twitter:data2\" content=\"2 minutes\" \/>\n<script type=\"application\/ld+json\" class=\"yoast-schema-graph\">{\"@context\":\"https:\/\/schema.org\",\"@graph\":[{\"@type\":\"WebSite\",\"@id\":\"https:\/\/www.visit-ulcinj.com\/blog\/#website\",\"url\":\"https:\/\/www.visit-ulcinj.com\/blog\/\",\"name\":\"Lajme nga Ulqini\",\"description\":\"Lajme,Vijesti,Ulqini,Ulqin,Crna Gora,Mali i Zi\",\"potentialAction\":[{\"@type\":\"SearchAction\",\"target\":{\"@type\":\"EntryPoint\",\"urlTemplate\":\"https:\/\/www.visit-ulcinj.com\/blog\/?s={search_term_string}\"},\"query-input\":\"required name=search_term_string\"}],\"inLanguage\":\"en-US\"},{\"@type\":\"ImageObject\",\"inLanguage\":\"en-US\",\"@id\":\"https:\/\/www.visit-ulcinj.com\/blog\/2009\/05\/31\/hapja-zyrtare-e-njerit-krah-te-autostrades-durres-kukes-morine\/#primaryimage\",\"url\":\"http:\/\/www.visit-ulcinj.com\/blog\/wp-content\/uploads\/2009\/05\/tuneli-ne-kalimash-shqiperi-kosove.jpg\",\"contentUrl\":\"http:\/\/www.visit-ulcinj.com\/blog\/wp-content\/uploads\/2009\/05\/tuneli-ne-kalimash-shqiperi-kosove.jpg\"},{\"@type\":\"WebPage\",\"@id\":\"https:\/\/www.visit-ulcinj.com\/blog\/2009\/05\/31\/hapja-zyrtare-e-njerit-krah-te-autostrades-durres-kukes-morine\/#webpage\",\"url\":\"https:\/\/www.visit-ulcinj.com\/blog\/2009\/05\/31\/hapja-zyrtare-e-njerit-krah-te-autostrades-durres-kukes-morine\/\",\"name\":\"Hapja zyrtare e nj\u00ebrit krah t\u00eb autostrad\u00ebs Durr\u00ebs-Kuk\u00ebs-Morin\u00eb - Lajme nga Ulqini\",\"isPartOf\":{\"@id\":\"https:\/\/www.visit-ulcinj.com\/blog\/#website\"},\"primaryImageOfPage\":{\"@id\":\"https:\/\/www.visit-ulcinj.com\/blog\/2009\/05\/31\/hapja-zyrtare-e-njerit-krah-te-autostrades-durres-kukes-morine\/#primaryimage\"},\"datePublished\":\"2009-05-31T10:58:02+00:00\",\"dateModified\":\"2009-05-31T16:15:25+00:00\",\"author\":{\"@id\":\"https:\/\/www.visit-ulcinj.com\/blog\/#\/schema\/person\/dcab619c614d3038751c63bc2aadc06d\"},\"description\":\"Sot (e diel) mbahet ceremonia festive e hapjes zyrtare t\u00eb nj\u00ebrit krah t\u00eb autostrad\u00ebs Durr\u00ebs - Kuk\u00ebs - Morin, pas shpimit t\u00eb tunelit t\u00eb Kalimashit, p\u00ebr t\u00eb\",\"breadcrumb\":{\"@id\":\"https:\/\/www.visit-ulcinj.com\/blog\/2009\/05\/31\/hapja-zyrtare-e-njerit-krah-te-autostrades-durres-kukes-morine\/#breadcrumb\"},\"inLanguage\":\"en-US\",\"potentialAction\":[{\"@type\":\"ReadAction\",\"target\":[\"https:\/\/www.visit-ulcinj.com\/blog\/2009\/05\/31\/hapja-zyrtare-e-njerit-krah-te-autostrades-durres-kukes-morine\/\"]}]},{\"@type\":\"BreadcrumbList\",\"@id\":\"https:\/\/www.visit-ulcinj.com\/blog\/2009\/05\/31\/hapja-zyrtare-e-njerit-krah-te-autostrades-durres-kukes-morine\/#breadcrumb\",\"itemListElement\":[{\"@type\":\"ListItem\",\"position\":1,\"name\":\"Hapja zyrtare e nj\u00ebrit krah t\u00eb autostrad\u00ebs Durr\u00ebs-Kuk\u00ebs-Morin\u00eb\"}]},{\"@type\":\"Person\",\"@id\":\"https:\/\/www.visit-ulcinj.com\/blog\/#\/schema\/person\/dcab619c614d3038751c63bc2aadc06d\",\"name\":\"ulqini\",\"sameAs\":[\"http:\/\/www.visit-ulcinj.com\"],\"url\":\"https:\/\/www.visit-ulcinj.com\/blog\/author\/admin\/\"}]}<\/script>\n<!-- \/ Yoast SEO plugin. -->","yoast_head_json":{"title":"Hapja zyrtare e nj\u00ebrit krah t\u00eb autostrad\u00ebs Durr\u00ebs-Kuk\u00ebs-Morin\u00eb - Lajme nga Ulqini","description":"Sot (e diel) mbahet ceremonia festive e hapjes zyrtare t\u00eb nj\u00ebrit krah t\u00eb autostrad\u00ebs Durr\u00ebs - Kuk\u00ebs - Morin, pas shpimit t\u00eb tunelit t\u00eb Kalimashit, p\u00ebr t\u00eb","robots":{"index":"index","follow":"follow","max-snippet":"max-snippet:-1","max-image-preview":"max-image-preview:large","max-video-preview":"max-video-preview:-1"},"canonical":"https:\/\/www.visit-ulcinj.com\/blog\/2009\/05\/31\/hapja-zyrtare-e-njerit-krah-te-autostrades-durres-kukes-morine\/","og_locale":"en_US","og_type":"article","og_title":"Hapja zyrtare e nj\u00ebrit krah t\u00eb autostrad\u00ebs Durr\u00ebs-Kuk\u00ebs-Morin\u00eb - Lajme nga Ulqini","og_description":"Sot (e diel) mbahet ceremonia festive e hapjes zyrtare t\u00eb nj\u00ebrit krah t\u00eb autostrad\u00ebs Durr\u00ebs - Kuk\u00ebs - Morin, pas shpimit t\u00eb tunelit t\u00eb Kalimashit, p\u00ebr t\u00eb","og_url":"https:\/\/www.visit-ulcinj.com\/blog\/2009\/05\/31\/hapja-zyrtare-e-njerit-krah-te-autostrades-durres-kukes-morine\/","og_site_name":"Lajme nga Ulqini","article_published_time":"2009-05-31T10:58:02+00:00","article_modified_time":"2009-05-31T16:15:25+00:00","og_image":[{"url":"http:\/\/www.visit-ulcinj.com\/blog\/wp-content\/uploads\/2009\/05\/tuneli-ne-kalimash-shqiperi-kosove.jpg"}],"twitter_misc":{"Written by":"ulqini","Est. reading time":"2 minutes"},"schema":{"@context":"https:\/\/schema.org","@graph":[{"@type":"WebSite","@id":"https:\/\/www.visit-ulcinj.com\/blog\/#website","url":"https:\/\/www.visit-ulcinj.com\/blog\/","name":"Lajme nga Ulqini","description":"Lajme,Vijesti,Ulqini,Ulqin,Crna Gora,Mali i Zi","potentialAction":[{"@type":"SearchAction","target":{"@type":"EntryPoint","urlTemplate":"https:\/\/www.visit-ulcinj.com\/blog\/?s={search_term_string}"},"query-input":"required name=search_term_string"}],"inLanguage":"en-US"},{"@type":"ImageObject","inLanguage":"en-US","@id":"https:\/\/www.visit-ulcinj.com\/blog\/2009\/05\/31\/hapja-zyrtare-e-njerit-krah-te-autostrades-durres-kukes-morine\/#primaryimage","url":"http:\/\/www.visit-ulcinj.com\/blog\/wp-content\/uploads\/2009\/05\/tuneli-ne-kalimash-shqiperi-kosove.jpg","contentUrl":"http:\/\/www.visit-ulcinj.com\/blog\/wp-content\/uploads\/2009\/05\/tuneli-ne-kalimash-shqiperi-kosove.jpg"},{"@type":"WebPage","@id":"https:\/\/www.visit-ulcinj.com\/blog\/2009\/05\/31\/hapja-zyrtare-e-njerit-krah-te-autostrades-durres-kukes-morine\/#webpage","url":"https:\/\/www.visit-ulcinj.com\/blog\/2009\/05\/31\/hapja-zyrtare-e-njerit-krah-te-autostrades-durres-kukes-morine\/","name":"Hapja zyrtare e nj\u00ebrit krah t\u00eb autostrad\u00ebs Durr\u00ebs-Kuk\u00ebs-Morin\u00eb - Lajme nga Ulqini","isPartOf":{"@id":"https:\/\/www.visit-ulcinj.com\/blog\/#website"},"primaryImageOfPage":{"@id":"https:\/\/www.visit-ulcinj.com\/blog\/2009\/05\/31\/hapja-zyrtare-e-njerit-krah-te-autostrades-durres-kukes-morine\/#primaryimage"},"datePublished":"2009-05-31T10:58:02+00:00","dateModified":"2009-05-31T16:15:25+00:00","author":{"@id":"https:\/\/www.visit-ulcinj.com\/blog\/#\/schema\/person\/dcab619c614d3038751c63bc2aadc06d"},"description":"Sot (e diel) mbahet ceremonia festive e hapjes zyrtare t\u00eb nj\u00ebrit krah t\u00eb autostrad\u00ebs Durr\u00ebs - Kuk\u00ebs - Morin, pas shpimit t\u00eb tunelit t\u00eb Kalimashit, p\u00ebr t\u00eb","breadcrumb":{"@id":"https:\/\/www.visit-ulcinj.com\/blog\/2009\/05\/31\/hapja-zyrtare-e-njerit-krah-te-autostrades-durres-kukes-morine\/#breadcrumb"},"inLanguage":"en-US","potentialAction":[{"@type":"ReadAction","target":["https:\/\/www.visit-ulcinj.com\/blog\/2009\/05\/31\/hapja-zyrtare-e-njerit-krah-te-autostrades-durres-kukes-morine\/"]}]},{"@type":"BreadcrumbList","@id":"https:\/\/www.visit-ulcinj.com\/blog\/2009\/05\/31\/hapja-zyrtare-e-njerit-krah-te-autostrades-durres-kukes-morine\/#breadcrumb","itemListElement":[{"@type":"ListItem","position":1,"name":"Hapja zyrtare e nj\u00ebrit krah t\u00eb autostrad\u00ebs Durr\u00ebs-Kuk\u00ebs-Morin\u00eb"}]},{"@type":"Person","@id":"https:\/\/www.visit-ulcinj.com\/blog\/#\/schema\/person\/dcab619c614d3038751c63bc2aadc06d","name":"ulqini","sameAs":["http:\/\/www.visit-ulcinj.com"],"url":"https:\/\/www.visit-ulcinj.com\/blog\/author\/admin\/"}]}},"jetpack_featured_media_url":"","jetpack_sharing_enabled":true,"jetpack_shortlink":"https:\/\/wp.me\/pe6lTn-5MP","_links":{"self":[{"href":"https:\/\/www.visit-ulcinj.com\/blog\/wp-json\/wp\/v2\/posts\/22247"}],"collection":[{"href":"https:\/\/www.visit-ulcinj.com\/blog\/wp-json\/wp\/v2\/posts"}],"about":[{"href":"https:\/\/www.visit-ulcinj.com\/blog\/wp-json\/wp\/v2\/types\/post"}],"author":[{"embeddable":true,"href":"https:\/\/www.visit-ulcinj.com\/blog\/wp-json\/wp\/v2\/users\/1"}],"replies":[{"embeddable":true,"href":"https:\/\/www.visit-ulcinj.com\/blog\/wp-json\/wp\/v2\/comments?post=22247"}],"version-history":[{"count":0,"href":"https:\/\/www.visit-ulcinj.com\/blog\/wp-json\/wp\/v2\/posts\/22247\/revisions"}],"wp:attachment":[{"href":"https:\/\/www.visit-ulcinj.com\/blog\/wp-json\/wp\/v2\/media?parent=22247"}],"wp:term":[{"taxonomy":"category","embeddable":true,"href":"https:\/\/www.visit-ulcinj.com\/blog\/wp-json\/wp\/v2\/categories?post=22247"},{"taxonomy":"post_tag","embeddable":true,"href":"https:\/\/www.visit-ulcinj.com\/blog\/wp-json\/wp\/v2\/tags?post=22247"}],"curies":[{"name":"wp","href":"https:\/\/api.w.org\/{rel}","templated":true}]}}