{"id":22253,"date":"2009-05-31T15:11:46","date_gmt":"2009-05-31T13:11:46","guid":{"rendered":"http:\/\/www.visit-ulcinj.com\/blog\/?p=22253"},"modified":"2009-05-31T15:11:46","modified_gmt":"2009-05-31T13:11:46","slug":"ada-bojana-da-li-goveda-ometaju-turiste","status":"publish","type":"post","link":"https:\/\/www.visit-ulcinj.com\/blog\/2009\/05\/31\/ada-bojana-da-li-goveda-ometaju-turiste\/","title":{"rendered":"Ada Bojana: Da li goveda ometaju turiste?"},"content":{"rendered":"<p><img loading=\"lazy\" class=\"alignleft size-full wp-image-22255\" title=\"krave_ada-bojana_ulcinj_montenegro\" src=\"http:\/\/www.visit-ulcinj.com\/blog\/wp-content\/uploads\/2009\/05\/krave_ada-bojana_ulcinj_montenegro.jpg\" alt=\"krave_ada-bojana_ulcinj_montenegro\" width=\"580\" height=\"380\" \/>Ulcinj-U samrtnom ropcu, nakon \u0161to je ranjen hicima iz lova?ke pu\u0161ke, vi\u0161e od pola tone te\u017eak bik, pro\u0161ao je pored zaprepa\u0161?enih gostiju na Adi Bojani i uputio se ka obli\u017enjem gustom \u0161ipra\u017eju. Mrtvo govedo, ne\u0161to kasnije, na ?istinu je izvukao kamion, ispri?alo je nekoliko o?evidaca \u201cVijestima\u201d.<br \/>\nTo je potvrdila vlasnica bika Andrijana Hoti, koja namjerava da tu\u017ei Ulcinjsku rivijeru za nadoknadu \u0161tete i ka\u017ee da su u me?uvremenu ubijene jo\u0161 2 krave i jedan bik iz njenog stada.<br \/>\nDirektor nudisti?kog naselja na Adi Bojani Ljui? Noc Martini sino? nije odgovarao na pozive \u201cVijesti\u201d ali, kako sazanjemo, vlasnici stoke koja je na ispa\u0161i na Adi, na desetine puta su upozoreni da je moraju ukoniti iz kruga naselja. Izvor \u201cVijesti\u201d kazao je da je Ulcinjska rivijera, koja gazduje Adom, nakon brojnih apela vlasnicima odlu?ila je da ukloni stoku koja u?e u krug naselja.<br \/>\nPrema informacijama \u201cVijestri\u201d na Adi je iskopana rupa dubine 25 i \u0161irine tri metra,u kojoj su trebala da zavr\u0161e ubijene \u017eivotinje.<br \/>\n<strong>S.A.<br \/>\n<a href=\"http:\/\/www.vijesti.cg.yu\/index.php?id_pre=306064&amp;godina=2009\" target=\"_blank\">Vijesti<\/a><\/strong><\/p>\n<p><strong>\n\t\t<style type=\"text\/css\">\n\t\t\t#gallery-1 {\n\t\t\t\tmargin: auto;\n\t\t\t}\n\t\t\t#gallery-1 .gallery-item {\n\t\t\t\tfloat: left;\n\t\t\t\tmargin-top: 10px;\n\t\t\t\ttext-align: center;\n\t\t\t\twidth: 33%;\n\t\t\t}\n\t\t\t#gallery-1 img {\n\t\t\t\tborder: 2px solid #cfcfcf;\n\t\t\t}\n\t\t\t#gallery-1 .gallery-caption {\n\t\t\t\tmargin-left: 0;\n\t\t\t}\n\t\t\t\/* see gallery_shortcode() in wp-includes\/media.php *\/\n\t\t<\/style>\n\t\t<div id='gallery-1' class='gallery galleryid-22253 gallery-columns-3 gallery-size-thumbnail'><dl class='gallery-item'>\n\t\t\t<dt class='gallery-icon landscape'>\n\t\t\t\t<a href='https:\/\/www.visit-ulcinj.com\/blog\/2009\/05\/31\/ada-bojana-da-li-goveda-ometaju-turiste\/ada_bojana_krave\/'><img width=\"150\" height=\"150\" src=\"https:\/\/www.visit-ulcinj.com\/blog\/wp-content\/uploads\/2009\/05\/ada_bojana_krave-150x150.jpg\" class=\"attachment-thumbnail size-thumbnail\" alt=\"\" loading=\"lazy\" \/><\/a>\n\t\t\t<\/dt><\/dl><dl class='gallery-item'>\n\t\t\t<dt class='gallery-icon landscape'>\n\t\t\t\t<a href='https:\/\/www.visit-ulcinj.com\/blog\/2009\/05\/31\/ada-bojana-da-li-goveda-ometaju-turiste\/krave_ada-bojana_ulcinj_montenegro\/'><img width=\"150\" height=\"150\" src=\"https:\/\/www.visit-ulcinj.com\/blog\/wp-content\/uploads\/2009\/05\/krave_ada-bojana_ulcinj_montenegro-150x150.jpg\" class=\"attachment-thumbnail size-thumbnail\" alt=\"\" loading=\"lazy\" \/><\/a>\n\t\t\t<\/dt><\/dl><dl class='gallery-item'>\n\t\t\t<dt class='gallery-icon landscape'>\n\t\t\t\t<a href='https:\/\/www.visit-ulcinj.com\/blog\/2009\/05\/31\/ada-bojana-da-li-goveda-ometaju-turiste\/krave_ada-bojana_ulcinj_montenegro1\/'><img width=\"150\" height=\"150\" src=\"https:\/\/www.visit-ulcinj.com\/blog\/wp-content\/uploads\/2009\/05\/krave_ada-bojana_ulcinj_montenegro1-150x150.jpg\" class=\"attachment-thumbnail size-thumbnail\" alt=\"\" loading=\"lazy\" \/><\/a>\n\t\t\t<\/dt><\/dl><br style=\"clear: both\" \/>\n\t\t<\/div>\n<br \/>\n<\/strong><\/p>\n<!--YouTube Error: bad URL entered-->\n","protected":false},"excerpt":{"rendered":"<p>Ulcinj-U samrtnom ropcu, nakon \u0161to je ranjen hicima iz lova?ke pu\u0161ke, vi\u0161e od pola tone te\u017eak bik, pro\u0161ao je pored zaprepa\u0161?enih gostiju na Adi Bojani i uputio se ka obli\u017enjem gustom \u0161ipra\u017eju. Mrtvo govedo, ne\u0161to kasnije, na ?istinu je izvukao kamion, ispri?alo je nekoliko o?evidaca \u201cVijestima\u201d. To je potvrdila vlasnica bika Andrijana Hoti, koja namjerava [&hellip;]<\/p>\n","protected":false},"author":1,"featured_media":0,"comment_status":"open","ping_status":"closed","sticky":false,"template":"","format":"standard","meta":{"spay_email":"","jetpack_publicize_message":"","jetpack_is_tweetstorm":false,"jetpack_publicize_feature_enabled":true},"categories":[8337],"tags":[138,20,10853,2809,10854,19],"jetpack_publicize_connections":[],"yoast_head":"<!-- This site is optimized with the Yoast SEO plugin v19.1 - https:\/\/yoast.com\/wordpress\/plugins\/seo\/ -->\n<title>Ada Bojana: Da li goveda ometaju turiste? - Lajme nga Ulqini<\/title>\n<meta name=\"description\" content=\"Ulcinj-U samrtnom ropcu, nakon \u0161to je ranjen hicima iz lova?ke pu\u0161ke, vi\u0161e od pola tone te\u017eak bik, pro\u0161ao je pored zaprepa\u0161?enih gostiju na Adi Bojani i\" \/>\n<meta name=\"robots\" content=\"index, follow, max-snippet:-1, max-image-preview:large, max-video-preview:-1\" \/>\n<link rel=\"canonical\" href=\"https:\/\/www.visit-ulcinj.com\/blog\/2009\/05\/31\/ada-bojana-da-li-goveda-ometaju-turiste\/\" \/>\n<meta property=\"og:locale\" content=\"en_US\" \/>\n<meta property=\"og:type\" content=\"article\" \/>\n<meta property=\"og:title\" content=\"Ada Bojana: Da li goveda ometaju turiste? - Lajme nga Ulqini\" \/>\n<meta property=\"og:description\" content=\"Ulcinj-U samrtnom ropcu, nakon \u0161to je ranjen hicima iz lova?ke pu\u0161ke, vi\u0161e od pola tone te\u017eak bik, pro\u0161ao je pored zaprepa\u0161?enih gostiju na Adi Bojani i\" \/>\n<meta property=\"og:url\" content=\"https:\/\/www.visit-ulcinj.com\/blog\/2009\/05\/31\/ada-bojana-da-li-goveda-ometaju-turiste\/\" \/>\n<meta property=\"og:site_name\" content=\"Lajme nga Ulqini\" \/>\n<meta property=\"article:published_time\" content=\"2009-05-31T13:11:46+00:00\" \/>\n<meta property=\"og:image\" content=\"https:\/\/www.visit-ulcinj.com\/blog\/wp-content\/uploads\/2009\/05\/ada_bojana_krave-150x150.jpg\" \/>\n<meta name=\"twitter:label1\" content=\"Written by\" \/>\n\t<meta name=\"twitter:data1\" content=\"ulqini\" \/>\n\t<meta name=\"twitter:label2\" content=\"Est. reading time\" \/>\n\t<meta name=\"twitter:data2\" content=\"1 minute\" \/>\n<script type=\"application\/ld+json\" class=\"yoast-schema-graph\">{\"@context\":\"https:\/\/schema.org\",\"@graph\":[{\"@type\":\"WebSite\",\"@id\":\"https:\/\/www.visit-ulcinj.com\/blog\/#website\",\"url\":\"https:\/\/www.visit-ulcinj.com\/blog\/\",\"name\":\"Lajme nga Ulqini\",\"description\":\"Lajme,Vijesti,Ulqini,Ulqin,Crna Gora,Mali i Zi\",\"potentialAction\":[{\"@type\":\"SearchAction\",\"target\":{\"@type\":\"EntryPoint\",\"urlTemplate\":\"https:\/\/www.visit-ulcinj.com\/blog\/?s={search_term_string}\"},\"query-input\":\"required name=search_term_string\"}],\"inLanguage\":\"en-US\"},{\"@type\":\"ImageObject\",\"inLanguage\":\"en-US\",\"@id\":\"https:\/\/www.visit-ulcinj.com\/blog\/2009\/05\/31\/ada-bojana-da-li-goveda-ometaju-turiste\/#primaryimage\",\"url\":\"https:\/\/www.visit-ulcinj.com\/blog\/wp-content\/uploads\/2009\/05\/krave_ada-bojana_ulcinj_montenegro.jpg\",\"contentUrl\":\"https:\/\/www.visit-ulcinj.com\/blog\/wp-content\/uploads\/2009\/05\/krave_ada-bojana_ulcinj_montenegro.jpg\",\"width\":\"750\",\"height\":\"563\"},{\"@type\":\"WebPage\",\"@id\":\"https:\/\/www.visit-ulcinj.com\/blog\/2009\/05\/31\/ada-bojana-da-li-goveda-ometaju-turiste\/#webpage\",\"url\":\"https:\/\/www.visit-ulcinj.com\/blog\/2009\/05\/31\/ada-bojana-da-li-goveda-ometaju-turiste\/\",\"name\":\"Ada Bojana: Da li goveda ometaju turiste? - Lajme nga Ulqini\",\"isPartOf\":{\"@id\":\"https:\/\/www.visit-ulcinj.com\/blog\/#website\"},\"primaryImageOfPage\":{\"@id\":\"https:\/\/www.visit-ulcinj.com\/blog\/2009\/05\/31\/ada-bojana-da-li-goveda-ometaju-turiste\/#primaryimage\"},\"datePublished\":\"2009-05-31T13:11:46+00:00\",\"dateModified\":\"2009-05-31T13:11:46+00:00\",\"author\":{\"@id\":\"https:\/\/www.visit-ulcinj.com\/blog\/#\/schema\/person\/dcab619c614d3038751c63bc2aadc06d\"},\"description\":\"Ulcinj-U samrtnom ropcu, nakon \u0161to je ranjen hicima iz lova?ke pu\u0161ke, vi\u0161e od pola tone te\u017eak bik, pro\u0161ao je pored zaprepa\u0161?enih gostiju na Adi Bojani i\",\"breadcrumb\":{\"@id\":\"https:\/\/www.visit-ulcinj.com\/blog\/2009\/05\/31\/ada-bojana-da-li-goveda-ometaju-turiste\/#breadcrumb\"},\"inLanguage\":\"en-US\",\"potentialAction\":[{\"@type\":\"ReadAction\",\"target\":[\"https:\/\/www.visit-ulcinj.com\/blog\/2009\/05\/31\/ada-bojana-da-li-goveda-ometaju-turiste\/\"]}]},{\"@type\":\"BreadcrumbList\",\"@id\":\"https:\/\/www.visit-ulcinj.com\/blog\/2009\/05\/31\/ada-bojana-da-li-goveda-ometaju-turiste\/#breadcrumb\",\"itemListElement\":[{\"@type\":\"ListItem\",\"position\":1,\"name\":\"Ada Bojana: Da li goveda ometaju turiste?\"}]},{\"@type\":\"Person\",\"@id\":\"https:\/\/www.visit-ulcinj.com\/blog\/#\/schema\/person\/dcab619c614d3038751c63bc2aadc06d\",\"name\":\"ulqini\",\"sameAs\":[\"http:\/\/www.visit-ulcinj.com\"],\"url\":\"https:\/\/www.visit-ulcinj.com\/blog\/author\/admin\/\"}]}<\/script>\n<!-- \/ Yoast SEO plugin. -->","yoast_head_json":{"title":"Ada Bojana: Da li goveda ometaju turiste? - Lajme nga Ulqini","description":"Ulcinj-U samrtnom ropcu, nakon \u0161to je ranjen hicima iz lova?ke pu\u0161ke, vi\u0161e od pola tone te\u017eak bik, pro\u0161ao je pored zaprepa\u0161?enih gostiju na Adi Bojani i","robots":{"index":"index","follow":"follow","max-snippet":"max-snippet:-1","max-image-preview":"max-image-preview:large","max-video-preview":"max-video-preview:-1"},"canonical":"https:\/\/www.visit-ulcinj.com\/blog\/2009\/05\/31\/ada-bojana-da-li-goveda-ometaju-turiste\/","og_locale":"en_US","og_type":"article","og_title":"Ada Bojana: Da li goveda ometaju turiste? - Lajme nga Ulqini","og_description":"Ulcinj-U samrtnom ropcu, nakon \u0161to je ranjen hicima iz lova?ke pu\u0161ke, vi\u0161e od pola tone te\u017eak bik, pro\u0161ao je pored zaprepa\u0161?enih gostiju na Adi Bojani i","og_url":"https:\/\/www.visit-ulcinj.com\/blog\/2009\/05\/31\/ada-bojana-da-li-goveda-ometaju-turiste\/","og_site_name":"Lajme nga Ulqini","article_published_time":"2009-05-31T13:11:46+00:00","og_image":[{"url":"https:\/\/www.visit-ulcinj.com\/blog\/wp-content\/uploads\/2009\/05\/ada_bojana_krave-150x150.jpg"}],"twitter_misc":{"Written by":"ulqini","Est. reading time":"1 minute"},"schema":{"@context":"https:\/\/schema.org","@graph":[{"@type":"WebSite","@id":"https:\/\/www.visit-ulcinj.com\/blog\/#website","url":"https:\/\/www.visit-ulcinj.com\/blog\/","name":"Lajme nga Ulqini","description":"Lajme,Vijesti,Ulqini,Ulqin,Crna Gora,Mali i Zi","potentialAction":[{"@type":"SearchAction","target":{"@type":"EntryPoint","urlTemplate":"https:\/\/www.visit-ulcinj.com\/blog\/?s={search_term_string}"},"query-input":"required name=search_term_string"}],"inLanguage":"en-US"},{"@type":"ImageObject","inLanguage":"en-US","@id":"https:\/\/www.visit-ulcinj.com\/blog\/2009\/05\/31\/ada-bojana-da-li-goveda-ometaju-turiste\/#primaryimage","url":"https:\/\/www.visit-ulcinj.com\/blog\/wp-content\/uploads\/2009\/05\/krave_ada-bojana_ulcinj_montenegro.jpg","contentUrl":"https:\/\/www.visit-ulcinj.com\/blog\/wp-content\/uploads\/2009\/05\/krave_ada-bojana_ulcinj_montenegro.jpg","width":"750","height":"563"},{"@type":"WebPage","@id":"https:\/\/www.visit-ulcinj.com\/blog\/2009\/05\/31\/ada-bojana-da-li-goveda-ometaju-turiste\/#webpage","url":"https:\/\/www.visit-ulcinj.com\/blog\/2009\/05\/31\/ada-bojana-da-li-goveda-ometaju-turiste\/","name":"Ada Bojana: Da li goveda ometaju turiste? - Lajme nga Ulqini","isPartOf":{"@id":"https:\/\/www.visit-ulcinj.com\/blog\/#website"},"primaryImageOfPage":{"@id":"https:\/\/www.visit-ulcinj.com\/blog\/2009\/05\/31\/ada-bojana-da-li-goveda-ometaju-turiste\/#primaryimage"},"datePublished":"2009-05-31T13:11:46+00:00","dateModified":"2009-05-31T13:11:46+00:00","author":{"@id":"https:\/\/www.visit-ulcinj.com\/blog\/#\/schema\/person\/dcab619c614d3038751c63bc2aadc06d"},"description":"Ulcinj-U samrtnom ropcu, nakon \u0161to je ranjen hicima iz lova?ke pu\u0161ke, vi\u0161e od pola tone te\u017eak bik, pro\u0161ao je pored zaprepa\u0161?enih gostiju na Adi Bojani i","breadcrumb":{"@id":"https:\/\/www.visit-ulcinj.com\/blog\/2009\/05\/31\/ada-bojana-da-li-goveda-ometaju-turiste\/#breadcrumb"},"inLanguage":"en-US","potentialAction":[{"@type":"ReadAction","target":["https:\/\/www.visit-ulcinj.com\/blog\/2009\/05\/31\/ada-bojana-da-li-goveda-ometaju-turiste\/"]}]},{"@type":"BreadcrumbList","@id":"https:\/\/www.visit-ulcinj.com\/blog\/2009\/05\/31\/ada-bojana-da-li-goveda-ometaju-turiste\/#breadcrumb","itemListElement":[{"@type":"ListItem","position":1,"name":"Ada Bojana: Da li goveda ometaju turiste?"}]},{"@type":"Person","@id":"https:\/\/www.visit-ulcinj.com\/blog\/#\/schema\/person\/dcab619c614d3038751c63bc2aadc06d","name":"ulqini","sameAs":["http:\/\/www.visit-ulcinj.com"],"url":"https:\/\/www.visit-ulcinj.com\/blog\/author\/admin\/"}]}},"jetpack_featured_media_url":"","jetpack_sharing_enabled":true,"jetpack_shortlink":"https:\/\/wp.me\/pe6lTn-5MV","_links":{"self":[{"href":"https:\/\/www.visit-ulcinj.com\/blog\/wp-json\/wp\/v2\/posts\/22253"}],"collection":[{"href":"https:\/\/www.visit-ulcinj.com\/blog\/wp-json\/wp\/v2\/posts"}],"about":[{"href":"https:\/\/www.visit-ulcinj.com\/blog\/wp-json\/wp\/v2\/types\/post"}],"author":[{"embeddable":true,"href":"https:\/\/www.visit-ulcinj.com\/blog\/wp-json\/wp\/v2\/users\/1"}],"replies":[{"embeddable":true,"href":"https:\/\/www.visit-ulcinj.com\/blog\/wp-json\/wp\/v2\/comments?post=22253"}],"version-history":[{"count":0,"href":"https:\/\/www.visit-ulcinj.com\/blog\/wp-json\/wp\/v2\/posts\/22253\/revisions"}],"wp:attachment":[{"href":"https:\/\/www.visit-ulcinj.com\/blog\/wp-json\/wp\/v2\/media?parent=22253"}],"wp:term":[{"taxonomy":"category","embeddable":true,"href":"https:\/\/www.visit-ulcinj.com\/blog\/wp-json\/wp\/v2\/categories?post=22253"},{"taxonomy":"post_tag","embeddable":true,"href":"https:\/\/www.visit-ulcinj.com\/blog\/wp-json\/wp\/v2\/tags?post=22253"}],"curies":[{"name":"wp","href":"https:\/\/api.w.org\/{rel}","templated":true}]}}