{"id":22266,"date":"2009-05-31T20:48:59","date_gmt":"2009-05-31T18:48:59","guid":{"rendered":"http:\/\/www.visit-ulcinj.com\/blog\/?p=22266"},"modified":"2009-06-08T17:48:12","modified_gmt":"2009-06-08T15:48:12","slug":"njemacki-turisti-na-adi-bojani-poslije-dvije-godine","status":"publish","type":"post","link":"https:\/\/www.visit-ulcinj.com\/blog\/2009\/05\/31\/njemacki-turisti-na-adi-bojani-poslije-dvije-godine\/","title":{"rendered":"Njema?ki turisti na Adi Bojani poslije dvije godine"},"content":{"rendered":"<p><a href=\"http:\/\/www.visit-ulcinj.com\/blog\/wp-content\/uploads\/2009\/05\/ada-bojana_ulcinj_montenegro_001.jpg\"><img loading=\"lazy\" class=\"alignleft size-full wp-image-22267\" title=\"ada-bojana_ulcinj_montenegro_001,Apatin, (more), ?a?ak, ?ajni?e, ?apljina, ?eli?, ?elinac, ?itluk, \u0160abac, \u0160id, \u0160ipovo, \u0160iroki Brijeg, \u0160tip, \u017dep?e, \u017divinice, Banja Luka, Banovi?i, Bar, Becici, beograd, Berkovi?i, Berovo, Biha?, Bijeljina, Bile?a, Bitola, bjelasica, Blagaj, Bogdanci, boka, Bosanska Dubica, Bosanska Gradi\u0161ka, Bosanska Kostajnica, Bosanska Krupa, Bosanski \u0160amac, Bosanski Brod, Bosanski Novi, Bosanski Petrovac, Bosansko Grahovo, Bratunac, Br?ko, Breza, Bu\u017eim, Budva, Bugojno, Busova?a, Cazin, crna, Debar, Del?evo, Demir Hisar, Demir Kapija, Derventa, Doboj, Dobreti?i, Dobrodo\u0161li u Crnu Goru!, Dobrodo\u0161li u Ulcinj!, Domaljevac, Donji Vakuf, Drvar, durmitor, Fo?a, Fojnica, Gevgelija, Glamo?, GORA, Gora\u017ede, Gornji Vakuf, gostivar, Gra?anica, Grada?ac, Grude, herceg, igalo, In?ija, Irig, Jablanica, Jajce, Kakanj, Kalesija, Kalinovik, Kavadarci, Ki?evo, Kiseljak, Kladanj, Klju?, Ko?ani, kolasin, Konjic, Kostolac, Kotor, Kotor Varo\u0161, kotorska, Kragujevac, Kraljevo, Kratovo, Kre\u0161evo, Kriva Palanka, Kru\u0161evac, Kru\u0161evo, Kumanovo, Kupres, Leskovac, leto 2009 od 5\u20ac za krevet, letovanje, Livno, Ljubinje, Ljubu\u0161ki, Lopare, Loznica, Lukavac, Maglaj, Makedonska Kamenica, Makedonski Brod, Mili?i, Milocer, Modri?a, Montenegro, mostar, Mrkonji? Grad, Negotino, Neum, Nevesinje, Ni\u0161, Nova Pazova, novi, Novi Pazar, Novi Sad, Novi Travnik, Od\u017eak, odmor, ohrid, Olovo, Ora\u0161je, Pale, Pan?evo, Peh?evo, Po\u017earevac, Posu\u0161je, Pra?a, presevo, Prijedor, Prilep, Probi\u0161tip, Prokuplje, Prozor, Radovi\u0161, Resen, Risan, Rogatica, Rudo, Ruma, Sanski Most, Sapna, Sarajevo, Skender Vakuf, skopje, Smederevo, Sokolac, Srbac, Srbobran, Srebrenica, Srebrenik, Sremska Mitrovica, stefan, Stolac, Struga, Strumica, Subotica, sveti, Sveti Nikole, Tara, Te\u0161anj, Teo?ak, Tesli?, tetovo, tivat, Tomislavgrad, Travnik, Trebinje, turizam, tuzla, ulcinj, Usora, Ustipra?a, Valandovo, Valjevo, Vare\u0161, Veles, Velika Kladu\u0161a, Vi\u0161egrad, Vinica, Visoko, Vitez, Vogo\u0161?a, Vranje, Vr\u0161ac, zabljak, Zaje?ar, Zavidovi?i, Zenica, zimovanje, Zrenjanin, Zvornik  \" src=\"http:\/\/www.visit-ulcinj.com\/blog\/wp-content\/uploads\/2009\/05\/ada-bojana_ulcinj_montenegro_001.jpg\" alt=\"ada-bojana_ulcinj_montenegro_001\" width=\"580\" height=\"400\" \/><\/a>Renoviranje ku?ica na najatraktivnijem nudisti?kom naselju u Crnoj Gori, ulcinjskoj Adi Bojani, uskoro ?e biti zavr\u0161eno i u njih ?e, nakon dvije godine pauze, useliti strani turisti. Direktor naselja Lui?i Noc Martini kazao je da ?e, nakon godina propadanja, stare ku?ice na Adi uskoro dobiti novi sjaj i biti spremne da prime najavljene goste iz Njema?ke.<\/p>\n<p>\u00bbKu?ice su izgra?ene 1973. godine i dugo su bile za\u0161titni znak Ade Bojane. Prvi gosti u njima bili su Njemci, a kad za desetak dana zavr\u0161imo njihovo renoviranje, opet ?e otvoriti na\u0161i stalni gosti iz Njema?ke\u00ab, rekao je Noc Martini beogradskoj Politici. On je kazao da ?e svih 48 ku?ica od drveta, sa 86 kreveta, biti kao nove, sa svim sadr\u017eajima za udoban boravak. \u00bbOne su uvijek bile atraktivne zbog terase, okrenute suncu, u prizemlju, i spava?e sobe na spratu. U na\u0161im objektima, ?iji je nivo podignut za jednu zvjezdicu i sada ih imaju tri, gostima je na raspolaganju oko 600 kreveta\u00ab, dodao je Noc Martini.<a href=\"http:\/\/www.visit-ulcinj.com\/blog\/wp-content\/uploads\/2009\/05\/renoviranje-kucica-na-adi-bojani_ulcinj.jpg\"><img loading=\"lazy\" class=\"alignright size-medium wp-image-22268\" title=\"renoviranje-kucica-na-adi-bojani_ulcinj\" src=\"http:\/\/www.visit-ulcinj.com\/blog\/wp-content\/uploads\/2009\/05\/renoviranje-kucica-na-adi-bojani_ulcinj-300x199.jpg\" alt=\"renoviranje-kucica-na-adi-bojani_ulcinj\" width=\"300\" height=\"199\" srcset=\"https:\/\/www.visit-ulcinj.com\/blog\/wp-content\/uploads\/2009\/05\/renoviranje-kucica-na-adi-bojani_ulcinj-300x199.jpg 300w, https:\/\/www.visit-ulcinj.com\/blog\/wp-content\/uploads\/2009\/05\/renoviranje-kucica-na-adi-bojani_ulcinj.jpg 640w\" sizes=\"(max-width: 300px) 100vw, 300px\" \/><\/a><\/p>\n<p>Ada na Bojani je, kako pi\u0161e Politika, u sre?no vrijeme zaista bila ostrvo, raj za nudiste koji su bili odvojeni od ostalog svijeta. Sve se pokvarilo 1987. godine, kada je izgra?en most preko Bojane i po?ela izgradnja ve?ih vikendica i ku?a za odmor, umjesto malih ribarskih ku?ica. \u00bbDivlje podignuti objekti nikada nisu sru\u0161eni\u00ab, dodaje Politika. Prije tri ljeta ponovo je uspostavljen regularni re\u017eim na Adi, na kojoj su mogli da ljetuju i borave samo nudisti. Oni su opet dobili svoj mir i oazu za u\u017eivanje u blagodetima sunca i mora, za razliku od ranijih godina kada su na Adu nesmetano dolazi i ostali kupa?i.<\/p>\n<p><a href=\"http:\/\/www.visit-ulcinj.com\/blog\/wp-content\/uploads\/2009\/05\/luigj-noc-martini.jpg\"><img loading=\"lazy\" class=\"alignleft size-medium wp-image-22269\" title=\"luigj-noc-martini\" src=\"http:\/\/www.visit-ulcinj.com\/blog\/wp-content\/uploads\/2009\/05\/luigj-noc-martini-276x300.jpg\" alt=\"luigj-noc-martini\" width=\"276\" height=\"300\" srcset=\"https:\/\/www.visit-ulcinj.com\/blog\/wp-content\/uploads\/2009\/05\/luigj-noc-martini-276x300.jpg 276w, https:\/\/www.visit-ulcinj.com\/blog\/wp-content\/uploads\/2009\/05\/luigj-noc-martini.jpg 492w\" sizes=\"(max-width: 276px) 100vw, 276px\" \/><\/a>\u00bbMir i bezbjednost na\u0161ih gostiju bi?e na izuzetnom nivou, jer ?e uniformisani, uljudni radnici na rampi dozvoljavati ulaz samo istinskim nudistima\u00ab, kazao je Noc Martini.<\/p>\n<p>On navodi da je Ulcinjska rivijera koja gazduje Adom Bojanom, poslije izlaska iz ste?aja, ambiciozno krenula u ovogodi\u0161nju sezonu, od koje, uprkos globalnoj finansijskoj krizi, o?ekuje vi\u0161e nego od prethodne.<\/p>\n<p>Ovog ljeta, poslije dvije godine pauze, na Adu Bojanu se vra?aju i konji iz ergele u Po\u017eegi. Sat jahanja atraktivnih po\u017eareva?kih konja po naselju ranije je ko\u0161tao deset eura.<\/p>\n<p><strong>Polupansion od 24 do 34 eura<\/strong><\/p>\n<p>Sezona na Adi otvorena je 7. maja i traja?e do polovine oktobra, do kada ?e gosti iz Njema?ke dolaziti posredstvom njema?kog turoperatera Obene, specijalizovanog za naturisti?ke aran\u017emane.<a href=\"http:\/\/www.visit-ulcinj.com\/blog\/wp-content\/uploads\/2009\/05\/renoviranje-kucica-na-adi-bojani_ulcinj1.jpg\"><img loading=\"lazy\" class=\"alignright size-medium wp-image-22270\" title=\"renoviranje-kucica-na-adi-bojani_ulcinj1\" src=\"http:\/\/www.visit-ulcinj.com\/blog\/wp-content\/uploads\/2009\/05\/renoviranje-kucica-na-adi-bojani_ulcinj1-300x216.jpg\" alt=\"renoviranje-kucica-na-adi-bojani_ulcinj1\" width=\"300\" height=\"216\" srcset=\"https:\/\/www.visit-ulcinj.com\/blog\/wp-content\/uploads\/2009\/05\/renoviranje-kucica-na-adi-bojani_ulcinj1-300x216.jpg 300w, https:\/\/www.visit-ulcinj.com\/blog\/wp-content\/uploads\/2009\/05\/renoviranje-kucica-na-adi-bojani_ulcinj1.jpg 684w\" sizes=\"(max-width: 300px) 100vw, 300px\" \/><\/a><\/p>\n<p>Osim tradicionalnih gostiju iz Beograda, Novog Sada, Podgorice, i u posljednje vrijeme sa sjevera Crne Gore, kao i iz Njema?ke i Albanije, ovog ljeta na Adi ?e boraviti i nudisti iz Rusije, ?e\u0161ke, Poljske i Bosne i Hercegovine. Cijene ?e biti na pro\u0161logodi\u0161njem nivou.<\/p>\n<ul>\n<li><strong>Polupansion za jednu osobu do 10. juna ko\u0161ta od 24 do 26 eura,<\/strong><\/li>\n<\/ul>\n<ul>\n<li><strong>A od 11. juna do 21. avgusta od 31 do 34 eura.<\/strong><\/li>\n<\/ul>\n<ul>\n<li><strong>No?enje sa doru?kom za dvije osobe do 10. juna ko\u0161ta od 41 do 44 eura,<\/strong><\/li>\n<\/ul>\n<ul>\n<li><strong>A od 11. juna od 53 do 58 eura.<\/strong><\/li>\n<\/ul>\n<p><a href=\"http:\/\/www.pobjeda.co.me\/citanje.php?datum=2009-05-31&amp;id=164943\" target=\"_blank\"><strong>Pobjeda<\/strong><\/a><\/p>\n<p><strong><br \/>\n<\/strong><br \/>\n<strong><!--YouTube Error: bad URL entered--><\/strong><\/p>\n<p><a title=\"Privatni smjestaj,rezervacija smjestaja,apartmani,sobe,kuce,odmor,sobe za odmor ulcinj,Pretrazivanje privatnog smjestaja,zelite rezervirati privatni smjestaj,Smjestaj ulcinj,godisnji odmor u ulcinj,odmor u ulcinj,Kuca za odmor,kuda na odmor,ljetovanje u ulcinj,slobodne sobe,kuca uz more,turisticka ponuda,odmor i zabava,povolne cene,sobe,usluge,Mjesto za Vas odmor ,Odmor portal,putovanaja,Iznajmljivanje soba ulcinj,odmor ulcinj info,Vase mjesto za odmor ulcinj,nudisticka plaza ada bojana,smjestaj ponuda ulcinj,crna gora,\" href=\"http:\/\/www.visit-ulcinj.com\/\" target=\"_blank\"><img loading=\"lazy\" class=\"alignnone\" title=\"Privatni smjestaj,rezervacija smjestaja,apartmani,sobe,kuce,odmor,sobe za odmor ulcinj,Pretrazivanje privatnog smjestaja,zelite rezervirati privatni smjestaj,Smjestaj ulcinj,godisnji odmor u ulcinj,odmor u ulcinj,Kuca za odmor,kuda na odmor,ljetovanje u ulcinj,slobodne sobe,kuca uz more,turisticka ponuda,odmor i zabava,povolne cene,sobe,usluge,Mjesto za Vas odmor ,Odmor portal,putovanaja,Iznajmljivanje soba ulcinj,odmor ulcinj info,Vase mjesto za odmor ulcinj,nudisticka plaza ada bojana,smjestaj ponuda ulcinj,crna gora,\" src=\"http:\/\/visit-ulcinj.com\/wp-content\/themes\/lifestyle_10\/images\/ulcinj-info.png\" alt=\"\" width=\"580\" height=\"125\" \/><\/a><\/p>\n<p><strong><\/strong><\/p>\n","protected":false},"excerpt":{"rendered":"<p>Renoviranje ku?ica na najatraktivnijem nudisti?kom naselju u Crnoj Gori, ulcinjskoj Adi Bojani, uskoro ?e biti zavr\u0161eno i u njih ?e, nakon dvije godine pauze, useliti strani turisti. Direktor naselja Lui?i Noc Martini kazao je da ?e, nakon godina propadanja, stare ku?ice na Adi uskoro dobiti novi sjaj i biti spremne da prime najavljene goste iz [&hellip;]<\/p>\n","protected":false},"author":1,"featured_media":0,"comment_status":"open","ping_status":"closed","sticky":false,"template":"","format":"standard","meta":{"spay_email":"","jetpack_publicize_message":"","jetpack_is_tweetstorm":false,"jetpack_publicize_feature_enabled":true},"categories":[8337],"tags":[4525,10865,10860,10859,10862,10863,10861,10864],"jetpack_publicize_connections":[],"yoast_head":"<!-- This site is optimized with the Yoast SEO plugin v19.1 - https:\/\/yoast.com\/wordpress\/plugins\/seo\/ -->\n<title>Njema?ki turisti na Adi Bojani poslije dvije godine - Lajme nga Ulqini<\/title>\n<meta name=\"description\" content=\"Renoviranje ku?ica na najatraktivnijem nudisti?kom naselju u Crnoj Gori, ulcinjskoj Adi Bojani, uskoro ?e biti zavr\u0161eno i u njih ?e, nakon dvije godine\" \/>\n<meta name=\"robots\" content=\"index, follow, max-snippet:-1, max-image-preview:large, max-video-preview:-1\" \/>\n<link rel=\"canonical\" href=\"https:\/\/www.visit-ulcinj.com\/blog\/2009\/05\/31\/njemacki-turisti-na-adi-bojani-poslije-dvije-godine\/\" \/>\n<meta property=\"og:locale\" content=\"en_US\" \/>\n<meta property=\"og:type\" content=\"article\" \/>\n<meta property=\"og:title\" content=\"Njema?ki turisti na Adi Bojani poslije dvije godine - Lajme nga Ulqini\" \/>\n<meta property=\"og:description\" content=\"Renoviranje ku?ica na najatraktivnijem nudisti?kom naselju u Crnoj Gori, ulcinjskoj Adi Bojani, uskoro ?e biti zavr\u0161eno i u njih ?e, nakon dvije godine\" \/>\n<meta property=\"og:url\" content=\"https:\/\/www.visit-ulcinj.com\/blog\/2009\/05\/31\/njemacki-turisti-na-adi-bojani-poslije-dvije-godine\/\" \/>\n<meta property=\"og:site_name\" content=\"Lajme nga Ulqini\" \/>\n<meta property=\"article:published_time\" content=\"2009-05-31T18:48:59+00:00\" \/>\n<meta property=\"article:modified_time\" content=\"2009-06-08T15:48:12+00:00\" \/>\n<meta property=\"og:image\" content=\"http:\/\/www.visit-ulcinj.com\/blog\/wp-content\/uploads\/2009\/05\/ada-bojana_ulcinj_montenegro_001.jpg\" \/>\n<meta name=\"twitter:label1\" content=\"Written by\" \/>\n\t<meta name=\"twitter:data1\" content=\"ulqini\" \/>\n\t<meta name=\"twitter:label2\" content=\"Est. reading time\" \/>\n\t<meta name=\"twitter:data2\" content=\"3 minutes\" \/>\n<script type=\"application\/ld+json\" class=\"yoast-schema-graph\">{\"@context\":\"https:\/\/schema.org\",\"@graph\":[{\"@type\":\"WebSite\",\"@id\":\"https:\/\/www.visit-ulcinj.com\/blog\/#website\",\"url\":\"https:\/\/www.visit-ulcinj.com\/blog\/\",\"name\":\"Lajme nga Ulqini\",\"description\":\"Lajme,Vijesti,Ulqini,Ulqin,Crna Gora,Mali i Zi\",\"potentialAction\":[{\"@type\":\"SearchAction\",\"target\":{\"@type\":\"EntryPoint\",\"urlTemplate\":\"https:\/\/www.visit-ulcinj.com\/blog\/?s={search_term_string}\"},\"query-input\":\"required name=search_term_string\"}],\"inLanguage\":\"en-US\"},{\"@type\":\"ImageObject\",\"inLanguage\":\"en-US\",\"@id\":\"https:\/\/www.visit-ulcinj.com\/blog\/2009\/05\/31\/njemacki-turisti-na-adi-bojani-poslije-dvije-godine\/#primaryimage\",\"url\":\"https:\/\/www.visit-ulcinj.com\/blog\/wp-content\/uploads\/2009\/05\/ada-bojana_ulcinj_montenegro_001.jpg\",\"contentUrl\":\"https:\/\/www.visit-ulcinj.com\/blog\/wp-content\/uploads\/2009\/05\/ada-bojana_ulcinj_montenegro_001.jpg\",\"width\":\"640\",\"height\":\"517\"},{\"@type\":\"WebPage\",\"@id\":\"https:\/\/www.visit-ulcinj.com\/blog\/2009\/05\/31\/njemacki-turisti-na-adi-bojani-poslije-dvije-godine\/#webpage\",\"url\":\"https:\/\/www.visit-ulcinj.com\/blog\/2009\/05\/31\/njemacki-turisti-na-adi-bojani-poslije-dvije-godine\/\",\"name\":\"Njema?ki turisti na Adi Bojani poslije dvije godine - Lajme nga Ulqini\",\"isPartOf\":{\"@id\":\"https:\/\/www.visit-ulcinj.com\/blog\/#website\"},\"primaryImageOfPage\":{\"@id\":\"https:\/\/www.visit-ulcinj.com\/blog\/2009\/05\/31\/njemacki-turisti-na-adi-bojani-poslije-dvije-godine\/#primaryimage\"},\"datePublished\":\"2009-05-31T18:48:59+00:00\",\"dateModified\":\"2009-06-08T15:48:12+00:00\",\"author\":{\"@id\":\"https:\/\/www.visit-ulcinj.com\/blog\/#\/schema\/person\/dcab619c614d3038751c63bc2aadc06d\"},\"description\":\"Renoviranje ku?ica na najatraktivnijem nudisti?kom naselju u Crnoj Gori, ulcinjskoj Adi Bojani, uskoro ?e biti zavr\u0161eno i u njih ?e, nakon dvije godine\",\"breadcrumb\":{\"@id\":\"https:\/\/www.visit-ulcinj.com\/blog\/2009\/05\/31\/njemacki-turisti-na-adi-bojani-poslije-dvije-godine\/#breadcrumb\"},\"inLanguage\":\"en-US\",\"potentialAction\":[{\"@type\":\"ReadAction\",\"target\":[\"https:\/\/www.visit-ulcinj.com\/blog\/2009\/05\/31\/njemacki-turisti-na-adi-bojani-poslije-dvije-godine\/\"]}]},{\"@type\":\"BreadcrumbList\",\"@id\":\"https:\/\/www.visit-ulcinj.com\/blog\/2009\/05\/31\/njemacki-turisti-na-adi-bojani-poslije-dvije-godine\/#breadcrumb\",\"itemListElement\":[{\"@type\":\"ListItem\",\"position\":1,\"name\":\"Njema?ki turisti na Adi Bojani poslije dvije godine\"}]},{\"@type\":\"Person\",\"@id\":\"https:\/\/www.visit-ulcinj.com\/blog\/#\/schema\/person\/dcab619c614d3038751c63bc2aadc06d\",\"name\":\"ulqini\",\"sameAs\":[\"http:\/\/www.visit-ulcinj.com\"],\"url\":\"https:\/\/www.visit-ulcinj.com\/blog\/author\/admin\/\"}]}<\/script>\n<!-- \/ Yoast SEO plugin. -->","yoast_head_json":{"title":"Njema?ki turisti na Adi Bojani poslije dvije godine - Lajme nga Ulqini","description":"Renoviranje ku?ica na najatraktivnijem nudisti?kom naselju u Crnoj Gori, ulcinjskoj Adi Bojani, uskoro ?e biti zavr\u0161eno i u njih ?e, nakon dvije godine","robots":{"index":"index","follow":"follow","max-snippet":"max-snippet:-1","max-image-preview":"max-image-preview:large","max-video-preview":"max-video-preview:-1"},"canonical":"https:\/\/www.visit-ulcinj.com\/blog\/2009\/05\/31\/njemacki-turisti-na-adi-bojani-poslije-dvije-godine\/","og_locale":"en_US","og_type":"article","og_title":"Njema?ki turisti na Adi Bojani poslije dvije godine - Lajme nga Ulqini","og_description":"Renoviranje ku?ica na najatraktivnijem nudisti?kom naselju u Crnoj Gori, ulcinjskoj Adi Bojani, uskoro ?e biti zavr\u0161eno i u njih ?e, nakon dvije godine","og_url":"https:\/\/www.visit-ulcinj.com\/blog\/2009\/05\/31\/njemacki-turisti-na-adi-bojani-poslije-dvije-godine\/","og_site_name":"Lajme nga Ulqini","article_published_time":"2009-05-31T18:48:59+00:00","article_modified_time":"2009-06-08T15:48:12+00:00","og_image":[{"url":"http:\/\/www.visit-ulcinj.com\/blog\/wp-content\/uploads\/2009\/05\/ada-bojana_ulcinj_montenegro_001.jpg"}],"twitter_misc":{"Written by":"ulqini","Est. reading time":"3 minutes"},"schema":{"@context":"https:\/\/schema.org","@graph":[{"@type":"WebSite","@id":"https:\/\/www.visit-ulcinj.com\/blog\/#website","url":"https:\/\/www.visit-ulcinj.com\/blog\/","name":"Lajme nga Ulqini","description":"Lajme,Vijesti,Ulqini,Ulqin,Crna Gora,Mali i Zi","potentialAction":[{"@type":"SearchAction","target":{"@type":"EntryPoint","urlTemplate":"https:\/\/www.visit-ulcinj.com\/blog\/?s={search_term_string}"},"query-input":"required name=search_term_string"}],"inLanguage":"en-US"},{"@type":"ImageObject","inLanguage":"en-US","@id":"https:\/\/www.visit-ulcinj.com\/blog\/2009\/05\/31\/njemacki-turisti-na-adi-bojani-poslije-dvije-godine\/#primaryimage","url":"https:\/\/www.visit-ulcinj.com\/blog\/wp-content\/uploads\/2009\/05\/ada-bojana_ulcinj_montenegro_001.jpg","contentUrl":"https:\/\/www.visit-ulcinj.com\/blog\/wp-content\/uploads\/2009\/05\/ada-bojana_ulcinj_montenegro_001.jpg","width":"640","height":"517"},{"@type":"WebPage","@id":"https:\/\/www.visit-ulcinj.com\/blog\/2009\/05\/31\/njemacki-turisti-na-adi-bojani-poslije-dvije-godine\/#webpage","url":"https:\/\/www.visit-ulcinj.com\/blog\/2009\/05\/31\/njemacki-turisti-na-adi-bojani-poslije-dvije-godine\/","name":"Njema?ki turisti na Adi Bojani poslije dvije godine - Lajme nga Ulqini","isPartOf":{"@id":"https:\/\/www.visit-ulcinj.com\/blog\/#website"},"primaryImageOfPage":{"@id":"https:\/\/www.visit-ulcinj.com\/blog\/2009\/05\/31\/njemacki-turisti-na-adi-bojani-poslije-dvije-godine\/#primaryimage"},"datePublished":"2009-05-31T18:48:59+00:00","dateModified":"2009-06-08T15:48:12+00:00","author":{"@id":"https:\/\/www.visit-ulcinj.com\/blog\/#\/schema\/person\/dcab619c614d3038751c63bc2aadc06d"},"description":"Renoviranje ku?ica na najatraktivnijem nudisti?kom naselju u Crnoj Gori, ulcinjskoj Adi Bojani, uskoro ?e biti zavr\u0161eno i u njih ?e, nakon dvije godine","breadcrumb":{"@id":"https:\/\/www.visit-ulcinj.com\/blog\/2009\/05\/31\/njemacki-turisti-na-adi-bojani-poslije-dvije-godine\/#breadcrumb"},"inLanguage":"en-US","potentialAction":[{"@type":"ReadAction","target":["https:\/\/www.visit-ulcinj.com\/blog\/2009\/05\/31\/njemacki-turisti-na-adi-bojani-poslije-dvije-godine\/"]}]},{"@type":"BreadcrumbList","@id":"https:\/\/www.visit-ulcinj.com\/blog\/2009\/05\/31\/njemacki-turisti-na-adi-bojani-poslije-dvije-godine\/#breadcrumb","itemListElement":[{"@type":"ListItem","position":1,"name":"Njema?ki turisti na Adi Bojani poslije dvije godine"}]},{"@type":"Person","@id":"https:\/\/www.visit-ulcinj.com\/blog\/#\/schema\/person\/dcab619c614d3038751c63bc2aadc06d","name":"ulqini","sameAs":["http:\/\/www.visit-ulcinj.com"],"url":"https:\/\/www.visit-ulcinj.com\/blog\/author\/admin\/"}]}},"jetpack_featured_media_url":"","jetpack_sharing_enabled":true,"jetpack_shortlink":"https:\/\/wp.me\/pe6lTn-5N8","_links":{"self":[{"href":"https:\/\/www.visit-ulcinj.com\/blog\/wp-json\/wp\/v2\/posts\/22266"}],"collection":[{"href":"https:\/\/www.visit-ulcinj.com\/blog\/wp-json\/wp\/v2\/posts"}],"about":[{"href":"https:\/\/www.visit-ulcinj.com\/blog\/wp-json\/wp\/v2\/types\/post"}],"author":[{"embeddable":true,"href":"https:\/\/www.visit-ulcinj.com\/blog\/wp-json\/wp\/v2\/users\/1"}],"replies":[{"embeddable":true,"href":"https:\/\/www.visit-ulcinj.com\/blog\/wp-json\/wp\/v2\/comments?post=22266"}],"version-history":[{"count":0,"href":"https:\/\/www.visit-ulcinj.com\/blog\/wp-json\/wp\/v2\/posts\/22266\/revisions"}],"wp:attachment":[{"href":"https:\/\/www.visit-ulcinj.com\/blog\/wp-json\/wp\/v2\/media?parent=22266"}],"wp:term":[{"taxonomy":"category","embeddable":true,"href":"https:\/\/www.visit-ulcinj.com\/blog\/wp-json\/wp\/v2\/categories?post=22266"},{"taxonomy":"post_tag","embeddable":true,"href":"https:\/\/www.visit-ulcinj.com\/blog\/wp-json\/wp\/v2\/tags?post=22266"}],"curies":[{"name":"wp","href":"https:\/\/api.w.org\/{rel}","templated":true}]}}