{"id":2227,"date":"2008-08-04T08:32:54","date_gmt":"2008-08-04T13:32:54","guid":{"rendered":"http:\/\/www.visit-ulcinj.com\/blog\/?p=2227"},"modified":"2008-08-04T08:32:54","modified_gmt":"2008-08-04T13:32:54","slug":"interviste-me-kryetarin-e-alternatives-shqiptare-gjergj-camaj","status":"publish","type":"post","link":"https:\/\/www.visit-ulcinj.com\/blog\/2008\/08\/04\/interviste-me-kryetarin-e-alternatives-shqiptare-gjergj-camaj\/","title":{"rendered":"Intervist\u00eb me kryetarin e Alternativ\u00ebs Shqiptare, Gjergj Camaj"},"content":{"rendered":"<p><img loading=\"lazy\" class=\"alignleft\" title=\"Gjergj Camaj\" src=\"http:\/\/www.kohajavore.cg.yu\/slike\/1217233339.jpg\" alt=\"\" width=\"290\" height=\"218\" \/><strong>Ti dalim zot Mal\u00ebsis\u00eb<\/strong><br \/>\nGjergj Camaj, u lind n\u00eb fshatin Vuksanlekaj af\u00ebr Tuzit. Me profesion \u00ebsht\u00eb jurist i diplomuar. \u00cbsht\u00eb i martuar dhe punon n\u00eb nj\u00eb firm\u00eb private. N\u00eb Kuvendin themelues t\u00eb Alternativ\u00ebs Shqiptare, Camaj u zgjodh p\u00ebr kryetar.<br \/>\n<strong>Koha javore: <\/strong>Pas dy viteve veprimtarie si OJQ, &#8220;Iniciativa Qytetare&#8221;, ASH u zyrtarizua si parti politike. Cilat do t\u00eb jen\u00eb prioritetet Tuaja si drejtues i k\u00ebsaj partie ?<br \/>\n<strong>Gj. Camaj:<\/strong> Si\u00e7 \u00ebsht\u00eb e ditur, Iniciativa Qytetare lindi si l\u00ebvizje p\u00ebr t\u00eb kanalizuar energjin\u00eb e akumuluar rreth k\u00ebrkes\u00ebs p\u00ebr komun\u00eb t\u00eb plot\u00eb t\u00eb Mal\u00ebsis\u00eb. Fillimisht ajo u p\u00ebrkrah nga shum\u00eb individ\u00eb, madje edhe an\u00ebtar\u00eb t\u00eb asociacioneve t\u00eb ndryshme, t\u00eb cil\u00ebt pat\u00ebn vullnet q\u00eb t\u00eb ndihmojn\u00eb k\u00ebt\u00eb l\u00ebvizje, e cila shum\u00eb shpejt u masovizua, \u00e7ka e d\u00ebshmuan edhe protestat e nj\u00ebpasnj\u00ebshme, ku merrnin pjes\u00eb mij\u00ebra banor\u00eb t\u00eb Mal\u00ebsis\u00eb. Si l\u00ebvizje qytetare hyri edhe n\u00eb zgjedhjet e 10 shtatorit 2006, ku s\u00eb bashku me LD n\u00eb MZ-dega e Mal\u00ebsis\u00eb fituam m\u00eb s\u00eb shumti vota, ndon\u00ebse jo shumic\u00ebn absolute. Koha e d\u00ebshmoi se politikisht nuk mund t\u00eb veprohet me sukses pa u shnd\u00ebrruar n\u00eb subjek politik, k\u00ebshtu q\u00eb ne vendos\u00ebm q\u00eb k\u00ebt\u00eb l\u00ebvizje ta regjistrojm\u00eb si parti politike. Prioritetet e mia si udh\u00ebheq\u00ebs, tashti i partis\u00eb ASH, mund t\u00eb k\u00ebrkohen n\u00eb prioritetet q\u00eb kishte Iniciativa Qytetare. Fakt se \u00ebsht\u00eb IQ ishte formuar me q\u00ebllim q\u00eb tzi dal\u00eb zot Mal\u00ebsis\u00eb, duke p\u00ebrkrahur formimin e komun\u00ebs, mir\u00ebpo t\u00eb vet\u00ebdijsh\u00ebm se p\u00ebr k\u00ebt\u00eb \u00e7\u00ebshtje vendoset n\u00eb nivele m\u00eb t\u00eb larta, ne n\u00eb zgjedhjet e kaluara, e besoj se ashtu do t\u00eb b\u00ebjm\u00eb edhe n\u00eb t\u00eb ardhmen, k\u00ebrkuam p\u00ebrkrahjen p\u00ebr t\u00eb prodhuar edhe deputetin. Sidoqoft\u00eb, \u00e7do veprimtari e jona edhe n\u00eb t\u00eb ardhmen do t\u00eb lidhet me angazhimet p\u00ebr nd\u00ebrrimin e statusit t\u00eb Mal\u00ebsis\u00eb n\u00eb komun\u00eb t\u00eb plot\u00eb, n\u00eb m\u00ebnyr\u00eb q\u00eb edhe Mal\u00ebsia t\u00eb ket\u00eb administrat\u00ebn e plot\u00eb si edhe t\u00eb gjitha komunat e tjera n\u00eb Mal t\u00eb Zi. Aspirat\u00eb tjet\u00ebr e jona do t\u00eb jet\u00eb q\u00eb komun\u00ebn e Mal\u00ebsis\u00eb ta qeverisim ne, ose m\u00eb mir\u00eb t\u00eb them, ta qeverisim s\u00eb bashku me ata q\u00eb mendojn\u00eb dhe veprojn\u00eb shqip. ASH gjithnj\u00eb do t\u00eb angazhohet q\u00eb t\u00eb jet\u00eb n\u00eb sh\u00ebrbim t\u00eb popullsis\u00eb lokale, \u00e7ka e kemi d\u00ebshmuar edhe me pun\u00ebn e deritashme.<br \/>\n<strong>Koha javore:<\/strong> Si e vler\u00ebsoni veprimtarin\u00eb e k\u00ebtij subjekti brenda k\u00ebsaj periudhe ?<br \/>\n<strong>Gj. Camaj: <\/strong>Vler\u00ebsimin m\u00eb t\u00eb mir\u00eb mund ta japin ata q\u00eb na e dhan\u00eb besimin dhe besoj se p\u00ebrgjigjen adekuate do ta fitojm\u00eb n\u00eb zgjedhjet e radh\u00ebs. Sidoqoft\u00eb, jam m\u00eb se i bindur se ne i kemi ndejtur besnik\u00eb asaj p\u00ebr \u00e7ka kemi folur q\u00eb nga fillimi, por \u00ebsht\u00eb e njohur se nuk varet gjith\u00e7ka nga ne, p\u00ebr faktin se nuk e kemi shumic\u00ebn absolute, po aq edhe nga fakti se mekanizmat kontrollues t\u00eb shtetit jan\u00eb tejet t\u00eb centralizuar dhe madje as komunat e plota nuk po mund t\u00eb vendosin p\u00ebr shum\u00eb\u00e7ka, si bie fjala p\u00ebr bregdetin, p\u00ebr pyjet, p\u00ebr vreshtat etj. Si do q\u00eb t\u00eb jet\u00eb, angazhimet nuk kan\u00eb munguar, as nuk do t\u00eb mungojn\u00eb n\u00eb t\u00eb ardhmen, as n\u00eb raport me k\u00ebrkes\u00ebn permanente p\u00ebr Komun\u00eb, as n\u00eb raport me shum\u00eb k\u00ebrkesa q\u00eb presin zgjidhje n\u00eb shkall\u00eb m\u00eb t\u00eb lart\u00eb, ku deputeti yn\u00eb angazhohet p\u00ebr ndryshimet adekuate t\u00eb ligjeve q\u00eb kan\u00eb t\u00eb b\u00ebjn\u00eb me t\u00eb drejtat e pakicave.<br \/>\n<strong>Koha javore:<\/strong> \u00c7far\u00eb e dallon ASH nga subjektet e tjera politike shqiptare n\u00eb Mal t\u00eb Zi ?<br \/>\n<strong>Gj. Camaj:<\/strong> Vet\u00eb emri i subjektit flet p\u00ebr nj\u00eb alternativ\u00eb t\u00eb re, e cila ndoshta n\u00eb kuptimin teorik t\u00eb ndryshueshm\u00ebris\u00eb nuk ofron shum\u00eb, pasi q\u00eb edhe subjektet e tjera kan\u00eb potencuar k\u00ebrkesa t\u00eb ngjashme me tonat. Mir\u00ebpo, n\u00eb praktik\u00eb ASH ka vepruar disi ndryshe, e k\u00ebt\u00eb ndryshim e ka v\u00ebrejtur edhe popullsia lokale, e cila na ka dh\u00ebn\u00eb besimin.<br \/>\nN\u00eb aspektin organizativ, ASH ka nj\u00eb ndryshim nga t\u00eb tjer\u00ebt, q\u00eb mund t\u00eb them se \u00ebsht\u00eb m\u00ebsim nga gabimet e tyre, sepse statusi yn\u00eb nuk lejon dyfishimin e pozitave. K\u00ebshtu q\u00eb nuk ka mund\u00ebsi keqp\u00ebrdorimi, apo krijimit t\u00eb subjektit politik q\u00eb do t\u00eb varej vet\u00ebm nga nj\u00eb em\u00ebr. Po ashtu dua t\u00eb potencoj edhe faktin se ASH, mjetet q\u00eb i merr nga buxheti, pra q\u00eb i takojn\u00eb me ligj nuk i ruan n\u00eb rezerva, as nuk i v\u00eb n\u00eb sh\u00ebrbim t\u00eb nj\u00eb luksi partiak, por ato i ndan me qytetar\u00eb, duke financuar aktivitete n\u00eb vise t\u00eb ndryshme t\u00eb Mal\u00ebsis\u00eb, duke ndihmuar familjet n\u00eb nevoj\u00eb, e sidomos n\u00eb furnizim me uj\u00eb t\u00eb pish\u00ebm.<br \/>\n<strong>Koha javore:<\/strong> Si q\u00ebndrojn\u00eb marr\u00ebdh\u00ebniet midis koalicionit n\u00eb KU t\u00eb Tuzit?<br \/>\n<strong>Gj. Camaj:<\/strong> Ne jemi n\u00eb koalicion parazgjedhor me LD-n\u00eb me t\u00eb cil\u00ebn fituam 10 mandate, \u00e7ka nuk siguroi shumnic\u00ebn absolute, k\u00ebshtu q\u00eb pat\u00ebm b\u00ebr\u00eb nj\u00eb marr\u00ebveshje me PSP, t\u00eb cil\u00ebt n\u00eb raport me komun\u00ebn e Tuzit n\u00eb opinion shprehin mendime t\u00eb nj\u00ebjta me ne. S\u00eb bashku me ta krijuam shumic\u00eb dhe ky nj\u00ebmb\u00ebdhjet\u00ebsh funksionoi normalisht deri n\u00eb seanc\u00ebn e e 12-t\u00eb t\u00eb Kuvendit, kur ASH doli me propozimin e evt p\u00ebr referendum. N\u00eb t\u00eb nj\u00ebjt\u00ebn koh\u00eb edhe PSP doli me propozimin e vet, k\u00ebshtu q\u00eb momenti i ri krijoji situat\u00eb t\u00eb re. Kjo shkaktoi nj\u00eb kriz\u00eb q\u00eb jo von\u00eb u kap\u00ebrcye me mir\u00ebkuptim, k\u00ebshtu q\u00eb atyre q\u00eb pritnin dhe d\u00ebshironin zgjedhje t\u00eb parakoh\u00ebshme u mbeten planet e parealizuara. Tani kemi nj\u00eb nj\u00ebmb\u00ebdhjet\u00ebsh stabil, ndon\u00ebse pa marr\u00ebveshje koalicioni me PSP. PSP-ja doli me deklarat\u00ebn se do ta p\u00ebrkrahi koalicionin LD -ASH n\u00eb ato raste kur ata ta vler\u00ebsojn\u00eb se \u00ebsht\u00eb p\u00ebr t\u00eb mir\u00ebn e Mal\u00ebsis\u00eb, kurse n\u00eb rastet e tjera vet\u00ebm do t\u00eb b\u00ebjn\u00eb kuorumin. Sa i p\u00ebrket bashk\u00ebpunimit me LD-n\u00eb, ai \u00ebsht\u00eb n\u00eb baza t\u00eb sh\u00ebndosha dhe mb\u00ebshtetet n\u00eb mir\u00ebkuptim e toleranc\u00eb reciproke, ku \u00e7do marr\u00ebveshje arrihet me kompromis. Shpresoj se me LD-n\u00eb ndajm\u00eb shum\u00eb vlera, andaj nuk shoh nevoj\u00eb q\u00eb as n\u00eb t\u00eb ardhmen t\u00eb paraqiten raporte tjera, edhe pse ka \u00e7\u00ebshtje p\u00ebr t\u00eb cilat nuk mendojm\u00eb nj\u00ebsoj, \u00e7ka \u00ebsht\u00eb krejt e natyrshme n\u00eb pluralizmin politik.<br \/>\n<strong>Koha javore:<\/strong> A \u00ebsht\u00eb t\u00ebrhequr ASH nga referendumi p\u00ebr komun\u00eb t\u00eb plot\u00eb t\u00eb Tuzit ?<br \/>\n<strong>Gj. Camaj:<\/strong> ASH nuk \u00ebsht\u00eb t\u00ebrhequr nga vlera kryesore q\u00eb \u00ebsht\u00eb pik\u00ebnisje e veprimtaris\u00eb s\u00eb saj, e ajo \u00ebsht\u00eb komuna e plot\u00eb. Kjo \u00ebsht\u00eb me r\u00ebnd\u00ebsi, kurse p\u00ebr rrug\u00ebt e realizimit t\u00eb k\u00ebtij pik\u00ebsynimi ne vazhdojm\u00eb t\u00eb punojm\u00eb e t\u00eb konsultohemi me partner\u00ebt tan\u00eb dhe me miqt\u00eb e shumt\u00eb, si k\u00ebtu, ashtu edhe n\u00eb diaspor\u00eb. Nga referendumi natyrisht se nuk kemi hequr dor\u00eb dhe at\u00eb e shohim vet\u00ebm si nj\u00ebr\u00ebn nga rrug\u00ebt dhe mund\u00ebsit\u00eb p\u00ebr t\u00eb arritur objektivin ton\u00eb. Por, n\u00ebse ajo do t\u00eb mund t\u00eb arrihet me mjete tjera, ne referendumin nuk e mbajm\u00eb p\u00ebr lib\u00ebr i shenjt\u00eb q\u00eb t\u00eb lidhemi vet\u00ebm p\u00ebr tij. Natyrisht se si kryetar do t\u00eb p\u00ebrkrahi \u00e7do vendim definitiv q\u00eb do t\u00eb marr\u00eb kryesia e partis\u00eb.<br \/>\n<strong>Koha javore:<\/strong> Dhe n\u00eb fund z. Camaj \u00e7far\u00eb ju shtyri q\u00eb t\u00eb merreni me politik\u00eb?<br \/>\n<strong>Gj.Camaj: <\/strong>Ndoshta pyetja m\u00eb me vend do t\u00eb ishte e b\u00ebr\u00eb anasjelltas. Pse deri tani nuk u ky\u00e7e n\u00eb politik\u00eb? P\u00ebrgjigjen komplete do t\u00eb l\u00eb p\u00ebr nj\u00eb rast tjet\u00ebr. Kurse sot mund t\u00eb them se nevoja ime q\u00eb t\u00eb kontribuoj n\u00eb drejtim t\u00eb themelimit t\u00eb komun\u00ebs p\u00ebr Mal\u00ebsin\u00eb m\u00eb shtyri q\u00eb t\u00eb mos rri anash. Kjo nevoj\u00eb imja sidomos vinte duke u rritur nga ftesat e shumta, sikurse edhe nga individ\u00eb t\u00eb tjer\u00eb n\u00eb Mal\u00ebsi dhe nga dashamir\u00ebt e k\u00ebsaj l\u00ebvizjeje. Ajo q\u00eb mua m\u00eb jep forc\u00eb dhe vullnet \u00ebsht\u00eb fakti se mendoj se rreth vetes kemi nj\u00eb ekip t\u00eb mir\u00eb dhe plot vullnet p\u00ebr ta \u00e7uar \u00e7\u00ebshtjen ton\u00eb p\u00ebrpara. Sikurse iu bashkangjita un\u00eb, pres q\u00eb t\u00eb na bashkangjiten edhe shum\u00eb t\u00eb tjer\u00eb e ti dalim zot Mal\u00ebsis\u00eb, se ajo ka nevoj\u00ebn e \u00e7do biri t\u00eb saj.<br \/>\n<strong>Burimi \/ Kohapress<br \/>\n<\/strong><\/p>\n","protected":false},"excerpt":{"rendered":"<p><img loading=\"lazy\" class=\"alignleft\" title=\"Gjergj Camaj\" src=\"http:\/\/www.kohajavore.cg.yu\/slike\/1217233339.jpg\" alt=\"\" width=\"140\" height=\"140\" \/><\/p>\n","protected":false},"author":1,"featured_media":0,"comment_status":"open","ping_status":"closed","sticky":false,"template":"","format":"standard","meta":{"spay_email":"","jetpack_publicize_message":"","jetpack_is_tweetstorm":false,"jetpack_publicize_feature_enabled":true},"categories":[5,12],"tags":[4249],"jetpack_publicize_connections":[],"yoast_head":"<!-- This site is optimized with the Yoast SEO plugin v19.1 - https:\/\/yoast.com\/wordpress\/plugins\/seo\/ -->\n<title>Intervist\u00eb me kryetarin e Alternativ\u00ebs Shqiptare, Gjergj Camaj - Lajme nga Ulqini<\/title>\n<meta name=\"robots\" content=\"index, follow, max-snippet:-1, max-image-preview:large, max-video-preview:-1\" \/>\n<link rel=\"canonical\" href=\"https:\/\/www.visit-ulcinj.com\/blog\/2008\/08\/04\/interviste-me-kryetarin-e-alternatives-shqiptare-gjergj-camaj\/\" \/>\n<meta property=\"og:locale\" content=\"en_US\" \/>\n<meta property=\"og:type\" content=\"article\" \/>\n<meta property=\"og:title\" content=\"Intervist\u00eb me kryetarin e Alternativ\u00ebs Shqiptare, Gjergj Camaj - Lajme nga Ulqini\" \/>\n<meta property=\"og:url\" content=\"https:\/\/www.visit-ulcinj.com\/blog\/2008\/08\/04\/interviste-me-kryetarin-e-alternatives-shqiptare-gjergj-camaj\/\" \/>\n<meta property=\"og:site_name\" content=\"Lajme nga Ulqini\" \/>\n<meta property=\"article:published_time\" content=\"2008-08-04T13:32:54+00:00\" \/>\n<meta property=\"og:image\" content=\"http:\/\/www.kohajavore.cg.yu\/slike\/1217233339.jpg\" \/>\n<meta name=\"twitter:label1\" content=\"Written by\" \/>\n\t<meta name=\"twitter:data1\" content=\"ulqini\" \/>\n\t<meta name=\"twitter:label2\" content=\"Est. reading time\" \/>\n\t<meta name=\"twitter:data2\" content=\"7 minutes\" \/>\n<script type=\"application\/ld+json\" class=\"yoast-schema-graph\">{\"@context\":\"https:\/\/schema.org\",\"@graph\":[{\"@type\":\"WebSite\",\"@id\":\"https:\/\/www.visit-ulcinj.com\/blog\/#website\",\"url\":\"https:\/\/www.visit-ulcinj.com\/blog\/\",\"name\":\"Lajme nga Ulqini\",\"description\":\"Lajme,Vijesti,Ulqini,Ulqin,Crna Gora,Mali i Zi\",\"potentialAction\":[{\"@type\":\"SearchAction\",\"target\":{\"@type\":\"EntryPoint\",\"urlTemplate\":\"https:\/\/www.visit-ulcinj.com\/blog\/?s={search_term_string}\"},\"query-input\":\"required name=search_term_string\"}],\"inLanguage\":\"en-US\"},{\"@type\":\"ImageObject\",\"inLanguage\":\"en-US\",\"@id\":\"https:\/\/www.visit-ulcinj.com\/blog\/2008\/08\/04\/interviste-me-kryetarin-e-alternatives-shqiptare-gjergj-camaj\/#primaryimage\",\"url\":\"http:\/\/www.kohajavore.cg.yu\/slike\/1217233339.jpg\",\"contentUrl\":\"http:\/\/www.kohajavore.cg.yu\/slike\/1217233339.jpg\"},{\"@type\":\"WebPage\",\"@id\":\"https:\/\/www.visit-ulcinj.com\/blog\/2008\/08\/04\/interviste-me-kryetarin-e-alternatives-shqiptare-gjergj-camaj\/#webpage\",\"url\":\"https:\/\/www.visit-ulcinj.com\/blog\/2008\/08\/04\/interviste-me-kryetarin-e-alternatives-shqiptare-gjergj-camaj\/\",\"name\":\"Intervist\u00eb me kryetarin e Alternativ\u00ebs Shqiptare, Gjergj Camaj - Lajme nga Ulqini\",\"isPartOf\":{\"@id\":\"https:\/\/www.visit-ulcinj.com\/blog\/#website\"},\"primaryImageOfPage\":{\"@id\":\"https:\/\/www.visit-ulcinj.com\/blog\/2008\/08\/04\/interviste-me-kryetarin-e-alternatives-shqiptare-gjergj-camaj\/#primaryimage\"},\"datePublished\":\"2008-08-04T13:32:54+00:00\",\"dateModified\":\"2008-08-04T13:32:54+00:00\",\"author\":{\"@id\":\"https:\/\/www.visit-ulcinj.com\/blog\/#\/schema\/person\/dcab619c614d3038751c63bc2aadc06d\"},\"breadcrumb\":{\"@id\":\"https:\/\/www.visit-ulcinj.com\/blog\/2008\/08\/04\/interviste-me-kryetarin-e-alternatives-shqiptare-gjergj-camaj\/#breadcrumb\"},\"inLanguage\":\"en-US\",\"potentialAction\":[{\"@type\":\"ReadAction\",\"target\":[\"https:\/\/www.visit-ulcinj.com\/blog\/2008\/08\/04\/interviste-me-kryetarin-e-alternatives-shqiptare-gjergj-camaj\/\"]}]},{\"@type\":\"BreadcrumbList\",\"@id\":\"https:\/\/www.visit-ulcinj.com\/blog\/2008\/08\/04\/interviste-me-kryetarin-e-alternatives-shqiptare-gjergj-camaj\/#breadcrumb\",\"itemListElement\":[{\"@type\":\"ListItem\",\"position\":1,\"name\":\"Intervist\u00eb me kryetarin e Alternativ\u00ebs Shqiptare, Gjergj Camaj\"}]},{\"@type\":\"Person\",\"@id\":\"https:\/\/www.visit-ulcinj.com\/blog\/#\/schema\/person\/dcab619c614d3038751c63bc2aadc06d\",\"name\":\"ulqini\",\"sameAs\":[\"http:\/\/www.visit-ulcinj.com\"],\"url\":\"https:\/\/www.visit-ulcinj.com\/blog\/author\/admin\/\"}]}<\/script>\n<!-- \/ Yoast SEO plugin. -->","yoast_head_json":{"title":"Intervist\u00eb me kryetarin e Alternativ\u00ebs Shqiptare, Gjergj Camaj - Lajme nga Ulqini","robots":{"index":"index","follow":"follow","max-snippet":"max-snippet:-1","max-image-preview":"max-image-preview:large","max-video-preview":"max-video-preview:-1"},"canonical":"https:\/\/www.visit-ulcinj.com\/blog\/2008\/08\/04\/interviste-me-kryetarin-e-alternatives-shqiptare-gjergj-camaj\/","og_locale":"en_US","og_type":"article","og_title":"Intervist\u00eb me kryetarin e Alternativ\u00ebs Shqiptare, Gjergj Camaj - Lajme nga Ulqini","og_url":"https:\/\/www.visit-ulcinj.com\/blog\/2008\/08\/04\/interviste-me-kryetarin-e-alternatives-shqiptare-gjergj-camaj\/","og_site_name":"Lajme nga Ulqini","article_published_time":"2008-08-04T13:32:54+00:00","og_image":[{"url":"http:\/\/www.kohajavore.cg.yu\/slike\/1217233339.jpg"}],"twitter_misc":{"Written by":"ulqini","Est. reading time":"7 minutes"},"schema":{"@context":"https:\/\/schema.org","@graph":[{"@type":"WebSite","@id":"https:\/\/www.visit-ulcinj.com\/blog\/#website","url":"https:\/\/www.visit-ulcinj.com\/blog\/","name":"Lajme nga Ulqini","description":"Lajme,Vijesti,Ulqini,Ulqin,Crna Gora,Mali i Zi","potentialAction":[{"@type":"SearchAction","target":{"@type":"EntryPoint","urlTemplate":"https:\/\/www.visit-ulcinj.com\/blog\/?s={search_term_string}"},"query-input":"required name=search_term_string"}],"inLanguage":"en-US"},{"@type":"ImageObject","inLanguage":"en-US","@id":"https:\/\/www.visit-ulcinj.com\/blog\/2008\/08\/04\/interviste-me-kryetarin-e-alternatives-shqiptare-gjergj-camaj\/#primaryimage","url":"http:\/\/www.kohajavore.cg.yu\/slike\/1217233339.jpg","contentUrl":"http:\/\/www.kohajavore.cg.yu\/slike\/1217233339.jpg"},{"@type":"WebPage","@id":"https:\/\/www.visit-ulcinj.com\/blog\/2008\/08\/04\/interviste-me-kryetarin-e-alternatives-shqiptare-gjergj-camaj\/#webpage","url":"https:\/\/www.visit-ulcinj.com\/blog\/2008\/08\/04\/interviste-me-kryetarin-e-alternatives-shqiptare-gjergj-camaj\/","name":"Intervist\u00eb me kryetarin e Alternativ\u00ebs Shqiptare, Gjergj Camaj - Lajme nga Ulqini","isPartOf":{"@id":"https:\/\/www.visit-ulcinj.com\/blog\/#website"},"primaryImageOfPage":{"@id":"https:\/\/www.visit-ulcinj.com\/blog\/2008\/08\/04\/interviste-me-kryetarin-e-alternatives-shqiptare-gjergj-camaj\/#primaryimage"},"datePublished":"2008-08-04T13:32:54+00:00","dateModified":"2008-08-04T13:32:54+00:00","author":{"@id":"https:\/\/www.visit-ulcinj.com\/blog\/#\/schema\/person\/dcab619c614d3038751c63bc2aadc06d"},"breadcrumb":{"@id":"https:\/\/www.visit-ulcinj.com\/blog\/2008\/08\/04\/interviste-me-kryetarin-e-alternatives-shqiptare-gjergj-camaj\/#breadcrumb"},"inLanguage":"en-US","potentialAction":[{"@type":"ReadAction","target":["https:\/\/www.visit-ulcinj.com\/blog\/2008\/08\/04\/interviste-me-kryetarin-e-alternatives-shqiptare-gjergj-camaj\/"]}]},{"@type":"BreadcrumbList","@id":"https:\/\/www.visit-ulcinj.com\/blog\/2008\/08\/04\/interviste-me-kryetarin-e-alternatives-shqiptare-gjergj-camaj\/#breadcrumb","itemListElement":[{"@type":"ListItem","position":1,"name":"Intervist\u00eb me kryetarin e Alternativ\u00ebs Shqiptare, Gjergj Camaj"}]},{"@type":"Person","@id":"https:\/\/www.visit-ulcinj.com\/blog\/#\/schema\/person\/dcab619c614d3038751c63bc2aadc06d","name":"ulqini","sameAs":["http:\/\/www.visit-ulcinj.com"],"url":"https:\/\/www.visit-ulcinj.com\/blog\/author\/admin\/"}]}},"jetpack_featured_media_url":"","jetpack_sharing_enabled":true,"jetpack_shortlink":"https:\/\/wp.me\/pe6lTn-zV","_links":{"self":[{"href":"https:\/\/www.visit-ulcinj.com\/blog\/wp-json\/wp\/v2\/posts\/2227"}],"collection":[{"href":"https:\/\/www.visit-ulcinj.com\/blog\/wp-json\/wp\/v2\/posts"}],"about":[{"href":"https:\/\/www.visit-ulcinj.com\/blog\/wp-json\/wp\/v2\/types\/post"}],"author":[{"embeddable":true,"href":"https:\/\/www.visit-ulcinj.com\/blog\/wp-json\/wp\/v2\/users\/1"}],"replies":[{"embeddable":true,"href":"https:\/\/www.visit-ulcinj.com\/blog\/wp-json\/wp\/v2\/comments?post=2227"}],"version-history":[{"count":0,"href":"https:\/\/www.visit-ulcinj.com\/blog\/wp-json\/wp\/v2\/posts\/2227\/revisions"}],"wp:attachment":[{"href":"https:\/\/www.visit-ulcinj.com\/blog\/wp-json\/wp\/v2\/media?parent=2227"}],"wp:term":[{"taxonomy":"category","embeddable":true,"href":"https:\/\/www.visit-ulcinj.com\/blog\/wp-json\/wp\/v2\/categories?post=2227"},{"taxonomy":"post_tag","embeddable":true,"href":"https:\/\/www.visit-ulcinj.com\/blog\/wp-json\/wp\/v2\/tags?post=2227"}],"curies":[{"name":"wp","href":"https:\/\/api.w.org\/{rel}","templated":true}]}}