{"id":22277,"date":"2009-05-31T21:05:03","date_gmt":"2009-05-31T19:05:03","guid":{"rendered":"http:\/\/www.visit-ulcinj.com\/blog\/?p=22277"},"modified":"2009-05-31T21:16:14","modified_gmt":"2009-05-31T19:16:14","slug":"mbahet-forum-biznesi-mes-shqiperise-dhe-malit-te-zi","status":"publish","type":"post","link":"https:\/\/www.visit-ulcinj.com\/blog\/2009\/05\/31\/mbahet-forum-biznesi-mes-shqiperise-dhe-malit-te-zi\/","title":{"rendered":"Mbahet forum biznesi mes Shqip\u00ebris\u00eb dhe Malit t\u00eb Zi"},"content":{"rendered":"<p><img loading=\"lazy\" class=\"alignleft size-full wp-image-22278\" title=\"predsjednik-crnogorske-komore-velimir-mijuskovic\" src=\"http:\/\/www.visit-ulcinj.com\/blog\/wp-content\/uploads\/2009\/05\/predsjednik-crnogorske-komore-velimir-mijuskovic.jpg\" alt=\"predsjednik-crnogorske-komore-velimir-mijuskovic\" width=\"580\" height=\"400\" \/>Tiran\u00eb, 30 maj- Dje n\u00eb Tiran\u00eb u mbajt, forumi i par\u00eb i biznesit mes Shqip\u00ebris\u00eb dhe Malit t\u00eb Zi, i organizuar nga dhomat e treg\u00ebtis\u00eb s\u00eb dy vendeve.<br \/>\nGjok Uldedaj, kryetar i Dhom\u00ebs s\u00eb Tregtis\u00eb dhe homologu malazez Mijushkovi\u00e7 kan\u00eb b\u00ebr\u00eb thirrje p\u00ebr rritje t\u00eb bashk\u00ebpunimit ekonomik dhe shk\u00ebmbimeve tregtare mes dy vendeve. Mali i Zi, Shqip\u00ebria dhe Kosova, jan\u00eb t\u00eb vetmet vende t\u00eb rajonit q\u00eb kan\u00eb nj\u00eb bilanc tregtar pozitiv.<br \/>\nSipas ekspert\u00ebve, pavar\u00ebsisht rritjes s\u00eb fort\u00eb t\u00eb sh\u00ebnuar vitet e fundit pas n\u00ebnshkrimit t\u00eb marr\u00ebveshjes s\u00eb tregtis\u00eb s\u00eb lir\u00eb, Cefta, treg\u00ebtia n\u00eb Shqip\u00ebri dhe rajon mbtet ende e ul\u00ebt.<\/p>\n<p><strong>Bota Sot<\/strong><\/p>\n","protected":false},"excerpt":{"rendered":"<p>Tiran\u00eb, 30 maj- Dje n\u00eb Tiran\u00eb u mbajt, forumi i par\u00eb i biznesit mes Shqip\u00ebris\u00eb dhe Malit t\u00eb Zi, i organizuar nga dhomat e treg\u00ebtis\u00eb s\u00eb dy vendeve. Gjok Uldedaj, kryetar i Dhom\u00ebs s\u00eb Tregtis\u00eb dhe homologu malazez Mijushkovi\u00e7 kan\u00eb b\u00ebr\u00eb thirrje p\u00ebr rritje t\u00eb bashk\u00ebpunimit ekonomik dhe shk\u00ebmbimeve tregtare mes dy vendeve. Mali i [&hellip;]<\/p>\n","protected":false},"author":1,"featured_media":0,"comment_status":"open","ping_status":"closed","sticky":false,"template":"","format":"standard","meta":{"spay_email":"","jetpack_publicize_message":"","jetpack_is_tweetstorm":false,"jetpack_publicize_feature_enabled":true},"categories":[14],"tags":[6149,95,50,10866],"jetpack_publicize_connections":[],"yoast_head":"<!-- This site is optimized with the Yoast SEO plugin v19.1 - https:\/\/yoast.com\/wordpress\/plugins\/seo\/ -->\n<title>Mbahet forum biznesi mes Shqip\u00ebris\u00eb dhe Malit t\u00eb Zi - Lajme nga Ulqini<\/title>\n<meta name=\"description\" content=\"Tiran\u00eb, 30 maj- Dje n\u00eb Tiran\u00eb u mbajt, forumi i par\u00eb i biznesit mes Shqip\u00ebris\u00eb dhe Malit t\u00eb Zi, i organizuar nga dhomat e treg\u00ebtis\u00eb s\u00eb dy vendeve. Gjok\" \/>\n<meta name=\"robots\" content=\"index, follow, max-snippet:-1, max-image-preview:large, max-video-preview:-1\" \/>\n<link rel=\"canonical\" href=\"https:\/\/www.visit-ulcinj.com\/blog\/2009\/05\/31\/mbahet-forum-biznesi-mes-shqiperise-dhe-malit-te-zi\/\" \/>\n<meta property=\"og:locale\" content=\"en_US\" \/>\n<meta property=\"og:type\" content=\"article\" \/>\n<meta property=\"og:title\" content=\"Mbahet forum biznesi mes Shqip\u00ebris\u00eb dhe Malit t\u00eb Zi - Lajme nga Ulqini\" \/>\n<meta property=\"og:description\" content=\"Tiran\u00eb, 30 maj- Dje n\u00eb Tiran\u00eb u mbajt, forumi i par\u00eb i biznesit mes Shqip\u00ebris\u00eb dhe Malit t\u00eb Zi, i organizuar nga dhomat e treg\u00ebtis\u00eb s\u00eb dy vendeve. Gjok\" \/>\n<meta property=\"og:url\" content=\"https:\/\/www.visit-ulcinj.com\/blog\/2009\/05\/31\/mbahet-forum-biznesi-mes-shqiperise-dhe-malit-te-zi\/\" \/>\n<meta property=\"og:site_name\" content=\"Lajme nga Ulqini\" \/>\n<meta property=\"article:published_time\" content=\"2009-05-31T19:05:03+00:00\" \/>\n<meta property=\"article:modified_time\" content=\"2009-05-31T19:16:14+00:00\" \/>\n<meta property=\"og:image\" content=\"http:\/\/www.visit-ulcinj.com\/blog\/wp-content\/uploads\/2009\/05\/predsjednik-crnogorske-komore-velimir-mijuskovic.jpg\" \/>\n<meta name=\"twitter:label1\" content=\"Written by\" \/>\n\t<meta name=\"twitter:data1\" content=\"ulqini\" \/>\n\t<meta name=\"twitter:label2\" content=\"Est. reading time\" \/>\n\t<meta name=\"twitter:data2\" content=\"1 minute\" \/>\n<script type=\"application\/ld+json\" class=\"yoast-schema-graph\">{\"@context\":\"https:\/\/schema.org\",\"@graph\":[{\"@type\":\"WebSite\",\"@id\":\"https:\/\/www.visit-ulcinj.com\/blog\/#website\",\"url\":\"https:\/\/www.visit-ulcinj.com\/blog\/\",\"name\":\"Lajme nga Ulqini\",\"description\":\"Lajme,Vijesti,Ulqini,Ulqin,Crna Gora,Mali i Zi\",\"potentialAction\":[{\"@type\":\"SearchAction\",\"target\":{\"@type\":\"EntryPoint\",\"urlTemplate\":\"https:\/\/www.visit-ulcinj.com\/blog\/?s={search_term_string}\"},\"query-input\":\"required name=search_term_string\"}],\"inLanguage\":\"en-US\"},{\"@type\":\"ImageObject\",\"inLanguage\":\"en-US\",\"@id\":\"https:\/\/www.visit-ulcinj.com\/blog\/2009\/05\/31\/mbahet-forum-biznesi-mes-shqiperise-dhe-malit-te-zi\/#primaryimage\",\"url\":\"https:\/\/www.visit-ulcinj.com\/blog\/wp-content\/uploads\/2009\/05\/predsjednik-crnogorske-komore-velimir-mijuskovic.jpg\",\"contentUrl\":\"https:\/\/www.visit-ulcinj.com\/blog\/wp-content\/uploads\/2009\/05\/predsjednik-crnogorske-komore-velimir-mijuskovic.jpg\",\"width\":\"640\",\"height\":\"510\"},{\"@type\":\"WebPage\",\"@id\":\"https:\/\/www.visit-ulcinj.com\/blog\/2009\/05\/31\/mbahet-forum-biznesi-mes-shqiperise-dhe-malit-te-zi\/#webpage\",\"url\":\"https:\/\/www.visit-ulcinj.com\/blog\/2009\/05\/31\/mbahet-forum-biznesi-mes-shqiperise-dhe-malit-te-zi\/\",\"name\":\"Mbahet forum biznesi mes Shqip\u00ebris\u00eb dhe Malit t\u00eb Zi - Lajme nga Ulqini\",\"isPartOf\":{\"@id\":\"https:\/\/www.visit-ulcinj.com\/blog\/#website\"},\"primaryImageOfPage\":{\"@id\":\"https:\/\/www.visit-ulcinj.com\/blog\/2009\/05\/31\/mbahet-forum-biznesi-mes-shqiperise-dhe-malit-te-zi\/#primaryimage\"},\"datePublished\":\"2009-05-31T19:05:03+00:00\",\"dateModified\":\"2009-05-31T19:16:14+00:00\",\"author\":{\"@id\":\"https:\/\/www.visit-ulcinj.com\/blog\/#\/schema\/person\/dcab619c614d3038751c63bc2aadc06d\"},\"description\":\"Tiran\u00eb, 30 maj- Dje n\u00eb Tiran\u00eb u mbajt, forumi i par\u00eb i biznesit mes Shqip\u00ebris\u00eb dhe Malit t\u00eb Zi, i organizuar nga dhomat e treg\u00ebtis\u00eb s\u00eb dy vendeve. Gjok\",\"breadcrumb\":{\"@id\":\"https:\/\/www.visit-ulcinj.com\/blog\/2009\/05\/31\/mbahet-forum-biznesi-mes-shqiperise-dhe-malit-te-zi\/#breadcrumb\"},\"inLanguage\":\"en-US\",\"potentialAction\":[{\"@type\":\"ReadAction\",\"target\":[\"https:\/\/www.visit-ulcinj.com\/blog\/2009\/05\/31\/mbahet-forum-biznesi-mes-shqiperise-dhe-malit-te-zi\/\"]}]},{\"@type\":\"BreadcrumbList\",\"@id\":\"https:\/\/www.visit-ulcinj.com\/blog\/2009\/05\/31\/mbahet-forum-biznesi-mes-shqiperise-dhe-malit-te-zi\/#breadcrumb\",\"itemListElement\":[{\"@type\":\"ListItem\",\"position\":1,\"name\":\"Mbahet forum biznesi mes Shqip\u00ebris\u00eb dhe Malit t\u00eb Zi\"}]},{\"@type\":\"Person\",\"@id\":\"https:\/\/www.visit-ulcinj.com\/blog\/#\/schema\/person\/dcab619c614d3038751c63bc2aadc06d\",\"name\":\"ulqini\",\"sameAs\":[\"http:\/\/www.visit-ulcinj.com\"],\"url\":\"https:\/\/www.visit-ulcinj.com\/blog\/author\/admin\/\"}]}<\/script>\n<!-- \/ Yoast SEO plugin. -->","yoast_head_json":{"title":"Mbahet forum biznesi mes Shqip\u00ebris\u00eb dhe Malit t\u00eb Zi - Lajme nga Ulqini","description":"Tiran\u00eb, 30 maj- Dje n\u00eb Tiran\u00eb u mbajt, forumi i par\u00eb i biznesit mes Shqip\u00ebris\u00eb dhe Malit t\u00eb Zi, i organizuar nga dhomat e treg\u00ebtis\u00eb s\u00eb dy vendeve. Gjok","robots":{"index":"index","follow":"follow","max-snippet":"max-snippet:-1","max-image-preview":"max-image-preview:large","max-video-preview":"max-video-preview:-1"},"canonical":"https:\/\/www.visit-ulcinj.com\/blog\/2009\/05\/31\/mbahet-forum-biznesi-mes-shqiperise-dhe-malit-te-zi\/","og_locale":"en_US","og_type":"article","og_title":"Mbahet forum biznesi mes Shqip\u00ebris\u00eb dhe Malit t\u00eb Zi - Lajme nga Ulqini","og_description":"Tiran\u00eb, 30 maj- Dje n\u00eb Tiran\u00eb u mbajt, forumi i par\u00eb i biznesit mes Shqip\u00ebris\u00eb dhe Malit t\u00eb Zi, i organizuar nga dhomat e treg\u00ebtis\u00eb s\u00eb dy vendeve. Gjok","og_url":"https:\/\/www.visit-ulcinj.com\/blog\/2009\/05\/31\/mbahet-forum-biznesi-mes-shqiperise-dhe-malit-te-zi\/","og_site_name":"Lajme nga Ulqini","article_published_time":"2009-05-31T19:05:03+00:00","article_modified_time":"2009-05-31T19:16:14+00:00","og_image":[{"url":"http:\/\/www.visit-ulcinj.com\/blog\/wp-content\/uploads\/2009\/05\/predsjednik-crnogorske-komore-velimir-mijuskovic.jpg"}],"twitter_misc":{"Written by":"ulqini","Est. reading time":"1 minute"},"schema":{"@context":"https:\/\/schema.org","@graph":[{"@type":"WebSite","@id":"https:\/\/www.visit-ulcinj.com\/blog\/#website","url":"https:\/\/www.visit-ulcinj.com\/blog\/","name":"Lajme nga Ulqini","description":"Lajme,Vijesti,Ulqini,Ulqin,Crna Gora,Mali i Zi","potentialAction":[{"@type":"SearchAction","target":{"@type":"EntryPoint","urlTemplate":"https:\/\/www.visit-ulcinj.com\/blog\/?s={search_term_string}"},"query-input":"required name=search_term_string"}],"inLanguage":"en-US"},{"@type":"ImageObject","inLanguage":"en-US","@id":"https:\/\/www.visit-ulcinj.com\/blog\/2009\/05\/31\/mbahet-forum-biznesi-mes-shqiperise-dhe-malit-te-zi\/#primaryimage","url":"https:\/\/www.visit-ulcinj.com\/blog\/wp-content\/uploads\/2009\/05\/predsjednik-crnogorske-komore-velimir-mijuskovic.jpg","contentUrl":"https:\/\/www.visit-ulcinj.com\/blog\/wp-content\/uploads\/2009\/05\/predsjednik-crnogorske-komore-velimir-mijuskovic.jpg","width":"640","height":"510"},{"@type":"WebPage","@id":"https:\/\/www.visit-ulcinj.com\/blog\/2009\/05\/31\/mbahet-forum-biznesi-mes-shqiperise-dhe-malit-te-zi\/#webpage","url":"https:\/\/www.visit-ulcinj.com\/blog\/2009\/05\/31\/mbahet-forum-biznesi-mes-shqiperise-dhe-malit-te-zi\/","name":"Mbahet forum biznesi mes Shqip\u00ebris\u00eb dhe Malit t\u00eb Zi - Lajme nga Ulqini","isPartOf":{"@id":"https:\/\/www.visit-ulcinj.com\/blog\/#website"},"primaryImageOfPage":{"@id":"https:\/\/www.visit-ulcinj.com\/blog\/2009\/05\/31\/mbahet-forum-biznesi-mes-shqiperise-dhe-malit-te-zi\/#primaryimage"},"datePublished":"2009-05-31T19:05:03+00:00","dateModified":"2009-05-31T19:16:14+00:00","author":{"@id":"https:\/\/www.visit-ulcinj.com\/blog\/#\/schema\/person\/dcab619c614d3038751c63bc2aadc06d"},"description":"Tiran\u00eb, 30 maj- Dje n\u00eb Tiran\u00eb u mbajt, forumi i par\u00eb i biznesit mes Shqip\u00ebris\u00eb dhe Malit t\u00eb Zi, i organizuar nga dhomat e treg\u00ebtis\u00eb s\u00eb dy vendeve. Gjok","breadcrumb":{"@id":"https:\/\/www.visit-ulcinj.com\/blog\/2009\/05\/31\/mbahet-forum-biznesi-mes-shqiperise-dhe-malit-te-zi\/#breadcrumb"},"inLanguage":"en-US","potentialAction":[{"@type":"ReadAction","target":["https:\/\/www.visit-ulcinj.com\/blog\/2009\/05\/31\/mbahet-forum-biznesi-mes-shqiperise-dhe-malit-te-zi\/"]}]},{"@type":"BreadcrumbList","@id":"https:\/\/www.visit-ulcinj.com\/blog\/2009\/05\/31\/mbahet-forum-biznesi-mes-shqiperise-dhe-malit-te-zi\/#breadcrumb","itemListElement":[{"@type":"ListItem","position":1,"name":"Mbahet forum biznesi mes Shqip\u00ebris\u00eb dhe Malit t\u00eb Zi"}]},{"@type":"Person","@id":"https:\/\/www.visit-ulcinj.com\/blog\/#\/schema\/person\/dcab619c614d3038751c63bc2aadc06d","name":"ulqini","sameAs":["http:\/\/www.visit-ulcinj.com"],"url":"https:\/\/www.visit-ulcinj.com\/blog\/author\/admin\/"}]}},"jetpack_featured_media_url":"","jetpack_sharing_enabled":true,"jetpack_shortlink":"https:\/\/wp.me\/pe6lTn-5Nj","_links":{"self":[{"href":"https:\/\/www.visit-ulcinj.com\/blog\/wp-json\/wp\/v2\/posts\/22277"}],"collection":[{"href":"https:\/\/www.visit-ulcinj.com\/blog\/wp-json\/wp\/v2\/posts"}],"about":[{"href":"https:\/\/www.visit-ulcinj.com\/blog\/wp-json\/wp\/v2\/types\/post"}],"author":[{"embeddable":true,"href":"https:\/\/www.visit-ulcinj.com\/blog\/wp-json\/wp\/v2\/users\/1"}],"replies":[{"embeddable":true,"href":"https:\/\/www.visit-ulcinj.com\/blog\/wp-json\/wp\/v2\/comments?post=22277"}],"version-history":[{"count":0,"href":"https:\/\/www.visit-ulcinj.com\/blog\/wp-json\/wp\/v2\/posts\/22277\/revisions"}],"wp:attachment":[{"href":"https:\/\/www.visit-ulcinj.com\/blog\/wp-json\/wp\/v2\/media?parent=22277"}],"wp:term":[{"taxonomy":"category","embeddable":true,"href":"https:\/\/www.visit-ulcinj.com\/blog\/wp-json\/wp\/v2\/categories?post=22277"},{"taxonomy":"post_tag","embeddable":true,"href":"https:\/\/www.visit-ulcinj.com\/blog\/wp-json\/wp\/v2\/tags?post=22277"}],"curies":[{"name":"wp","href":"https:\/\/api.w.org\/{rel}","templated":true}]}}