{"id":22302,"date":"2009-06-01T20:31:27","date_gmt":"2009-06-01T18:31:27","guid":{"rendered":"http:\/\/www.visit-ulcinj.com\/blog\/?p=22302"},"modified":"2009-06-02T16:00:00","modified_gmt":"2009-06-02T14:00:00","slug":"farsa-vazhdon-nxjerrja-ne-ankand-e-komunes-se-ulqinit","status":"publish","type":"post","link":"https:\/\/www.visit-ulcinj.com\/blog\/2009\/06\/01\/farsa-vazhdon-nxjerrja-ne-ankand-e-komunes-se-ulqinit\/","title":{"rendered":"Farsa vazhdon: Nxjerrja n\u00eb ankand e komun\u00ebs s\u00eb Ulqinit"},"content":{"rendered":"<p><img loading=\"lazy\" class=\"alignleft size-full wp-image-22304\" title=\"velika-plaza_ulcinj_montenegro-for-sale,Apatin, (more), ?a?ak, ?ajni?e, ?apljina, ?eli?, ?elinac, ?itluk, \u0160abac, \u0160id, \u0160ipovo, \u0160iroki Brijeg, \u0160tip, \u017dep?e, \u017divinice, Banja Luka, Banovi?i, Bar, Becici, beograd, Berkovi?i, Berovo, Biha?, Bijeljina, Bile?a, Bitola, bjelasica, Blagaj, Bogdanci, boka, Bosanska Dubica, Bosanska Gradi\u0161ka, Bosanska Kostajnica, Bosanska Krupa, Bosanski \u0160amac, Bosanski Brod, Bosanski Novi, Bosanski Petrovac, Bosansko Grahovo, Bratunac, Br?ko, Breza, Bu\u017eim, Budva, Bugojno, Busova?a, Cazin, crna, Debar, Del?evo, Demir Hisar, Demir Kapija, Derventa, Doboj, Dobreti?i, Dobrodo\u0161li u Crnu Goru!, Dobrodo\u0161li u Ulcinj!, Domaljevac, Donji Vakuf, Drvar, durmitor, Fo?a, Fojnica, Gevgelija, Glamo?, GORA, Gora\u017ede, Gornji Vakuf, gostivar, Gra?anica, Grada?ac, Grude, herceg, igalo, In?ija, Irig, Jablanica, Jajce, Kakanj, Kalesija, Kalinovik, Kavadarci, Ki?evo, Kiseljak, Kladanj, Klju?, Ko?ani, kolasin, Konjic, Kostolac, Kotor, Kotor Varo\u0161, kotorska, Kragujevac, Kraljevo, Kratovo, Kre\u0161evo, Kriva Palanka, Kru\u0161evac, Kru\u0161evo, Kumanovo, Kupres, Leskovac, leto 2009 od 5\u20ac za krevet, letovanje, Livno, Ljubinje, Ljubu\u0161ki, Lopare, Loznica, Lukavac, Maglaj, Makedonska Kamenica, Makedonski Brod, Mili?i, Milocer, Modri?a, Montenegro, mostar, Mrkonji? Grad, Negotino, Neum, Nevesinje, Ni\u0161, Nova Pazova, novi, Novi Pazar, Novi Sad, Novi Travnik, Od\u017eak, odmor, ohrid, Olovo, Ora\u0161je, Pale, Pan?evo, Peh?evo, Po\u017earevac, Posu\u0161je, Pra?a, presevo, Prijedor, Prilep, Probi\u0161tip, Prokuplje, Prozor, Radovi\u0161, Resen, Risan, Rogatica, Rudo, Ruma, Sanski Most, Sapna, Sarajevo, Skender Vakuf, skopje, Smederevo, Sokolac, Srbac, Srbobran, Srebrenica, Srebrenik, Sremska Mitrovica, stefan, Stolac, Struga, Strumica, Subotica, sveti, Sveti Nikole, Tara, Te\u0161anj, Teo?ak, Tesli?, tetovo, tivat, Tomislavgrad, Travnik, Trebinje, turizam, tuzla, ulcinj, Usora, Ustipra?a, Valandovo, Valjevo, Vare\u0161, Veles, Velika Kladu\u0161a, Vi\u0161egrad, Vinica, Visoko, Vitez, Vogo\u0161?a, Vranje, Vr\u0161ac, zabljak, Zaje?ar, Zavidovi?i, Zenica, zimovanje, Zrenjanin, Zvornik  \" src=\"http:\/\/www.visit-ulcinj.com\/blog\/wp-content\/uploads\/2009\/06\/velika-plaza_ulcinj_montenegro-for-sale.jpg\" alt=\"velika-plaza_ulcinj_montenegro-for-sale\" width=\"580\" height=\"400\" \/>Tani, si\u00e7 thot\u00eb kryetari i k\u00ebtij k\u00ebshilli Lluka Gjonoviq, kjo \u00ebsht\u00eb b\u00ebr\u00eb \u00e7\u00ebshtje e nderit dhe krenaris\u00eb, e mbrojtjes dhe tradit\u00ebs dhe e ardhm\u00eb\u00adris\u00eb. Pik\u00ebrisht k\u00ebsisoji: nuk ka k\u00ebtu kurr\u00ebfar\u00eb politike. M\u00eb p\u00ebrpara kemi t\u00eb b\u00ebjm\u00eb me ndjenjat, emocionet, dashurin\u00eb. Me at\u00eb q\u00eb \u00ebsht\u00eb m\u00eb e bukura te njer\u00ebzit. K\u00ebt\u00eb mund ta kuptojn\u00eb vet\u00ebm ata q\u00eb e p\u00ebrjetojn\u00eb k\u00ebt\u00eb hap\u00ebsir\u00eb dhe ata t\u00eb cil\u00ebt n\u00eb fatkeq\u00ebsin\u00eb e individit shohin edhe fatkeq\u00ebsin\u00eb e vet.<br \/>\nPas 31 vitesh, historia n\u00eb Ulqin po p\u00ebrs\u00ebritet, por tani si fars\u00eb.<br \/>\nMe fuqin\u00eb e shtetit \u00ebsht\u00eb duke vazhduar tentativa e grabitjes s\u00eb ullishtave t\u00eb Valdanosit nga pronar\u00ebt e tyre t\u00eb v\u00ebrtet\u00eb.<br \/>\nNdon\u00ebse n\u00eb k\u00ebt\u00eb rast \u00e7do gj\u00eb \u00ebsht\u00eb e qart\u00eb si dita me diell, saq\u00eb nuk mund t\u00eb jet\u00eb m\u00eb e qart\u00eb, edhe pse e drejta dhe drejt\u00ebsia q\u00ebndrojn\u00eb n\u00eb an\u00ebn e pronar\u00ebve t\u00eb v\u00ebrtet\u00eb, edhe pse firma e vetme q\u00eb \u00ebsht\u00eb paraqitur n\u00eb tender nuk i plot\u00ebson kushtet e tij esenciale, Komisioni i tenderimit i Qeveris\u00eb malazeze megjithat\u00eb vendosi q\u00eb loja me Valdanosin t\u00eb Vazhdoj\u00eb.<br \/>\nMir\u00ebpo, dita \u2013 dit\u00ebs po vazhdon rezistenca ndaj padrejt\u00ebsis\u00eb q\u00eb po i b\u00ebhet Komun\u00ebs s\u00eb Ulqinit dhe kjo \u00ebsht\u00eb ajo me t\u00eb cil\u00ebn nuk kishin llogaritur projektuesit e gjith\u00eb k\u00ebsaj. Ata besonin se \u00e7do gj\u00eb do t\u00eb shkoj\u00eb leht\u00eb, si t\u00eb ishte e lubrifikuar, se \u00e7do gj\u00eb tashm\u00eb \u00ebsht\u00eb p\u00ebrgatitur me kujdes, se miliardat e premtuara, hotelet magjeps\u00ebse dhe mij\u00ebra vende t\u00eb reja pune i kan\u00eb narkotizuar njer\u00ebzit. K\u00ebshtu t\u00eb pakt\u00ebn p\u00ebrpiqeshin t\u2019i bindnin emisar\u00ebt e tyre nga terreni. Ata llogarisnin: n\u00ebse kalon tenderi p\u00ebr Valdanosin, n\u00ebse k\u00ebt\u00eb ulqinak\u00ebt e kap\u00ebrdijn\u00eb si nj\u00eb got\u00eb uj\u00eb, nuk do t\u00eb ken\u00eb problem me Plazhin e Madh, me Ad\u00ebn dhe Shasin. N\u00eb shikim t\u00eb par\u00eb dukej se v\u00ebrtet\u00eb \u00e7do gj\u00eb shkonte sipas planit, sidomos pas heshtjes s\u00eb parlamentit lokal, i cili hesht\u00eb edhe tutje. Dhe k\u00ebsisoji humbet legjitimitetin, sepse nuk ushtron funksionin e vet themelor: ruajtjen e territorit t\u00eb komun\u00ebs. Kur ngrit\u00ebn krye njer\u00ebzit e organizuar n\u00eb \u201cK\u00ebshillin p\u00ebr kthimin e ullisht\u00ebs\u201d u b\u00eb tentativ\u00eb p\u00ebr shpartallimin e k\u00ebsaj energjie. Por kjo nuk pati sukses, pavar\u00ebsisht nga t\u00eb gjitha premtimet, k\u00ebrc\u00ebnimet, bindjet dhe marifetet e tjera, n\u00eb radh\u00ebn e t\u00eb cilave b\u00ebjn\u00eb pjes\u00eb edhe t\u00eb ashtuquajturat rentime t\u00eb tok\u00ebs s\u00eb vet. Mesazhi ka qen\u00eb i qart\u00eb: nuk pranojm\u00eb n\u00eb asnj\u00eb m\u00ebnyr\u00eb dhe me kurr\u00ebfar\u00eb kushtesh. Tani, si\u00e7 thot\u00eb kryetari i k\u00ebtij k\u00ebshilli Lluka Gjonoviq, kjo \u00ebsht\u00eb b\u00ebr\u00eb \u00e7\u00ebshtje e nderit dhe krenaris\u00eb, e mbrojtjes dhe tradit\u00ebs dhe e ardhm\u00ebris\u00eb. Pik\u00ebrisht k\u00ebsisoji: nuk ka k\u00ebtu kurr\u00ebfar\u00eb politike. M\u00eb p\u00ebrpara kemi t\u00eb b\u00ebjm\u00eb me ndjenjat, emocionet, dashurin\u00eb. Me at\u00eb q\u00eb \u00ebsht\u00eb m\u00eb e bukura te njer\u00ebzit. K\u00ebt\u00eb mund ta kuptojn\u00eb vet\u00ebm ata q\u00eb e p\u00ebrjetojn\u00eb k\u00ebt\u00eb hap\u00ebsir\u00eb dhe ata t\u00eb cil\u00ebt n\u00eb fatkeq\u00ebsin\u00eb e individit shohin edhe fatkeq\u00ebsin\u00eb e vet. Dhe n\u00eb vend q\u00eb t\u00eb tentohet q\u00eb t\u00eb gjendet nj\u00eb zgjidhje me njer\u00ebzit, p\u00ebrkat\u00ebsisht t\u00eb kthehen ullishtet, deri n\u00eb rr\u00ebnj\u00ebn e fundit, Qeveria dhe Komisioni i saj i tenderimit, nj\u00eblloj sikurse bixhozxhiu i cili \u00ebsht\u00eb duke humbur, n\u00eb or\u00ebt e hershme t\u00eb m\u00ebngjezit arrit ofert\u00ebn. Shtiret! Dhe, natyrisht se do t\u00eb humb.<br \/>\nM\u00eb sakt\u00ebsisht, t\u00eb gjith\u00eb ne jemi humb\u00ebs, por n\u00eb fund, \u00e7ka \u00ebsht\u00eb m\u00eb e r\u00ebnd\u00ebsishmja ullinjt\u00eb t\u00eb cil\u00ebt p\u00ebsuan m\u00eb s\u00eb shumti gjat\u00eb t\u00ebr\u00eb k\u00ebtyre viteve t\u00eb tmerrshme, do t\u00eb jen\u00eb n\u00eb duar t\u00eb sigurta. N\u00eb duar t\u00eb atyre pron\u00eb e t\u00eb cil\u00ebve jan\u00eb dhe t\u00eb cil\u00ebve u jan\u00eb marr\u00eb n\u00eb m\u00ebnyr\u00eb t\u00eb dhunshme dhe mashtruese n\u00eb vitin 1978.<br \/>\nN\u00ebse m\u00eb pyetni se kur do t\u00eb ndodh\u00eb kjo, nuk do t\u00eb mund t\u00eb p\u00ebrgjigjesha sakt\u00ebsisht. E di vet\u00ebm se nj\u00eb vit, dy vite apo pes\u00eb vite jan\u00eb t\u00eb m\u00ebdha n\u00eb jet\u00ebrat tona t\u00eb vogla, por e di me siguri se k\u00ebta ullinj\u00eb jan\u00eb t\u00eb vjet\u00ebr mesatarisht 800 vite, nj\u00ebsoj sikurse e di q\u00eb ky qytet num\u00ebron 2500 vite. Pra, kjo mund t\u00eb zgjas\u00eb akoma, kjo \u00e7\u00ebshtje mund t\u00eb zvarritet, ashtu si\u00e7 veprohet brutalisht brenda k\u00ebtyre kat\u00ebr viteve t\u00eb fundit, por jam i sigurt se kjo nuk mund t\u00eb vazhdoj\u00eb gjat\u00eb.<br \/>\nUn\u00eb e ndiej se qyteti \u00ebsht\u00eb bashkuar rreth k\u00ebsaj \u00e7\u00ebshtjeje, se si\u00e7 do t\u00eb thonin pjes\u00ebtar\u00ebt e dikursh\u00ebm t\u00eb partis\u00eb, \u00ebsht\u00eb arritur uniteti aksional, organizatat joqeveritare dhe intelektual\u00ebt e pavarur gjithashtu jan\u00eb duke u rekrutuar n\u00eb num\u00ebr gjithnj\u00eb e m\u00eb t\u00eb madh, diplomat\u00ebt e huaj po interesohen p\u00ebr k\u00ebt\u00eb rast dhe besoj se ai p\u00ebrfundimisht do t\u00eb gjendet n\u00eb rendin e dit\u00ebs t\u00eb parlamentit lokal dhe t\u00eb atij shtet\u00ebror, kurse edhe Strazburgu b\u00ebn pun\u00ebn e vet. Dhe ta dini mir\u00eb: derisa qoft\u00eb edhe nj\u00eb njeri t\u00eb thot\u00eb q\u00eb nuk pajtohet q\u00eb pasuria e tij t\u2019i jet\u00eb l\u00ebn\u00eb tjetrit n\u00eb shfryt\u00ebzim apo t\u00eb jet\u00eb shitur, ajo nuk mund t\u00eb jet\u00eb humbur. Gjithashtu \u00ebsht\u00eb e qart\u00eb se njer\u00ebzit dhe historia k\u00ebrkojn\u00eb p\u00ebrgjegj\u00ebsit p\u00ebr k\u00ebt\u00eb gjendje: dhe do t\u2019i gjejn\u00eb. Sigurisht!<br \/>\nS\u00eb k\u00ebndejmi, nj\u00eb p\u00ebrgjegj\u00ebsi e madhe bie mbi t\u00eb gjith\u00eb ata t\u00eb cil\u00ebt n\u00eb \u00e7far\u00ebdo m\u00ebnyre marrin pjes\u00eb n\u00eb proceset e nxjerrjes n\u00eb ankand t\u00eb Komun\u00ebs s\u00eb Ulqinit.<\/p>\n<p><strong>Mustafa Canka<br \/>\nKoha\u00a0 Javore<\/strong><\/p>\n<p>[flv width=&#8221;580&#8243; height=&#8221;380&#8243;]http:\/\/www.velikaplaza.info\/gallery\/video\/stream.php?f=Velika_Plaza_movie_Jan_2009.flv[\/flv]<\/p>\n","protected":false},"excerpt":{"rendered":"<p>Tani, si\u00e7 thot\u00eb kryetari i k\u00ebtij k\u00ebshilli Lluka Gjonoviq, kjo \u00ebsht\u00eb b\u00ebr\u00eb \u00e7\u00ebshtje e nderit dhe krenaris\u00eb, e mbrojtjes dhe tradit\u00ebs dhe e ardhm\u00eb\u00adris\u00eb. Pik\u00ebrisht k\u00ebsisoji: nuk ka k\u00ebtu kurr\u00ebfar\u00eb politike. M\u00eb p\u00ebrpara kemi t\u00eb b\u00ebjm\u00eb me ndjenjat, emocionet, dashurin\u00eb. Me at\u00eb q\u00eb \u00ebsht\u00eb m\u00eb e bukura te njer\u00ebzit. K\u00ebt\u00eb mund ta kuptojn\u00eb vet\u00ebm ata [&hellip;]<\/p>\n","protected":false},"author":1,"featured_media":0,"comment_status":"open","ping_status":"closed","sticky":false,"template":"","format":"standard","meta":{"spay_email":"","jetpack_publicize_message":"","jetpack_is_tweetstorm":false,"jetpack_publicize_feature_enabled":true},"categories":[11],"tags":[10231,10876,10877,95,200,18,136,561],"jetpack_publicize_connections":[],"yoast_head":"<!-- This site is optimized with the Yoast SEO plugin v19.1 - https:\/\/yoast.com\/wordpress\/plugins\/seo\/ -->\n<title>Farsa vazhdon: Nxjerrja n\u00eb ankand e komun\u00ebs s\u00eb Ulqinit - Lajme nga Ulqini<\/title>\n<meta name=\"description\" content=\"Tani, si\u00e7 thot\u00eb kryetari i k\u00ebtij k\u00ebshilli Lluka Gjonoviq, kjo \u00ebsht\u00eb b\u00ebr\u00eb \u00e7\u00ebshtje e nderit dhe krenaris\u00eb, e mbrojtjes dhe tradit\u00ebs dhe e ardhm\u00eb\u00adris\u00eb.\" \/>\n<meta name=\"robots\" content=\"index, follow, max-snippet:-1, max-image-preview:large, max-video-preview:-1\" \/>\n<link rel=\"canonical\" href=\"https:\/\/www.visit-ulcinj.com\/blog\/2009\/06\/01\/farsa-vazhdon-nxjerrja-ne-ankand-e-komunes-se-ulqinit\/\" \/>\n<meta property=\"og:locale\" content=\"en_US\" \/>\n<meta property=\"og:type\" content=\"article\" \/>\n<meta property=\"og:title\" content=\"Farsa vazhdon: Nxjerrja n\u00eb ankand e komun\u00ebs s\u00eb Ulqinit - Lajme nga Ulqini\" \/>\n<meta property=\"og:description\" content=\"Tani, si\u00e7 thot\u00eb kryetari i k\u00ebtij k\u00ebshilli Lluka Gjonoviq, kjo \u00ebsht\u00eb b\u00ebr\u00eb \u00e7\u00ebshtje e nderit dhe krenaris\u00eb, e mbrojtjes dhe tradit\u00ebs dhe e ardhm\u00eb\u00adris\u00eb.\" \/>\n<meta property=\"og:url\" content=\"https:\/\/www.visit-ulcinj.com\/blog\/2009\/06\/01\/farsa-vazhdon-nxjerrja-ne-ankand-e-komunes-se-ulqinit\/\" \/>\n<meta property=\"og:site_name\" content=\"Lajme nga Ulqini\" \/>\n<meta property=\"article:published_time\" content=\"2009-06-01T18:31:27+00:00\" \/>\n<meta property=\"article:modified_time\" content=\"2009-06-02T14:00:00+00:00\" \/>\n<meta property=\"og:image\" content=\"http:\/\/www.visit-ulcinj.com\/blog\/wp-content\/uploads\/2009\/06\/velika-plaza_ulcinj_montenegro-for-sale.jpg\" \/>\n<meta name=\"twitter:label1\" content=\"Written by\" \/>\n\t<meta name=\"twitter:data1\" content=\"ulqini\" \/>\n\t<meta name=\"twitter:label2\" content=\"Est. reading time\" \/>\n\t<meta name=\"twitter:data2\" content=\"5 minutes\" \/>\n<script type=\"application\/ld+json\" class=\"yoast-schema-graph\">{\"@context\":\"https:\/\/schema.org\",\"@graph\":[{\"@type\":\"WebSite\",\"@id\":\"https:\/\/www.visit-ulcinj.com\/blog\/#website\",\"url\":\"https:\/\/www.visit-ulcinj.com\/blog\/\",\"name\":\"Lajme nga Ulqini\",\"description\":\"Lajme,Vijesti,Ulqini,Ulqin,Crna Gora,Mali i Zi\",\"potentialAction\":[{\"@type\":\"SearchAction\",\"target\":{\"@type\":\"EntryPoint\",\"urlTemplate\":\"https:\/\/www.visit-ulcinj.com\/blog\/?s={search_term_string}\"},\"query-input\":\"required name=search_term_string\"}],\"inLanguage\":\"en-US\"},{\"@type\":\"ImageObject\",\"inLanguage\":\"en-US\",\"@id\":\"https:\/\/www.visit-ulcinj.com\/blog\/2009\/06\/01\/farsa-vazhdon-nxjerrja-ne-ankand-e-komunes-se-ulqinit\/#primaryimage\",\"url\":\"https:\/\/www.visit-ulcinj.com\/blog\/wp-content\/uploads\/2009\/06\/velika-plaza_ulcinj_montenegro-for-sale.jpg\",\"contentUrl\":\"https:\/\/www.visit-ulcinj.com\/blog\/wp-content\/uploads\/2009\/06\/velika-plaza_ulcinj_montenegro-for-sale.jpg\",\"width\":\"985\",\"height\":\"651\"},{\"@type\":\"WebPage\",\"@id\":\"https:\/\/www.visit-ulcinj.com\/blog\/2009\/06\/01\/farsa-vazhdon-nxjerrja-ne-ankand-e-komunes-se-ulqinit\/#webpage\",\"url\":\"https:\/\/www.visit-ulcinj.com\/blog\/2009\/06\/01\/farsa-vazhdon-nxjerrja-ne-ankand-e-komunes-se-ulqinit\/\",\"name\":\"Farsa vazhdon: Nxjerrja n\u00eb ankand e komun\u00ebs s\u00eb Ulqinit - Lajme nga Ulqini\",\"isPartOf\":{\"@id\":\"https:\/\/www.visit-ulcinj.com\/blog\/#website\"},\"primaryImageOfPage\":{\"@id\":\"https:\/\/www.visit-ulcinj.com\/blog\/2009\/06\/01\/farsa-vazhdon-nxjerrja-ne-ankand-e-komunes-se-ulqinit\/#primaryimage\"},\"datePublished\":\"2009-06-01T18:31:27+00:00\",\"dateModified\":\"2009-06-02T14:00:00+00:00\",\"author\":{\"@id\":\"https:\/\/www.visit-ulcinj.com\/blog\/#\/schema\/person\/dcab619c614d3038751c63bc2aadc06d\"},\"description\":\"Tani, si\u00e7 thot\u00eb kryetari i k\u00ebtij k\u00ebshilli Lluka Gjonoviq, kjo \u00ebsht\u00eb b\u00ebr\u00eb \u00e7\u00ebshtje e nderit dhe krenaris\u00eb, e mbrojtjes dhe tradit\u00ebs dhe e ardhm\u00eb\u00adris\u00eb.\",\"breadcrumb\":{\"@id\":\"https:\/\/www.visit-ulcinj.com\/blog\/2009\/06\/01\/farsa-vazhdon-nxjerrja-ne-ankand-e-komunes-se-ulqinit\/#breadcrumb\"},\"inLanguage\":\"en-US\",\"potentialAction\":[{\"@type\":\"ReadAction\",\"target\":[\"https:\/\/www.visit-ulcinj.com\/blog\/2009\/06\/01\/farsa-vazhdon-nxjerrja-ne-ankand-e-komunes-se-ulqinit\/\"]}]},{\"@type\":\"BreadcrumbList\",\"@id\":\"https:\/\/www.visit-ulcinj.com\/blog\/2009\/06\/01\/farsa-vazhdon-nxjerrja-ne-ankand-e-komunes-se-ulqinit\/#breadcrumb\",\"itemListElement\":[{\"@type\":\"ListItem\",\"position\":1,\"name\":\"Farsa vazhdon: Nxjerrja n\u00eb ankand e komun\u00ebs s\u00eb Ulqinit\"}]},{\"@type\":\"Person\",\"@id\":\"https:\/\/www.visit-ulcinj.com\/blog\/#\/schema\/person\/dcab619c614d3038751c63bc2aadc06d\",\"name\":\"ulqini\",\"sameAs\":[\"http:\/\/www.visit-ulcinj.com\"],\"url\":\"https:\/\/www.visit-ulcinj.com\/blog\/author\/admin\/\"}]}<\/script>\n<!-- \/ Yoast SEO plugin. -->","yoast_head_json":{"title":"Farsa vazhdon: Nxjerrja n\u00eb ankand e komun\u00ebs s\u00eb Ulqinit - Lajme nga Ulqini","description":"Tani, si\u00e7 thot\u00eb kryetari i k\u00ebtij k\u00ebshilli Lluka Gjonoviq, kjo \u00ebsht\u00eb b\u00ebr\u00eb \u00e7\u00ebshtje e nderit dhe krenaris\u00eb, e mbrojtjes dhe tradit\u00ebs dhe e ardhm\u00eb\u00adris\u00eb.","robots":{"index":"index","follow":"follow","max-snippet":"max-snippet:-1","max-image-preview":"max-image-preview:large","max-video-preview":"max-video-preview:-1"},"canonical":"https:\/\/www.visit-ulcinj.com\/blog\/2009\/06\/01\/farsa-vazhdon-nxjerrja-ne-ankand-e-komunes-se-ulqinit\/","og_locale":"en_US","og_type":"article","og_title":"Farsa vazhdon: Nxjerrja n\u00eb ankand e komun\u00ebs s\u00eb Ulqinit - Lajme nga Ulqini","og_description":"Tani, si\u00e7 thot\u00eb kryetari i k\u00ebtij k\u00ebshilli Lluka Gjonoviq, kjo \u00ebsht\u00eb b\u00ebr\u00eb \u00e7\u00ebshtje e nderit dhe krenaris\u00eb, e mbrojtjes dhe tradit\u00ebs dhe e ardhm\u00eb\u00adris\u00eb.","og_url":"https:\/\/www.visit-ulcinj.com\/blog\/2009\/06\/01\/farsa-vazhdon-nxjerrja-ne-ankand-e-komunes-se-ulqinit\/","og_site_name":"Lajme nga Ulqini","article_published_time":"2009-06-01T18:31:27+00:00","article_modified_time":"2009-06-02T14:00:00+00:00","og_image":[{"url":"http:\/\/www.visit-ulcinj.com\/blog\/wp-content\/uploads\/2009\/06\/velika-plaza_ulcinj_montenegro-for-sale.jpg"}],"twitter_misc":{"Written by":"ulqini","Est. reading time":"5 minutes"},"schema":{"@context":"https:\/\/schema.org","@graph":[{"@type":"WebSite","@id":"https:\/\/www.visit-ulcinj.com\/blog\/#website","url":"https:\/\/www.visit-ulcinj.com\/blog\/","name":"Lajme nga Ulqini","description":"Lajme,Vijesti,Ulqini,Ulqin,Crna Gora,Mali i Zi","potentialAction":[{"@type":"SearchAction","target":{"@type":"EntryPoint","urlTemplate":"https:\/\/www.visit-ulcinj.com\/blog\/?s={search_term_string}"},"query-input":"required name=search_term_string"}],"inLanguage":"en-US"},{"@type":"ImageObject","inLanguage":"en-US","@id":"https:\/\/www.visit-ulcinj.com\/blog\/2009\/06\/01\/farsa-vazhdon-nxjerrja-ne-ankand-e-komunes-se-ulqinit\/#primaryimage","url":"https:\/\/www.visit-ulcinj.com\/blog\/wp-content\/uploads\/2009\/06\/velika-plaza_ulcinj_montenegro-for-sale.jpg","contentUrl":"https:\/\/www.visit-ulcinj.com\/blog\/wp-content\/uploads\/2009\/06\/velika-plaza_ulcinj_montenegro-for-sale.jpg","width":"985","height":"651"},{"@type":"WebPage","@id":"https:\/\/www.visit-ulcinj.com\/blog\/2009\/06\/01\/farsa-vazhdon-nxjerrja-ne-ankand-e-komunes-se-ulqinit\/#webpage","url":"https:\/\/www.visit-ulcinj.com\/blog\/2009\/06\/01\/farsa-vazhdon-nxjerrja-ne-ankand-e-komunes-se-ulqinit\/","name":"Farsa vazhdon: Nxjerrja n\u00eb ankand e komun\u00ebs s\u00eb Ulqinit - Lajme nga Ulqini","isPartOf":{"@id":"https:\/\/www.visit-ulcinj.com\/blog\/#website"},"primaryImageOfPage":{"@id":"https:\/\/www.visit-ulcinj.com\/blog\/2009\/06\/01\/farsa-vazhdon-nxjerrja-ne-ankand-e-komunes-se-ulqinit\/#primaryimage"},"datePublished":"2009-06-01T18:31:27+00:00","dateModified":"2009-06-02T14:00:00+00:00","author":{"@id":"https:\/\/www.visit-ulcinj.com\/blog\/#\/schema\/person\/dcab619c614d3038751c63bc2aadc06d"},"description":"Tani, si\u00e7 thot\u00eb kryetari i k\u00ebtij k\u00ebshilli Lluka Gjonoviq, kjo \u00ebsht\u00eb b\u00ebr\u00eb \u00e7\u00ebshtje e nderit dhe krenaris\u00eb, e mbrojtjes dhe tradit\u00ebs dhe e ardhm\u00eb\u00adris\u00eb.","breadcrumb":{"@id":"https:\/\/www.visit-ulcinj.com\/blog\/2009\/06\/01\/farsa-vazhdon-nxjerrja-ne-ankand-e-komunes-se-ulqinit\/#breadcrumb"},"inLanguage":"en-US","potentialAction":[{"@type":"ReadAction","target":["https:\/\/www.visit-ulcinj.com\/blog\/2009\/06\/01\/farsa-vazhdon-nxjerrja-ne-ankand-e-komunes-se-ulqinit\/"]}]},{"@type":"BreadcrumbList","@id":"https:\/\/www.visit-ulcinj.com\/blog\/2009\/06\/01\/farsa-vazhdon-nxjerrja-ne-ankand-e-komunes-se-ulqinit\/#breadcrumb","itemListElement":[{"@type":"ListItem","position":1,"name":"Farsa vazhdon: Nxjerrja n\u00eb ankand e komun\u00ebs s\u00eb Ulqinit"}]},{"@type":"Person","@id":"https:\/\/www.visit-ulcinj.com\/blog\/#\/schema\/person\/dcab619c614d3038751c63bc2aadc06d","name":"ulqini","sameAs":["http:\/\/www.visit-ulcinj.com"],"url":"https:\/\/www.visit-ulcinj.com\/blog\/author\/admin\/"}]}},"jetpack_featured_media_url":"","jetpack_sharing_enabled":true,"jetpack_shortlink":"https:\/\/wp.me\/pe6lTn-5NI","_links":{"self":[{"href":"https:\/\/www.visit-ulcinj.com\/blog\/wp-json\/wp\/v2\/posts\/22302"}],"collection":[{"href":"https:\/\/www.visit-ulcinj.com\/blog\/wp-json\/wp\/v2\/posts"}],"about":[{"href":"https:\/\/www.visit-ulcinj.com\/blog\/wp-json\/wp\/v2\/types\/post"}],"author":[{"embeddable":true,"href":"https:\/\/www.visit-ulcinj.com\/blog\/wp-json\/wp\/v2\/users\/1"}],"replies":[{"embeddable":true,"href":"https:\/\/www.visit-ulcinj.com\/blog\/wp-json\/wp\/v2\/comments?post=22302"}],"version-history":[{"count":0,"href":"https:\/\/www.visit-ulcinj.com\/blog\/wp-json\/wp\/v2\/posts\/22302\/revisions"}],"wp:attachment":[{"href":"https:\/\/www.visit-ulcinj.com\/blog\/wp-json\/wp\/v2\/media?parent=22302"}],"wp:term":[{"taxonomy":"category","embeddable":true,"href":"https:\/\/www.visit-ulcinj.com\/blog\/wp-json\/wp\/v2\/categories?post=22302"},{"taxonomy":"post_tag","embeddable":true,"href":"https:\/\/www.visit-ulcinj.com\/blog\/wp-json\/wp\/v2\/tags?post=22302"}],"curies":[{"name":"wp","href":"https:\/\/api.w.org\/{rel}","templated":true}]}}