{"id":22308,"date":"2009-06-01T21:03:21","date_gmt":"2009-06-01T19:03:21","guid":{"rendered":"http:\/\/www.visit-ulcinj.com\/blog\/?p=22308"},"modified":"2009-06-01T21:03:21","modified_gmt":"2009-06-01T19:03:21","slug":"diskursi-politik-zgjedhjet-dhe-deformimi-i-votes","status":"publish","type":"post","link":"https:\/\/www.visit-ulcinj.com\/blog\/2009\/06\/01\/diskursi-politik-zgjedhjet-dhe-deformimi-i-votes\/","title":{"rendered":"Diskursi politik: Zgjedhjet dhe deformimi i vot\u00ebs"},"content":{"rendered":"<p><img loading=\"lazy\" class=\"alignleft size-full wp-image-22309\" title=\"nail-draga_1\" src=\"http:\/\/www.visit-ulcinj.com\/blog\/wp-content\/uploads\/2009\/06\/nail-draga_1.jpg\" alt=\"nail-draga_1\" width=\"580\" height=\"256\" \/>P\u00ebrvoja e deritashme d\u00ebshmon se n\u00eb sistemet dhe shoq\u00ebrit\u00eb pa tradit\u00eb demokratike dhe ku \u00ebsht\u00eb e pranishme struktura e pavolitshme sociale jo rrall\u00eb her\u00eb vota \u00ebsht\u00eb b\u00ebr\u00eb mjet i manipulimit nga subjekte t\u00eb ndryshme politike t\u00eb cil\u00ebt nuk zgjedhin mjete p\u00ebr t\u00eb arritur q\u00ebllimin e tyre, ku shembull tipik n\u00eb k\u00ebt\u00eb aspekt \u00ebsht\u00eb Komuna e Ulqinit, dukuri kjo q\u00eb \u00ebsht\u00eb manifestuar si asnj\u00ebher\u00eb deri m\u00eb tash n\u00eb zgjedhjet e parakohshme parlamentare n\u00eb Mal t\u00eb Zi t\u00eb cilat jan\u00eb mbajtur m\u00eb 29 mars t\u00eb k\u00ebtij viti.<\/p>\n<p>Paradigma e krijuar disavje\u00e7are se votuesit jan\u00eb t\u00eb paluhatsh\u00ebm n\u00eb mbeshtetjen konstante t\u00eb subjekteve p\u00ebrkat\u00ebse politike, zgjedhjet e 29 marsit t\u00eb k\u00ebtij viti demantuan nj\u00eb konstatim t\u00eb till\u00eb n\u00eb m\u00ebnyr\u00eb bind\u00ebse, ku Komuna e Ulqinit \u00ebsht\u00eb ekzemplar tipik i k\u00ebsaj dukurie.<\/p>\n<p>Se elektorati shqiptar n\u00eb Mal t\u00eb Zi nuk mund t\u00eb jet\u00eb peng i p\u00ebrhersh\u00ebm i nj\u00eb apo disa subjekteve politike \u00ebsht\u00eb normale dhe e pranueshme, por \u00ebsht\u00eb \u00e7\u00ebshtje tjet\u00ebr s\u00eb cil\u00ebs ishin shkaqet q\u00eb ndikuan n\u00eb p\u00ebrcaktimin e tyre drejt nj\u00eb orientimi tjet\u00ebr politik.<\/p>\n<p>N\u00ebse deri n\u00eb vitin 2002, n\u00eb sken\u00ebn politike t\u00eb shqiptar\u00ebt n\u00eb Mal t\u00eb Zi ishin tre subjekte politike(LDMZ,UDSH dhe PPD) t\u00eb cilat krijuan nj\u00eb monopol politik, nga gjendja e cila vler\u00ebsohej si e papranueshme dhe jofunksionale n\u00eb raport me pushtetin vendor t\u00eb Ulqinit dhe at\u00eb qendror p\u00ebr realizimin praktik t\u00eb barazis\u00eb qytetare dhe nacionale, ishte shkas p\u00ebr formimin e subjekteve t\u00eb reja politike (Forca, BDSH dhe ASH) q\u00eb p\u00ebr t\u00eb par\u00ebn her\u00eb u paraqit\u00ebn n\u00eb zgjedhjet e vitit 2006.<\/p>\n<p>Dhe ishin pik\u00ebrisht k\u00ebto subjekte politike q\u00eb i dhan\u00eb nj\u00eb impuls t\u00eb ri sken\u00ebs politike t\u00eb shqiptar\u00ebve n\u00eb Mal t\u00eb Zi, duke homogjenizuar elektoratin shqiptar m\u00eb tep\u00ebr s\u00eb m\u00eb par\u00eb. Nj\u00eb e dh\u00ebn\u00eb e till\u00eb konstatohet leht\u00eb n\u00ebse analizojm\u00eb numrin e votave q\u00eb kan\u00eb fituar subjektet politike nacionale t\u00eb shqiptar\u00ebve m\u00eb par\u00eb, qoft\u00eb vet\u00ebm apo n\u00eb koalicion krahasuar me zgjedhjet e fundit n\u00eb marsin e k\u00ebtij viti.<\/p>\n<p>\u00c7\u00ebshtje p\u00ebr hulumtim t\u00eb ve\u00e7ant\u00eb paraqesin votuesit q\u00eb ne i kemi ndar\u00eb n\u00eb tri kategori, sepse ata jan\u00eb mbeshtet\u00ebsit e subjekteve p\u00ebrkat\u00ebse politike, t\u00eb cil\u00ebt var\u00ebsisht rrethanave sociale dhe shoq\u00ebrore kan\u00eb evoluar nga nj\u00eb zgjedhje n\u00eb tjetr\u00ebn.<\/p>\n<p>Pasi nga instalimi i sistemit shum\u00ebpartiak n\u00eb Mal t\u00eb Zi jan\u00eb b\u00ebr\u00eb 19 vjet, mund\u00ebsia p\u00ebr hulumtime t\u00eb k\u00ebsaj natyre \u00ebsht\u00eb e madhe, madje nga k\u00ebndveshtrime t\u00eb ndryshme, ku edhe hap\u00ebsira e elektoratit shqiptar\u00eb nuk \u00ebsht\u00eb p\u00ebrjashtim.<\/p>\n<p><strong>1.Votuesi militant<\/strong><\/p>\n<p>Nder votuesit m\u00eb t\u00eb disciplinuar n\u00eb \u00e7do subjekt politik jan\u00eb militant\u00ebt, t\u00eb cil\u00ebt dallohen nga t\u00eb tjer\u00ebt sepse ata vazhdimisht i kan\u00eb ndenjur besnik\u00eb subjektit t\u00eb tyre politik. Ata si t\u00eb till\u00eb kan\u00eb qen\u00eb nga themelimi dhe vazhdimisht mbajn\u00eb at\u00eb q\u00ebndrim, pa marr\u00eb parasysh situat\u00ebn e krijuar brenda subjektit. Madje ata nuk pranojn\u00eb deformimet brenda subjektit, atavizmin politik t\u00eb liderit, apo krijimin e klaneve dhe grupeve t\u00eb ndryshme t\u00eb interesit, edhe pse jan\u00eb n\u00eb gjendje tzi hetojn\u00eb ato.<\/p>\n<p>Por, duke pasur koncepte idealiste shpresojn\u00eb se \u00e7do gj\u00eb \u00ebsht\u00eb e rastit e jo dukuri, andaj mendojn\u00eb se me kalimin e koh\u00ebs do t\u00eb eliminohen k\u00ebto dukuri. Madje edhe kur iu largohen nga subjekti politik individ\u00eb me pesh\u00eb, grupe apo klane t\u00eb ndryshme ata iu japin konotacione politike, duke mos qen\u00eb n\u00eb gjendje q\u00eb gj\u00ebrat tzi paraqesin ashtu si\u00e7 jan\u00eb.<\/p>\n<p>Me nj\u00eb fjal\u00eb, militant\u00ebt nuk mund t\u00eb pranojn\u00eb realitetin sado i hidhur t\u00eb jet\u00eb ai, sepse duan tziu mbesin besnik parimeve t\u00eb tyre, duke mos izu larguar programit nism\u00ebtar t\u00eb subjektit ku kan\u00eb qen\u00eb nga fillimi. Andaj edhe pse numri i tyre nuk \u00ebsht\u00eb i lart\u00eb, madje \u00ebsht\u00eb n\u00eb r\u00ebnie vazhdueshme, vota e tyre \u00ebsht\u00eb konstante p\u00ebr subjektin p\u00ebrkat\u00ebs dhe si t\u00eb till\u00eb pa marr\u00eb parasysh se si paraqiten ata meritojn\u00eb respekt t\u00eb ve\u00e7ant\u00eb, sepse me ket\u00eb kategori votuesish nuk mund t\u00eb manipulohet.<\/p>\n<p><strong>2.Votuesi qytetar<\/strong><\/p>\n<p>Kjo kategori e votuesve paraqet grupim m\u00eb t\u00eb madh t\u00eb elektoratit, sepse p\u00ebrve\u00e7 an\u00ebtar\u00ebve t\u00eb subjekteve politike b\u00ebjn\u00eb pjes\u00eb edhe simpatizant\u00ebt dhe mbeshtet\u00ebsit e tjer\u00eb. Ky elektorat \u00ebsht\u00eb gjith\u00ebp\u00ebrfshir\u00ebs sepse aty marrin pjes\u00eb grupet e ndryshme sociale dhe shoq\u00ebrore dhe si i till\u00eb \u00ebsht\u00eb kategoria m\u00eb stabile. Madje n\u00eb k\u00ebt\u00eb kategori subjektet politike kan\u00eb mbeshtetjen m\u00eb t\u00eb gjer\u00eb q\u00eb var\u00ebt nga angazhimi konkret n\u00eb terren p\u00ebrmes aktivist\u00ebve dhe infrastruktur\u00ebs partiake.<\/p>\n<p>Por, n\u00eb mjediset ku sistemi shum\u00ebpartiak nuk ka tradit\u00eb pothuaj \u00ebsht\u00eb b\u00ebr\u00eb dukuri q\u00eb t\u00eb mos votohet p\u00ebr programet e subjekteve politike por votohet p\u00ebr individ\u00ebt dhe kryesisht p\u00ebr liderin i cili n\u00eb nj\u00ebfar\u00eb m\u00ebnyre \u00ebsht\u00eb b\u00ebr\u00eb sinonim i subjektit p\u00ebrkat\u00ebs. Dhe nj\u00eb koncept i till\u00eb nuk ka dilem\u00eb s\u00eb \u00ebsht\u00eb dukuri e mjediseve me demokraci t\u00eb pakonsoliduar dhe e subjekteve politike t\u00eb cilat nuk kan\u00eb krijuar profilin e stabilizuar t\u00eb identitetit t\u00eb tyre, q\u00eb d\u00ebshmohet nga rezultatet e zgjedhjeve.<\/p>\n<p>Pik\u00ebrisht nj\u00eb situat\u00eb e till\u00eb shfryt\u00ebzohet nga t\u00eb tjer\u00ebt duke manipuluar me votuesit, duke i joshur n\u00eb forma t\u00eb ndryshme p\u00ebr t\u00eb mbeshtetur nj\u00eb subjekt tjet\u00ebr politik. \u00cbsht\u00eb kjo m\u00ebnyra p\u00ebrfide e p\u00ebrfitimit t\u00eb votuesve t\u00eb rinj duke rritur numrin e votave me veprime utilitare q\u00eb p\u00ebr momentin sjellin efektin e d\u00ebshiruar.<\/p>\n<p><strong>3.Votuesi mercenar<\/strong><\/p>\n<p>Ndonse nj\u00eb dukuri e till\u00eb nuk ka qen\u00eb e panjohur edhe m\u00eb her\u00ebt, n\u00eb zgjedhjet e fundit \u00ebsht\u00eb manifestuar m\u00eb shum\u00eb se asnj\u00ebher\u00eb m\u00eb par\u00eb. E dh\u00ebna se n\u00eb politik\u00eb p\u00ebrdoren metoda makiaveliste kur \u00ebsht\u00eb fjala p\u00ebr ruajtjen apo marrjen e pushtetit, b\u00ebn q\u00eb n\u00eb sken\u00eb t\u00eb dal\u00eb edhe nj\u00eb dukuri tjet\u00ebr, e kjo \u00ebsht\u00eb dukuria e vot\u00ebs mercenare.<\/p>\n<p>N\u00eb prag t\u00eb fushat\u00ebs parazgjedhore e sidomos kur ajo \u00ebsht\u00eb n\u00eb intensitetin e saj m\u00eb t\u00eb lart\u00eb, struktura t\u00eb caktuara partiake, p\u00ebrmes individ\u00ebve apo klaneve t\u00eb ndryshme shfryt\u00ebzojn\u00eb situat\u00ebn e pavolitshme ekonomike, statusin e dob\u00ebt social t\u00eb individ\u00ebve apo familjeve t\u00eb cilat n\u00eb zgjedhjet e m\u00ebprashme ose kan\u00eb qen\u00eb neutral\u00eb si qytetar\u00eb votues apo kan\u00eb votuar nj\u00eb subjekt tjet\u00ebr politik. Dhe pik\u00ebrisht duke iu premtuar dhe joshur me benificione t\u00eb ndryshme si\u00e7 jan\u00eb pun\u00ebsimi, investimet n\u00eb infrastruktur\u00ebn lokale e madje edhe duke bler\u00eb drejtp\u00ebrdrejt vot\u00ebn arrijn\u00eb nj\u00eb num\u00ebr t\u00eb konsideruar t\u00eb votave t\u00eb cilat nuk i kishin m\u00eb par\u00eb.<\/p>\n<p>\u00cbsht\u00eb \u00e7\u00ebshtje tjet\u00ebr se sa vota e till\u00eb ka vler\u00ebn e vet reale, dhe sa ajo mund mund t\u00eb jet\u00eb e qendrueshme p\u00ebr m\u00eb von\u00eb. Sepse, veprimet e tilla jan\u00eb utilitare dhe kan\u00eb p\u00ebrdorimin praktik p\u00ebr nj\u00eb mandat zgjedhor. Nd\u00ebrsa \u00e7ka do t\u00eb b\u00ebhet me premtimet parazgjedhore dhe sa do t\u00eb jet\u00ebsohen ato n\u00eb praktik\u00eb, meriton nj\u00eb analiz\u00eb t\u00eb ve\u00e7ant\u00eb.<\/p>\n<p>Kjo kategori e vot\u00ebs, p\u00ebrve\u00e7 se demaskon subjektin politik ajo tregon n\u00eb m\u00ebnyr\u00eb transparente edhe karakterin e individ\u00ebve t\u00eb cil\u00ebt vot\u00ebn e tyre e shesin, madje shum\u00eb lir\u00eb, sikurse t\u00eb ishte mall tregu i nj\u00eb individi t\u00eb panjohur. Nj\u00eb veprim i till\u00eb nuk ka dilem\u00eb se ka t\u00eb b\u00ebj\u00eb me nj\u00eb kategori individ\u00ebsh t\u00eb cil\u00ebt nuk zgjedhin mjete p\u00ebr ta materializuar madje edhe vot\u00ebn si t\u00eb drejt\u00eb ekskluzive personale-qytetare.<\/p>\n<p>Por nj\u00eb gj\u00eb dihet, se kjo kategori votuesish \u00ebsht\u00eb kategoria m\u00eb labile dhe jan\u00eb votuesit m\u00eb t\u00eb pasigurt\u00eb, sepse ata vot\u00ebn e orientojn\u00eb nga ai q\u00eb iu premton apo iu jep m\u00eb shum\u00eb. Andaj, subjekti p\u00ebrkat\u00ebs n\u00ebse k\u00ebsaj radhe ka pasur sukses t\u00eb manipuloj\u00eb me nj\u00eb num\u00ebr t\u00eb konsideruar votuesish t\u00eb till\u00eb, nuk ka se p\u00ebr \u00e7ka t\u00eb g\u00ebzohet, sepse ashtu si i ka fituar k\u00ebto vota n\u00eb t\u00eb nj\u00ebjt\u00ebn m\u00ebnyr\u00eb ekziston mund\u00ebsia reale q\u00eb tzi humbas\u00eb n\u00eb votimet vijuese.<\/p>\n<p>Se sa mund t\u00eb jet\u00eb p\u00ebrqindja e votuesve t\u00eb till\u00eb n\u00eb nj\u00eb mjedis t\u00eb caktuar padyshim se duhen b\u00ebr\u00eb analiza dhe hulumtime t\u00eb ve\u00e7anta, nd\u00ebrsa rasti i Ulqinit i zgjedhjeve t\u00eb marsit t\u00eb k\u00ebtij viti q\u00eb n\u00eb ket\u00eb aspekt ka t\u00eb b\u00ebj\u00eb kryesisht me UDSH-n\u00eb \u00ebsht\u00eb ekzemplar tipik i k\u00ebsaj kategorie, sepse nj\u00eb dukuri m\u00eb p\u00ebrmasa t\u00eb tilla nuk ka ndodhur n\u00eb viset tjera shqiptare n\u00eb Mal t\u00eb Zi. Sepse nuk ka formul\u00eb praktike p\u00ebr t\u00eb shpjeguar votat e fituara nga ky subjekt politik n\u00eb Komun\u00ebn e Ulqinit n\u00eb p\u00ebrgjith\u00ebsi dhe n\u00eb An\u00eb t\u00eb Malit n\u00eb ve\u00e7anti. N\u00ebse analizoh\u00ebn votat p\u00ebr secilin vendvotim do t\u00eb shohim qart\u00eb se cili mjedis apo struktur\u00eb sociale k\u00ebsaj here me apo pa vet\u00ebdije \u00ebsht\u00eb b\u00ebr\u00eb pjes\u00eb e vot\u00ebs mercenare, ku padyshim anamalasit jan\u00eb n\u00eb avantazh ndaj t\u00eb tjer\u00ebve.<\/p>\n<p>Madje ky subjekt politik duke pasur pozit\u00ebn e ekzekutivit n\u00eb pushtetin vendor t\u00eb Ulqinit, e ka keqp\u00ebrdorur k\u00ebt\u00eb p\u00ebrpar\u00ebsi me tep\u00ebr se asnj\u00eb subjekt tjet\u00ebr politik deri m\u00eb tash p\u00ebr p\u00ebrfitime politike. Nd\u00ebrsa \u00ebsht\u00eb \u00e7\u00ebshtje tjet\u00ebr se sa ai num\u00ebr votash ka ndikuar n\u00eb realizimin e objektivave t\u00eb planifikuara. Por nj\u00eb gj\u00eb \u00ebsht\u00eb e sigurt\u00eb se kemi t\u00eb b\u00ebjm\u00eb m\u00eb deformim t\u00eb vot\u00ebs s\u00eb qytetarit m\u00eb shum\u00eb se asnj\u00ebher\u00eb deri m\u00eb tash ne k\u00ebt\u00eb mjedis.<\/p>\n<p><strong>Dr.Nail Draga<\/p>\n<p>Koha Javore<\/strong><\/p>\n","protected":false},"excerpt":{"rendered":"<p>P\u00ebrvoja e deritashme d\u00ebshmon se n\u00eb sistemet dhe shoq\u00ebrit\u00eb pa tradit\u00eb demokratike dhe ku \u00ebsht\u00eb e pranishme struktura e pavolitshme sociale jo rrall\u00eb her\u00eb vota \u00ebsht\u00eb b\u00ebr\u00eb mjet i manipulimit nga subjekte t\u00eb ndryshme politike t\u00eb cil\u00ebt nuk zgjedhin mjete p\u00ebr t\u00eb arritur q\u00ebllimin e tyre, ku shembull tipik n\u00eb k\u00ebt\u00eb aspekt \u00ebsht\u00eb Komuna e [&hellip;]<\/p>\n","protected":false},"author":1,"featured_media":0,"comment_status":"open","ping_status":"closed","sticky":false,"template":"","format":"standard","meta":{"spay_email":"","jetpack_publicize_message":"","jetpack_is_tweetstorm":false,"jetpack_publicize_feature_enabled":true},"categories":[13],"tags":[2362,10878,117,874,95,318,200],"jetpack_publicize_connections":[],"yoast_head":"<!-- This site is optimized with the Yoast SEO plugin v19.1 - https:\/\/yoast.com\/wordpress\/plugins\/seo\/ -->\n<title>Diskursi politik: Zgjedhjet dhe deformimi i vot\u00ebs - Lajme nga Ulqini<\/title>\n<meta name=\"description\" content=\"P\u00ebrvoja e deritashme d\u00ebshmon se n\u00eb sistemet dhe shoq\u00ebrit\u00eb pa tradit\u00eb demokratike dhe ku \u00ebsht\u00eb e pranishme struktura e pavolitshme sociale jo rrall\u00eb her\u00eb\" \/>\n<meta name=\"robots\" content=\"index, follow, max-snippet:-1, max-image-preview:large, max-video-preview:-1\" \/>\n<link rel=\"canonical\" href=\"https:\/\/www.visit-ulcinj.com\/blog\/2009\/06\/01\/diskursi-politik-zgjedhjet-dhe-deformimi-i-votes\/\" \/>\n<meta property=\"og:locale\" content=\"en_US\" \/>\n<meta property=\"og:type\" content=\"article\" \/>\n<meta property=\"og:title\" content=\"Diskursi politik: Zgjedhjet dhe deformimi i vot\u00ebs - Lajme nga Ulqini\" \/>\n<meta property=\"og:description\" content=\"P\u00ebrvoja e deritashme d\u00ebshmon se n\u00eb sistemet dhe shoq\u00ebrit\u00eb pa tradit\u00eb demokratike dhe ku \u00ebsht\u00eb e pranishme struktura e pavolitshme sociale jo rrall\u00eb her\u00eb\" \/>\n<meta property=\"og:url\" content=\"https:\/\/www.visit-ulcinj.com\/blog\/2009\/06\/01\/diskursi-politik-zgjedhjet-dhe-deformimi-i-votes\/\" \/>\n<meta property=\"og:site_name\" content=\"Lajme nga Ulqini\" \/>\n<meta property=\"article:published_time\" content=\"2009-06-01T19:03:21+00:00\" \/>\n<meta property=\"og:image\" content=\"http:\/\/www.visit-ulcinj.com\/blog\/wp-content\/uploads\/2009\/06\/nail-draga_1.jpg\" \/>\n<meta name=\"twitter:label1\" content=\"Written by\" \/>\n\t<meta name=\"twitter:data1\" content=\"ulqini\" \/>\n\t<meta name=\"twitter:label2\" content=\"Est. reading time\" \/>\n\t<meta name=\"twitter:data2\" content=\"8 minutes\" \/>\n<script type=\"application\/ld+json\" class=\"yoast-schema-graph\">{\"@context\":\"https:\/\/schema.org\",\"@graph\":[{\"@type\":\"WebSite\",\"@id\":\"https:\/\/www.visit-ulcinj.com\/blog\/#website\",\"url\":\"https:\/\/www.visit-ulcinj.com\/blog\/\",\"name\":\"Lajme nga Ulqini\",\"description\":\"Lajme,Vijesti,Ulqini,Ulqin,Crna Gora,Mali i Zi\",\"potentialAction\":[{\"@type\":\"SearchAction\",\"target\":{\"@type\":\"EntryPoint\",\"urlTemplate\":\"https:\/\/www.visit-ulcinj.com\/blog\/?s={search_term_string}\"},\"query-input\":\"required name=search_term_string\"}],\"inLanguage\":\"en-US\"},{\"@type\":\"ImageObject\",\"inLanguage\":\"en-US\",\"@id\":\"https:\/\/www.visit-ulcinj.com\/blog\/2009\/06\/01\/diskursi-politik-zgjedhjet-dhe-deformimi-i-votes\/#primaryimage\",\"url\":\"https:\/\/www.visit-ulcinj.com\/blog\/wp-content\/uploads\/2009\/06\/nail-draga_1.jpg\",\"contentUrl\":\"https:\/\/www.visit-ulcinj.com\/blog\/wp-content\/uploads\/2009\/06\/nail-draga_1.jpg\",\"width\":\"702\",\"height\":\"256\"},{\"@type\":\"WebPage\",\"@id\":\"https:\/\/www.visit-ulcinj.com\/blog\/2009\/06\/01\/diskursi-politik-zgjedhjet-dhe-deformimi-i-votes\/#webpage\",\"url\":\"https:\/\/www.visit-ulcinj.com\/blog\/2009\/06\/01\/diskursi-politik-zgjedhjet-dhe-deformimi-i-votes\/\",\"name\":\"Diskursi politik: Zgjedhjet dhe deformimi i vot\u00ebs - Lajme nga Ulqini\",\"isPartOf\":{\"@id\":\"https:\/\/www.visit-ulcinj.com\/blog\/#website\"},\"primaryImageOfPage\":{\"@id\":\"https:\/\/www.visit-ulcinj.com\/blog\/2009\/06\/01\/diskursi-politik-zgjedhjet-dhe-deformimi-i-votes\/#primaryimage\"},\"datePublished\":\"2009-06-01T19:03:21+00:00\",\"dateModified\":\"2009-06-01T19:03:21+00:00\",\"author\":{\"@id\":\"https:\/\/www.visit-ulcinj.com\/blog\/#\/schema\/person\/dcab619c614d3038751c63bc2aadc06d\"},\"description\":\"P\u00ebrvoja e deritashme d\u00ebshmon se n\u00eb sistemet dhe shoq\u00ebrit\u00eb pa tradit\u00eb demokratike dhe ku \u00ebsht\u00eb e pranishme struktura e pavolitshme sociale jo rrall\u00eb her\u00eb\",\"breadcrumb\":{\"@id\":\"https:\/\/www.visit-ulcinj.com\/blog\/2009\/06\/01\/diskursi-politik-zgjedhjet-dhe-deformimi-i-votes\/#breadcrumb\"},\"inLanguage\":\"en-US\",\"potentialAction\":[{\"@type\":\"ReadAction\",\"target\":[\"https:\/\/www.visit-ulcinj.com\/blog\/2009\/06\/01\/diskursi-politik-zgjedhjet-dhe-deformimi-i-votes\/\"]}]},{\"@type\":\"BreadcrumbList\",\"@id\":\"https:\/\/www.visit-ulcinj.com\/blog\/2009\/06\/01\/diskursi-politik-zgjedhjet-dhe-deformimi-i-votes\/#breadcrumb\",\"itemListElement\":[{\"@type\":\"ListItem\",\"position\":1,\"name\":\"Diskursi politik: Zgjedhjet dhe deformimi i vot\u00ebs\"}]},{\"@type\":\"Person\",\"@id\":\"https:\/\/www.visit-ulcinj.com\/blog\/#\/schema\/person\/dcab619c614d3038751c63bc2aadc06d\",\"name\":\"ulqini\",\"sameAs\":[\"http:\/\/www.visit-ulcinj.com\"],\"url\":\"https:\/\/www.visit-ulcinj.com\/blog\/author\/admin\/\"}]}<\/script>\n<!-- \/ Yoast SEO plugin. -->","yoast_head_json":{"title":"Diskursi politik: Zgjedhjet dhe deformimi i vot\u00ebs - Lajme nga Ulqini","description":"P\u00ebrvoja e deritashme d\u00ebshmon se n\u00eb sistemet dhe shoq\u00ebrit\u00eb pa tradit\u00eb demokratike dhe ku \u00ebsht\u00eb e pranishme struktura e pavolitshme sociale jo rrall\u00eb her\u00eb","robots":{"index":"index","follow":"follow","max-snippet":"max-snippet:-1","max-image-preview":"max-image-preview:large","max-video-preview":"max-video-preview:-1"},"canonical":"https:\/\/www.visit-ulcinj.com\/blog\/2009\/06\/01\/diskursi-politik-zgjedhjet-dhe-deformimi-i-votes\/","og_locale":"en_US","og_type":"article","og_title":"Diskursi politik: Zgjedhjet dhe deformimi i vot\u00ebs - Lajme nga Ulqini","og_description":"P\u00ebrvoja e deritashme d\u00ebshmon se n\u00eb sistemet dhe shoq\u00ebrit\u00eb pa tradit\u00eb demokratike dhe ku \u00ebsht\u00eb e pranishme struktura e pavolitshme sociale jo rrall\u00eb her\u00eb","og_url":"https:\/\/www.visit-ulcinj.com\/blog\/2009\/06\/01\/diskursi-politik-zgjedhjet-dhe-deformimi-i-votes\/","og_site_name":"Lajme nga Ulqini","article_published_time":"2009-06-01T19:03:21+00:00","og_image":[{"url":"http:\/\/www.visit-ulcinj.com\/blog\/wp-content\/uploads\/2009\/06\/nail-draga_1.jpg"}],"twitter_misc":{"Written by":"ulqini","Est. reading time":"8 minutes"},"schema":{"@context":"https:\/\/schema.org","@graph":[{"@type":"WebSite","@id":"https:\/\/www.visit-ulcinj.com\/blog\/#website","url":"https:\/\/www.visit-ulcinj.com\/blog\/","name":"Lajme nga Ulqini","description":"Lajme,Vijesti,Ulqini,Ulqin,Crna Gora,Mali i Zi","potentialAction":[{"@type":"SearchAction","target":{"@type":"EntryPoint","urlTemplate":"https:\/\/www.visit-ulcinj.com\/blog\/?s={search_term_string}"},"query-input":"required name=search_term_string"}],"inLanguage":"en-US"},{"@type":"ImageObject","inLanguage":"en-US","@id":"https:\/\/www.visit-ulcinj.com\/blog\/2009\/06\/01\/diskursi-politik-zgjedhjet-dhe-deformimi-i-votes\/#primaryimage","url":"https:\/\/www.visit-ulcinj.com\/blog\/wp-content\/uploads\/2009\/06\/nail-draga_1.jpg","contentUrl":"https:\/\/www.visit-ulcinj.com\/blog\/wp-content\/uploads\/2009\/06\/nail-draga_1.jpg","width":"702","height":"256"},{"@type":"WebPage","@id":"https:\/\/www.visit-ulcinj.com\/blog\/2009\/06\/01\/diskursi-politik-zgjedhjet-dhe-deformimi-i-votes\/#webpage","url":"https:\/\/www.visit-ulcinj.com\/blog\/2009\/06\/01\/diskursi-politik-zgjedhjet-dhe-deformimi-i-votes\/","name":"Diskursi politik: Zgjedhjet dhe deformimi i vot\u00ebs - Lajme nga Ulqini","isPartOf":{"@id":"https:\/\/www.visit-ulcinj.com\/blog\/#website"},"primaryImageOfPage":{"@id":"https:\/\/www.visit-ulcinj.com\/blog\/2009\/06\/01\/diskursi-politik-zgjedhjet-dhe-deformimi-i-votes\/#primaryimage"},"datePublished":"2009-06-01T19:03:21+00:00","dateModified":"2009-06-01T19:03:21+00:00","author":{"@id":"https:\/\/www.visit-ulcinj.com\/blog\/#\/schema\/person\/dcab619c614d3038751c63bc2aadc06d"},"description":"P\u00ebrvoja e deritashme d\u00ebshmon se n\u00eb sistemet dhe shoq\u00ebrit\u00eb pa tradit\u00eb demokratike dhe ku \u00ebsht\u00eb e pranishme struktura e pavolitshme sociale jo rrall\u00eb her\u00eb","breadcrumb":{"@id":"https:\/\/www.visit-ulcinj.com\/blog\/2009\/06\/01\/diskursi-politik-zgjedhjet-dhe-deformimi-i-votes\/#breadcrumb"},"inLanguage":"en-US","potentialAction":[{"@type":"ReadAction","target":["https:\/\/www.visit-ulcinj.com\/blog\/2009\/06\/01\/diskursi-politik-zgjedhjet-dhe-deformimi-i-votes\/"]}]},{"@type":"BreadcrumbList","@id":"https:\/\/www.visit-ulcinj.com\/blog\/2009\/06\/01\/diskursi-politik-zgjedhjet-dhe-deformimi-i-votes\/#breadcrumb","itemListElement":[{"@type":"ListItem","position":1,"name":"Diskursi politik: Zgjedhjet dhe deformimi i vot\u00ebs"}]},{"@type":"Person","@id":"https:\/\/www.visit-ulcinj.com\/blog\/#\/schema\/person\/dcab619c614d3038751c63bc2aadc06d","name":"ulqini","sameAs":["http:\/\/www.visit-ulcinj.com"],"url":"https:\/\/www.visit-ulcinj.com\/blog\/author\/admin\/"}]}},"jetpack_featured_media_url":"","jetpack_sharing_enabled":true,"jetpack_shortlink":"https:\/\/wp.me\/pe6lTn-5NO","_links":{"self":[{"href":"https:\/\/www.visit-ulcinj.com\/blog\/wp-json\/wp\/v2\/posts\/22308"}],"collection":[{"href":"https:\/\/www.visit-ulcinj.com\/blog\/wp-json\/wp\/v2\/posts"}],"about":[{"href":"https:\/\/www.visit-ulcinj.com\/blog\/wp-json\/wp\/v2\/types\/post"}],"author":[{"embeddable":true,"href":"https:\/\/www.visit-ulcinj.com\/blog\/wp-json\/wp\/v2\/users\/1"}],"replies":[{"embeddable":true,"href":"https:\/\/www.visit-ulcinj.com\/blog\/wp-json\/wp\/v2\/comments?post=22308"}],"version-history":[{"count":0,"href":"https:\/\/www.visit-ulcinj.com\/blog\/wp-json\/wp\/v2\/posts\/22308\/revisions"}],"wp:attachment":[{"href":"https:\/\/www.visit-ulcinj.com\/blog\/wp-json\/wp\/v2\/media?parent=22308"}],"wp:term":[{"taxonomy":"category","embeddable":true,"href":"https:\/\/www.visit-ulcinj.com\/blog\/wp-json\/wp\/v2\/categories?post=22308"},{"taxonomy":"post_tag","embeddable":true,"href":"https:\/\/www.visit-ulcinj.com\/blog\/wp-json\/wp\/v2\/tags?post=22308"}],"curies":[{"name":"wp","href":"https:\/\/api.w.org\/{rel}","templated":true}]}}