{"id":22311,"date":"2009-06-01T21:09:14","date_gmt":"2009-06-01T19:09:14","guid":{"rendered":"http:\/\/www.visit-ulcinj.com\/blog\/?p=22311"},"modified":"2009-06-01T21:09:15","modified_gmt":"2009-06-01T19:09:15","slug":"per-te-verteten-mjafton-vetem-nje-vote","status":"publish","type":"post","link":"https:\/\/www.visit-ulcinj.com\/blog\/2009\/06\/01\/per-te-verteten-mjafton-vetem-nje-vote\/","title":{"rendered":"P\u00ebr t\u00eb v\u00ebrtet\u00ebn mjafton vet\u00ebm nj\u00eb vot\u00eb"},"content":{"rendered":"<p><img loading=\"lazy\" class=\"alignleft size-full wp-image-22312\" title=\"muhamet-nika_ulqin\" src=\"http:\/\/www.visit-ulcinj.com\/blog\/wp-content\/uploads\/2009\/06\/muhamet-nika_ulqin.jpg\" alt=\"muhamet-nika_ulqin\" width=\"339\" height=\"255\" \/>Po t\u00eb kishim k\u00ebt\u00eb situat\u00eb at\u00ebher\u00eb k\u00ebrkush nuk do t\u00eb kishte nevoj\u00eb q\u00eb ta z\u00ebm\u00eb n\u00eb k\u00ebto zgjedhje t\u00eb k\u00ebrkonte deputetin e An\u00ebs s\u00eb Malit i cili p\u00ebr hesapin ton\u00eb u demonstrua n\u00eb m\u00ebnyr\u00eb tep\u00ebr subjektive dhe me nj\u00eb z\u00eb memec duke mbetur n\u00eb pakic\u00eb n\u00eb t\u00eb gjitha vendvotimet e An\u00ebs s\u00eb Malit. Kjo ndodhte jo sepse kemi t\u00eb b\u00ebjm\u00eb me nj\u00eb ide t\u00eb \u00e7oroditur, por sepse ideja nuk ishte n\u00eb hap me koh\u00ebn.<br \/>\nPo provoj t\u00eb tregoj at\u00eb q\u00eb ndjeva gjat\u00eb dhe pas leximit t\u00eb librit t\u00eb Budisllav Kralit p\u00ebr parlamentarizmin n\u00eb Mal t\u00eb Zi. Duke u ndalur n\u00eb autobiografit\u00eb e deputet\u00ebve tan\u00eb t\u00eb legjislaturave t\u00eb kaluara, ajo q\u00eb m\u00eb t\u00ebrhoqi v\u00ebmendjen ishte biografia e nj\u00ebrit prej tyre, me t\u00eb cil\u00ebn ai kishte zgjedhur t\u00eb b\u00ebhej i dalluar nga t\u00eb tjer\u00ebt. Pa dyshim q\u00eb ai kishte p\u00ebrzgjedhur pjes\u00ebt m\u00eb t\u00eb r\u00ebnd\u00ebsishme t\u00eb jet\u00ebs s\u00eb tij.<br \/>\nBiografia e shprehur n\u00eb k\u00ebt\u00eb m\u00ebnyr\u00eb t\u00eb \u00e7on mendjen q\u00eb pas thyerjeve t\u00eb sistemeve shoq\u00ebrore strukturat e sistemit mundohen t\u00eb mbijetojn\u00eb duke u riparuar me kuadro nga fidanishtet e sistemit. Finadishte t\u00eb sistemit komunist n\u00eb at\u00eb koh\u00eb ka qen\u00eb Lidhja Socialiste. N\u00eb historin\u00eb e organizimit politik t\u00eb shqiptar\u00ebve hetojm\u00eb q\u00eb Lidhja Demokratike ishte shansi i fundit i mbijetes\u00ebs komuniste, kurse ngjashm\u00ebrit\u00eb e k\u00ebsaj faze \u00e7udit\u00ebrisht mund t`i gjejm\u00eb n\u00eb Lidhjen e Prizrenit pas r\u00ebnies s\u00eb pushtuesit turk. Po m\u00eb kujtohet nj\u00eb shkrim intrigues n\u00eb mujoren &#8220;Albanika&#8221; p\u00ebr Lidhjen e Prizrenit ku autori udh\u00ebheq\u00ebsit e Lidhjes i p\u00ebrshkruan si element\u00eb shqiptar\u00eb pro turk, i cili me k\u00ebt\u00eb organizat\u00eb d\u00ebshironte q\u00eb t\u00eb mbante akoma n\u00eb jet\u00eb sistemin alla turka t\u00eb organizimit t\u00eb shtetit shqiptar. P\u00ebr k\u00ebt\u00eb autori p\u00ebrmend nj\u00eb shkres\u00eb t\u00eb nj\u00eb agjenti t\u00eb Mbret\u00ebris\u00eb britanike n\u00eb Ferizaj i cili n\u00eb raportin e vet njoftonte Mbret\u00ebrin\u00eb q\u00eb k\u00ebto (Lidhja e Prizrenit) d\u00ebshirojn\u00eb t\u00eb ken\u00eb shtetin e vet me bejler\u00ebt e vet, kadit\u00eb e vet, mexhlisin e vet dhe t\u00eb sundojn\u00eb sipas sheriatit e kurrgj\u00eb m\u00eb tep\u00ebr. Nga kjo po shihet se p\u00ebr koh\u00ebn nuk mund t\u00eb krenohemi me Lidhjen shqiptare t\u00eb Prizrenit ashtu si\u00e7 jemi m\u00ebsuar deri m\u00eb sot. Por m\u00eb duket se k\u00ebshtu duhet t\u00eb q\u00ebndroj\u00eb puna edhe me Lidhjen shqiptare t\u00eb viteve 90. Zat\u00ebn, partia m\u00ebm\u00eb e LD n\u00eb MZ, LDK-ja nuk solli di\u00e7ka t\u00eb re n\u00eb sken\u00ebn politike t\u00eb Kosov\u00ebs deri me daljen n\u00eb sken\u00eb t\u00eb Partis\u00eb Demokratike t\u00eb z. Tha\u00e7i i cili st\u00ebrnip\u00ebrve t\u00eb agjentit t\u00eb mbret\u00ebris\u00eb s\u00eb dikurshme, anglezit Hollbruk ia kujtoi se kjo parti mendon q\u00eb lirin\u00eb e Kosov\u00ebs duhet ta fitoj\u00eb me kryengritje t\u00eb armatosur dhe v\u00ebrtet\u00eb k\u00ebshtu u b\u00eb. Pa dashur dik\u00eb ta n\u00ebnvler\u00ebsojm\u00eb n\u00eb koh\u00eb mendoj q\u00eb prova p\u00ebr t\u00eb dh\u00ebn\u00eb lidhje t\u00eb logjikshme nd\u00ebrmjet dy periudhave t\u00eb lidhjeve shqiptare po del se \u00ebsht\u00eb nj\u00eb e p\u00ebrs\u00ebritur n\u00eb m\u00ebnyr\u00eb te vazhdueshme, pra ajo q\u00eb jemi vet\u00eb. Dhe k\u00ebshtu pasi q\u00eb kjo histori shqiptare deri n\u00eb k\u00ebto momente ku shqiptar\u00ebt vendos\u00ebn aty ku duhet n\u00eb NATO, pun\u00ebt tona k\u00ebndej kufirit po duket\u2019 ia p\u00ebrngjasin forc\u00ebs s\u00eb gravitetit e cila mund t\u00eb punoj\u00eb p\u00ebr ose kundra nesh duke mos na lejuar p\u00ebr t\u00eb shkuar aty ku duam, pra n\u00eb h\u00ebn\u00eb, kuptohet n\u00eb m\u00ebnyr\u00eb metaforike. Po shtojm\u00eb se p\u00ebr tu shk\u00ebputur nga toka sipas ligjit t\u00eb gravitetit \u2013 (kupto p\u00ebr t`u shk\u00ebputur nga skena politike aktuale), k\u00ebrkohet nj\u00eb p\u00ebrpjekje e fuqishme n\u00eb m\u00ebnyr\u00eb q\u00eb liria jon\u00eb t\u00eb z\u00ebj\u00eb vend n\u00eb nj\u00eb dimension t\u00ebr\u00ebsisht t\u00eb ri, por meq\u00eb kjo s`po ndodh\u00eb, do arsyetuar fenomenin mbi baz\u00ebn e nj\u00eb diagnoze p\u00ebr t\u00eb b\u00ebr\u00eb gati recet\u00ebn p\u00ebrkat\u00ebse. Kujtojm\u00eb q\u00eb n\u00eb koh\u00ebn pas viteve 90, politika e komitetlinjve t\u00eb vjet\u00ebr na doli di\u00e7ka m\u00eb e fort\u00eb ose m\u00eb intrigante se ajo e partis\u00eb nacionale, q\u00eb mendohej se jo vet\u00ebm q\u00eb do t\u00eb hante buk\u00eb, por q\u00eb edhe do t\u00eb pinte uj\u00eb pas r\u00ebnies s\u00eb komunizmit n\u00eb vitet 90.<br \/>\nDhe n\u00ebse n\u00eb fillim na u duk se me krijimin e saj do t`u shkonin p\u00ebr kryeshnosh komitetlinjve t\u00eb vjet\u00ebr, sot na duket q\u00eb pik\u00ebrisht mu ato kuadro komuniste kan\u00eb filluar t\u00eb vihen n\u00eb krye t\u00eb udh\u00ebheqjes nacionale p\u00ebr t\u00eb na sh\u00ebndoshur kryet si komb nga idet\u00eb e djathta. Mbaj mend q\u00eb diku n\u00eb vitet 90 d\u00ebshtuam n\u00eb p\u00ebrpjekjet p\u00ebr t\u00eb prur\u00eb n\u00eb krye t\u00eb LD-s\u00eb kuadrot e sprovuar shqiptar\u00eb q\u00eb vinin nga familje t\u00eb sprovuara patriotike dhe t\u00eb cil\u00ebt pastaj veten e gjet\u00ebn n\u00eb radh\u00ebn e DPS-it.rasti i refuzimit t\u00eb pranimit n\u00eb lidhje t\u00eb deputetit Luigj Shkreli flet p\u00ebr fenomenin-por edhe zoti Nikoll\u00eb Gegaj ishte anetar i Forumit &#8220;Rinor&#8221; t\u00eb LDMZ dikur dhe p\u00ebr pasoje duke menduar dhe imagjinuar gjimnastik\u00ebn politike t\u00eb k\u00ebtyre kuadrove krijohet p\u00ebrshtypja se demokrat\u00ebve t\u00eb legjislaturave politike aktuale po iu japin m\u00ebsim personazhet komunist\u00eb t\u00eb cil\u00ebt me sjelljet e veta jan\u00eb t\u00eb llojit q\u00eb kombi yn\u00eb i pati havale edhe ne koh\u00ebn e Nolit, e i cili pas restaurimit t\u00eb regjimit t\u00eb Zogut qe shprehur:<br \/>\n\u201cTi Alim q\u00eb s\u2019di k\u00ebndim je vezir p\u00ebr n\u00eb arsim, ti Selim q\u00eb je kusar, je vezir p\u00ebr n\u00eb thesar!\u201dK\u00ebshtu sot p\u00ebr vete mund t`u themi p\u00ebrsh\u00ebndetje e selam atyre q\u00eb u p\u00ebrpoq\u00ebn \u201cta p\u00ebrmutin\u201d komunizmin ngase po na duket q\u00eb loj\u00ebn e fituan brenda tyre, komitetlinjt\u00eb e vjet\u00ebr. Kurse p\u00ebr ta (demokrat\u00ebt) mbase dikur do t\u00eb k\u00ebndohet ndonj\u00eb parodi ther\u00ebse: \u201cPak pa dek\u00eb fryma u ka dal\u00eb, kur kan\u00eb dek\u00eb e kan than\u00eb nj\u00eb fjal\u00eb&#8230;\u201d q\u00eb do t\u00eb thot\u00eb se paskemi le t\u00ebs vdekur dhe pa faktorin nd\u00ebrkomb\u00ebtar del q\u00eb s\u2019jemi p\u00ebr k\u00ebto pun\u00eb. Barra ideologjike, pastaj mungesa e fantazis\u00eb dhe perceptimi tep\u00ebr provincial i politik\u00ebs i shtyri shpeshher\u00eb lider\u00ebt e politik\u00ebs t\u00eb shkojn\u00eb aq larg sa filluan t`i lypin vetes mejdan! Ata duke d\u00ebshmuar dhe mbi\u00e7muar prejardhjen e origjin\u00ebs, fshatare dhe qytetare, filluan q\u00eb nganj\u00ebher\u00eb t\u2019i nisin nj\u00ebri tjetrit edhe depesh\u00eb lufte.. Ky m\u00ebkatnim ishte jasht\u00ebkohor\u00eb, sepse po b\u00ebhej n\u00eb koh\u00ebn kur segmentet e ndryshme te shtetit filluan ta trashnin zullumin ndaj shqiptar\u00ebve.<br \/>\nP\u00ebrmasat edhe dimensionet e urrejtjes q\u00eb qit\u00ebn krye n\u00eb nj\u00eb hap\u00ebsir\u00eb kaq t\u00eb vog\u00ebl si kjo, gjat\u00eb viteve t\u00eb 90-ta t\u00eb kujton Ulqinin e shekullit XIV, kur popullsia e kalas\u00eb ishte e hasm\u00ebruar me popullsin\u00eb e vendosur rreth Sahat kull\u00ebs q\u00eb ishte nj\u00eb shtres\u00eb e zanat\u00e7injve- nd\u00ebrsa hasm\u00ebria nd\u00ebrmjet dy popullatave i shtynte k\u00ebta t\u00eb kalas\u00eb q\u00eb ta gjuanin popullsin\u00eb rreth Sahat kull\u00ebs madje edhe me top! Duke gjurmuar n\u00eb historin\u00eb e k\u00ebtij sherri, kalibri i politikan\u00ebve lokal\u00eb me sa duket p\u00ebr nga mend\u00ebsia e vet, nuk ndryshon p\u00ebr koh\u00ebn nga ai i mesjet\u00ebs. P\u00ebr nj\u00eb \u00e7erek shekulli energjia popullore filloi t\u00eb digjej dhe u dogj e tash po shihet se shqiptar\u00ebt edhe me pluraliz\u00ebm filluan t\u00eb bien\u00eb n\u00eb gjum\u00eb pa u zgjuar mir\u00eb. Gjat\u00eb vitit `96 e m\u00eb her\u00ebt LD n\u00eb Ulqin u nda n\u00eb dy krah\u00eb, n\u00eb at\u00eb fshatar dhe qytetar. N\u00eb at\u00eb koh\u00eb ndoshta me toleranc\u00eb e mir\u00ebkuptim politik \u00ebsht\u00eb dashur q\u00eb problemi t\u00eb heshtej dhe t\u00eb mbahej n\u00ebn kontroll derisa t\u00eb konsumohej. Po t\u00eb kishim k\u00ebt\u00eb situat\u00eb at\u00ebher\u00eb k\u00ebrkush nuk do t\u00eb kishte nevoj\u00eb q\u00eb ta z\u00ebm\u00eb n\u00eb k\u00ebto zgjedhje t\u00eb k\u00ebrkonte deputetin e An\u00ebs s\u00eb Malit i cili p\u00ebr hesapin ton\u00eb u demonstrua n\u00eb m\u00ebnyr\u00eb tep\u00ebr subjektive dhe me nj\u00eb z\u00eb memec duke mbetur n\u00eb pakic\u00eb n\u00eb t\u00eb gjitha vendvotimet e An\u00ebs s\u00eb Malit. Kjo ndodhte jo sepse kemi t\u00eb b\u00ebjm\u00eb me nj\u00eb ide t\u00eb \u00e7oroditur, por sepse ideja nuk ishte n\u00eb hap me koh\u00ebn.<br \/>\nP\u00ebr t\u00eb rrumbullakuar mendimet e shprehura politike e q\u00eb i shkon p\u00ebr shtat situat\u00ebs cekim se jasht vendvotimeve t\u00eb An\u00ebs s\u00eb Malit dhe vendvotimeve ku ka anamalas n\u00eb Ulqin, ky deputet nuk u votua nga qytetar\u00ebt q\u00eb nuk ishin me origjin\u00eb anamalase! Vlen p\u00ebt t\u2019u p\u00ebrmendur q\u00eb n\u00eb zgjedhjet e m\u00ebparshme kur z. Sinishtaj doli vet\u00eb n\u00eb zgjedhje si Alternativ\u00eb jashta An\u00ebs s\u00eb Malit n\u00eb Komun\u00ebn e Ulqinit fitoi 300 vota, supozojm\u00eb q\u00eb k\u00ebta tashti votuan z. Holli si deputet i An\u00ebs s\u00eb Malit. L\u00ebngata e bacilit t\u00eb ndasive shqiptare b\u00ebn q\u00eb kandidat\u00ebt anamalas t\u00eb mos votohen nga trevat e tjera shqiptare si Ulqini n\u00eb kuptimin e ngusht\u00eb, rrethina e tij, Plav\u00eb e Guci e k\u00ebshtu me radh\u00eb, \u00e7ka do t`ishte nj\u00eb tem\u00eb me interes t\u00eb thuhet p\u00ebrse ndodh\u00eb k\u00ebshtu kur dihet q\u00eb zgjedh\u00ebsit e An\u00ebs s\u00eb Malit pa hamendje votojn\u00eb kandidat\u00ebt e trevave t\u00eb tjera shqiptare. Do t`ishte me interes q\u00eb partit\u00eb t\u00eb cilat k\u00ebrkojn\u00eb votat edhe n\u00eb An\u00eb t\u00eb Malit n\u00ebse d\u00ebshirojn\u00eb t\u00eb mos zhyten n\u00eb lokalizma t\u00eb v\u00ebn\u00eb p\u00ebr bart\u00ebs t\u00eb listave n\u00eb t\u00eb ardhmen ndonj\u00eb kandidat nga kjo trev\u00eb. Por \u00ebsht\u00eb inkurajues fakti i kandidatit anamalas p\u00ebr deputet, Ali Rexha, i cili jasht\u00eb trev\u00ebs s\u00eb vet pati rreth 400 vota.<\/p>\n<p><strong>Muhamet Nika<br \/>\n(Autori \u00ebsht\u00eb kryetar\u00eb i Kuvendit Komunal t\u00eb Ulqinit)<br \/>\nKoha Javore<\/strong><\/p>\n","protected":false},"excerpt":{"rendered":"<p>Po t\u00eb kishim k\u00ebt\u00eb situat\u00eb at\u00ebher\u00eb k\u00ebrkush nuk do t\u00eb kishte nevoj\u00eb q\u00eb ta z\u00ebm\u00eb n\u00eb k\u00ebto zgjedhje t\u00eb k\u00ebrkonte deputetin e An\u00ebs s\u00eb Malit i cili p\u00ebr hesapin ton\u00eb u demonstrua n\u00eb m\u00ebnyr\u00eb tep\u00ebr subjektive dhe me nj\u00eb z\u00eb memec duke mbetur n\u00eb pakic\u00eb n\u00eb t\u00eb gjitha vendvotimet e An\u00ebs s\u00eb Malit. Kjo ndodhte [&hellip;]<\/p>\n","protected":false},"author":1,"featured_media":0,"comment_status":"open","ping_status":"closed","sticky":false,"template":"","format":"standard","meta":{"spay_email":"","jetpack_publicize_message":"","jetpack_is_tweetstorm":false,"jetpack_publicize_feature_enabled":true},"categories":[13],"tags":[10879,944],"jetpack_publicize_connections":[],"yoast_head":"<!-- This site is optimized with the Yoast SEO plugin v19.1 - https:\/\/yoast.com\/wordpress\/plugins\/seo\/ -->\n<title>P\u00ebr t\u00eb v\u00ebrtet\u00ebn mjafton vet\u00ebm nj\u00eb vot\u00eb - Lajme nga Ulqini<\/title>\n<meta name=\"description\" content=\"Po t\u00eb kishim k\u00ebt\u00eb situat\u00eb at\u00ebher\u00eb k\u00ebrkush nuk do t\u00eb kishte nevoj\u00eb q\u00eb ta z\u00ebm\u00eb n\u00eb k\u00ebto zgjedhje t\u00eb k\u00ebrkonte deputetin e An\u00ebs s\u00eb Malit i cili p\u00ebr hesapin\" \/>\n<meta name=\"robots\" content=\"index, follow, max-snippet:-1, max-image-preview:large, max-video-preview:-1\" \/>\n<link rel=\"canonical\" href=\"https:\/\/www.visit-ulcinj.com\/blog\/2009\/06\/01\/per-te-verteten-mjafton-vetem-nje-vote\/\" \/>\n<meta property=\"og:locale\" content=\"en_US\" \/>\n<meta property=\"og:type\" content=\"article\" \/>\n<meta property=\"og:title\" content=\"P\u00ebr t\u00eb v\u00ebrtet\u00ebn mjafton vet\u00ebm nj\u00eb vot\u00eb - Lajme nga Ulqini\" \/>\n<meta property=\"og:description\" content=\"Po t\u00eb kishim k\u00ebt\u00eb situat\u00eb at\u00ebher\u00eb k\u00ebrkush nuk do t\u00eb kishte nevoj\u00eb q\u00eb ta z\u00ebm\u00eb n\u00eb k\u00ebto zgjedhje t\u00eb k\u00ebrkonte deputetin e An\u00ebs s\u00eb Malit i cili p\u00ebr hesapin\" \/>\n<meta property=\"og:url\" content=\"https:\/\/www.visit-ulcinj.com\/blog\/2009\/06\/01\/per-te-verteten-mjafton-vetem-nje-vote\/\" \/>\n<meta property=\"og:site_name\" content=\"Lajme nga Ulqini\" \/>\n<meta property=\"article:published_time\" content=\"2009-06-01T19:09:14+00:00\" \/>\n<meta property=\"article:modified_time\" content=\"2009-06-01T19:09:15+00:00\" \/>\n<meta property=\"og:image\" content=\"http:\/\/www.visit-ulcinj.com\/blog\/wp-content\/uploads\/2009\/06\/muhamet-nika_ulqin.jpg\" \/>\n<meta name=\"twitter:label1\" content=\"Written by\" \/>\n\t<meta name=\"twitter:data1\" content=\"ulqini\" \/>\n\t<meta name=\"twitter:label2\" content=\"Est. reading time\" \/>\n\t<meta name=\"twitter:data2\" content=\"8 minutes\" \/>\n<script type=\"application\/ld+json\" class=\"yoast-schema-graph\">{\"@context\":\"https:\/\/schema.org\",\"@graph\":[{\"@type\":\"WebSite\",\"@id\":\"https:\/\/www.visit-ulcinj.com\/blog\/#website\",\"url\":\"https:\/\/www.visit-ulcinj.com\/blog\/\",\"name\":\"Lajme nga Ulqini\",\"description\":\"Lajme,Vijesti,Ulqini,Ulqin,Crna Gora,Mali i Zi\",\"potentialAction\":[{\"@type\":\"SearchAction\",\"target\":{\"@type\":\"EntryPoint\",\"urlTemplate\":\"https:\/\/www.visit-ulcinj.com\/blog\/?s={search_term_string}\"},\"query-input\":\"required name=search_term_string\"}],\"inLanguage\":\"en-US\"},{\"@type\":\"ImageObject\",\"inLanguage\":\"en-US\",\"@id\":\"https:\/\/www.visit-ulcinj.com\/blog\/2009\/06\/01\/per-te-verteten-mjafton-vetem-nje-vote\/#primaryimage\",\"url\":\"https:\/\/www.visit-ulcinj.com\/blog\/wp-content\/uploads\/2009\/06\/muhamet-nika_ulqin.jpg\",\"contentUrl\":\"https:\/\/www.visit-ulcinj.com\/blog\/wp-content\/uploads\/2009\/06\/muhamet-nika_ulqin.jpg\",\"width\":\"290\",\"height\":\"218\"},{\"@type\":\"WebPage\",\"@id\":\"https:\/\/www.visit-ulcinj.com\/blog\/2009\/06\/01\/per-te-verteten-mjafton-vetem-nje-vote\/#webpage\",\"url\":\"https:\/\/www.visit-ulcinj.com\/blog\/2009\/06\/01\/per-te-verteten-mjafton-vetem-nje-vote\/\",\"name\":\"P\u00ebr t\u00eb v\u00ebrtet\u00ebn mjafton vet\u00ebm nj\u00eb vot\u00eb - Lajme nga Ulqini\",\"isPartOf\":{\"@id\":\"https:\/\/www.visit-ulcinj.com\/blog\/#website\"},\"primaryImageOfPage\":{\"@id\":\"https:\/\/www.visit-ulcinj.com\/blog\/2009\/06\/01\/per-te-verteten-mjafton-vetem-nje-vote\/#primaryimage\"},\"datePublished\":\"2009-06-01T19:09:14+00:00\",\"dateModified\":\"2009-06-01T19:09:15+00:00\",\"author\":{\"@id\":\"https:\/\/www.visit-ulcinj.com\/blog\/#\/schema\/person\/dcab619c614d3038751c63bc2aadc06d\"},\"description\":\"Po t\u00eb kishim k\u00ebt\u00eb situat\u00eb at\u00ebher\u00eb k\u00ebrkush nuk do t\u00eb kishte nevoj\u00eb q\u00eb ta z\u00ebm\u00eb n\u00eb k\u00ebto zgjedhje t\u00eb k\u00ebrkonte deputetin e An\u00ebs s\u00eb Malit i cili p\u00ebr hesapin\",\"breadcrumb\":{\"@id\":\"https:\/\/www.visit-ulcinj.com\/blog\/2009\/06\/01\/per-te-verteten-mjafton-vetem-nje-vote\/#breadcrumb\"},\"inLanguage\":\"en-US\",\"potentialAction\":[{\"@type\":\"ReadAction\",\"target\":[\"https:\/\/www.visit-ulcinj.com\/blog\/2009\/06\/01\/per-te-verteten-mjafton-vetem-nje-vote\/\"]}]},{\"@type\":\"BreadcrumbList\",\"@id\":\"https:\/\/www.visit-ulcinj.com\/blog\/2009\/06\/01\/per-te-verteten-mjafton-vetem-nje-vote\/#breadcrumb\",\"itemListElement\":[{\"@type\":\"ListItem\",\"position\":1,\"name\":\"P\u00ebr t\u00eb v\u00ebrtet\u00ebn mjafton vet\u00ebm nj\u00eb vot\u00eb\"}]},{\"@type\":\"Person\",\"@id\":\"https:\/\/www.visit-ulcinj.com\/blog\/#\/schema\/person\/dcab619c614d3038751c63bc2aadc06d\",\"name\":\"ulqini\",\"sameAs\":[\"http:\/\/www.visit-ulcinj.com\"],\"url\":\"https:\/\/www.visit-ulcinj.com\/blog\/author\/admin\/\"}]}<\/script>\n<!-- \/ Yoast SEO plugin. -->","yoast_head_json":{"title":"P\u00ebr t\u00eb v\u00ebrtet\u00ebn mjafton vet\u00ebm nj\u00eb vot\u00eb - Lajme nga Ulqini","description":"Po t\u00eb kishim k\u00ebt\u00eb situat\u00eb at\u00ebher\u00eb k\u00ebrkush nuk do t\u00eb kishte nevoj\u00eb q\u00eb ta z\u00ebm\u00eb n\u00eb k\u00ebto zgjedhje t\u00eb k\u00ebrkonte deputetin e An\u00ebs s\u00eb Malit i cili p\u00ebr hesapin","robots":{"index":"index","follow":"follow","max-snippet":"max-snippet:-1","max-image-preview":"max-image-preview:large","max-video-preview":"max-video-preview:-1"},"canonical":"https:\/\/www.visit-ulcinj.com\/blog\/2009\/06\/01\/per-te-verteten-mjafton-vetem-nje-vote\/","og_locale":"en_US","og_type":"article","og_title":"P\u00ebr t\u00eb v\u00ebrtet\u00ebn mjafton vet\u00ebm nj\u00eb vot\u00eb - Lajme nga Ulqini","og_description":"Po t\u00eb kishim k\u00ebt\u00eb situat\u00eb at\u00ebher\u00eb k\u00ebrkush nuk do t\u00eb kishte nevoj\u00eb q\u00eb ta z\u00ebm\u00eb n\u00eb k\u00ebto zgjedhje t\u00eb k\u00ebrkonte deputetin e An\u00ebs s\u00eb Malit i cili p\u00ebr hesapin","og_url":"https:\/\/www.visit-ulcinj.com\/blog\/2009\/06\/01\/per-te-verteten-mjafton-vetem-nje-vote\/","og_site_name":"Lajme nga Ulqini","article_published_time":"2009-06-01T19:09:14+00:00","article_modified_time":"2009-06-01T19:09:15+00:00","og_image":[{"url":"http:\/\/www.visit-ulcinj.com\/blog\/wp-content\/uploads\/2009\/06\/muhamet-nika_ulqin.jpg"}],"twitter_misc":{"Written by":"ulqini","Est. reading time":"8 minutes"},"schema":{"@context":"https:\/\/schema.org","@graph":[{"@type":"WebSite","@id":"https:\/\/www.visit-ulcinj.com\/blog\/#website","url":"https:\/\/www.visit-ulcinj.com\/blog\/","name":"Lajme nga Ulqini","description":"Lajme,Vijesti,Ulqini,Ulqin,Crna Gora,Mali i Zi","potentialAction":[{"@type":"SearchAction","target":{"@type":"EntryPoint","urlTemplate":"https:\/\/www.visit-ulcinj.com\/blog\/?s={search_term_string}"},"query-input":"required name=search_term_string"}],"inLanguage":"en-US"},{"@type":"ImageObject","inLanguage":"en-US","@id":"https:\/\/www.visit-ulcinj.com\/blog\/2009\/06\/01\/per-te-verteten-mjafton-vetem-nje-vote\/#primaryimage","url":"https:\/\/www.visit-ulcinj.com\/blog\/wp-content\/uploads\/2009\/06\/muhamet-nika_ulqin.jpg","contentUrl":"https:\/\/www.visit-ulcinj.com\/blog\/wp-content\/uploads\/2009\/06\/muhamet-nika_ulqin.jpg","width":"290","height":"218"},{"@type":"WebPage","@id":"https:\/\/www.visit-ulcinj.com\/blog\/2009\/06\/01\/per-te-verteten-mjafton-vetem-nje-vote\/#webpage","url":"https:\/\/www.visit-ulcinj.com\/blog\/2009\/06\/01\/per-te-verteten-mjafton-vetem-nje-vote\/","name":"P\u00ebr t\u00eb v\u00ebrtet\u00ebn mjafton vet\u00ebm nj\u00eb vot\u00eb - Lajme nga Ulqini","isPartOf":{"@id":"https:\/\/www.visit-ulcinj.com\/blog\/#website"},"primaryImageOfPage":{"@id":"https:\/\/www.visit-ulcinj.com\/blog\/2009\/06\/01\/per-te-verteten-mjafton-vetem-nje-vote\/#primaryimage"},"datePublished":"2009-06-01T19:09:14+00:00","dateModified":"2009-06-01T19:09:15+00:00","author":{"@id":"https:\/\/www.visit-ulcinj.com\/blog\/#\/schema\/person\/dcab619c614d3038751c63bc2aadc06d"},"description":"Po t\u00eb kishim k\u00ebt\u00eb situat\u00eb at\u00ebher\u00eb k\u00ebrkush nuk do t\u00eb kishte nevoj\u00eb q\u00eb ta z\u00ebm\u00eb n\u00eb k\u00ebto zgjedhje t\u00eb k\u00ebrkonte deputetin e An\u00ebs s\u00eb Malit i cili p\u00ebr hesapin","breadcrumb":{"@id":"https:\/\/www.visit-ulcinj.com\/blog\/2009\/06\/01\/per-te-verteten-mjafton-vetem-nje-vote\/#breadcrumb"},"inLanguage":"en-US","potentialAction":[{"@type":"ReadAction","target":["https:\/\/www.visit-ulcinj.com\/blog\/2009\/06\/01\/per-te-verteten-mjafton-vetem-nje-vote\/"]}]},{"@type":"BreadcrumbList","@id":"https:\/\/www.visit-ulcinj.com\/blog\/2009\/06\/01\/per-te-verteten-mjafton-vetem-nje-vote\/#breadcrumb","itemListElement":[{"@type":"ListItem","position":1,"name":"P\u00ebr t\u00eb v\u00ebrtet\u00ebn mjafton vet\u00ebm nj\u00eb vot\u00eb"}]},{"@type":"Person","@id":"https:\/\/www.visit-ulcinj.com\/blog\/#\/schema\/person\/dcab619c614d3038751c63bc2aadc06d","name":"ulqini","sameAs":["http:\/\/www.visit-ulcinj.com"],"url":"https:\/\/www.visit-ulcinj.com\/blog\/author\/admin\/"}]}},"jetpack_featured_media_url":"","jetpack_sharing_enabled":true,"jetpack_shortlink":"https:\/\/wp.me\/pe6lTn-5NR","_links":{"self":[{"href":"https:\/\/www.visit-ulcinj.com\/blog\/wp-json\/wp\/v2\/posts\/22311"}],"collection":[{"href":"https:\/\/www.visit-ulcinj.com\/blog\/wp-json\/wp\/v2\/posts"}],"about":[{"href":"https:\/\/www.visit-ulcinj.com\/blog\/wp-json\/wp\/v2\/types\/post"}],"author":[{"embeddable":true,"href":"https:\/\/www.visit-ulcinj.com\/blog\/wp-json\/wp\/v2\/users\/1"}],"replies":[{"embeddable":true,"href":"https:\/\/www.visit-ulcinj.com\/blog\/wp-json\/wp\/v2\/comments?post=22311"}],"version-history":[{"count":0,"href":"https:\/\/www.visit-ulcinj.com\/blog\/wp-json\/wp\/v2\/posts\/22311\/revisions"}],"wp:attachment":[{"href":"https:\/\/www.visit-ulcinj.com\/blog\/wp-json\/wp\/v2\/media?parent=22311"}],"wp:term":[{"taxonomy":"category","embeddable":true,"href":"https:\/\/www.visit-ulcinj.com\/blog\/wp-json\/wp\/v2\/categories?post=22311"},{"taxonomy":"post_tag","embeddable":true,"href":"https:\/\/www.visit-ulcinj.com\/blog\/wp-json\/wp\/v2\/tags?post=22311"}],"curies":[{"name":"wp","href":"https:\/\/api.w.org\/{rel}","templated":true}]}}