{"id":22327,"date":"2009-06-02T16:25:34","date_gmt":"2009-06-02T14:25:34","guid":{"rendered":"http:\/\/www.visit-ulcinj.com\/blog\/?p=22327"},"modified":"2009-06-02T16:27:47","modified_gmt":"2009-06-02T14:27:47","slug":"ulcinj-svim-sredstvima-ce-braniti-maslinjake","status":"publish","type":"post","link":"https:\/\/www.visit-ulcinj.com\/blog\/2009\/06\/02\/ulcinj-svim-sredstvima-ce-braniti-maslinjake\/","title":{"rendered":"Ulcinj: Svim sredstvima ?e braniti maslinjake"},"content":{"rendered":"<p><strong><img loading=\"lazy\" class=\"alignleft size-full wp-image-22328\" title=\"bivsi-vlasnici-maslina-iz-ulcinja_crna-gora\" src=\"http:\/\/www.visit-ulcinj.com\/blog\/wp-content\/uploads\/2009\/06\/bivsi-vlasnici-maslina-iz-ulcinja_crna-gora.jpg\" alt=\"bivsi-vlasnici-maslina-iz-ulcinja_crna-gora,Apatin, (more), ?a?ak, ?ajni?e, ?apljina, ?eli?, ?elinac, ?itluk, \u0160abac, \u0160id, \u0160ipovo, \u0160iroki Brijeg, \u0160tip, \u017dep?e, \u017divinice, Banja Luka, Banovi?i, Bar, Becici, beograd, Berkovi?i, Berovo, Biha?, Bijeljina, Bile?a, Bitola, bjelasica, Blagaj, Bogdanci, boka, Bosanska Dubica, Bosanska Gradi\u0161ka, Bosanska Kostajnica, Bosanska Krupa, Bosanski \u0160amac, Bosanski Brod, Bosanski Novi, Bosanski Petrovac, Bosansko Grahovo, Bratunac, Br?ko, Breza, Bu\u017eim, Budva, Bugojno, Busova?a, Cazin, crna, Debar, Del?evo, Demir Hisar, Demir Kapija, Derventa, Doboj, Dobreti?i, Dobrodo\u0161li u Crnu Goru!, Dobrodo\u0161li u Ulcinj!, Domaljevac, Donji Vakuf, Drvar, durmitor, Fo?a, Fojnica, Gevgelija, Glamo?, GORA, Gora\u017ede, Gornji Vakuf, gostivar, Gra?anica, Grada?ac, Grude, herceg, igalo, In?ija, Irig, Jablanica, Jajce, Kakanj, Kalesija, Kalinovik, Kavadarci, Ki?evo, Kiseljak, Kladanj, Klju?, Ko?ani, kolasin, Konjic, Kostolac, Kotor, Kotor Varo\u0161, kotorska, Kragujevac, Kraljevo, Kratovo, Kre\u0161evo, Kriva Palanka, Kru\u0161evac, Kru\u0161evo, Kumanovo, Kupres, Leskovac, leto 2009 od 5\u20ac za krevet, letovanje, Livno, Ljubinje, Ljubu\u0161ki, Lopare, Loznica, Lukavac, Maglaj, Makedonska Kamenica, Makedonski Brod, Mili?i, Milocer, Modri?a, Montenegro, mostar, Mrkonji? Grad, Negotino, Neum, Nevesinje, Ni\u0161, Nova Pazova, novi, Novi Pazar, Novi Sad, Novi Travnik, Od\u017eak, odmor, ohrid, Olovo, Ora\u0161je, Pale, Pan?evo, Peh?evo, Po\u017earevac, Posu\u0161je, Pra?a, presevo, Prijedor, Prilep, Probi\u0161tip, Prokuplje, Prozor, Radovi\u0161, Resen, Risan, Rogatica, Rudo, Ruma, Sanski Most, Sapna, Sarajevo, Skender Vakuf, skopje, Smederevo, Sokolac, Srbac, Srbobran, Srebrenica, Srebrenik, Sremska Mitrovica, stefan, Stolac, Struga, Strumica, Subotica, sveti, Sveti Nikole, Tara, Te\u0161anj, Teo?ak, Tesli?, tetovo, tivat, Tomislavgrad, Travnik, Trebinje, turizam, tuzla, ulcinj, Usora, Ustipra?a, Valandovo, Valjevo, Vare\u0161, Veles, Velika Kladu\u0161a, Vi\u0161egrad, Vinica, Visoko, Vitez, Vogo\u0161?a, Vranje, Vr\u0161ac, zabljak, Zaje?ar, Zavidovi?i, Zenica, zimovanje, Zrenjanin, Zvornik  \" width=\"384\" height=\"260\" \/>Biv\u0161i vlasnici maslina iz ulcinja ne?e budu?em zakupcu valdanosa dozvoliti gradnju na tom podru?ju<\/strong><br \/>\nPodgorica, 1. juna &#8211; Ne?emo dozvoliti budu?em zakupcu da na na\u0161oj imovini u Valdanosu bilo \u0161ta gradi. Svim civilizovanim sredstvima brani?emo 93 hektara maslinjaka koji su nam na silu oduzeti davne 1997. godine, a kojima kroz tender za privatizaciju Valdanosa prijeti totalno uni\u0161tenje. To su danas na pres konferenciji saop\u0161tili predstavnici Udru\u017eenja za vra?anje i za\u0161titu privatne svojine &#8211; Odbora biv\u0161ih vlasnika maslina. Na pitanje \u0161ta ?e raditi ukoliko civilizovanim sredstvima ne postignu cilj odnosno vra?anje maslinjaka Luka Batko ?akonovi?, predsjednik ovog Udru\u017eenja ka\u017ee &#8211; sva su sredstva civilizovana kada branite obraz. Ukoliko firma Kubus Luks koja na na\u0161oj imovini namjerava da gradi tri luksuzna hotela ima imalo ozbiljnosti ona na tu?oj zemlji ne?e graditi ni\u0161ta. Ukoliko ipak po?nu suo?i?e se sa hiljadama Ulcinjana, kazao je ?akonovi?, podsjetiv\u0161i da su Ulcinjani znali da se postave 1997. i 2007, pa ?e znati i sada.<br \/>\nBiv\u0161i vlasnici maslina tra\u017ee da se nastave svi zapo?eti upravni sudski postupci, uklju?uju?i i postupak pred Me?unarodnim sudom u Strazburu, po zahtjevima biv\u0161ih vlasnika za vra?anje eksproprisanih maslina u Valdanosu. Od dr\u017eavnih organa Crne Gore se tra\u017ei da dosljedno sprovode zakon o vra?anju poljoprivrednog zemlji\u0161ta, Zakona o maslinadi, Zakon o eksproprijaciji, ure?enju prostora, obe\u0161te?enju i me?unarodnih konvencija o za\u0161titi \u017eivotne sredine. Oni zahtijevaju i korekciju podru?ja obuhvata plana studije lokacije i tenderskih uslova odnosno da se iz plana i tendera isklju?i cjelokupna eksproprisana imovina u Valdanosu. Do okon?anja sudskih postupaka da se biv\u0161im vlasnicima omogu?i slobodan pristup maslinjacima kako bi se zaustavilo njihovo propadanje. O ovim zahtjevima upozna?e se i me?unarodne orgnaizacije FAO, crnogorska vlada, ambasade zemalja iz kojih su se na tender prijavili zainteresovani zakupci zemlji\u0161ta u Valdanosu, kao i u?esnici na tenderu. Zahtjevi su dostavljeni i vice premijeru Vujici Lazovi?u, direktoru Agencije za prestrukturiranje privrede i strana ulaganja Branku Vujovi?u i potencijalnom investitoru Kubus Luksu, saop\u0161tili su na pres konferenciji predsjednik Udru\u017eenja ?akonovi? i ?lanovi Mustava ?apuni i D\u017eefri ?apuni.<br \/>\nOni su danas pozvali crnogorsku vladu da otvore dijalog oko ovog problema, ali je i optu\u017eili da potcjenjuje biv\u0161e vlasnike maslinjaka. Oni smatraju da ovo pitanje nije u nadle\u017enosti Vlade ve? lokalne samouprave. Po Zakonu prostorom treba da se bavi lokalna vlast. Priznaju da su dobili obe\u0161te?enje davne 1977. godine, za maslinjake koji su im kako ka\u017eu silom oduzeto, ali to ni iz bliza nije pravedno. Ponudili smo da vratimo novac, a da se nama vrati na\u0161e vlasni\u0161tvo. Na podsje?anje da Zakon ne dozvoljava povratak zemlj\u0161ta za koje je dobijeno obe\u0161te?enje, predstavnici Udru\u017eenja su podsjetili da ima i drugih ?lanova u tom Zakonu.<\/p>\n<p><strong>Poziv dr\u017eavnom tu\u017eiocu <\/strong><br \/>\nBiv\u0161i vlasnici maslinjaka pozvali su danas dr\u017eavnog tu\u017eioca da se umije\u0161a u ovaj problem. Pozivamo ga da pokrene utvr?ivanje ustavnosti i zakonitosti prostornog plana u ovom dijelu Valdanosa, kazali su biv\u0161i vlasnici maslinjaka.<\/p>\n<p><strong>Poslu\u0161ni lokalni ?elnici <\/strong><br \/>\nOd lokalne samouprave, politi?kih partija i poslanika u Skup\u0161tini Crne Gore sa teritorije Ulcinja tra\u017eimo da se aktivnije uklju?e i podr\u017ee opravdane zahtjeve biv\u0161ih vlasnika maslinjaka u Valdanosu. Od predstavnika op\u0161tine u organima zakonodavne i izvr\u0161ne vlasti Crne Gore zahtijevamo da potra\u017ee mogu?nosti da se u okviru postoje centralizacije Komisije za privatizaciju ne izjasni bez prethodne saglasnosti SO Ulcinj o tome \u0161ta se ustupa pod zakup. Predstavnici Udru\u017eenja su na pres konferenciji kazali da su nezadovoljni reagovanjem ?elnika. Ulcinjski ?elnici radi malih sitnih interesa slu\u0161aju sve naredbe sa vrha, a mi smo miran narod, ali ovoga puta ?emo i?i do kraja.<\/p>\n<p><strong>Mr.M.<br \/>\n<a href=\"http:\/\/www.pobjeda.co.me\/citanje.php?datum=2009-06-02&amp;id=165103\" target=\"_blank\">Pobjeda<\/a><\/strong><\/p>\n<!--YouTube Error: bad URL entered-->\n","protected":false},"excerpt":{"rendered":"<p>Biv\u0161i vlasnici maslina iz ulcinja ne?e budu?em zakupcu valdanosa dozvoliti gradnju na tom podru?ju Podgorica, 1. juna &#8211; Ne?emo dozvoliti budu?em zakupcu da na na\u0161oj imovini u Valdanosu bilo \u0161ta gradi. Svim civilizovanim sredstvima brani?emo 93 hektara maslinjaka koji su nam na silu oduzeti davne 1997. godine, a kojima kroz tender za privatizaciju Valdanosa prijeti [&hellip;]<\/p>\n","protected":false},"author":1,"featured_media":0,"comment_status":"open","ping_status":"closed","sticky":false,"template":"","format":"standard","meta":{"spay_email":"","jetpack_publicize_message":"","jetpack_is_tweetstorm":false,"jetpack_publicize_feature_enabled":true},"categories":[8337],"tags":[10892,10895,10890,3924,10887,10893,10886,10894,10885,10891,10888,2523,10889],"jetpack_publicize_connections":[],"yoast_head":"<!-- This site is optimized with the Yoast SEO plugin v19.1 - https:\/\/yoast.com\/wordpress\/plugins\/seo\/ -->\n<title>Ulcinj: Svim sredstvima ?e braniti maslinjake - Lajme nga Ulqini<\/title>\n<meta name=\"description\" content=\"Biv\u0161i vlasnici maslina iz ulcinja ne?e budu?em zakupcu valdanosa dozvoliti gradnju na tom podru?ju Podgorica, 1. juna - Ne?emo dozvoliti budu?em zakupcu\" \/>\n<meta name=\"robots\" content=\"index, follow, max-snippet:-1, max-image-preview:large, max-video-preview:-1\" \/>\n<link rel=\"canonical\" href=\"https:\/\/www.visit-ulcinj.com\/blog\/2009\/06\/02\/ulcinj-svim-sredstvima-ce-braniti-maslinjake\/\" \/>\n<meta property=\"og:locale\" content=\"en_US\" \/>\n<meta property=\"og:type\" content=\"article\" \/>\n<meta property=\"og:title\" content=\"Ulcinj: Svim sredstvima ?e braniti maslinjake - Lajme nga Ulqini\" \/>\n<meta property=\"og:description\" content=\"Biv\u0161i vlasnici maslina iz ulcinja ne?e budu?em zakupcu valdanosa dozvoliti gradnju na tom podru?ju Podgorica, 1. juna - Ne?emo dozvoliti budu?em zakupcu\" \/>\n<meta property=\"og:url\" content=\"https:\/\/www.visit-ulcinj.com\/blog\/2009\/06\/02\/ulcinj-svim-sredstvima-ce-braniti-maslinjake\/\" \/>\n<meta property=\"og:site_name\" content=\"Lajme nga Ulqini\" \/>\n<meta property=\"article:published_time\" content=\"2009-06-02T14:25:34+00:00\" \/>\n<meta property=\"article:modified_time\" content=\"2009-06-02T14:27:47+00:00\" \/>\n<meta property=\"og:image\" content=\"http:\/\/www.visit-ulcinj.com\/blog\/wp-content\/uploads\/2009\/06\/bivsi-vlasnici-maslina-iz-ulcinja_crna-gora.jpg\" \/>\n<meta name=\"twitter:label1\" content=\"Written by\" \/>\n\t<meta name=\"twitter:data1\" content=\"ulqini\" \/>\n\t<meta name=\"twitter:label2\" content=\"Est. reading time\" \/>\n\t<meta name=\"twitter:data2\" content=\"3 minutes\" \/>\n<script type=\"application\/ld+json\" class=\"yoast-schema-graph\">{\"@context\":\"https:\/\/schema.org\",\"@graph\":[{\"@type\":\"WebSite\",\"@id\":\"https:\/\/www.visit-ulcinj.com\/blog\/#website\",\"url\":\"https:\/\/www.visit-ulcinj.com\/blog\/\",\"name\":\"Lajme nga Ulqini\",\"description\":\"Lajme,Vijesti,Ulqini,Ulqin,Crna Gora,Mali i Zi\",\"potentialAction\":[{\"@type\":\"SearchAction\",\"target\":{\"@type\":\"EntryPoint\",\"urlTemplate\":\"https:\/\/www.visit-ulcinj.com\/blog\/?s={search_term_string}\"},\"query-input\":\"required name=search_term_string\"}],\"inLanguage\":\"en-US\"},{\"@type\":\"ImageObject\",\"inLanguage\":\"en-US\",\"@id\":\"https:\/\/www.visit-ulcinj.com\/blog\/2009\/06\/02\/ulcinj-svim-sredstvima-ce-braniti-maslinjake\/#primaryimage\",\"url\":\"https:\/\/www.visit-ulcinj.com\/blog\/wp-content\/uploads\/2009\/06\/bivsi-vlasnici-maslina-iz-ulcinja_crna-gora.jpg\",\"contentUrl\":\"https:\/\/www.visit-ulcinj.com\/blog\/wp-content\/uploads\/2009\/06\/bivsi-vlasnici-maslina-iz-ulcinja_crna-gora.jpg\",\"width\":\"300\",\"height\":\"204\"},{\"@type\":\"WebPage\",\"@id\":\"https:\/\/www.visit-ulcinj.com\/blog\/2009\/06\/02\/ulcinj-svim-sredstvima-ce-braniti-maslinjake\/#webpage\",\"url\":\"https:\/\/www.visit-ulcinj.com\/blog\/2009\/06\/02\/ulcinj-svim-sredstvima-ce-braniti-maslinjake\/\",\"name\":\"Ulcinj: Svim sredstvima ?e braniti maslinjake - Lajme nga Ulqini\",\"isPartOf\":{\"@id\":\"https:\/\/www.visit-ulcinj.com\/blog\/#website\"},\"primaryImageOfPage\":{\"@id\":\"https:\/\/www.visit-ulcinj.com\/blog\/2009\/06\/02\/ulcinj-svim-sredstvima-ce-braniti-maslinjake\/#primaryimage\"},\"datePublished\":\"2009-06-02T14:25:34+00:00\",\"dateModified\":\"2009-06-02T14:27:47+00:00\",\"author\":{\"@id\":\"https:\/\/www.visit-ulcinj.com\/blog\/#\/schema\/person\/dcab619c614d3038751c63bc2aadc06d\"},\"description\":\"Biv\u0161i vlasnici maslina iz ulcinja ne?e budu?em zakupcu valdanosa dozvoliti gradnju na tom podru?ju Podgorica, 1. juna - Ne?emo dozvoliti budu?em zakupcu\",\"breadcrumb\":{\"@id\":\"https:\/\/www.visit-ulcinj.com\/blog\/2009\/06\/02\/ulcinj-svim-sredstvima-ce-braniti-maslinjake\/#breadcrumb\"},\"inLanguage\":\"en-US\",\"potentialAction\":[{\"@type\":\"ReadAction\",\"target\":[\"https:\/\/www.visit-ulcinj.com\/blog\/2009\/06\/02\/ulcinj-svim-sredstvima-ce-braniti-maslinjake\/\"]}]},{\"@type\":\"BreadcrumbList\",\"@id\":\"https:\/\/www.visit-ulcinj.com\/blog\/2009\/06\/02\/ulcinj-svim-sredstvima-ce-braniti-maslinjake\/#breadcrumb\",\"itemListElement\":[{\"@type\":\"ListItem\",\"position\":1,\"name\":\"Ulcinj: Svim sredstvima ?e braniti maslinjake\"}]},{\"@type\":\"Person\",\"@id\":\"https:\/\/www.visit-ulcinj.com\/blog\/#\/schema\/person\/dcab619c614d3038751c63bc2aadc06d\",\"name\":\"ulqini\",\"sameAs\":[\"http:\/\/www.visit-ulcinj.com\"],\"url\":\"https:\/\/www.visit-ulcinj.com\/blog\/author\/admin\/\"}]}<\/script>\n<!-- \/ Yoast SEO plugin. -->","yoast_head_json":{"title":"Ulcinj: Svim sredstvima ?e braniti maslinjake - Lajme nga Ulqini","description":"Biv\u0161i vlasnici maslina iz ulcinja ne?e budu?em zakupcu valdanosa dozvoliti gradnju na tom podru?ju Podgorica, 1. juna - Ne?emo dozvoliti budu?em zakupcu","robots":{"index":"index","follow":"follow","max-snippet":"max-snippet:-1","max-image-preview":"max-image-preview:large","max-video-preview":"max-video-preview:-1"},"canonical":"https:\/\/www.visit-ulcinj.com\/blog\/2009\/06\/02\/ulcinj-svim-sredstvima-ce-braniti-maslinjake\/","og_locale":"en_US","og_type":"article","og_title":"Ulcinj: Svim sredstvima ?e braniti maslinjake - Lajme nga Ulqini","og_description":"Biv\u0161i vlasnici maslina iz ulcinja ne?e budu?em zakupcu valdanosa dozvoliti gradnju na tom podru?ju Podgorica, 1. juna - Ne?emo dozvoliti budu?em zakupcu","og_url":"https:\/\/www.visit-ulcinj.com\/blog\/2009\/06\/02\/ulcinj-svim-sredstvima-ce-braniti-maslinjake\/","og_site_name":"Lajme nga Ulqini","article_published_time":"2009-06-02T14:25:34+00:00","article_modified_time":"2009-06-02T14:27:47+00:00","og_image":[{"url":"http:\/\/www.visit-ulcinj.com\/blog\/wp-content\/uploads\/2009\/06\/bivsi-vlasnici-maslina-iz-ulcinja_crna-gora.jpg"}],"twitter_misc":{"Written by":"ulqini","Est. reading time":"3 minutes"},"schema":{"@context":"https:\/\/schema.org","@graph":[{"@type":"WebSite","@id":"https:\/\/www.visit-ulcinj.com\/blog\/#website","url":"https:\/\/www.visit-ulcinj.com\/blog\/","name":"Lajme nga Ulqini","description":"Lajme,Vijesti,Ulqini,Ulqin,Crna Gora,Mali i Zi","potentialAction":[{"@type":"SearchAction","target":{"@type":"EntryPoint","urlTemplate":"https:\/\/www.visit-ulcinj.com\/blog\/?s={search_term_string}"},"query-input":"required name=search_term_string"}],"inLanguage":"en-US"},{"@type":"ImageObject","inLanguage":"en-US","@id":"https:\/\/www.visit-ulcinj.com\/blog\/2009\/06\/02\/ulcinj-svim-sredstvima-ce-braniti-maslinjake\/#primaryimage","url":"https:\/\/www.visit-ulcinj.com\/blog\/wp-content\/uploads\/2009\/06\/bivsi-vlasnici-maslina-iz-ulcinja_crna-gora.jpg","contentUrl":"https:\/\/www.visit-ulcinj.com\/blog\/wp-content\/uploads\/2009\/06\/bivsi-vlasnici-maslina-iz-ulcinja_crna-gora.jpg","width":"300","height":"204"},{"@type":"WebPage","@id":"https:\/\/www.visit-ulcinj.com\/blog\/2009\/06\/02\/ulcinj-svim-sredstvima-ce-braniti-maslinjake\/#webpage","url":"https:\/\/www.visit-ulcinj.com\/blog\/2009\/06\/02\/ulcinj-svim-sredstvima-ce-braniti-maslinjake\/","name":"Ulcinj: Svim sredstvima ?e braniti maslinjake - Lajme nga Ulqini","isPartOf":{"@id":"https:\/\/www.visit-ulcinj.com\/blog\/#website"},"primaryImageOfPage":{"@id":"https:\/\/www.visit-ulcinj.com\/blog\/2009\/06\/02\/ulcinj-svim-sredstvima-ce-braniti-maslinjake\/#primaryimage"},"datePublished":"2009-06-02T14:25:34+00:00","dateModified":"2009-06-02T14:27:47+00:00","author":{"@id":"https:\/\/www.visit-ulcinj.com\/blog\/#\/schema\/person\/dcab619c614d3038751c63bc2aadc06d"},"description":"Biv\u0161i vlasnici maslina iz ulcinja ne?e budu?em zakupcu valdanosa dozvoliti gradnju na tom podru?ju Podgorica, 1. juna - Ne?emo dozvoliti budu?em zakupcu","breadcrumb":{"@id":"https:\/\/www.visit-ulcinj.com\/blog\/2009\/06\/02\/ulcinj-svim-sredstvima-ce-braniti-maslinjake\/#breadcrumb"},"inLanguage":"en-US","potentialAction":[{"@type":"ReadAction","target":["https:\/\/www.visit-ulcinj.com\/blog\/2009\/06\/02\/ulcinj-svim-sredstvima-ce-braniti-maslinjake\/"]}]},{"@type":"BreadcrumbList","@id":"https:\/\/www.visit-ulcinj.com\/blog\/2009\/06\/02\/ulcinj-svim-sredstvima-ce-braniti-maslinjake\/#breadcrumb","itemListElement":[{"@type":"ListItem","position":1,"name":"Ulcinj: Svim sredstvima ?e braniti maslinjake"}]},{"@type":"Person","@id":"https:\/\/www.visit-ulcinj.com\/blog\/#\/schema\/person\/dcab619c614d3038751c63bc2aadc06d","name":"ulqini","sameAs":["http:\/\/www.visit-ulcinj.com"],"url":"https:\/\/www.visit-ulcinj.com\/blog\/author\/admin\/"}]}},"jetpack_featured_media_url":"","jetpack_sharing_enabled":true,"jetpack_shortlink":"https:\/\/wp.me\/pe6lTn-5O7","_links":{"self":[{"href":"https:\/\/www.visit-ulcinj.com\/blog\/wp-json\/wp\/v2\/posts\/22327"}],"collection":[{"href":"https:\/\/www.visit-ulcinj.com\/blog\/wp-json\/wp\/v2\/posts"}],"about":[{"href":"https:\/\/www.visit-ulcinj.com\/blog\/wp-json\/wp\/v2\/types\/post"}],"author":[{"embeddable":true,"href":"https:\/\/www.visit-ulcinj.com\/blog\/wp-json\/wp\/v2\/users\/1"}],"replies":[{"embeddable":true,"href":"https:\/\/www.visit-ulcinj.com\/blog\/wp-json\/wp\/v2\/comments?post=22327"}],"version-history":[{"count":0,"href":"https:\/\/www.visit-ulcinj.com\/blog\/wp-json\/wp\/v2\/posts\/22327\/revisions"}],"wp:attachment":[{"href":"https:\/\/www.visit-ulcinj.com\/blog\/wp-json\/wp\/v2\/media?parent=22327"}],"wp:term":[{"taxonomy":"category","embeddable":true,"href":"https:\/\/www.visit-ulcinj.com\/blog\/wp-json\/wp\/v2\/categories?post=22327"},{"taxonomy":"post_tag","embeddable":true,"href":"https:\/\/www.visit-ulcinj.com\/blog\/wp-json\/wp\/v2\/tags?post=22327"}],"curies":[{"name":"wp","href":"https:\/\/api.w.org\/{rel}","templated":true}]}}