{"id":2234,"date":"2008-08-05T08:32:28","date_gmt":"2008-08-05T13:32:28","guid":{"rendered":"http:\/\/www.visit-ulcinj.com\/blog\/?p=2234"},"modified":"2008-08-05T08:32:28","modified_gmt":"2008-08-05T13:32:28","slug":"strance-ce-otjerati-nase-%c2%abhocu-necu%c2%bb","status":"publish","type":"post","link":"https:\/\/www.visit-ulcinj.com\/blog\/2008\/08\/05\/strance-ce-otjerati-nase-%c2%abhocu-necu%c2%bb\/","title":{"rendered":"Strance ?e otjerati na\u0161e \u00abho?u-ne?u\u00bb"},"content":{"rendered":"<p><img loading=\"lazy\" class=\"alignleft\" title=\"MBA\" src=\"http:\/\/www.visit-mba.org\/images\/MBA-ZNAK-STRIH.jpg\" alt=\"\" width=\"120\" height=\"155\" \/><strong>Ekonomisti saglasni da razli?iti stavovi o privatizaciji u vladaju?oj koaliciji mogu obeshrabriti investitore<\/strong><br \/>\nPODGORICA &#8211; Razli?iti stavovi u vladaju?oj koaliciji DPS-SDP po pitanju procesa privatizacije velikih kompanija u Crnoj Gori mogu dovesti do odlaganja toga procesa i odlaska potencijalnih investitora na druge destinacije &#8211; smatraju u Montenegro biznis alijansi (MBA).<br \/>\nPredsjednik MBA Darko Konjevi? smatra da neslaganje koalicionih partnera mo\u017ee da uspori proces privatizacije koja se mora privesti kraju, a samim tim, kako je kazao, rije\u0161i?e se u potpunosti sada\u0161nji problemi koji se ti?u vi\u0161ka radnika i zapo\u0161ljavanja.<br \/>\n&#8211; Treba da se postavi pitanje ko pla?a cijenu tih neslaganja i da li postoji alternativa neslaganju. To mo\u017ee da uspori sve. Treba da imamo jasnu sliku da li ne\u0161to privatizujemo ili ne, a investitori treba da znaju na ?emu su, jer ako ne privatizujemo oni tra\u017ee druge destinacije-poru?io je on i podsjetio da je neslaganje dovelo do neusvajanja, kako je kazao, veoma bitnog Zakona o koncesijama.<br \/>\nCrnogorski premijer Milo ?ukanovi? krajem pro\u0161le sedmice nije isklju?io mogu?nost da do?e do prijevremenih izbora zbog neslaganja sa manjom koalicionom partijom SDP oko Zakona o koncesijama, ali kazao je da to nije neophodno.<br \/>\n&#8211; Postoje razlike u vladaju?oj koaliciji, jer SDP pretjerano insistira na va\u017enosti dr\u017eavnog vlasni\u0161tva. DPS smatra da je manje va\u017eno da li je ne\u0161to privatno ili dr\u017eavno, ve? je najbitnije da to vlasni\u0161tvo dovede do ekonomskog i dru\u0161tvenog blagostanja \u2013 kazao je tada ?ukanovi?.<br \/>\nKonjevi? je, u razgovoru za Republiku, upozorio da Crna Gora nije jedina destinacija gdje investitori mogu da ulo\u017ee novac, jer se sve zemlje trude da privuku strane investitore.<br \/>\n&#8211; Iako mnogi misle da je Crna Gora Bogom dana i da svi tr?e kod nas, to nije ta?no. Onoliko brzo i efikasno koliko Crna Gora bude radila i koliko bude otvorena toliko ?e privla?iti strane investitore. Moramo da shvatimo da je i novac roba i da oni jednostavno tra\u017ee gdje ?e tu robu plasirati pod odre?enim uslovima, i , naravno, cilj svakog investitora je da vrati sopstveni kapital uz odre?eni profit &#8211; ocijenio je Konjevi?.<br \/>\nKonjevi? isti?e da je ipak najva\u017eniji kona?ni stav koji daje Vlada, zato \u0161to investitori ne pregovaraju sa pojedina?nim partijama, nego su pregovara?i odre?ena ministarstva.<br \/>\n&#8211; Ono \u0161to se de\u0161ava u koaliciji jeste bitno, ali kona?ni stav i rje\u0161enje koje ponudi Vlada je ono \u0161to investitora vi\u0161e treba da zanima. U svakom slu?aju, ta neslaganja mogu dovesti do odre?enih odlaganja &#8211; zaklju?io je Konjevi?.<br \/>\nU MBA smatraju da velike crnogorske kompanije treba privatizovati kroz pronalazak odgovaraju?eg ino-partnera, jer se dr\u017eava nigdje u svijetu nije pokazala kao dobar upravlja? resursima.<br \/>\n&#8211; U principu proces privatizacije treba zavr\u0161iti i krenuti u jedno novo poglavlje kroz javno-privatno partnerstvo izme?u privatnog sektora i dr\u017eave Crne Gore &#8211; kazao je Konjevi?.<br \/>\nJ. Nikoli?<br \/>\n<strong>Izvor \/ Republika <\/strong><\/p>\n<p><strong>Drecun: Bez stabilnosti dolazi?e nam \u0161pekulanti<\/strong><img loading=\"lazy\" class=\"alignright\" title=\"Predrag Drecun \" src=\"http:\/\/arhiva.glas-javnosti.co.yu\/arhiva\/2002\/02\/06\/_slike\/drecun.jpg\" alt=\"\" width=\"152\" height=\"200\" \/><br \/>\nNezavisni ekonomski analiti?ar Predrag Drecun smatra da bi bilo bolje da vladaju?a koalicija po pitanju privatizacije ima jasan stav, nego prili?no nedefinisan, koji, prema njegovom mi\u0161ljenju, kvari strpljenje investitora. &#8211; Kada investitor jednom izgubi strpljenje te\u0161ko se vra?a na destinaciju sa koje je oti\u0161ao. Poznato je da investitor voli stabilnost i on ?e procijeniti da li mu ne\u0161to odgovara ili ne. Stabilnost je u svakom slu?aju neophodan uslov da bi investitor do\u0161ao. U suprotnom, ima?emo \u0161pekulante, one koji su spremni da rizikuju na kratak rok i da to ili izgube ili da dobiju mnogo, ali to nijesu pravi investitori \u2013 kazao je Drecun. On smatra i da sva crnogorska preduze?a treba privatizovati, bez obzira na strate\u0161ki zna?aj jer, kako je kazao, definiciju \u00abstrate\u0161ki zna?aj\u00bb mo\u017ee da svako da na svoj na?in. &#8211; Strate\u0161ki zna?aj ne postoji, postoje prostorni planovi i zakoni, i to treba po\u0161tovati, a strate\u0161ki zna?aj je stvar politi?ke odluke onoga ko je na vlasti &#8211; smatra Drecun. On je upozorio da ne treba privatizovati samo ono \u0161to ima jako izra\u017eenu socijalnu funkciju u Crnoj Gori, jer bi privatizacija takvog preduze?a mogla da dovede veliki broj gra?ana u socijalno te\u017ei polo\u017eaj nego \u0161to je sada. &#8211; Sa privatizacijom EPCG treba biti oprezan i treba je raditi etapno, kroz formu manjinskog u?e\u0161?a potencijalnog stranog investitora koji \u017eeli da u?e u privatizaciju, i kroz dokapitalizaciju. Jedino se pla\u0161im da bi tretman struje kao robe u nekom kratkom roku od dvije do tri godine za Crnu Goru bio socijalno nepodno\u0161ljiv pritisak &#8211; ocijenio je on i dodao da ostala preduze?a treba privatizovati i na?i vlasnika koji ?e njima upravljati bolje od dr\u017eave.<br \/>\n<strong>Izvor \/ Republika<\/strong><\/p>\n","protected":false},"excerpt":{"rendered":"<p><img loading=\"lazy\" class=\"alignleft\" title=\"MBA\" src=\"http:\/\/www.visit-mba.org\/images\/MBA-ZNAK-STRIH.jpg\" alt=\"\" width=\"140\" height=\"140\" \/><\/p>\n","protected":false},"author":1,"featured_media":0,"comment_status":"open","ping_status":"closed","sticky":false,"template":"","format":"standard","meta":{"spay_email":"","jetpack_publicize_message":"","jetpack_is_tweetstorm":false,"jetpack_publicize_feature_enabled":true},"categories":[10,12],"tags":[4251,4250],"jetpack_publicize_connections":[],"yoast_head":"<!-- This site is optimized with the Yoast SEO plugin v19.1 - https:\/\/yoast.com\/wordpress\/plugins\/seo\/ -->\n<title>Strance ?e otjerati na\u0161e \u00abho?u-ne?u\u00bb - Lajme nga Ulqini<\/title>\n<meta name=\"robots\" content=\"index, follow, max-snippet:-1, max-image-preview:large, max-video-preview:-1\" \/>\n<link rel=\"canonical\" href=\"https:\/\/www.visit-ulcinj.com\/blog\/2008\/08\/05\/strance-ce-otjerati-nase-\u00abhocu-necu\u00bb\/\" \/>\n<meta property=\"og:locale\" content=\"en_US\" \/>\n<meta property=\"og:type\" content=\"article\" \/>\n<meta property=\"og:title\" content=\"Strance ?e otjerati na\u0161e \u00abho?u-ne?u\u00bb - Lajme nga Ulqini\" \/>\n<meta property=\"og:url\" content=\"https:\/\/www.visit-ulcinj.com\/blog\/2008\/08\/05\/strance-ce-otjerati-nase-\u00abhocu-necu\u00bb\/\" \/>\n<meta property=\"og:site_name\" content=\"Lajme nga Ulqini\" \/>\n<meta property=\"article:published_time\" content=\"2008-08-05T13:32:28+00:00\" \/>\n<meta property=\"og:image\" content=\"http:\/\/www.visit-mba.org\/images\/MBA-ZNAK-STRIH.jpg\" \/>\n<meta name=\"twitter:label1\" content=\"Written by\" \/>\n\t<meta name=\"twitter:data1\" content=\"ulqini\" \/>\n\t<meta name=\"twitter:label2\" content=\"Est. reading time\" \/>\n\t<meta name=\"twitter:data2\" content=\"4 minutes\" \/>\n<script type=\"application\/ld+json\" class=\"yoast-schema-graph\">{\"@context\":\"https:\/\/schema.org\",\"@graph\":[{\"@type\":\"WebSite\",\"@id\":\"https:\/\/www.visit-ulcinj.com\/blog\/#website\",\"url\":\"https:\/\/www.visit-ulcinj.com\/blog\/\",\"name\":\"Lajme nga Ulqini\",\"description\":\"Lajme,Vijesti,Ulqini,Ulqin,Crna Gora,Mali i Zi\",\"potentialAction\":[{\"@type\":\"SearchAction\",\"target\":{\"@type\":\"EntryPoint\",\"urlTemplate\":\"https:\/\/www.visit-ulcinj.com\/blog\/?s={search_term_string}\"},\"query-input\":\"required name=search_term_string\"}],\"inLanguage\":\"en-US\"},{\"@type\":\"ImageObject\",\"inLanguage\":\"en-US\",\"@id\":\"https:\/\/www.visit-ulcinj.com\/blog\/2008\/08\/05\/strance-ce-otjerati-nase-%c2%abhocu-necu%c2%bb\/#primaryimage\",\"url\":\"http:\/\/www.visit-mba.org\/images\/MBA-ZNAK-STRIH.jpg\",\"contentUrl\":\"http:\/\/www.visit-mba.org\/images\/MBA-ZNAK-STRIH.jpg\"},{\"@type\":\"WebPage\",\"@id\":\"https:\/\/www.visit-ulcinj.com\/blog\/2008\/08\/05\/strance-ce-otjerati-nase-%c2%abhocu-necu%c2%bb\/#webpage\",\"url\":\"https:\/\/www.visit-ulcinj.com\/blog\/2008\/08\/05\/strance-ce-otjerati-nase-%c2%abhocu-necu%c2%bb\/\",\"name\":\"Strance ?e otjerati na\u0161e \u00abho?u-ne?u\u00bb - Lajme nga Ulqini\",\"isPartOf\":{\"@id\":\"https:\/\/www.visit-ulcinj.com\/blog\/#website\"},\"primaryImageOfPage\":{\"@id\":\"https:\/\/www.visit-ulcinj.com\/blog\/2008\/08\/05\/strance-ce-otjerati-nase-%c2%abhocu-necu%c2%bb\/#primaryimage\"},\"datePublished\":\"2008-08-05T13:32:28+00:00\",\"dateModified\":\"2008-08-05T13:32:28+00:00\",\"author\":{\"@id\":\"https:\/\/www.visit-ulcinj.com\/blog\/#\/schema\/person\/dcab619c614d3038751c63bc2aadc06d\"},\"breadcrumb\":{\"@id\":\"https:\/\/www.visit-ulcinj.com\/blog\/2008\/08\/05\/strance-ce-otjerati-nase-%c2%abhocu-necu%c2%bb\/#breadcrumb\"},\"inLanguage\":\"en-US\",\"potentialAction\":[{\"@type\":\"ReadAction\",\"target\":[\"https:\/\/www.visit-ulcinj.com\/blog\/2008\/08\/05\/strance-ce-otjerati-nase-%c2%abhocu-necu%c2%bb\/\"]}]},{\"@type\":\"BreadcrumbList\",\"@id\":\"https:\/\/www.visit-ulcinj.com\/blog\/2008\/08\/05\/strance-ce-otjerati-nase-%c2%abhocu-necu%c2%bb\/#breadcrumb\",\"itemListElement\":[{\"@type\":\"ListItem\",\"position\":1,\"name\":\"Strance ?e otjerati na\u0161e \u00abho?u-ne?u\u00bb\"}]},{\"@type\":\"Person\",\"@id\":\"https:\/\/www.visit-ulcinj.com\/blog\/#\/schema\/person\/dcab619c614d3038751c63bc2aadc06d\",\"name\":\"ulqini\",\"sameAs\":[\"http:\/\/www.visit-ulcinj.com\"],\"url\":\"https:\/\/www.visit-ulcinj.com\/blog\/author\/admin\/\"}]}<\/script>\n<!-- \/ Yoast SEO plugin. -->","yoast_head_json":{"title":"Strance ?e otjerati na\u0161e \u00abho?u-ne?u\u00bb - Lajme nga Ulqini","robots":{"index":"index","follow":"follow","max-snippet":"max-snippet:-1","max-image-preview":"max-image-preview:large","max-video-preview":"max-video-preview:-1"},"canonical":"https:\/\/www.visit-ulcinj.com\/blog\/2008\/08\/05\/strance-ce-otjerati-nase-\u00abhocu-necu\u00bb\/","og_locale":"en_US","og_type":"article","og_title":"Strance ?e otjerati na\u0161e \u00abho?u-ne?u\u00bb - Lajme nga Ulqini","og_url":"https:\/\/www.visit-ulcinj.com\/blog\/2008\/08\/05\/strance-ce-otjerati-nase-\u00abhocu-necu\u00bb\/","og_site_name":"Lajme nga Ulqini","article_published_time":"2008-08-05T13:32:28+00:00","og_image":[{"url":"http:\/\/www.visit-mba.org\/images\/MBA-ZNAK-STRIH.jpg"}],"twitter_misc":{"Written by":"ulqini","Est. reading time":"4 minutes"},"schema":{"@context":"https:\/\/schema.org","@graph":[{"@type":"WebSite","@id":"https:\/\/www.visit-ulcinj.com\/blog\/#website","url":"https:\/\/www.visit-ulcinj.com\/blog\/","name":"Lajme nga Ulqini","description":"Lajme,Vijesti,Ulqini,Ulqin,Crna Gora,Mali i Zi","potentialAction":[{"@type":"SearchAction","target":{"@type":"EntryPoint","urlTemplate":"https:\/\/www.visit-ulcinj.com\/blog\/?s={search_term_string}"},"query-input":"required name=search_term_string"}],"inLanguage":"en-US"},{"@type":"ImageObject","inLanguage":"en-US","@id":"https:\/\/www.visit-ulcinj.com\/blog\/2008\/08\/05\/strance-ce-otjerati-nase-%c2%abhocu-necu%c2%bb\/#primaryimage","url":"http:\/\/www.visit-mba.org\/images\/MBA-ZNAK-STRIH.jpg","contentUrl":"http:\/\/www.visit-mba.org\/images\/MBA-ZNAK-STRIH.jpg"},{"@type":"WebPage","@id":"https:\/\/www.visit-ulcinj.com\/blog\/2008\/08\/05\/strance-ce-otjerati-nase-%c2%abhocu-necu%c2%bb\/#webpage","url":"https:\/\/www.visit-ulcinj.com\/blog\/2008\/08\/05\/strance-ce-otjerati-nase-%c2%abhocu-necu%c2%bb\/","name":"Strance ?e otjerati na\u0161e \u00abho?u-ne?u\u00bb - Lajme nga Ulqini","isPartOf":{"@id":"https:\/\/www.visit-ulcinj.com\/blog\/#website"},"primaryImageOfPage":{"@id":"https:\/\/www.visit-ulcinj.com\/blog\/2008\/08\/05\/strance-ce-otjerati-nase-%c2%abhocu-necu%c2%bb\/#primaryimage"},"datePublished":"2008-08-05T13:32:28+00:00","dateModified":"2008-08-05T13:32:28+00:00","author":{"@id":"https:\/\/www.visit-ulcinj.com\/blog\/#\/schema\/person\/dcab619c614d3038751c63bc2aadc06d"},"breadcrumb":{"@id":"https:\/\/www.visit-ulcinj.com\/blog\/2008\/08\/05\/strance-ce-otjerati-nase-%c2%abhocu-necu%c2%bb\/#breadcrumb"},"inLanguage":"en-US","potentialAction":[{"@type":"ReadAction","target":["https:\/\/www.visit-ulcinj.com\/blog\/2008\/08\/05\/strance-ce-otjerati-nase-%c2%abhocu-necu%c2%bb\/"]}]},{"@type":"BreadcrumbList","@id":"https:\/\/www.visit-ulcinj.com\/blog\/2008\/08\/05\/strance-ce-otjerati-nase-%c2%abhocu-necu%c2%bb\/#breadcrumb","itemListElement":[{"@type":"ListItem","position":1,"name":"Strance ?e otjerati na\u0161e \u00abho?u-ne?u\u00bb"}]},{"@type":"Person","@id":"https:\/\/www.visit-ulcinj.com\/blog\/#\/schema\/person\/dcab619c614d3038751c63bc2aadc06d","name":"ulqini","sameAs":["http:\/\/www.visit-ulcinj.com"],"url":"https:\/\/www.visit-ulcinj.com\/blog\/author\/admin\/"}]}},"jetpack_featured_media_url":"","jetpack_sharing_enabled":true,"jetpack_shortlink":"https:\/\/wp.me\/pe6lTn-A2","_links":{"self":[{"href":"https:\/\/www.visit-ulcinj.com\/blog\/wp-json\/wp\/v2\/posts\/2234"}],"collection":[{"href":"https:\/\/www.visit-ulcinj.com\/blog\/wp-json\/wp\/v2\/posts"}],"about":[{"href":"https:\/\/www.visit-ulcinj.com\/blog\/wp-json\/wp\/v2\/types\/post"}],"author":[{"embeddable":true,"href":"https:\/\/www.visit-ulcinj.com\/blog\/wp-json\/wp\/v2\/users\/1"}],"replies":[{"embeddable":true,"href":"https:\/\/www.visit-ulcinj.com\/blog\/wp-json\/wp\/v2\/comments?post=2234"}],"version-history":[{"count":0,"href":"https:\/\/www.visit-ulcinj.com\/blog\/wp-json\/wp\/v2\/posts\/2234\/revisions"}],"wp:attachment":[{"href":"https:\/\/www.visit-ulcinj.com\/blog\/wp-json\/wp\/v2\/media?parent=2234"}],"wp:term":[{"taxonomy":"category","embeddable":true,"href":"https:\/\/www.visit-ulcinj.com\/blog\/wp-json\/wp\/v2\/categories?post=2234"},{"taxonomy":"post_tag","embeddable":true,"href":"https:\/\/www.visit-ulcinj.com\/blog\/wp-json\/wp\/v2\/tags?post=2234"}],"curies":[{"name":"wp","href":"https:\/\/api.w.org\/{rel}","templated":true}]}}