{"id":22352,"date":"2009-06-02T21:06:08","date_gmt":"2009-06-02T19:06:08","guid":{"rendered":"http:\/\/www.visit-ulcinj.com\/blog\/?p=22352"},"modified":"2009-06-02T21:08:17","modified_gmt":"2009-06-02T19:08:17","slug":"rozana-radi-martohet","status":"publish","type":"post","link":"https:\/\/www.visit-ulcinj.com\/blog\/2009\/06\/02\/rozana-radi-martohet\/","title":{"rendered":"Rozana Radi martohet"},"content":{"rendered":"<p><img loading=\"lazy\" class=\"alignleft size-full wp-image-22368\" title=\"rozana-radi\" src=\"http:\/\/www.visit-ulcinj.com\/blog\/wp-content\/uploads\/2009\/06\/rozana-radi.jpg\" alt=\"rozana-radi\" width=\"580\" height=\"400\" \/>Q\u00eb n\u00eb fillimet e lidhjes \u00ebsht\u00eb munduar me doemos q\u00eb ta kund\u00ebrshtoj\u00eb duke ruajtur me fanatiz\u00ebm \u2018sekretin\u2019 duke mos dashur m\u00eb t\u00eb flas\u00eb p\u00ebr jet\u00ebn e saj private. Shum\u00eb shpesh p\u00ebr k\u00ebt\u00eb gj\u00eb ajo ka z\u00ebn\u00eb nj\u00eb vend t\u00eb caktuar n\u00eb faqet roz\u00eb t\u00eb gazetave nd\u00ebrsa gjithmon\u00eb n\u00eb fokus kan\u00eb qen\u00eb t\u00eb dh\u00ebnat m\u00eb t\u00eb fundit nga jeta sentimentale.<\/p>\n<p>Tashm\u00eb p\u00ebr t\u00eb gjith\u00eb \u00ebsht\u00eb b\u00ebr\u00eb i njohur n\u00eb nj\u00eb m\u00ebnyr\u00eb n\u00eb tjetr\u00ebn, djali nga Shkodra me emrin Edi q\u00eb ka fituar prej koh\u00ebsh zemr\u00ebn e k\u00ebng\u00ebtares Rozana Radi nd\u00ebrsa interesi lidhur me k\u00ebt\u00eb histori dashurie \u00ebsht\u00eb n\u00eb maksimum nga fansat. Vet\u00ebm pak koh\u00eb m\u00eb par\u00eb, qarkulluan thashethemet se Rozana \u00ebsht\u00eb fejuar me Edin, djalin p\u00ebr t\u00eb cilin nuk jepen shum\u00eb t\u00eb dh\u00ebna p\u00ebr shkak se ai nuk jeton n\u00eb Shqip\u00ebri. Rozana e mohoi kategorikisht t\u00eb ishte fejuar nd\u00ebrkoh\u00eb q\u00eb lidhja vazhdonte m\u00eb s\u00eb miri dhe k\u00ebng\u00ebtarja u b\u00eb shum\u00eb koh\u00eb q\u00eb po shoq\u00ebrohej me t\u00eb. Ne n\u00eb fakt nuk dim\u00eb t\u00eb flasim p\u00ebr fejes\u00ebn, sepse kjo tashm\u00eb i p\u00ebrket t\u00eb shkuar\u00ebs s\u00eb k\u00ebng\u00ebtares, e r\u00ebnd\u00ebsishme \u00ebsht\u00eb q\u00eb lidhja e tyre vazhdon dhe madje shum\u00eb e fort\u00eb, por ama nuk mund t\u00eb rrim\u00eb pa treguar thashethemet e fundit q\u00eb qarkullojn\u00eb p\u00ebr Rozin e m\u00eb konkretisht p\u00ebr lidhjen e saj me Edin.<\/p>\n<p>Ajo q\u00eb po flitet gjithmon\u00eb e m\u00eb shum\u00eb \u00ebsht\u00eb nj\u00eb martes\u00eb e mundshme pas pak koh\u00ebsh p\u00ebr dy t\u00eb rinjt\u00eb, dhe burimet thon\u00eb q\u00eb lajmi ka dal\u00eb nga njer\u00ebz shum\u00eb pran\u00eb k\u00ebng\u00ebtares. E kontaktuar nga ne Rozi mohon gjith\u00e7ka madje p\u00ebrgjigja e saj \u00ebsht\u00eb: \u2018Un\u00eb nuk e di, me k\u00eb po m\u00eb fejojn\u00eb dhe martojn\u00eb njer\u00ebzit. Jeta ime private m\u00eb p\u00ebrket mua dhe askujt tjet\u00ebr\u2019- p\u00ebrgjigjet ajo. Gjithsesi k\u00ebmb\u00ebnguljes son\u00eb Rozi i p\u00ebrgjigjet edhe me rr\u00ebfimin e disa detajeve t\u00eb vogla rreth lidhjes s\u00eb saj me Edin. \u2018Jam mir\u00eb me njeriun q\u00eb dua. Ndihem shum\u00eb mir\u00eb me t\u00eb. Gj\u00ebrat na ecin p\u00ebr mbar\u00eb. Jetojm\u00eb mes Belgjik\u00ebs dhe Shqip\u00ebris\u00eb\u2019. Dhe \u00e7\u2019\u00ebsht\u00eb e v\u00ebrteta k\u00ebng\u00ebtarja udh\u00ebton shum\u00eb shpesh, shkon n\u00eb Blegjik\u00eb tek Edi, nd\u00ebrsa dhe vet\u00eb djali shkodran k\u00ebrkon ta ket\u00eb af\u00ebr vajz\u00ebn simpatike. Po k\u00ebshtu kemi arritur t\u00eb m\u00ebsojm\u00eb se Rozana ka nj\u00eb marr\u00ebdh\u00ebnie shum\u00eb t\u00eb mir\u00eb me familjar\u00ebt e Edit, e kryesisht me t\u00eb motr\u00ebn me t\u00eb cil\u00ebn takoh\u00ebt shpesh p\u00ebr t\u00eb pir\u00eb kafe.<\/p>\n<p><strong>UDH\u00cbTIMET<\/strong><\/p>\n<p>Koh\u00ebt e fundit Rozan\u00ebn zorr se e kap n\u00eb Tiran\u00eb. T\u00eb gjith\u00eb miqt\u00eb q\u00eb e kontaktojn\u00eb n\u00eb telefon, shpesh ky i fundit i del i fikur nd\u00ebrsa vet\u00eb Rozi b\u00ebhet e gjall\u00eb pas pak dit\u00ebsh teksa thot\u00eb se ishte n\u00eb udh\u00ebtim. L\u00ebviz shum\u00eb jasht\u00eb Shqip\u00ebris\u00eb qoft\u00eb p\u00ebr aktivitete pune, qoft\u00eb edhe p\u00ebr pun\u00ebt e saj personale. Belgjika \u00ebsht\u00eb vendi q\u00eb Rozi shkon m\u00eb shpesh, sigurisht arsyet dihen. Oferta m\u00eb e fundit q\u00eb ajo ka marr\u00eb ka qen\u00eb realizimi i nj\u00eb kinoprove, p\u00ebr nj\u00eb film me metrazh t\u00eb shkurt\u00ebr p\u00ebr t\u00eb cilin iu kemi rr\u00ebfyer pak numra m\u00eb par\u00eb.Aktualisht Rozana \u00ebsht\u00eb duke bashk\u00ebpunuar me Julian Ded\u00ebn dhe Gentian Zenelin p\u00ebr v\u00ebnien n\u00eb sken\u00eb t\u00eb nj\u00eb komedie treshe.<\/p>\n<p><strong>\u00c7MENDURIT\u00cb E ROZIT<\/strong><\/p>\n<p>T\u00eb gjith\u00eb e njohin si nj\u00eb vajz\u00eb lozonjare, t\u00eb sjellshme dhe shum\u00eb t\u00eb qeshur. I do shum\u00eb njer\u00ebzit q\u00eb e rrethojn\u00eb dhe me t\u00eb cil\u00ebt shpenzon nj\u00eb pjes\u00eb t\u00eb mir\u00eb t\u00eb koh\u00ebs. T\u00eb gjith\u00eb e p\u00ebrkufizojn\u00eb si shum\u00eb \u00e7apk\u00ebne dhe q\u00eb d\u00ebshiron t\u00eb b\u00ebj\u00eb gjithmon\u00eb si i thot\u00eb koka, shpesh dukeb\u00ebr\u00ebedhe\u2018\u00e7menduri\u2019. P\u00ebrmendim dy prej tyre k\u00ebtu, d\u00ebshir\u00ebn me insistim q\u00eb ajo ka p\u00ebr t\u00eb marr\u00eb pjes\u00eb n\u00eb \u2018Grande Fratello-n\u2019 italian ku vendos t\u00eb marr\u00eb pjes\u00eb n\u00eb audicione derisa t\u00eb fitoj\u00eb, si dhe fryrjen e gjoksit me selikon edhe pse numrinere\u00e7ipetavesi\u00e7thot\u00ebajo, nuk e ka t\u00eb vog\u00ebl, por thjesht p\u00ebr t\u00eb ngjar\u00eb n\u00eb plazh bukur.<\/p>\n<p><strong>Bluetooth<\/strong><\/p>\n\n<!--YouTube Error: bad URL entered-->\n","protected":false},"excerpt":{"rendered":"<p>Q\u00eb n\u00eb fillimet e lidhjes \u00ebsht\u00eb munduar me doemos q\u00eb ta kund\u00ebrshtoj\u00eb duke ruajtur me fanatiz\u00ebm \u2018sekretin\u2019 duke mos dashur m\u00eb t\u00eb flas\u00eb p\u00ebr jet\u00ebn e saj private. Shum\u00eb shpesh p\u00ebr k\u00ebt\u00eb gj\u00eb ajo ka z\u00ebn\u00eb nj\u00eb vend t\u00eb caktuar n\u00eb faqet roz\u00eb t\u00eb gazetave nd\u00ebrsa gjithmon\u00eb n\u00eb fokus kan\u00eb qen\u00eb t\u00eb dh\u00ebnat m\u00eb t\u00eb [&hellip;]<\/p>\n","protected":false},"author":1,"featured_media":0,"comment_status":"open","ping_status":"closed","sticky":false,"template":"","format":"standard","meta":{"spay_email":"","jetpack_publicize_message":"","jetpack_is_tweetstorm":false,"jetpack_publicize_feature_enabled":true},"categories":[1],"tags":[10898,7742,10899,4964,10897,3583],"jetpack_publicize_connections":[],"yoast_head":"<!-- This site is optimized with the Yoast SEO plugin v19.1 - https:\/\/yoast.com\/wordpress\/plugins\/seo\/ -->\n<title>Rozana Radi martohet - Lajme nga Ulqini<\/title>\n<meta name=\"description\" content=\"Q\u00eb n\u00eb fillimet e lidhjes \u00ebsht\u00eb munduar me doemos q\u00eb ta kund\u00ebrshtoj\u00eb duke ruajtur me fanatiz\u00ebm \u2018sekretin\u2019 duke mos dashur m\u00eb t\u00eb flas\u00eb p\u00ebr jet\u00ebn e saj\" \/>\n<meta name=\"robots\" content=\"index, follow, max-snippet:-1, max-image-preview:large, max-video-preview:-1\" \/>\n<link rel=\"canonical\" href=\"https:\/\/www.visit-ulcinj.com\/blog\/2009\/06\/02\/rozana-radi-martohet\/\" \/>\n<meta property=\"og:locale\" content=\"en_US\" \/>\n<meta property=\"og:type\" content=\"article\" \/>\n<meta property=\"og:title\" content=\"Rozana Radi martohet - Lajme nga Ulqini\" \/>\n<meta property=\"og:description\" content=\"Q\u00eb n\u00eb fillimet e lidhjes \u00ebsht\u00eb munduar me doemos q\u00eb ta kund\u00ebrshtoj\u00eb duke ruajtur me fanatiz\u00ebm \u2018sekretin\u2019 duke mos dashur m\u00eb t\u00eb flas\u00eb p\u00ebr jet\u00ebn e saj\" \/>\n<meta property=\"og:url\" content=\"https:\/\/www.visit-ulcinj.com\/blog\/2009\/06\/02\/rozana-radi-martohet\/\" \/>\n<meta property=\"og:site_name\" content=\"Lajme nga Ulqini\" \/>\n<meta property=\"article:published_time\" content=\"2009-06-02T19:06:08+00:00\" \/>\n<meta property=\"article:modified_time\" content=\"2009-06-02T19:08:17+00:00\" \/>\n<meta property=\"og:image\" content=\"https:\/\/www.visit-ulcinj.com\/blog\/wp-content\/uploads\/2009\/06\/rozana-radi-1-150x150.jpg\" \/>\n<meta name=\"twitter:label1\" content=\"Written by\" \/>\n\t<meta name=\"twitter:data1\" content=\"ulqini\" \/>\n\t<meta name=\"twitter:label2\" content=\"Est. reading time\" \/>\n\t<meta name=\"twitter:data2\" content=\"4 minutes\" \/>\n<script type=\"application\/ld+json\" class=\"yoast-schema-graph\">{\"@context\":\"https:\/\/schema.org\",\"@graph\":[{\"@type\":\"WebSite\",\"@id\":\"https:\/\/www.visit-ulcinj.com\/blog\/#website\",\"url\":\"https:\/\/www.visit-ulcinj.com\/blog\/\",\"name\":\"Lajme nga Ulqini\",\"description\":\"Lajme,Vijesti,Ulqini,Ulqin,Crna Gora,Mali i Zi\",\"potentialAction\":[{\"@type\":\"SearchAction\",\"target\":{\"@type\":\"EntryPoint\",\"urlTemplate\":\"https:\/\/www.visit-ulcinj.com\/blog\/?s={search_term_string}\"},\"query-input\":\"required name=search_term_string\"}],\"inLanguage\":\"en-US\"},{\"@type\":\"ImageObject\",\"inLanguage\":\"en-US\",\"@id\":\"https:\/\/www.visit-ulcinj.com\/blog\/2009\/06\/02\/rozana-radi-martohet\/#primaryimage\",\"url\":\"http:\/\/www.visit-ulcinj.com\/blog\/wp-content\/uploads\/2009\/06\/rozana-radi.jpg\",\"contentUrl\":\"http:\/\/www.visit-ulcinj.com\/blog\/wp-content\/uploads\/2009\/06\/rozana-radi.jpg\"},{\"@type\":\"WebPage\",\"@id\":\"https:\/\/www.visit-ulcinj.com\/blog\/2009\/06\/02\/rozana-radi-martohet\/#webpage\",\"url\":\"https:\/\/www.visit-ulcinj.com\/blog\/2009\/06\/02\/rozana-radi-martohet\/\",\"name\":\"Rozana Radi martohet - Lajme nga Ulqini\",\"isPartOf\":{\"@id\":\"https:\/\/www.visit-ulcinj.com\/blog\/#website\"},\"primaryImageOfPage\":{\"@id\":\"https:\/\/www.visit-ulcinj.com\/blog\/2009\/06\/02\/rozana-radi-martohet\/#primaryimage\"},\"datePublished\":\"2009-06-02T19:06:08+00:00\",\"dateModified\":\"2009-06-02T19:08:17+00:00\",\"author\":{\"@id\":\"https:\/\/www.visit-ulcinj.com\/blog\/#\/schema\/person\/dcab619c614d3038751c63bc2aadc06d\"},\"description\":\"Q\u00eb n\u00eb fillimet e lidhjes \u00ebsht\u00eb munduar me doemos q\u00eb ta kund\u00ebrshtoj\u00eb duke ruajtur me fanatiz\u00ebm \u2018sekretin\u2019 duke mos dashur m\u00eb t\u00eb flas\u00eb p\u00ebr jet\u00ebn e saj\",\"breadcrumb\":{\"@id\":\"https:\/\/www.visit-ulcinj.com\/blog\/2009\/06\/02\/rozana-radi-martohet\/#breadcrumb\"},\"inLanguage\":\"en-US\",\"potentialAction\":[{\"@type\":\"ReadAction\",\"target\":[\"https:\/\/www.visit-ulcinj.com\/blog\/2009\/06\/02\/rozana-radi-martohet\/\"]}]},{\"@type\":\"BreadcrumbList\",\"@id\":\"https:\/\/www.visit-ulcinj.com\/blog\/2009\/06\/02\/rozana-radi-martohet\/#breadcrumb\",\"itemListElement\":[{\"@type\":\"ListItem\",\"position\":1,\"name\":\"Rozana Radi martohet\"}]},{\"@type\":\"Person\",\"@id\":\"https:\/\/www.visit-ulcinj.com\/blog\/#\/schema\/person\/dcab619c614d3038751c63bc2aadc06d\",\"name\":\"ulqini\",\"sameAs\":[\"http:\/\/www.visit-ulcinj.com\"],\"url\":\"https:\/\/www.visit-ulcinj.com\/blog\/author\/admin\/\"}]}<\/script>\n<!-- \/ Yoast SEO plugin. -->","yoast_head_json":{"title":"Rozana Radi martohet - Lajme nga Ulqini","description":"Q\u00eb n\u00eb fillimet e lidhjes \u00ebsht\u00eb munduar me doemos q\u00eb ta kund\u00ebrshtoj\u00eb duke ruajtur me fanatiz\u00ebm \u2018sekretin\u2019 duke mos dashur m\u00eb t\u00eb flas\u00eb p\u00ebr jet\u00ebn e saj","robots":{"index":"index","follow":"follow","max-snippet":"max-snippet:-1","max-image-preview":"max-image-preview:large","max-video-preview":"max-video-preview:-1"},"canonical":"https:\/\/www.visit-ulcinj.com\/blog\/2009\/06\/02\/rozana-radi-martohet\/","og_locale":"en_US","og_type":"article","og_title":"Rozana Radi martohet - Lajme nga Ulqini","og_description":"Q\u00eb n\u00eb fillimet e lidhjes \u00ebsht\u00eb munduar me doemos q\u00eb ta kund\u00ebrshtoj\u00eb duke ruajtur me fanatiz\u00ebm \u2018sekretin\u2019 duke mos dashur m\u00eb t\u00eb flas\u00eb p\u00ebr jet\u00ebn e saj","og_url":"https:\/\/www.visit-ulcinj.com\/blog\/2009\/06\/02\/rozana-radi-martohet\/","og_site_name":"Lajme nga Ulqini","article_published_time":"2009-06-02T19:06:08+00:00","article_modified_time":"2009-06-02T19:08:17+00:00","og_image":[{"url":"https:\/\/www.visit-ulcinj.com\/blog\/wp-content\/uploads\/2009\/06\/rozana-radi-1-150x150.jpg"}],"twitter_misc":{"Written by":"ulqini","Est. reading time":"4 minutes"},"schema":{"@context":"https:\/\/schema.org","@graph":[{"@type":"WebSite","@id":"https:\/\/www.visit-ulcinj.com\/blog\/#website","url":"https:\/\/www.visit-ulcinj.com\/blog\/","name":"Lajme nga Ulqini","description":"Lajme,Vijesti,Ulqini,Ulqin,Crna Gora,Mali i Zi","potentialAction":[{"@type":"SearchAction","target":{"@type":"EntryPoint","urlTemplate":"https:\/\/www.visit-ulcinj.com\/blog\/?s={search_term_string}"},"query-input":"required name=search_term_string"}],"inLanguage":"en-US"},{"@type":"ImageObject","inLanguage":"en-US","@id":"https:\/\/www.visit-ulcinj.com\/blog\/2009\/06\/02\/rozana-radi-martohet\/#primaryimage","url":"http:\/\/www.visit-ulcinj.com\/blog\/wp-content\/uploads\/2009\/06\/rozana-radi.jpg","contentUrl":"http:\/\/www.visit-ulcinj.com\/blog\/wp-content\/uploads\/2009\/06\/rozana-radi.jpg"},{"@type":"WebPage","@id":"https:\/\/www.visit-ulcinj.com\/blog\/2009\/06\/02\/rozana-radi-martohet\/#webpage","url":"https:\/\/www.visit-ulcinj.com\/blog\/2009\/06\/02\/rozana-radi-martohet\/","name":"Rozana Radi martohet - Lajme nga Ulqini","isPartOf":{"@id":"https:\/\/www.visit-ulcinj.com\/blog\/#website"},"primaryImageOfPage":{"@id":"https:\/\/www.visit-ulcinj.com\/blog\/2009\/06\/02\/rozana-radi-martohet\/#primaryimage"},"datePublished":"2009-06-02T19:06:08+00:00","dateModified":"2009-06-02T19:08:17+00:00","author":{"@id":"https:\/\/www.visit-ulcinj.com\/blog\/#\/schema\/person\/dcab619c614d3038751c63bc2aadc06d"},"description":"Q\u00eb n\u00eb fillimet e lidhjes \u00ebsht\u00eb munduar me doemos q\u00eb ta kund\u00ebrshtoj\u00eb duke ruajtur me fanatiz\u00ebm \u2018sekretin\u2019 duke mos dashur m\u00eb t\u00eb flas\u00eb p\u00ebr jet\u00ebn e saj","breadcrumb":{"@id":"https:\/\/www.visit-ulcinj.com\/blog\/2009\/06\/02\/rozana-radi-martohet\/#breadcrumb"},"inLanguage":"en-US","potentialAction":[{"@type":"ReadAction","target":["https:\/\/www.visit-ulcinj.com\/blog\/2009\/06\/02\/rozana-radi-martohet\/"]}]},{"@type":"BreadcrumbList","@id":"https:\/\/www.visit-ulcinj.com\/blog\/2009\/06\/02\/rozana-radi-martohet\/#breadcrumb","itemListElement":[{"@type":"ListItem","position":1,"name":"Rozana Radi martohet"}]},{"@type":"Person","@id":"https:\/\/www.visit-ulcinj.com\/blog\/#\/schema\/person\/dcab619c614d3038751c63bc2aadc06d","name":"ulqini","sameAs":["http:\/\/www.visit-ulcinj.com"],"url":"https:\/\/www.visit-ulcinj.com\/blog\/author\/admin\/"}]}},"jetpack_featured_media_url":"","jetpack_sharing_enabled":true,"jetpack_shortlink":"https:\/\/wp.me\/pe6lTn-5Ow","_links":{"self":[{"href":"https:\/\/www.visit-ulcinj.com\/blog\/wp-json\/wp\/v2\/posts\/22352"}],"collection":[{"href":"https:\/\/www.visit-ulcinj.com\/blog\/wp-json\/wp\/v2\/posts"}],"about":[{"href":"https:\/\/www.visit-ulcinj.com\/blog\/wp-json\/wp\/v2\/types\/post"}],"author":[{"embeddable":true,"href":"https:\/\/www.visit-ulcinj.com\/blog\/wp-json\/wp\/v2\/users\/1"}],"replies":[{"embeddable":true,"href":"https:\/\/www.visit-ulcinj.com\/blog\/wp-json\/wp\/v2\/comments?post=22352"}],"version-history":[{"count":0,"href":"https:\/\/www.visit-ulcinj.com\/blog\/wp-json\/wp\/v2\/posts\/22352\/revisions"}],"wp:attachment":[{"href":"https:\/\/www.visit-ulcinj.com\/blog\/wp-json\/wp\/v2\/media?parent=22352"}],"wp:term":[{"taxonomy":"category","embeddable":true,"href":"https:\/\/www.visit-ulcinj.com\/blog\/wp-json\/wp\/v2\/categories?post=22352"},{"taxonomy":"post_tag","embeddable":true,"href":"https:\/\/www.visit-ulcinj.com\/blog\/wp-json\/wp\/v2\/tags?post=22352"}],"curies":[{"name":"wp","href":"https:\/\/api.w.org\/{rel}","templated":true}]}}