{"id":2236,"date":"2008-08-05T08:53:57","date_gmt":"2008-08-05T13:53:57","guid":{"rendered":"http:\/\/www.visit-ulcinj.com\/blog\/?p=2236"},"modified":"2008-08-05T08:53:57","modified_gmt":"2008-08-05T13:53:57","slug":"shqiponja-fluturon-vetem-e-lire","status":"publish","type":"post","link":"https:\/\/www.visit-ulcinj.com\/blog\/2008\/08\/05\/shqiponja-fluturon-vetem-e-lire\/","title":{"rendered":"Shqiponja fluturon vet\u00ebm e lir\u00eb"},"content":{"rendered":"<p><img loading=\"lazy\" class=\"alignleft\" title=\"Nikoll\u00eb Camaj\" src=\"http:\/\/www.kohajavore.cg.yu\/slike\/1193041155.jpg\" alt=\"\" width=\"260\" height=\"169\" \/><strong>Nj\u00eb v\u00ebshtrim ndaj asaj q\u00eb dikush pati guximin ta em\u00ebronte &#8220;Fluturim i Shqiponj\u00ebs&#8221;<\/strong><br \/>\nN\u00ebse ndokush nga t\u00eb arrestuarit do t\u00eb d\u00ebnohet, d\u00ebnimi mund t\u00eb jet\u00eb i bazuar vet\u00ebm n\u00eb &#8220;deliktin verbal&#8221;, i cili nuk \u00ebsht\u00eb m\u00eb n\u00eb fuqi. N\u00eb \u00ebndrra e n\u00eb biseda t\u00eb kota nuk mund t\u00eb bazohet vendimi nd\u00ebshkues. Ajo nuk do t\u00eb guxonte t\u00eb ndodh\u00eb n\u00eb bot\u00ebn demokratike, p\u00ebr \u00e7ka e mban veten edhe Mali i Zi, apo, s\u00eb paku, ku pretendon t\u00eb futet. Nuk mund t\u00eb d\u00ebnohet p\u00ebr ide mbi Shqip\u00ebrin\u00eb etnike, ose p\u00ebr th\u00ebnie se Tuzi \u00ebsht\u00eb Shqip\u00ebri, e jo m\u00eb p\u00ebr shpalosjen e q\u00ebndrimeve politike p\u00ebr t\u00eb formuar nj\u00eb regjion mbrenda shtetit t\u00eb Malit t\u00eb Zi.<br \/>\nQe gati dy vite, n\u00eb sken\u00ebn e Gjykat\u00ebs s\u00eb Lart\u00eb t\u00eb Malit t\u00eb Zi, n\u00eb Podgoric\u00eb, po luhet tragjikomedia q\u00eb dikush e quajti &#8220;Fluturimi i shqiponj\u00ebs&#8221;. &#8220;Pjesa&#8221; edhe tutje mban k\u00ebt\u00eb em\u00ebr, edhe pse nj\u00eb em\u00ebrtim kaq fisnik, me asnj\u00eb element t\u00eb vetin nuk p\u00ebrkon me imazhin q\u00eb la mbrapa. Fal\u00eb ndryshimit t\u00eb aktakuz\u00ebs, nj\u00ebri nga t\u00eb akuzuarit, n\u00eb fjal\u00ebn e vet p\u00ebrfundimtare, tha se deri dje ishte shqiponj\u00eb q\u00eb fluturon e sot \u00ebsht\u00eb &#8220;pul\u00eb e \u00e7ufuritun&#8221; dhe nga fjal\u00ebt e tij nuk kuptohej qart\u00eb se a i vinte mir\u00eb apo keq p\u00ebr k\u00ebt\u00eb &#8220;degradim&#8221;, pasi q\u00eb protagonis\u00ebt e k\u00ebsaj tragjikomedie tashm\u00eb ishin m\u00ebsuar me em\u00ebrtimin shqiponj\u00eb e terrorist, si\u00e7 m\u00ebsohet njeriu me grad\u00ebn apo me krom\u00ebn. E pata th\u00ebn\u00eb edhe nj\u00eb her\u00eb m\u00eb par\u00eb se n\u00eb realitet, dallimi midis heroit e terroristit varet vet\u00ebm nga k\u00ebndi nga i cili v\u00ebshtrohet. Sepse, derisa dikush p\u00ebr dik\u00eb \u00ebsht\u00eb terrorist, p\u00ebr t\u00eb tjer\u00ebt mund t\u00eb jet\u00eb hero, patriot&#8230;shqiponj\u00eb.<br \/>\nTragjikomedia pati 63 episode dhe n\u00eb t\u00eb 64-\u00ebn pritet t\u00eb bien maskat, m\u00eb falni, t\u00eb bie perdja, desha t\u00eb them. N\u00eb fund t\u00eb shfaqjes, var\u00ebsisht nga epilogu, zakonisht d\u00ebgjohen duartrokitje ose f\u00ebshk\u00ebllime. N\u00eb rastin konkret, kjo do t\u00eb varet nga ajo se \u00e7ka do t\u00eb peshoj\u00eb Justicia malazeze, provat e pad\u00ebshmuara apo k\u00ebrkesat e elit\u00ebs politike,<br \/>\n<strong>Ja se \u00e7ka &#8220;d\u00ebshmoi&#8221; procesi gjyq\u00ebsor.<\/strong><img loading=\"lazy\" class=\"alignright\" title=\"Nikoll\u00eb Camaj\" src=\"http:\/\/www.visit-ulcinj.com\/blog\/wp-content\/uploads\/2008\/03\/nikolle-camaj1.jpg\" alt=\"\" width=\"196\" height=\"227\" \/><br \/>\n63 seanca nuk v\u00ebrtetuan asgj\u00eb tjet\u00ebr p\u00ebrpos autor\u00ebsin\u00eb e ditarit, i cili si i till\u00eb nuk d\u00ebshmon asnj\u00eb vep\u00ebr t\u00eb kryer por vet\u00ebm planifikime q\u00eb gjoja dikush paska b\u00ebr\u00eb me dik\u00eb n\u00eb lidhje me di\u00e7ka, ku \u00e7doher\u00eb p\u00ebr pal\u00ebn tjet\u00ebr d\u00ebshmon ai q\u00eb nuk \u00ebsht\u00eb prezent. Sipas k\u00ebtyre &#8220;planeve&#8221; do t\u00eb duhej akuzuar s\u00eb paku tri qeveri, pos sh\u00ebrbimeve sekrete e udh\u00ebheq\u00ebsve shtet\u00ebror\u00eb, nja 130 persona etj. Nj\u00ebri nga avokat\u00ebt mbrojt\u00ebs tha se ditari ishte &#8220;produkt i diktimit t\u00eb ndonj\u00eb agjenti t\u00eb fsheht\u00eb&#8221;, nd\u00ebrsa vet\u00eb &#8220;autori&#8221; thot\u00eb se askush nuk e dinte se mbante ditar. Megjithat\u00eb, policia kur hyri brenda k\u00ebrkoi vet\u00ebm ditarin, \u00e7ka e d\u00ebshmon se i gjith\u00eb aksioni ishte loj\u00eb dhe kurdisje e sh\u00ebrbimeve sekrete.<br \/>\nArmatimet, q\u00eb gjoja u gjet\u00ebn n\u00eb shpella e q\u00eb, gjoja, u paskan takuar &#8220;shqiponjave&#8221;, krejt rast\u00ebsisht &#8220;mbet\u00ebn&#8221; pa ekspertiz\u00eb. Si duket, autori i tragjikomedis\u00eb e ka pasur t\u00eb njohur pron\u00ebsin\u00eb e tyre, \u00e7ka do t\u00eb d\u00ebshmonte vet\u00ebm ekspertiza. Kjo e v\u00ebrteton th\u00ebnien ton\u00eb q\u00eb nga dita e par\u00eb e arrestimit se shpellat jan\u00eb m\u00eb tep\u00ebr t\u00eb tyre sesa tonat, duke aluduar n\u00eb policin\u00eb malazeze.<br \/>\nBisedat telefonike, t\u00eb p\u00ebrgjuara nga sh\u00ebrbimet sekrete, nga t\u00eb cilat priteshin prova m\u00eb bind\u00ebse, t\u00eb paralajm\u00ebruara nga prokurori, i v\u00ebrtetuan bindjet tona p\u00ebr pafaj\u00ebsin\u00eb e t\u00eb arrestuarve. Aty u d\u00ebgjuan biseda familjare, madje edhe sekrete t\u00eb raporteve bashk\u00ebshortore, p\u00ebr publikimin e t\u00eb cilave do t\u00eb duhej t\u00eb jepej llogari, pasi q\u00eb \u00e7do njeri ka t\u00eb drejt\u00eb n\u00eb jet\u00eb private. Bisedat d\u00ebshmuan se nd\u00ebr t\u00eb arrestuarit ka njer\u00ebz q\u00eb nuk njihen fare me nj\u00ebri-tjetrin. Nd\u00ebr ta ka njer\u00ebz q\u00eb, edhe po t\u00eb kishte pasur far\u00eb planesh a bisedash, qofshin edhe ato biseda t\u00eb nivelit t\u00eb deliktit verbal, kan\u00eb kund\u00ebrshtuar \u00e7do tentativ\u00eb t\u00eb destabilizimit t\u00eb Mal\u00ebsis\u00eb.<br \/>\nNga e gjith\u00eb kjo del se, edhe n\u00ebse ndokush nga t\u00eb arrestuarit do t\u00eb d\u00ebnohet, d\u00ebnimi mund t\u00eb jet\u00eb i bazuar vet\u00ebm n\u00eb &#8220;deliktin verbal&#8221;, i cili nuk \u00ebsht\u00eb m\u00eb n\u00eb fuqi. N\u00eb \u00ebndrra e n\u00eb biseda t\u00eb kota nuk mund t\u00eb bazohet vendimi nd\u00ebshkues. Ajo nuk do t\u00eb guxonte t\u00eb ndodh\u00eb n\u00eb bot\u00ebn demokratike, p\u00ebr \u00e7ka e mban veten edhe Mali i Zi, apo, s\u00eb paku, ku pretendon t\u00eb futet. Nuk mund t\u00eb d\u00ebnohet p\u00ebr ide mbi Shqip\u00ebrin\u00eb etnike, ose p\u00ebr th\u00ebnie se Tuzi \u00ebsht\u00eb Shqip\u00ebri, e jo m\u00eb p\u00ebr shpalosjen e q\u00ebndrimeve politike p\u00ebr t\u00eb formuar nj\u00eb regjion mbrenda shtetit t\u00eb Malit t\u00eb Zi. Mali i Zi do t\u00eb duhej tashm\u00eb t\u00eb m\u00ebsohet me fjal\u00eb q\u00eb nuk i p\u00eblqejn\u00eb dhe, p\u00ebrderisa dikush nuk u \u00ebsht\u00eb qasur mjeteve jodemokratike p\u00ebr t`i realizuar ato, t\u00eb mos marr\u00eb masa kaq drakonike, si\u00e7 ishin ato q\u00eb e p\u00ebrcoll\u00ebn aksionin n\u00eb fjal\u00eb. Dhe sidomos jo me standarde t\u00eb dyfishta. Nuk di n\u00ebse ndokush u muar n\u00eb pyetje pse klithi: &#8220;K\u00ebtu \u00ebsht\u00eb Serbi&#8221;! Apo kur n\u00eb Parlamentin e Malit t\u00eb Zi, para opinionit t\u00eb gjer\u00eb dikush grisi tekstin e Kushtetut\u00ebs, duke prezantuar k\u00ebshtu q\u00ebndrimin e vet ndaj k\u00ebtij shteti, apo kur dogj\u00ebn flamurit shtet\u00ebror&#8230; Malazez\u00ebt definitivisht duhet t\u00eb m\u00ebsohen me faktin se dikush q\u00eb vepron p\u00ebr t\u00eb rrezikuar pushtetin, gj\u00eb q\u00eb \u00ebsht\u00eb legjitime, nuk rrezikon shtetin. Identifikimi pushtet-shtet, si recidiv komunist, \u00ebsht\u00eb i rreziksh\u00ebm p\u00ebr forcimin e demokracis\u00eb, megjithat\u00eb shqiptar\u00ebt po e paguajn\u00eb \u00e7mimin. Si duket, krimbi komunist, pushtetar\u00ebt malazez nuk i lejon t\u00eb dalin nga korniza komuniste e t\u00eb logjikuarit dhe n\u00eb \u00e7do shqiptar q\u00eb mendon apo flet ndryshe, shohin armikun e pushtetit, gjegj\u00ebsisht shtetit&#8230;<br \/>\nN\u00eb fund t\u00eb k\u00ebtij procesi maratonik e t\u00eb kurdisur politik, nj\u00eblloj sikur edhe n\u00eb rastin me boshnjak\u00ebt, n\u00eb vitin 1994, pothuaj nj\u00eblloj sikur n\u00eb rastin e Nik\u00eb Camat, Gjon Gjolajt, shqiptaro-amerikanit Pjet\u00ebr Ivezajt, Prek\u00eb Gjon Nik Markut me dy djemt\u00eb, Mehmet Bardhit e sa e sa raste t\u00eb tjera t\u00eb kosovar\u00ebve, kur viktimat v\u00ebrtet e paguan shtrenjt\u00eb, por as pushtetar\u00ebt nuk kaluan leht\u00eb, ose s\u00eb paku, nuk u lavd\u00ebruan me to, \u00ebsht\u00eb m\u00eb se e qart\u00eb se d\u00ebshmit\u00eb dhe provat e administruara nuk mund t`i q\u00ebndrojn\u00eb asnj\u00eb verifikimi neutral. Andaj, p\u00ebrsa i p\u00ebrket akuz\u00ebs morbide p\u00ebr terroriz\u00ebm un\u00eb pres liri p\u00ebr t\u00eb gjith\u00eb, \u00e7ka do t\u00eb zbuste sadopak k\u00ebt\u00eb &#8220;gabim t\u00eb madh t\u00eb pushtetit malazias&#8221;, si\u00e7 e quajti M. Bardhi aksionin &#8220;Fluturimi i shqiponj\u00ebs&#8221;, e \u00e7ka e d\u00ebshmoi koha. Po ashtu pres d\u00ebmshp\u00ebrblim dhe k\u00ebrkim ndjese p\u00ebr shkelje t\u00eb lirive dhe t\u00eb t\u00eb drejtave t\u00eb njeriut, por edhe p\u00ebrgjegj\u00ebsi p\u00ebr ata q\u00eb me shpifje e kurdisje e implikuan shtetin, pushtetin e Mal\u00ebsin\u00eb, n\u00eb k\u00ebt\u00eb pun\u00eb t\u00eb ndyt\u00eb. I pres k\u00ebto, n\u00eb em\u00ebr t\u00eb drejt\u00ebsis\u00eb, liris\u00eb, demokracis\u00eb, dhe n\u00eb em\u00ebr t\u00eb ardhm\u00ebris\u00eb! Po nuk ndodhi kjo, Mali i Zi definitivisht d\u00ebshmon tendenc\u00ebn p\u00ebr t`u shnd\u00ebrruar n\u00eb sk\u00ebterr\u00eb p\u00ebr t\u00eb gjith\u00eb ata q\u00eb mendojn\u00eb e flasin ndryshe. Sidomos kur ata q\u00eb mendojn\u00eb ndryshe jan\u00eb shqiptar\u00eb! Mos vall\u00eb Mali i Zi ka nevoj\u00eb p\u00ebr k\u00ebt\u00eb?!<\/p>\n<p><a href=\"http:\/\/www.visit-ulcinj.com\/blog\/wp-content\/uploads\/2008\/01\/nikolle_camaj.jpg\"><img loading=\"lazy\" class=\"size-medium wp-image-64 alignleft\" title=\"Te drejtat e pakicave n\u00eb ambientin e kushtetutes se re n\u00eb Mal t\u00eb Zi \" src=\"http:\/\/www.visit-ulcinj.com\/blog\/wp-content\/uploads\/2008\/01\/nikolle_camaj.jpg\" alt=\"\" width=\"148\" height=\"140\" \/><\/a>Dihet fare mir\u00eb se shqiptar\u00ebt e k\u00ebtij rajoni, n\u00eb 30 vitet e fundit, e kan\u00eb d\u00ebshmuar p\u00ebrkushtimin e vet q\u00eb realizimin e interesave komb\u00ebtare ta arrijn\u00eb p\u00ebrmes mjeteve demokratike, e q\u00eb ka rezultuar me lindjen e realitetit t\u00eb ri, me pavar\u00ebsin\u00eb e Kosov\u00ebs. Me njohjen e k\u00ebtij realiteti, q\u00eb duhet t\u00eb ndodh\u00eb edhe nga pala malazeze, bie n\u00eb uj\u00eb shpifja se gjoja shqiptar\u00ebt, kudo qofshin, tentojn\u00eb p\u00ebrmbysjen e rendit kushtetues t\u00eb ndonj\u00eb vendi, aq m\u00eb pak t\u00eb Malit t\u00eb Zi, fati i t\u00eb cilit, pothuajse, u vulos me kontributin e shqiptar\u00ebve t\u00eb k\u00ebtush\u00ebm. Prandaj, aspiratat europiane t\u00eb Malit t\u00eb Zi, n\u00ebse jan\u00eb t\u00eb sinqerta, nuk mund t\u00eb arrihen duke d\u00ebmtuar, qoft\u00eb edhe 18 shqiptar\u00eb nga Mal\u00ebsia. Serioziteti dhe pjekuria e gjyq\u00ebsorit dhe prokuroris\u00eb shtet\u00ebrore do t\u00eb duhej d\u00ebshmuar n\u00eb shum\u00eb l\u00ebmenj t\u00eb tjer\u00eb, q\u00eb i k\u00ebrkon edhe Europa, e jo p\u00ebrmes proceseve t\u00eb k\u00ebtilla, t\u00eb montuara. Drejt\u00ebsia malazeze do t\u00eb duhej ta dj\u00eb se proceset nuk kan\u00eb t\u00eb ndalur, andaj as proceset e integrimeve europiane. N\u00eb nj\u00eb Europ\u00eb t\u00eb bashkuar e t\u00eb madhe, t\u00eb gjith\u00eb do jemi t\u00eb bashkuar e do t`i kemi shtetet tona nacionale, t\u00eb m\u00ebdha apo t\u00eb vogla, apo m\u00eb mir\u00eb t\u00eb them, aq sa jan\u00eb kufijt\u00eb e tyre etni\u00eb. Mos vall\u00eb Mali i Zi mendon q\u00eb me k\u00ebso kurdisjesh t\u00eb b\u00ebhet pjes\u00eb e Europ\u00ebs, apo vet\u00ebm vazhdon t\u00eb improvizoj\u00eb integrimet, pasi q\u00eb ato nuk do t`i lejonin t\u00eb luaj\u00eb vet\u00ebm sipas rregullave t\u00eb veta! Europa ka edhe rregulla t\u00eb tjera, zbatimin e t\u00eb cilave e pret edhe nga Mali i ZI!<br \/>\nT\u00eb kthehemi tashti te titulli i k\u00ebtij shkrimi. K\u00ebtu nuk b\u00ebhet fjal\u00eb p\u00ebr fluturim shqiponje. Do t\u00eb ishte m\u00eb mir\u00eb sikur ta quanin me em\u00ebr t\u00eb nj\u00eb zogu q\u00eb nuk ka fole t\u00eb vet\u00ebn, sepse aksioni v\u00ebrtet i ngjau nj\u00eb tentative q\u00eb dikujt, n\u00eb m\u00ebngjesin e 9 shtatorit 2006, t`i lihen vez\u00ebt n\u00eb folen\u00eb e tij, q\u00eb ndryshe quhet &#8220;foleja e qyqes&#8221;. Dihet se shqiponjat fluturojn\u00eb vet\u00ebm t\u00eb lira dhe kur marrin krah\u00eb, nuk ka kush q\u00eb i ndal\u00eb!<br \/>\nTekstin e par\u00eb, kushtuar k\u00ebsaj kurdisjeje, e shkrova t\u00eb nj\u00ebjt\u00ebn dit\u00eb kur ndodhi aksioni. Sot, pothuaj n\u00eb fund t\u00eb tij, as nga q\u00ebndrimi i shprehur at\u00ebher\u00eb, apo edhe n\u00eb rastet e tjera gjat\u00eb 20 muajve sa zgjati procesi, nuk do t\u00eb nd\u00ebrroja asgj\u00eb.<br \/>\n<strong>Nikoll\u00eb Camaj<br \/>\nBurimi \/ Koha Javore<br \/>\nAutori \u00ebsht\u00eb kryetar i Kuvendit t\u00eb KU-s\u00eb s\u00eb Tuzit<\/strong><\/p>\n","protected":false},"excerpt":{"rendered":"<p><img loading=\"lazy\" class=\"alignleft\" title=\"Nikoll\u00eb Camaj\" src=\"http:\/\/www.kohajavore.cg.yu\/slike\/1193041155.jpg\" alt=\"\" width=\"140\" height=\"140\" \/><\/p>\n","protected":false},"author":1,"featured_media":0,"comment_status":"open","ping_status":"closed","sticky":false,"template":"","format":"standard","meta":{"spay_email":"","jetpack_publicize_message":"","jetpack_is_tweetstorm":false,"jetpack_publicize_feature_enabled":true},"categories":[6,12],"tags":[189],"jetpack_publicize_connections":[],"yoast_head":"<!-- This site is optimized with the Yoast SEO plugin v19.1 - https:\/\/yoast.com\/wordpress\/plugins\/seo\/ -->\n<title>Shqiponja fluturon vet\u00ebm e lir\u00eb - Lajme nga Ulqini<\/title>\n<meta name=\"robots\" content=\"index, follow, max-snippet:-1, max-image-preview:large, max-video-preview:-1\" \/>\n<link rel=\"canonical\" href=\"https:\/\/www.visit-ulcinj.com\/blog\/2008\/08\/05\/shqiponja-fluturon-vetem-e-lire\/\" \/>\n<meta property=\"og:locale\" content=\"en_US\" \/>\n<meta property=\"og:type\" content=\"article\" \/>\n<meta property=\"og:title\" content=\"Shqiponja fluturon vet\u00ebm e lir\u00eb - Lajme nga Ulqini\" \/>\n<meta property=\"og:url\" content=\"https:\/\/www.visit-ulcinj.com\/blog\/2008\/08\/05\/shqiponja-fluturon-vetem-e-lire\/\" \/>\n<meta property=\"og:site_name\" content=\"Lajme nga Ulqini\" \/>\n<meta property=\"article:published_time\" content=\"2008-08-05T13:53:57+00:00\" \/>\n<meta property=\"og:image\" content=\"http:\/\/www.kohajavore.cg.yu\/slike\/1193041155.jpg\" \/>\n<meta name=\"twitter:label1\" content=\"Written by\" \/>\n\t<meta name=\"twitter:data1\" content=\"ulqini\" \/>\n\t<meta name=\"twitter:label2\" content=\"Est. reading time\" \/>\n\t<meta name=\"twitter:data2\" content=\"9 minutes\" \/>\n<script type=\"application\/ld+json\" class=\"yoast-schema-graph\">{\"@context\":\"https:\/\/schema.org\",\"@graph\":[{\"@type\":\"WebSite\",\"@id\":\"https:\/\/www.visit-ulcinj.com\/blog\/#website\",\"url\":\"https:\/\/www.visit-ulcinj.com\/blog\/\",\"name\":\"Lajme nga Ulqini\",\"description\":\"Lajme,Vijesti,Ulqini,Ulqin,Crna Gora,Mali i Zi\",\"potentialAction\":[{\"@type\":\"SearchAction\",\"target\":{\"@type\":\"EntryPoint\",\"urlTemplate\":\"https:\/\/www.visit-ulcinj.com\/blog\/?s={search_term_string}\"},\"query-input\":\"required name=search_term_string\"}],\"inLanguage\":\"en-US\"},{\"@type\":\"ImageObject\",\"inLanguage\":\"en-US\",\"@id\":\"https:\/\/www.visit-ulcinj.com\/blog\/2008\/08\/05\/shqiponja-fluturon-vetem-e-lire\/#primaryimage\",\"url\":\"http:\/\/www.kohajavore.cg.yu\/slike\/1193041155.jpg\",\"contentUrl\":\"http:\/\/www.kohajavore.cg.yu\/slike\/1193041155.jpg\"},{\"@type\":\"WebPage\",\"@id\":\"https:\/\/www.visit-ulcinj.com\/blog\/2008\/08\/05\/shqiponja-fluturon-vetem-e-lire\/#webpage\",\"url\":\"https:\/\/www.visit-ulcinj.com\/blog\/2008\/08\/05\/shqiponja-fluturon-vetem-e-lire\/\",\"name\":\"Shqiponja fluturon vet\u00ebm e lir\u00eb - Lajme nga Ulqini\",\"isPartOf\":{\"@id\":\"https:\/\/www.visit-ulcinj.com\/blog\/#website\"},\"primaryImageOfPage\":{\"@id\":\"https:\/\/www.visit-ulcinj.com\/blog\/2008\/08\/05\/shqiponja-fluturon-vetem-e-lire\/#primaryimage\"},\"datePublished\":\"2008-08-05T13:53:57+00:00\",\"dateModified\":\"2008-08-05T13:53:57+00:00\",\"author\":{\"@id\":\"https:\/\/www.visit-ulcinj.com\/blog\/#\/schema\/person\/dcab619c614d3038751c63bc2aadc06d\"},\"breadcrumb\":{\"@id\":\"https:\/\/www.visit-ulcinj.com\/blog\/2008\/08\/05\/shqiponja-fluturon-vetem-e-lire\/#breadcrumb\"},\"inLanguage\":\"en-US\",\"potentialAction\":[{\"@type\":\"ReadAction\",\"target\":[\"https:\/\/www.visit-ulcinj.com\/blog\/2008\/08\/05\/shqiponja-fluturon-vetem-e-lire\/\"]}]},{\"@type\":\"BreadcrumbList\",\"@id\":\"https:\/\/www.visit-ulcinj.com\/blog\/2008\/08\/05\/shqiponja-fluturon-vetem-e-lire\/#breadcrumb\",\"itemListElement\":[{\"@type\":\"ListItem\",\"position\":1,\"name\":\"Shqiponja fluturon vet\u00ebm e lir\u00eb\"}]},{\"@type\":\"Person\",\"@id\":\"https:\/\/www.visit-ulcinj.com\/blog\/#\/schema\/person\/dcab619c614d3038751c63bc2aadc06d\",\"name\":\"ulqini\",\"sameAs\":[\"http:\/\/www.visit-ulcinj.com\"],\"url\":\"https:\/\/www.visit-ulcinj.com\/blog\/author\/admin\/\"}]}<\/script>\n<!-- \/ Yoast SEO plugin. -->","yoast_head_json":{"title":"Shqiponja fluturon vet\u00ebm e lir\u00eb - Lajme nga Ulqini","robots":{"index":"index","follow":"follow","max-snippet":"max-snippet:-1","max-image-preview":"max-image-preview:large","max-video-preview":"max-video-preview:-1"},"canonical":"https:\/\/www.visit-ulcinj.com\/blog\/2008\/08\/05\/shqiponja-fluturon-vetem-e-lire\/","og_locale":"en_US","og_type":"article","og_title":"Shqiponja fluturon vet\u00ebm e lir\u00eb - Lajme nga Ulqini","og_url":"https:\/\/www.visit-ulcinj.com\/blog\/2008\/08\/05\/shqiponja-fluturon-vetem-e-lire\/","og_site_name":"Lajme nga Ulqini","article_published_time":"2008-08-05T13:53:57+00:00","og_image":[{"url":"http:\/\/www.kohajavore.cg.yu\/slike\/1193041155.jpg"}],"twitter_misc":{"Written by":"ulqini","Est. reading time":"9 minutes"},"schema":{"@context":"https:\/\/schema.org","@graph":[{"@type":"WebSite","@id":"https:\/\/www.visit-ulcinj.com\/blog\/#website","url":"https:\/\/www.visit-ulcinj.com\/blog\/","name":"Lajme nga Ulqini","description":"Lajme,Vijesti,Ulqini,Ulqin,Crna Gora,Mali i Zi","potentialAction":[{"@type":"SearchAction","target":{"@type":"EntryPoint","urlTemplate":"https:\/\/www.visit-ulcinj.com\/blog\/?s={search_term_string}"},"query-input":"required name=search_term_string"}],"inLanguage":"en-US"},{"@type":"ImageObject","inLanguage":"en-US","@id":"https:\/\/www.visit-ulcinj.com\/blog\/2008\/08\/05\/shqiponja-fluturon-vetem-e-lire\/#primaryimage","url":"http:\/\/www.kohajavore.cg.yu\/slike\/1193041155.jpg","contentUrl":"http:\/\/www.kohajavore.cg.yu\/slike\/1193041155.jpg"},{"@type":"WebPage","@id":"https:\/\/www.visit-ulcinj.com\/blog\/2008\/08\/05\/shqiponja-fluturon-vetem-e-lire\/#webpage","url":"https:\/\/www.visit-ulcinj.com\/blog\/2008\/08\/05\/shqiponja-fluturon-vetem-e-lire\/","name":"Shqiponja fluturon vet\u00ebm e lir\u00eb - Lajme nga Ulqini","isPartOf":{"@id":"https:\/\/www.visit-ulcinj.com\/blog\/#website"},"primaryImageOfPage":{"@id":"https:\/\/www.visit-ulcinj.com\/blog\/2008\/08\/05\/shqiponja-fluturon-vetem-e-lire\/#primaryimage"},"datePublished":"2008-08-05T13:53:57+00:00","dateModified":"2008-08-05T13:53:57+00:00","author":{"@id":"https:\/\/www.visit-ulcinj.com\/blog\/#\/schema\/person\/dcab619c614d3038751c63bc2aadc06d"},"breadcrumb":{"@id":"https:\/\/www.visit-ulcinj.com\/blog\/2008\/08\/05\/shqiponja-fluturon-vetem-e-lire\/#breadcrumb"},"inLanguage":"en-US","potentialAction":[{"@type":"ReadAction","target":["https:\/\/www.visit-ulcinj.com\/blog\/2008\/08\/05\/shqiponja-fluturon-vetem-e-lire\/"]}]},{"@type":"BreadcrumbList","@id":"https:\/\/www.visit-ulcinj.com\/blog\/2008\/08\/05\/shqiponja-fluturon-vetem-e-lire\/#breadcrumb","itemListElement":[{"@type":"ListItem","position":1,"name":"Shqiponja fluturon vet\u00ebm e lir\u00eb"}]},{"@type":"Person","@id":"https:\/\/www.visit-ulcinj.com\/blog\/#\/schema\/person\/dcab619c614d3038751c63bc2aadc06d","name":"ulqini","sameAs":["http:\/\/www.visit-ulcinj.com"],"url":"https:\/\/www.visit-ulcinj.com\/blog\/author\/admin\/"}]}},"jetpack_featured_media_url":"","jetpack_sharing_enabled":true,"jetpack_shortlink":"https:\/\/wp.me\/pe6lTn-A4","_links":{"self":[{"href":"https:\/\/www.visit-ulcinj.com\/blog\/wp-json\/wp\/v2\/posts\/2236"}],"collection":[{"href":"https:\/\/www.visit-ulcinj.com\/blog\/wp-json\/wp\/v2\/posts"}],"about":[{"href":"https:\/\/www.visit-ulcinj.com\/blog\/wp-json\/wp\/v2\/types\/post"}],"author":[{"embeddable":true,"href":"https:\/\/www.visit-ulcinj.com\/blog\/wp-json\/wp\/v2\/users\/1"}],"replies":[{"embeddable":true,"href":"https:\/\/www.visit-ulcinj.com\/blog\/wp-json\/wp\/v2\/comments?post=2236"}],"version-history":[{"count":0,"href":"https:\/\/www.visit-ulcinj.com\/blog\/wp-json\/wp\/v2\/posts\/2236\/revisions"}],"wp:attachment":[{"href":"https:\/\/www.visit-ulcinj.com\/blog\/wp-json\/wp\/v2\/media?parent=2236"}],"wp:term":[{"taxonomy":"category","embeddable":true,"href":"https:\/\/www.visit-ulcinj.com\/blog\/wp-json\/wp\/v2\/categories?post=2236"},{"taxonomy":"post_tag","embeddable":true,"href":"https:\/\/www.visit-ulcinj.com\/blog\/wp-json\/wp\/v2\/tags?post=2236"}],"curies":[{"name":"wp","href":"https:\/\/api.w.org\/{rel}","templated":true}]}}