{"id":2238,"date":"2008-08-05T09:04:03","date_gmt":"2008-08-05T14:04:03","guid":{"rendered":"http:\/\/www.visit-ulcinj.com\/blog\/?p=2238"},"modified":"2008-08-05T09:04:03","modified_gmt":"2008-08-05T14:04:03","slug":"bigovic-rijesiti-problem-guzvi-na-trajektnom-prelazu","status":"publish","type":"post","link":"https:\/\/www.visit-ulcinj.com\/blog\/2008\/08\/05\/bigovic-rijesiti-problem-guzvi-na-trajektnom-prelazu\/","title":{"rendered":"Bigovi?: Rije\u0161iti problem gu\u017evi na trajektnom prelazu"},"content":{"rendered":"<p><a href=\"http:\/\/www.seebiz.eu\/files\/img\/2008\/4\/23\/trajekt.jpg\"><img loading=\"lazy\" class=\"alignleft\" title=\"TRAJEKT\" src=\"http:\/\/www.seebiz.eu\/files\/img\/2008\/4\/23\/trajekt.jpg\" alt=\"\" width=\"313\" height=\"163\" \/><\/a>PODGORICA \u2013 Dr\u017eava bi do naredne turisti?ke sezone morala da se pozabavi pitanjem neutralisanja gu\u017evi na trajektnom prelazu, barem izgradnjom tre?e prilazne trake, smatraju u Pokretu za promjene (PzP).<br \/>\nPoslanik PzP-a Milo\u0161 Bigovi?, kazao je da je trajektni prelaz tipi?an primjer da se malo prihoda generisanih turizmom investira u materijalnu osnovu turizma.<br \/>\n\u00bbPojedinici koje dr\u017eava svojim mjerama stimulativne politike ne \u201cprisiljava\u201d da reinvestiraju u Crnu Goru veliku koli?inu novca absorbuju ?ak i izvan sfere turizma. Tipi?an primjer je trajektni prelaz gdje je pojedinac, odnosno vlasnik kum, generisao ogromnu koli?inu novca u proteklom periodu i nema namjeru da dio reinvestira\u00ab, rekao je Bigovi?.<br \/>\nDa, kako je dodao, postoje mjere dr\u017eavne politike takav pojedinac bi do naredne turisti?ke sezone morao da se pozabavi pitanjem neutralisanja gu\u017evi na trajektnom prelazu.<br \/>\n\u00bbSli?nih primjera ima na desetine, posebno u primorskim op\u0161tinama\u00ab, kazao je Bigovi?.<br \/>\nOn je ocijenio da i bez \u00bbcrnogorske virtuelne re\u017eimske statistike\u00ab, smanjene gu\u017eve i manji priliv turista, pru\u017eaju uslove da se pau\u0161alno ocijeni postignuti neuspjeh u turizmu posmatran iz ugla dva indikatora \u2013 broja gostiju i prihoda.<br \/>\n\u00bbU dana\u0161njoj turisti?koj Crnoj Gori dominira pitanje tre?eg indikatora, odnosno, koliko su novca ostavili odnosno potro\u0161ili oni koji su boravili ili pro\u0161li kroz Crnu Goru? Ko je agregirao taj novac, u kojoj koli?ini i \u0161ta ?e se uraditi sa dijelom tih prihoda\u00ab, pitao je Bigovi?.<a href=\"http:\/\/www.promjene.org\/slike_bio\/bigovic.jpg\"><img loading=\"lazy\" class=\"alignright\" title=\"Milo\u0161 Bigovi?\" src=\"http:\/\/www.promjene.org\/slike_bio\/bigovic.jpg\" alt=\"\" width=\"100\" height=\"114\" \/><\/a><br \/>\nIskustva iz minulog perioda, kako je dodao, pokazuju ne ba\u0161 blistave rezultate.<br \/>\n\u00bbPoruka, koju struka upu?uje onima koji sa manekenskim osmjehom daju izjave o prihodima iz oblasti turizma ka\u017ee da kada prosje?an gra?anin osjeti blagodeti od turisti?kog prihoda on je zaista i ostvaren. Da li ?e se te blagodeti osjetiti, prije svega kroz pove?anje zaposlenosti i dohotka stanovni\u0161tva, kao i smanjenje siroma\u0161tva valja u budu?nosti pitati ministra turizma i direktora Nacionalne turisti?ke organizacije (NTO)\u00ab, zaklju?io je Bigovi?.<br \/>\n<strong>Izvor: Mina-business<\/strong><\/p>\n","protected":false},"excerpt":{"rendered":"<p><img loading=\"lazy\" class=\"alignleft\" title=\"TRAJEKT\" src=\"http:\/\/www.seebiz.eu\/files\/img\/2008\/4\/23\/trajekt.jpg\" alt=\"\" width=\"140\" height=\"140\" \/><\/p>\n","protected":false},"author":1,"featured_media":0,"comment_status":"open","ping_status":"closed","sticky":false,"template":"","format":"standard","meta":{"spay_email":"","jetpack_publicize_message":"","jetpack_is_tweetstorm":false,"jetpack_publicize_feature_enabled":true},"categories":[12,15],"tags":[4252],"jetpack_publicize_connections":[],"yoast_head":"<!-- This site is optimized with the Yoast SEO plugin v19.1 - https:\/\/yoast.com\/wordpress\/plugins\/seo\/ -->\n<title>Bigovi?: Rije\u0161iti problem gu\u017evi na trajektnom prelazu - Lajme nga Ulqini<\/title>\n<meta name=\"robots\" content=\"index, follow, max-snippet:-1, max-image-preview:large, max-video-preview:-1\" \/>\n<link rel=\"canonical\" href=\"https:\/\/www.visit-ulcinj.com\/blog\/2008\/08\/05\/bigovic-rijesiti-problem-guzvi-na-trajektnom-prelazu\/\" \/>\n<meta property=\"og:locale\" content=\"en_US\" \/>\n<meta property=\"og:type\" content=\"article\" \/>\n<meta property=\"og:title\" content=\"Bigovi?: Rije\u0161iti problem gu\u017evi na trajektnom prelazu - Lajme nga Ulqini\" \/>\n<meta property=\"og:url\" content=\"https:\/\/www.visit-ulcinj.com\/blog\/2008\/08\/05\/bigovic-rijesiti-problem-guzvi-na-trajektnom-prelazu\/\" \/>\n<meta property=\"og:site_name\" content=\"Lajme nga Ulqini\" \/>\n<meta property=\"article:published_time\" content=\"2008-08-05T14:04:03+00:00\" \/>\n<meta property=\"og:image\" content=\"http:\/\/www.seebiz.eu\/files\/img\/2008\/4\/23\/trajekt.jpg\" \/>\n<meta name=\"twitter:label1\" content=\"Written by\" \/>\n\t<meta name=\"twitter:data1\" content=\"ulqini\" \/>\n\t<meta name=\"twitter:label2\" content=\"Est. reading time\" \/>\n\t<meta name=\"twitter:data2\" content=\"2 minutes\" \/>\n<script type=\"application\/ld+json\" class=\"yoast-schema-graph\">{\"@context\":\"https:\/\/schema.org\",\"@graph\":[{\"@type\":\"WebSite\",\"@id\":\"https:\/\/www.visit-ulcinj.com\/blog\/#website\",\"url\":\"https:\/\/www.visit-ulcinj.com\/blog\/\",\"name\":\"Lajme nga Ulqini\",\"description\":\"Lajme,Vijesti,Ulqini,Ulqin,Crna Gora,Mali i Zi\",\"potentialAction\":[{\"@type\":\"SearchAction\",\"target\":{\"@type\":\"EntryPoint\",\"urlTemplate\":\"https:\/\/www.visit-ulcinj.com\/blog\/?s={search_term_string}\"},\"query-input\":\"required name=search_term_string\"}],\"inLanguage\":\"en-US\"},{\"@type\":\"ImageObject\",\"inLanguage\":\"en-US\",\"@id\":\"https:\/\/www.visit-ulcinj.com\/blog\/2008\/08\/05\/bigovic-rijesiti-problem-guzvi-na-trajektnom-prelazu\/#primaryimage\",\"url\":\"http:\/\/www.seebiz.eu\/files\/img\/2008\/4\/23\/trajekt.jpg\",\"contentUrl\":\"http:\/\/www.seebiz.eu\/files\/img\/2008\/4\/23\/trajekt.jpg\"},{\"@type\":\"WebPage\",\"@id\":\"https:\/\/www.visit-ulcinj.com\/blog\/2008\/08\/05\/bigovic-rijesiti-problem-guzvi-na-trajektnom-prelazu\/#webpage\",\"url\":\"https:\/\/www.visit-ulcinj.com\/blog\/2008\/08\/05\/bigovic-rijesiti-problem-guzvi-na-trajektnom-prelazu\/\",\"name\":\"Bigovi?: Rije\u0161iti problem gu\u017evi na trajektnom prelazu - Lajme nga Ulqini\",\"isPartOf\":{\"@id\":\"https:\/\/www.visit-ulcinj.com\/blog\/#website\"},\"primaryImageOfPage\":{\"@id\":\"https:\/\/www.visit-ulcinj.com\/blog\/2008\/08\/05\/bigovic-rijesiti-problem-guzvi-na-trajektnom-prelazu\/#primaryimage\"},\"datePublished\":\"2008-08-05T14:04:03+00:00\",\"dateModified\":\"2008-08-05T14:04:03+00:00\",\"author\":{\"@id\":\"https:\/\/www.visit-ulcinj.com\/blog\/#\/schema\/person\/dcab619c614d3038751c63bc2aadc06d\"},\"breadcrumb\":{\"@id\":\"https:\/\/www.visit-ulcinj.com\/blog\/2008\/08\/05\/bigovic-rijesiti-problem-guzvi-na-trajektnom-prelazu\/#breadcrumb\"},\"inLanguage\":\"en-US\",\"potentialAction\":[{\"@type\":\"ReadAction\",\"target\":[\"https:\/\/www.visit-ulcinj.com\/blog\/2008\/08\/05\/bigovic-rijesiti-problem-guzvi-na-trajektnom-prelazu\/\"]}]},{\"@type\":\"BreadcrumbList\",\"@id\":\"https:\/\/www.visit-ulcinj.com\/blog\/2008\/08\/05\/bigovic-rijesiti-problem-guzvi-na-trajektnom-prelazu\/#breadcrumb\",\"itemListElement\":[{\"@type\":\"ListItem\",\"position\":1,\"name\":\"Bigovi?: Rije\u0161iti problem gu\u017evi na trajektnom prelazu\"}]},{\"@type\":\"Person\",\"@id\":\"https:\/\/www.visit-ulcinj.com\/blog\/#\/schema\/person\/dcab619c614d3038751c63bc2aadc06d\",\"name\":\"ulqini\",\"sameAs\":[\"http:\/\/www.visit-ulcinj.com\"],\"url\":\"https:\/\/www.visit-ulcinj.com\/blog\/author\/admin\/\"}]}<\/script>\n<!-- \/ Yoast SEO plugin. -->","yoast_head_json":{"title":"Bigovi?: Rije\u0161iti problem gu\u017evi na trajektnom prelazu - Lajme nga Ulqini","robots":{"index":"index","follow":"follow","max-snippet":"max-snippet:-1","max-image-preview":"max-image-preview:large","max-video-preview":"max-video-preview:-1"},"canonical":"https:\/\/www.visit-ulcinj.com\/blog\/2008\/08\/05\/bigovic-rijesiti-problem-guzvi-na-trajektnom-prelazu\/","og_locale":"en_US","og_type":"article","og_title":"Bigovi?: Rije\u0161iti problem gu\u017evi na trajektnom prelazu - Lajme nga Ulqini","og_url":"https:\/\/www.visit-ulcinj.com\/blog\/2008\/08\/05\/bigovic-rijesiti-problem-guzvi-na-trajektnom-prelazu\/","og_site_name":"Lajme nga Ulqini","article_published_time":"2008-08-05T14:04:03+00:00","og_image":[{"url":"http:\/\/www.seebiz.eu\/files\/img\/2008\/4\/23\/trajekt.jpg"}],"twitter_misc":{"Written by":"ulqini","Est. reading time":"2 minutes"},"schema":{"@context":"https:\/\/schema.org","@graph":[{"@type":"WebSite","@id":"https:\/\/www.visit-ulcinj.com\/blog\/#website","url":"https:\/\/www.visit-ulcinj.com\/blog\/","name":"Lajme nga Ulqini","description":"Lajme,Vijesti,Ulqini,Ulqin,Crna Gora,Mali i Zi","potentialAction":[{"@type":"SearchAction","target":{"@type":"EntryPoint","urlTemplate":"https:\/\/www.visit-ulcinj.com\/blog\/?s={search_term_string}"},"query-input":"required name=search_term_string"}],"inLanguage":"en-US"},{"@type":"ImageObject","inLanguage":"en-US","@id":"https:\/\/www.visit-ulcinj.com\/blog\/2008\/08\/05\/bigovic-rijesiti-problem-guzvi-na-trajektnom-prelazu\/#primaryimage","url":"http:\/\/www.seebiz.eu\/files\/img\/2008\/4\/23\/trajekt.jpg","contentUrl":"http:\/\/www.seebiz.eu\/files\/img\/2008\/4\/23\/trajekt.jpg"},{"@type":"WebPage","@id":"https:\/\/www.visit-ulcinj.com\/blog\/2008\/08\/05\/bigovic-rijesiti-problem-guzvi-na-trajektnom-prelazu\/#webpage","url":"https:\/\/www.visit-ulcinj.com\/blog\/2008\/08\/05\/bigovic-rijesiti-problem-guzvi-na-trajektnom-prelazu\/","name":"Bigovi?: Rije\u0161iti problem gu\u017evi na trajektnom prelazu - Lajme nga Ulqini","isPartOf":{"@id":"https:\/\/www.visit-ulcinj.com\/blog\/#website"},"primaryImageOfPage":{"@id":"https:\/\/www.visit-ulcinj.com\/blog\/2008\/08\/05\/bigovic-rijesiti-problem-guzvi-na-trajektnom-prelazu\/#primaryimage"},"datePublished":"2008-08-05T14:04:03+00:00","dateModified":"2008-08-05T14:04:03+00:00","author":{"@id":"https:\/\/www.visit-ulcinj.com\/blog\/#\/schema\/person\/dcab619c614d3038751c63bc2aadc06d"},"breadcrumb":{"@id":"https:\/\/www.visit-ulcinj.com\/blog\/2008\/08\/05\/bigovic-rijesiti-problem-guzvi-na-trajektnom-prelazu\/#breadcrumb"},"inLanguage":"en-US","potentialAction":[{"@type":"ReadAction","target":["https:\/\/www.visit-ulcinj.com\/blog\/2008\/08\/05\/bigovic-rijesiti-problem-guzvi-na-trajektnom-prelazu\/"]}]},{"@type":"BreadcrumbList","@id":"https:\/\/www.visit-ulcinj.com\/blog\/2008\/08\/05\/bigovic-rijesiti-problem-guzvi-na-trajektnom-prelazu\/#breadcrumb","itemListElement":[{"@type":"ListItem","position":1,"name":"Bigovi?: Rije\u0161iti problem gu\u017evi na trajektnom prelazu"}]},{"@type":"Person","@id":"https:\/\/www.visit-ulcinj.com\/blog\/#\/schema\/person\/dcab619c614d3038751c63bc2aadc06d","name":"ulqini","sameAs":["http:\/\/www.visit-ulcinj.com"],"url":"https:\/\/www.visit-ulcinj.com\/blog\/author\/admin\/"}]}},"jetpack_featured_media_url":"","jetpack_sharing_enabled":true,"jetpack_shortlink":"https:\/\/wp.me\/pe6lTn-A6","_links":{"self":[{"href":"https:\/\/www.visit-ulcinj.com\/blog\/wp-json\/wp\/v2\/posts\/2238"}],"collection":[{"href":"https:\/\/www.visit-ulcinj.com\/blog\/wp-json\/wp\/v2\/posts"}],"about":[{"href":"https:\/\/www.visit-ulcinj.com\/blog\/wp-json\/wp\/v2\/types\/post"}],"author":[{"embeddable":true,"href":"https:\/\/www.visit-ulcinj.com\/blog\/wp-json\/wp\/v2\/users\/1"}],"replies":[{"embeddable":true,"href":"https:\/\/www.visit-ulcinj.com\/blog\/wp-json\/wp\/v2\/comments?post=2238"}],"version-history":[{"count":0,"href":"https:\/\/www.visit-ulcinj.com\/blog\/wp-json\/wp\/v2\/posts\/2238\/revisions"}],"wp:attachment":[{"href":"https:\/\/www.visit-ulcinj.com\/blog\/wp-json\/wp\/v2\/media?parent=2238"}],"wp:term":[{"taxonomy":"category","embeddable":true,"href":"https:\/\/www.visit-ulcinj.com\/blog\/wp-json\/wp\/v2\/categories?post=2238"},{"taxonomy":"post_tag","embeddable":true,"href":"https:\/\/www.visit-ulcinj.com\/blog\/wp-json\/wp\/v2\/tags?post=2238"}],"curies":[{"name":"wp","href":"https:\/\/api.w.org\/{rel}","templated":true}]}}