{"id":22429,"date":"2009-06-03T20:42:15","date_gmt":"2009-06-03T18:42:15","guid":{"rendered":"http:\/\/www.visit-ulcinj.com\/blog\/?p=22429"},"modified":"2009-06-04T10:14:57","modified_gmt":"2009-06-04T08:14:57","slug":"karate-team-ulqini-i-pathyeshem-ne-podgorice","status":"publish","type":"post","link":"https:\/\/www.visit-ulcinj.com\/blog\/2009\/06\/03\/karate-team-ulqini-i-pathyeshem-ne-podgorice\/","title":{"rendered":"Video &#8211; Karate Team &#8220;Ulqini&#8221; i pathyesh\u00ebm n\u00eb Podgoric\u00eb"},"content":{"rendered":"<p><strong><a href=\"http:\/\/www.visit-ulcinj.com\/blog\/wp-content\/uploads\/2009\/06\/karate-team-ulqini_-ulqini_albulena.jpg\"><img loading=\"lazy\" class=\"alignleft size-full wp-image-22430\" title=\"karate-team-ulqini_-ulqini_albulena\" src=\"http:\/\/www.visit-ulcinj.com\/blog\/wp-content\/uploads\/2009\/06\/karate-team-ulqini_-ulqini_albulena-590x400-custom.jpg\" alt=\"karate-team-ulqini_-ulqini_albulena\" width=\"590\" height=\"400\" \/><\/a>KARATE TEAM &#8220;ULQINI&#8221; MORI PJES\u00cb N\u00cb DY TURNE ND\u00cbRKOMB\u00cbTARE T\u00cb KARATES\u00cb: KUP\u00cbN \u201cOMLADINAC 2009&#8243; N\u00cb PODGORIC\u00cb DHE TURNEUN \u201cZAHIR PAJAZITI \u201c N\u00cb KOSOV\u00cb<\/strong><\/p>\n<p>Karate Team &#8220;Ulqini&#8221; i p\u00ebrb\u00ebr\u00eb nga karateist\u00ebt e klubeve &#8220;Ulqini&#8221; dhe &#8220;Albulena&#8221;, mori pjes\u00eb m\u00eb 30 maj 2009 n\u00eb dy turne nd\u00ebrkomb\u00ebtare t\u00eb karates\u00eb: n\u00eb Turneun e I nd\u00ebrkomb\u00ebtar t\u00eb karates\u00eb &#8220;Omlladinac 2009&#8221; n\u00eb Podgoric\u00eb dhe n\u00eb Turneun e IV p\u00ebrkujtimor t\u00eb karates\u00eb \u201cZahir Pajaziti\u201d n\u00eb Orllan t\u00eb Kosov\u00ebs.<\/p>\n<p>Karate Team &#8220;Ulqini&#8221; u shpall m\u00eb i miri i turneut n\u00eb renditjen e p\u00ebrgjithshme n\u00eb Podgoric\u00eb, duke fituar 104 medalje n\u00eb disciplinat individuale dhe n\u00eb ato ekipore: 30 t\u00eb arta, 31 t\u00eb argjendta, 43 t\u00eb bronzta dhe 4 kupa. Vendi i dyt\u00eb i takoi Klubit t\u00eb Karates\u00eb \u201cBuduqnost\u201d t\u00eb Podgoric\u00ebs, nd\u00ebrsa vendi i tret\u00eb Klubit t\u00eb Karates\u00eb \u201cOnogosht\u201d t\u00eb Nikshiqit.<\/p>\n<p>Edhe garuesi dhe garuesja m\u00eb e mir\u00eb e turneut, si dhe garuesi m\u00eb i mir\u00eb n\u00eb kategorin\u00eb open u shpall\u00ebn garuesit nga Karate Team &#8220;Ulqini&#8221;. Titullin garuesi m\u00eb i mir\u00eb e mori Petar Barlloviq, i cili u kuror\u00ebzua me 2 medalje t\u00eb arta dhe 2 t\u00eb argjendta, garuesja m\u00eb e mir\u00eb u shpall Antigona Rama, e cila fitoi 3 medalje t\u00eb arta dhe nj\u00eb t\u00eb bronzt\u00eb, nd\u00ebrsa Besnik Adoviqit i takoi titulli i garuesit m\u00eb t\u00eb mir\u00eb n\u00eb kategorin\u00eb open p\u00ebr junior\u00eb dhe senior\u00eb, pasi q\u00eb u kuror\u00ebzua me 2 medalje t\u00eb arta dhe nj\u00eb t\u00eb argjendt\u00eb. T\u00eb tre k\u00ebta garues u shp\u00ebrblyen me nga nj\u00eb kup\u00eb, nd\u00ebrsa kupa kryesore p\u00ebr vend t\u00eb par\u00eb n\u00eb renditjen e p\u00ebrgjithshme i takoi Karate Team &#8220;Ulqini&#8221;-t, duke u shpallur k\u00ebshtu klubi m\u00eb i mir\u00eb i turneut.N\u00eb k\u00ebt\u00eb gar\u00eb mor\u00ebn pjes\u00eb 19 klube me 500 garues nga Shqip\u00ebria, Serbia dhe Mali i Zi.<img loading=\"lazy\" class=\"alignleft size-full wp-image-22440\" title=\"omladinac-open-2009\" src=\"http:\/\/www.visit-ulcinj.com\/blog\/wp-content\/uploads\/2009\/06\/omladinac-open-2009.jpg\" alt=\"omladinac-open-2009\" width=\"580\" height=\"400\" \/><\/p>\n<p>&#8211; Duke pasur parasysh faktin se n\u00eb k\u00ebt\u00eb turne mor\u00ebn pjes\u00eb klubet m\u00eb t\u00eb njohura nga Mali i Zi dhe n\u00eb k\u00ebt\u00eb konkurrenc\u00eb ne arrit\u00ebm t\u00eb jemi m\u00eb t\u00eb mir\u00ebt, natyrisht q\u00eb jemi shum\u00eb t\u00eb k\u00ebnaqur &#8211; shprehen trajner\u00ebt e Karate Team \u201cUlqini\u201d Naim Duraku, Anell Beganoviq, Mirsad Nasradini, Jasmin Hot, Kujtim Sukaliqi, kryetrajner\u00ebt e\u00a0 klubeve &#8220;Albulena&#8221; dhe &#8220;Ulqini&#8221; Agron Ujkashi dhe Ruzhdi Rama, si dhe udh\u00ebheq\u00ebsi i k\u00ebtij ekipi profesional t\u00eb trajner\u00ebve Gjorgje Daboviq.<\/p>\n<p>Nga Karate Team &#8220;Ulqini&#8221; n\u00eb k\u00ebt\u00eb gar\u00eb me medalje t\u00eb arta u shp\u00ebrblyen k\u00ebta garues:<\/p>\n<p>Antigona Rama \u2013 tri medalje t\u00eb arta, nga dy medalje t\u00eb arta fituan Petar Barlloviq, Besnik Adoviq, Jehona Musliq, Radica Dashiq dhe Lindita Hoxhiq, nd\u00ebrsa nga nj\u00eb t\u00eb art\u00eb fituan Dorian Veliq, Gentian Kaleziq, Nermin Suma, Blendar Kabashi, Shpetim Gjeka, Xhivat Hoxhiq, Gentiana Kuqi, Xhemale Elezi, Angjella Marnikoviq, Sretena Gjuriq, Lulzim Suma, Ardit Astafoviq, Emir Mustafiq, Diamant Rexha, Xheneta Vu\u00e7iq, Dardan Ceka dhe Blerim Sukaliq. P\u00ebrve\u00e7 k\u00ebtyre medaljeve k\u00ebta garues u kuror\u00ebzuan edhe me medalje t\u00eb tjera.<\/p>\n<p>Me nga disa medalje t\u00eb tjera u shp\u00ebrblyen edhe k\u00ebta garues: Ronald Jacoviq, Edisa Shaba, Albulena Ujkashi, Diell\u00ebza Rama, Gabriella Junkoviq, Ensar Marshiq, Gabriell Byty\u00e7i, Mark Daboviq, Rexhep Shaba, Edon Ceka, Katarina Kujunxhiq, Xheneta Gjekaj, Leila Lihari, Jeton Luka, Teufik Shurdha, Admir Luka, Blerim Veliq, Edin Kraja, Hana Subrahimoviq, Venesa Nuhi, Ilir Muja, Edmond Aliq, Arta Llazoriq, Adnan Kuqi dhe Enis Shaba.<\/p>\n<p>N\u00eb Turneun e IV p\u00ebrkujtimor t\u00eb karates\u00eb &#8220;Zahir Pajaziti&#8221; n\u00eb Orllan t\u00eb Kosov\u00ebs Karate Team &#8220;Ulqini&#8221; mori pjes\u00eb me tre garues\u00eb, t\u00eb cil\u00ebt arrit\u00ebn t\u00eb kuror\u00ebzohen m\u00eb 8 medalje -1 t\u00eb art\u00eb, 3 t\u00eb argjendta dhe 4 t\u00eb bronzta dhe 2 kupa. Kreshnik Tahiri u kuror\u00ebzua me 1 medalje t\u00eb art\u00eb dhe 1 t\u00eb argjendt\u00eb, nd\u00ebrsa Viktor Curoviq dhe Liridon Elezi u kuror\u00ebzuan me nga 1 medalje t\u00eb argjendt\u00eb dhe nga dy t\u00eb bronzta. N\u00eb k\u00ebt\u00eb turne moren pjes\u00eb karateist\u00eb nga Amerika, Belgjika, Maqedonia, Shqip\u00ebria, Kosova, lugina e Preshev\u00ebs dhe ne nga Ulqini. Skender Tahiri, i cili ishte udh\u00ebheq\u00ebs i ketij ekipi ne ket\u00eb gar\u00eb, shprehu k\u00ebnaq\u00ebsin\u00eb e tij p\u00ebr rezultatin e arritur dhe fal\u00ebnderon organizatorin e gar\u00ebs Safet Ramadanin, sekretar i Federat\u00ebs s\u00eb karates\u00eb s\u00eb Kosov\u00ebs, p\u00ebr ftes\u00ebn dhe mikpritjen.<\/p>\n<p>SH\u00cbRBIMI P\u00cbR MARR\u00cbDH\u00cbNIE ME PUBLIKUN I KARATE TEAM &#8220;ULQINI&#8221;<\/p>\n<p><strong><\/strong><strong><a href=\"http:\/\/www.youtube.com\/watch?v=NyqmMDe4KUs\">INTENATIONAL TOURNAMENT&#8221;OMLADINAC OPEN 2009&#8243; <\/a><\/p>\n<p><!--YouTube Error: bad URL entered--><\/strong><\/p>\n","protected":false},"excerpt":{"rendered":"<p>KARATE TEAM &#8220;ULQINI&#8221; MORI PJES\u00cb N\u00cb DY TURNE ND\u00cbRKOMB\u00cbTARE T\u00cb KARATES\u00cb: KUP\u00cbN \u201cOMLADINAC 2009&#8243; N\u00cb PODGORIC\u00cb DHE TURNEUN \u201cZAHIR PAJAZITI \u201c N\u00cb KOSOV\u00cb Karate Team &#8220;Ulqini&#8221; i p\u00ebrb\u00ebr\u00eb nga karateist\u00ebt e klubeve &#8220;Ulqini&#8221; dhe &#8220;Albulena&#8221;, mori pjes\u00eb m\u00eb 30 maj 2009 n\u00eb dy turne nd\u00ebrkomb\u00ebtare t\u00eb karates\u00eb: n\u00eb Turneun e I nd\u00ebrkomb\u00ebtar t\u00eb karates\u00eb &#8220;Omlladinac [&hellip;]<\/p>\n","protected":false},"author":1,"featured_media":0,"comment_status":"open","ping_status":"closed","sticky":false,"template":"","format":"standard","meta":{"spay_email":"","jetpack_publicize_message":"","jetpack_is_tweetstorm":false,"jetpack_publicize_feature_enabled":true},"categories":[3],"tags":[10928,10924,10936,5848,5834,10931,3909,9553,5829,2065,9549,9551,7093,776,9705,7326,9711,5821,2074,5831,8979,2920,2931,5853,2927,10930,5827,2917,10940,10586,8984,7328,5828,9555,10933,2921,9554,2067,5845,9547,10726,10925,10926,49,2079,10922,10932,9550,9552,10937,2934,95,2754,2929,2078,2915,10935,2073,10576,2933,5822,10939,235,2928,354,9548,9706,10927,10923,10938,10934,2621,2066,10580,1821,10929],"jetpack_publicize_connections":[],"yoast_head":"<!-- This site is optimized with the Yoast SEO plugin v19.1 - https:\/\/yoast.com\/wordpress\/plugins\/seo\/ -->\n<title>Video - Karate Team &quot;Ulqini&quot; i pathyesh\u00ebm n\u00eb Podgoric\u00eb - Lajme nga Ulqini<\/title>\n<meta name=\"description\" content=\"KARATE TEAM &quot;ULQINI&quot; MORI PJES\u00cb N\u00cb DY TURNE ND\u00cbRKOMB\u00cbTARE T\u00cb KARATES\u00cb: KUP\u00cbN \u201cOMLADINAC 2009&quot; N\u00cb PODGORIC\u00cb DHE TURNEUN \u201cZAHIR PAJAZITI \u201c N\u00cb KOSOV\u00cb Karate\" \/>\n<meta name=\"robots\" content=\"index, follow, max-snippet:-1, max-image-preview:large, max-video-preview:-1\" \/>\n<link rel=\"canonical\" href=\"https:\/\/www.visit-ulcinj.com\/blog\/2009\/06\/03\/karate-team-ulqini-i-pathyeshem-ne-podgorice\/\" \/>\n<meta property=\"og:locale\" content=\"en_US\" \/>\n<meta property=\"og:type\" content=\"article\" \/>\n<meta property=\"og:title\" content=\"Video - Karate Team &quot;Ulqini&quot; i pathyesh\u00ebm n\u00eb Podgoric\u00eb - Lajme nga Ulqini\" \/>\n<meta property=\"og:description\" content=\"KARATE TEAM &quot;ULQINI&quot; MORI PJES\u00cb N\u00cb DY TURNE ND\u00cbRKOMB\u00cbTARE T\u00cb KARATES\u00cb: KUP\u00cbN \u201cOMLADINAC 2009&quot; N\u00cb PODGORIC\u00cb DHE TURNEUN \u201cZAHIR PAJAZITI \u201c N\u00cb KOSOV\u00cb Karate\" \/>\n<meta property=\"og:url\" content=\"https:\/\/www.visit-ulcinj.com\/blog\/2009\/06\/03\/karate-team-ulqini-i-pathyeshem-ne-podgorice\/\" \/>\n<meta property=\"og:site_name\" content=\"Lajme nga Ulqini\" \/>\n<meta property=\"article:published_time\" content=\"2009-06-03T18:42:15+00:00\" \/>\n<meta property=\"article:modified_time\" content=\"2009-06-04T08:14:57+00:00\" \/>\n<meta property=\"og:image\" content=\"http:\/\/www.visit-ulcinj.com\/blog\/wp-content\/uploads\/2009\/06\/karate-team-ulqini_-ulqini_albulena-590x400-custom.jpg\" \/>\n<meta name=\"twitter:label1\" content=\"Written by\" \/>\n\t<meta name=\"twitter:data1\" content=\"ulqini\" \/>\n\t<meta name=\"twitter:label2\" content=\"Est. reading time\" \/>\n\t<meta name=\"twitter:data2\" content=\"4 minutes\" \/>\n<script type=\"application\/ld+json\" class=\"yoast-schema-graph\">{\"@context\":\"https:\/\/schema.org\",\"@graph\":[{\"@type\":\"WebSite\",\"@id\":\"https:\/\/www.visit-ulcinj.com\/blog\/#website\",\"url\":\"https:\/\/www.visit-ulcinj.com\/blog\/\",\"name\":\"Lajme nga Ulqini\",\"description\":\"Lajme,Vijesti,Ulqini,Ulqin,Crna Gora,Mali i Zi\",\"potentialAction\":[{\"@type\":\"SearchAction\",\"target\":{\"@type\":\"EntryPoint\",\"urlTemplate\":\"https:\/\/www.visit-ulcinj.com\/blog\/?s={search_term_string}\"},\"query-input\":\"required name=search_term_string\"}],\"inLanguage\":\"en-US\"},{\"@type\":\"ImageObject\",\"inLanguage\":\"en-US\",\"@id\":\"https:\/\/www.visit-ulcinj.com\/blog\/2009\/06\/03\/karate-team-ulqini-i-pathyeshem-ne-podgorice\/#primaryimage\",\"url\":\"http:\/\/www.visit-ulcinj.com\/blog\/wp-content\/uploads\/2009\/06\/karate-team-ulqini_-ulqini_albulena-590x400-custom.jpg\",\"contentUrl\":\"http:\/\/www.visit-ulcinj.com\/blog\/wp-content\/uploads\/2009\/06\/karate-team-ulqini_-ulqini_albulena-590x400-custom.jpg\"},{\"@type\":\"WebPage\",\"@id\":\"https:\/\/www.visit-ulcinj.com\/blog\/2009\/06\/03\/karate-team-ulqini-i-pathyeshem-ne-podgorice\/#webpage\",\"url\":\"https:\/\/www.visit-ulcinj.com\/blog\/2009\/06\/03\/karate-team-ulqini-i-pathyeshem-ne-podgorice\/\",\"name\":\"Video - Karate Team \\\"Ulqini\\\" i pathyesh\u00ebm n\u00eb Podgoric\u00eb - Lajme nga Ulqini\",\"isPartOf\":{\"@id\":\"https:\/\/www.visit-ulcinj.com\/blog\/#website\"},\"primaryImageOfPage\":{\"@id\":\"https:\/\/www.visit-ulcinj.com\/blog\/2009\/06\/03\/karate-team-ulqini-i-pathyeshem-ne-podgorice\/#primaryimage\"},\"datePublished\":\"2009-06-03T18:42:15+00:00\",\"dateModified\":\"2009-06-04T08:14:57+00:00\",\"author\":{\"@id\":\"https:\/\/www.visit-ulcinj.com\/blog\/#\/schema\/person\/dcab619c614d3038751c63bc2aadc06d\"},\"description\":\"KARATE TEAM \\\"ULQINI\\\" MORI PJES\u00cb N\u00cb DY TURNE ND\u00cbRKOMB\u00cbTARE T\u00cb KARATES\u00cb: KUP\u00cbN \u201cOMLADINAC 2009\\\" N\u00cb PODGORIC\u00cb DHE TURNEUN \u201cZAHIR PAJAZITI \u201c N\u00cb KOSOV\u00cb Karate\",\"breadcrumb\":{\"@id\":\"https:\/\/www.visit-ulcinj.com\/blog\/2009\/06\/03\/karate-team-ulqini-i-pathyeshem-ne-podgorice\/#breadcrumb\"},\"inLanguage\":\"en-US\",\"potentialAction\":[{\"@type\":\"ReadAction\",\"target\":[\"https:\/\/www.visit-ulcinj.com\/blog\/2009\/06\/03\/karate-team-ulqini-i-pathyeshem-ne-podgorice\/\"]}]},{\"@type\":\"BreadcrumbList\",\"@id\":\"https:\/\/www.visit-ulcinj.com\/blog\/2009\/06\/03\/karate-team-ulqini-i-pathyeshem-ne-podgorice\/#breadcrumb\",\"itemListElement\":[{\"@type\":\"ListItem\",\"position\":1,\"name\":\"Video &#8211; Karate Team &#8220;Ulqini&#8221; i pathyesh\u00ebm n\u00eb Podgoric\u00eb\"}]},{\"@type\":\"Person\",\"@id\":\"https:\/\/www.visit-ulcinj.com\/blog\/#\/schema\/person\/dcab619c614d3038751c63bc2aadc06d\",\"name\":\"ulqini\",\"sameAs\":[\"http:\/\/www.visit-ulcinj.com\"],\"url\":\"https:\/\/www.visit-ulcinj.com\/blog\/author\/admin\/\"}]}<\/script>\n<!-- \/ Yoast SEO plugin. -->","yoast_head_json":{"title":"Video - Karate Team \"Ulqini\" i pathyesh\u00ebm n\u00eb Podgoric\u00eb - Lajme nga Ulqini","description":"KARATE TEAM \"ULQINI\" MORI PJES\u00cb N\u00cb DY TURNE ND\u00cbRKOMB\u00cbTARE T\u00cb KARATES\u00cb: KUP\u00cbN \u201cOMLADINAC 2009\" N\u00cb PODGORIC\u00cb DHE TURNEUN \u201cZAHIR PAJAZITI \u201c N\u00cb KOSOV\u00cb Karate","robots":{"index":"index","follow":"follow","max-snippet":"max-snippet:-1","max-image-preview":"max-image-preview:large","max-video-preview":"max-video-preview:-1"},"canonical":"https:\/\/www.visit-ulcinj.com\/blog\/2009\/06\/03\/karate-team-ulqini-i-pathyeshem-ne-podgorice\/","og_locale":"en_US","og_type":"article","og_title":"Video - Karate Team \"Ulqini\" i pathyesh\u00ebm n\u00eb Podgoric\u00eb - Lajme nga Ulqini","og_description":"KARATE TEAM \"ULQINI\" MORI PJES\u00cb N\u00cb DY TURNE ND\u00cbRKOMB\u00cbTARE T\u00cb KARATES\u00cb: KUP\u00cbN \u201cOMLADINAC 2009\" N\u00cb PODGORIC\u00cb DHE TURNEUN \u201cZAHIR PAJAZITI \u201c N\u00cb KOSOV\u00cb Karate","og_url":"https:\/\/www.visit-ulcinj.com\/blog\/2009\/06\/03\/karate-team-ulqini-i-pathyeshem-ne-podgorice\/","og_site_name":"Lajme nga Ulqini","article_published_time":"2009-06-03T18:42:15+00:00","article_modified_time":"2009-06-04T08:14:57+00:00","og_image":[{"url":"http:\/\/www.visit-ulcinj.com\/blog\/wp-content\/uploads\/2009\/06\/karate-team-ulqini_-ulqini_albulena-590x400-custom.jpg"}],"twitter_misc":{"Written by":"ulqini","Est. reading time":"4 minutes"},"schema":{"@context":"https:\/\/schema.org","@graph":[{"@type":"WebSite","@id":"https:\/\/www.visit-ulcinj.com\/blog\/#website","url":"https:\/\/www.visit-ulcinj.com\/blog\/","name":"Lajme nga Ulqini","description":"Lajme,Vijesti,Ulqini,Ulqin,Crna Gora,Mali i Zi","potentialAction":[{"@type":"SearchAction","target":{"@type":"EntryPoint","urlTemplate":"https:\/\/www.visit-ulcinj.com\/blog\/?s={search_term_string}"},"query-input":"required name=search_term_string"}],"inLanguage":"en-US"},{"@type":"ImageObject","inLanguage":"en-US","@id":"https:\/\/www.visit-ulcinj.com\/blog\/2009\/06\/03\/karate-team-ulqini-i-pathyeshem-ne-podgorice\/#primaryimage","url":"http:\/\/www.visit-ulcinj.com\/blog\/wp-content\/uploads\/2009\/06\/karate-team-ulqini_-ulqini_albulena-590x400-custom.jpg","contentUrl":"http:\/\/www.visit-ulcinj.com\/blog\/wp-content\/uploads\/2009\/06\/karate-team-ulqini_-ulqini_albulena-590x400-custom.jpg"},{"@type":"WebPage","@id":"https:\/\/www.visit-ulcinj.com\/blog\/2009\/06\/03\/karate-team-ulqini-i-pathyeshem-ne-podgorice\/#webpage","url":"https:\/\/www.visit-ulcinj.com\/blog\/2009\/06\/03\/karate-team-ulqini-i-pathyeshem-ne-podgorice\/","name":"Video - Karate Team \"Ulqini\" i pathyesh\u00ebm n\u00eb Podgoric\u00eb - Lajme nga Ulqini","isPartOf":{"@id":"https:\/\/www.visit-ulcinj.com\/blog\/#website"},"primaryImageOfPage":{"@id":"https:\/\/www.visit-ulcinj.com\/blog\/2009\/06\/03\/karate-team-ulqini-i-pathyeshem-ne-podgorice\/#primaryimage"},"datePublished":"2009-06-03T18:42:15+00:00","dateModified":"2009-06-04T08:14:57+00:00","author":{"@id":"https:\/\/www.visit-ulcinj.com\/blog\/#\/schema\/person\/dcab619c614d3038751c63bc2aadc06d"},"description":"KARATE TEAM \"ULQINI\" MORI PJES\u00cb N\u00cb DY TURNE ND\u00cbRKOMB\u00cbTARE T\u00cb KARATES\u00cb: KUP\u00cbN \u201cOMLADINAC 2009\" N\u00cb PODGORIC\u00cb DHE TURNEUN \u201cZAHIR PAJAZITI \u201c N\u00cb KOSOV\u00cb Karate","breadcrumb":{"@id":"https:\/\/www.visit-ulcinj.com\/blog\/2009\/06\/03\/karate-team-ulqini-i-pathyeshem-ne-podgorice\/#breadcrumb"},"inLanguage":"en-US","potentialAction":[{"@type":"ReadAction","target":["https:\/\/www.visit-ulcinj.com\/blog\/2009\/06\/03\/karate-team-ulqini-i-pathyeshem-ne-podgorice\/"]}]},{"@type":"BreadcrumbList","@id":"https:\/\/www.visit-ulcinj.com\/blog\/2009\/06\/03\/karate-team-ulqini-i-pathyeshem-ne-podgorice\/#breadcrumb","itemListElement":[{"@type":"ListItem","position":1,"name":"Video &#8211; Karate Team &#8220;Ulqini&#8221; i pathyesh\u00ebm n\u00eb Podgoric\u00eb"}]},{"@type":"Person","@id":"https:\/\/www.visit-ulcinj.com\/blog\/#\/schema\/person\/dcab619c614d3038751c63bc2aadc06d","name":"ulqini","sameAs":["http:\/\/www.visit-ulcinj.com"],"url":"https:\/\/www.visit-ulcinj.com\/blog\/author\/admin\/"}]}},"jetpack_featured_media_url":"","jetpack_sharing_enabled":true,"jetpack_shortlink":"https:\/\/wp.me\/pe6lTn-5PL","_links":{"self":[{"href":"https:\/\/www.visit-ulcinj.com\/blog\/wp-json\/wp\/v2\/posts\/22429"}],"collection":[{"href":"https:\/\/www.visit-ulcinj.com\/blog\/wp-json\/wp\/v2\/posts"}],"about":[{"href":"https:\/\/www.visit-ulcinj.com\/blog\/wp-json\/wp\/v2\/types\/post"}],"author":[{"embeddable":true,"href":"https:\/\/www.visit-ulcinj.com\/blog\/wp-json\/wp\/v2\/users\/1"}],"replies":[{"embeddable":true,"href":"https:\/\/www.visit-ulcinj.com\/blog\/wp-json\/wp\/v2\/comments?post=22429"}],"version-history":[{"count":0,"href":"https:\/\/www.visit-ulcinj.com\/blog\/wp-json\/wp\/v2\/posts\/22429\/revisions"}],"wp:attachment":[{"href":"https:\/\/www.visit-ulcinj.com\/blog\/wp-json\/wp\/v2\/media?parent=22429"}],"wp:term":[{"taxonomy":"category","embeddable":true,"href":"https:\/\/www.visit-ulcinj.com\/blog\/wp-json\/wp\/v2\/categories?post=22429"},{"taxonomy":"post_tag","embeddable":true,"href":"https:\/\/www.visit-ulcinj.com\/blog\/wp-json\/wp\/v2\/tags?post=22429"}],"curies":[{"name":"wp","href":"https:\/\/api.w.org\/{rel}","templated":true}]}}