{"id":22447,"date":"2009-06-04T13:36:24","date_gmt":"2009-06-04T11:36:24","guid":{"rendered":"http:\/\/www.visit-ulcinj.com\/blog\/?p=22447"},"modified":"2009-06-04T13:36:24","modified_gmt":"2009-06-04T11:36:24","slug":"moore-ambasadoret-nuk-duhet-ta-pengojne-serbine","status":"publish","type":"post","link":"https:\/\/www.visit-ulcinj.com\/blog\/2009\/06\/04\/moore-ambasadoret-nuk-duhet-ta-pengojne-serbine\/","title":{"rendered":"Moore: Ambasador\u00ebt nuk duhet ta pengojn\u00eb Serbin\u00eb"},"content":{"rendered":"<p><img loading=\"lazy\" class=\"alignleft size-full wp-image-22448\" title=\"roderick-moore\" src=\"http:\/\/www.visit-ulcinj.com\/blog\/wp-content\/uploads\/2009\/06\/roderick-moore.jpg\" alt=\"roderick-moore\" width=\"580\" height=\"400\" \/>Ambasadori i Shteteve t\u00eb Bashkuara n\u00eb Mal t\u00eb Zi, Roderick Moore, tha se k\u00ebmbimi eventual i ambasador\u00ebve nd\u00ebrmjet Malit t\u00eb Zi dhe Kosov\u00ebs, nuk do t\u00eb duhej ti \u00e7rregullonte raportet Podgoric\u00eb Beograd. Mendoj se \u00ebsht\u00eb krejt\u00ebsisht e natyrshme q\u00eb dy shtete fqinje, q\u00eb njihen reciprokisht, si\u00e7 jan\u00eb Mali i Zi dhe Kosova, ti k\u00ebmbejn\u00eb ambasador\u00ebt, ka theksuar Moore. Ambasadori Moore vler\u00ebsoi se Shtetet e Bashkuara angazhohen, q\u00eb Podgorica dhe Beogradi ti ken\u00eb marr\u00ebdh\u00ebniet m\u00eb t\u00eb mira t\u00eb mundshme, duke theksuar se n\u00eb nivelin diplomatik ekziston ndonj\u00eb shkall\u00eb e tensionit nd\u00ebrmjet Malit t\u00eb Zi e Serbis\u00eb, por, sipas tij, raportet n\u00ebn k\u00ebt\u00eb nivel jan\u00eb m\u00eb t\u00eb mira. Ai konsideron se qytetar\u00ebt e Malit t\u00eb Zi mund t\u00eb jen\u00eb krenar\u00eb, q\u00eb vendi i tyre ka nd\u00ebrtuar raporte t\u00eb mira me t\u00eb gjitha shtetet e tjera n\u00eb rajon. Shtetet e Bashkuara e \u00e7mojn\u00eb shum\u00eb rolin konstruktiv t\u00eb cilin Mali i Zi e ka n\u00eb k\u00ebt\u00eb plan, tha ambasadori Moore.<\/p>\n<p><strong>Gazeta Sot<\/strong><\/p>\n","protected":false},"excerpt":{"rendered":"<p>Ambasadori i Shteteve t\u00eb Bashkuara n\u00eb Mal t\u00eb Zi, Roderick Moore, tha se k\u00ebmbimi eventual i ambasador\u00ebve nd\u00ebrmjet Malit t\u00eb Zi dhe Kosov\u00ebs, nuk do t\u00eb duhej ti \u00e7rregullonte raportet Podgoric\u00eb Beograd. Mendoj se \u00ebsht\u00eb krejt\u00ebsisht e natyrshme q\u00eb dy shtete fqinje, q\u00eb njihen reciprokisht, si\u00e7 jan\u00eb Mali i Zi dhe Kosova, ti k\u00ebmbejn\u00eb ambasador\u00ebt, [&hellip;]<\/p>\n","protected":false},"author":1,"featured_media":0,"comment_status":"open","ping_status":"closed","sticky":false,"template":"","format":"standard","meta":{"spay_email":"","jetpack_publicize_message":"","jetpack_is_tweetstorm":false,"jetpack_publicize_feature_enabled":true},"categories":[14],"tags":[10955,2862,10956,195,3908],"jetpack_publicize_connections":[],"yoast_head":"<!-- This site is optimized with the Yoast SEO plugin v19.1 - https:\/\/yoast.com\/wordpress\/plugins\/seo\/ -->\n<title>Moore: Ambasador\u00ebt nuk duhet ta pengojn\u00eb Serbin\u00eb - Lajme nga Ulqini<\/title>\n<meta name=\"description\" content=\"Ambasadori i Shteteve t\u00eb Bashkuara n\u00eb Mal t\u00eb Zi, Roderick Moore, tha se k\u00ebmbimi eventual i ambasador\u00ebve nd\u00ebrmjet Malit t\u00eb Zi dhe Kosov\u00ebs, nuk do t\u00eb duhej\" \/>\n<meta name=\"robots\" content=\"index, follow, max-snippet:-1, max-image-preview:large, max-video-preview:-1\" \/>\n<link rel=\"canonical\" href=\"https:\/\/www.visit-ulcinj.com\/blog\/2009\/06\/04\/moore-ambasadoret-nuk-duhet-ta-pengojne-serbine\/\" \/>\n<meta property=\"og:locale\" content=\"en_US\" \/>\n<meta property=\"og:type\" content=\"article\" \/>\n<meta property=\"og:title\" content=\"Moore: Ambasador\u00ebt nuk duhet ta pengojn\u00eb Serbin\u00eb - Lajme nga Ulqini\" \/>\n<meta property=\"og:description\" content=\"Ambasadori i Shteteve t\u00eb Bashkuara n\u00eb Mal t\u00eb Zi, Roderick Moore, tha se k\u00ebmbimi eventual i ambasador\u00ebve nd\u00ebrmjet Malit t\u00eb Zi dhe Kosov\u00ebs, nuk do t\u00eb duhej\" \/>\n<meta property=\"og:url\" content=\"https:\/\/www.visit-ulcinj.com\/blog\/2009\/06\/04\/moore-ambasadoret-nuk-duhet-ta-pengojne-serbine\/\" \/>\n<meta property=\"og:site_name\" content=\"Lajme nga Ulqini\" \/>\n<meta property=\"article:published_time\" content=\"2009-06-04T11:36:24+00:00\" \/>\n<meta property=\"og:image\" content=\"http:\/\/www.visit-ulcinj.com\/blog\/wp-content\/uploads\/2009\/06\/roderick-moore.jpg\" \/>\n<meta name=\"twitter:label1\" content=\"Written by\" \/>\n\t<meta name=\"twitter:data1\" content=\"ulqini\" \/>\n\t<meta name=\"twitter:label2\" content=\"Est. reading time\" \/>\n\t<meta name=\"twitter:data2\" content=\"1 minute\" \/>\n<script type=\"application\/ld+json\" class=\"yoast-schema-graph\">{\"@context\":\"https:\/\/schema.org\",\"@graph\":[{\"@type\":\"WebSite\",\"@id\":\"https:\/\/www.visit-ulcinj.com\/blog\/#website\",\"url\":\"https:\/\/www.visit-ulcinj.com\/blog\/\",\"name\":\"Lajme nga Ulqini\",\"description\":\"Lajme,Vijesti,Ulqini,Ulqin,Crna Gora,Mali i Zi\",\"potentialAction\":[{\"@type\":\"SearchAction\",\"target\":{\"@type\":\"EntryPoint\",\"urlTemplate\":\"https:\/\/www.visit-ulcinj.com\/blog\/?s={search_term_string}\"},\"query-input\":\"required name=search_term_string\"}],\"inLanguage\":\"en-US\"},{\"@type\":\"ImageObject\",\"inLanguage\":\"en-US\",\"@id\":\"https:\/\/www.visit-ulcinj.com\/blog\/2009\/06\/04\/moore-ambasadoret-nuk-duhet-ta-pengojne-serbine\/#primaryimage\",\"url\":\"https:\/\/www.visit-ulcinj.com\/blog\/wp-content\/uploads\/2009\/06\/roderick-moore.jpg\",\"contentUrl\":\"https:\/\/www.visit-ulcinj.com\/blog\/wp-content\/uploads\/2009\/06\/roderick-moore.jpg\",\"width\":\"460\",\"height\":\"448\"},{\"@type\":\"WebPage\",\"@id\":\"https:\/\/www.visit-ulcinj.com\/blog\/2009\/06\/04\/moore-ambasadoret-nuk-duhet-ta-pengojne-serbine\/#webpage\",\"url\":\"https:\/\/www.visit-ulcinj.com\/blog\/2009\/06\/04\/moore-ambasadoret-nuk-duhet-ta-pengojne-serbine\/\",\"name\":\"Moore: Ambasador\u00ebt nuk duhet ta pengojn\u00eb Serbin\u00eb - Lajme nga Ulqini\",\"isPartOf\":{\"@id\":\"https:\/\/www.visit-ulcinj.com\/blog\/#website\"},\"primaryImageOfPage\":{\"@id\":\"https:\/\/www.visit-ulcinj.com\/blog\/2009\/06\/04\/moore-ambasadoret-nuk-duhet-ta-pengojne-serbine\/#primaryimage\"},\"datePublished\":\"2009-06-04T11:36:24+00:00\",\"dateModified\":\"2009-06-04T11:36:24+00:00\",\"author\":{\"@id\":\"https:\/\/www.visit-ulcinj.com\/blog\/#\/schema\/person\/dcab619c614d3038751c63bc2aadc06d\"},\"description\":\"Ambasadori i Shteteve t\u00eb Bashkuara n\u00eb Mal t\u00eb Zi, Roderick Moore, tha se k\u00ebmbimi eventual i ambasador\u00ebve nd\u00ebrmjet Malit t\u00eb Zi dhe Kosov\u00ebs, nuk do t\u00eb duhej\",\"breadcrumb\":{\"@id\":\"https:\/\/www.visit-ulcinj.com\/blog\/2009\/06\/04\/moore-ambasadoret-nuk-duhet-ta-pengojne-serbine\/#breadcrumb\"},\"inLanguage\":\"en-US\",\"potentialAction\":[{\"@type\":\"ReadAction\",\"target\":[\"https:\/\/www.visit-ulcinj.com\/blog\/2009\/06\/04\/moore-ambasadoret-nuk-duhet-ta-pengojne-serbine\/\"]}]},{\"@type\":\"BreadcrumbList\",\"@id\":\"https:\/\/www.visit-ulcinj.com\/blog\/2009\/06\/04\/moore-ambasadoret-nuk-duhet-ta-pengojne-serbine\/#breadcrumb\",\"itemListElement\":[{\"@type\":\"ListItem\",\"position\":1,\"name\":\"Moore: Ambasador\u00ebt nuk duhet ta pengojn\u00eb Serbin\u00eb\"}]},{\"@type\":\"Person\",\"@id\":\"https:\/\/www.visit-ulcinj.com\/blog\/#\/schema\/person\/dcab619c614d3038751c63bc2aadc06d\",\"name\":\"ulqini\",\"sameAs\":[\"http:\/\/www.visit-ulcinj.com\"],\"url\":\"https:\/\/www.visit-ulcinj.com\/blog\/author\/admin\/\"}]}<\/script>\n<!-- \/ Yoast SEO plugin. -->","yoast_head_json":{"title":"Moore: Ambasador\u00ebt nuk duhet ta pengojn\u00eb Serbin\u00eb - Lajme nga Ulqini","description":"Ambasadori i Shteteve t\u00eb Bashkuara n\u00eb Mal t\u00eb Zi, Roderick Moore, tha se k\u00ebmbimi eventual i ambasador\u00ebve nd\u00ebrmjet Malit t\u00eb Zi dhe Kosov\u00ebs, nuk do t\u00eb duhej","robots":{"index":"index","follow":"follow","max-snippet":"max-snippet:-1","max-image-preview":"max-image-preview:large","max-video-preview":"max-video-preview:-1"},"canonical":"https:\/\/www.visit-ulcinj.com\/blog\/2009\/06\/04\/moore-ambasadoret-nuk-duhet-ta-pengojne-serbine\/","og_locale":"en_US","og_type":"article","og_title":"Moore: Ambasador\u00ebt nuk duhet ta pengojn\u00eb Serbin\u00eb - Lajme nga Ulqini","og_description":"Ambasadori i Shteteve t\u00eb Bashkuara n\u00eb Mal t\u00eb Zi, Roderick Moore, tha se k\u00ebmbimi eventual i ambasador\u00ebve nd\u00ebrmjet Malit t\u00eb Zi dhe Kosov\u00ebs, nuk do t\u00eb duhej","og_url":"https:\/\/www.visit-ulcinj.com\/blog\/2009\/06\/04\/moore-ambasadoret-nuk-duhet-ta-pengojne-serbine\/","og_site_name":"Lajme nga Ulqini","article_published_time":"2009-06-04T11:36:24+00:00","og_image":[{"url":"http:\/\/www.visit-ulcinj.com\/blog\/wp-content\/uploads\/2009\/06\/roderick-moore.jpg"}],"twitter_misc":{"Written by":"ulqini","Est. reading time":"1 minute"},"schema":{"@context":"https:\/\/schema.org","@graph":[{"@type":"WebSite","@id":"https:\/\/www.visit-ulcinj.com\/blog\/#website","url":"https:\/\/www.visit-ulcinj.com\/blog\/","name":"Lajme nga Ulqini","description":"Lajme,Vijesti,Ulqini,Ulqin,Crna Gora,Mali i Zi","potentialAction":[{"@type":"SearchAction","target":{"@type":"EntryPoint","urlTemplate":"https:\/\/www.visit-ulcinj.com\/blog\/?s={search_term_string}"},"query-input":"required name=search_term_string"}],"inLanguage":"en-US"},{"@type":"ImageObject","inLanguage":"en-US","@id":"https:\/\/www.visit-ulcinj.com\/blog\/2009\/06\/04\/moore-ambasadoret-nuk-duhet-ta-pengojne-serbine\/#primaryimage","url":"https:\/\/www.visit-ulcinj.com\/blog\/wp-content\/uploads\/2009\/06\/roderick-moore.jpg","contentUrl":"https:\/\/www.visit-ulcinj.com\/blog\/wp-content\/uploads\/2009\/06\/roderick-moore.jpg","width":"460","height":"448"},{"@type":"WebPage","@id":"https:\/\/www.visit-ulcinj.com\/blog\/2009\/06\/04\/moore-ambasadoret-nuk-duhet-ta-pengojne-serbine\/#webpage","url":"https:\/\/www.visit-ulcinj.com\/blog\/2009\/06\/04\/moore-ambasadoret-nuk-duhet-ta-pengojne-serbine\/","name":"Moore: Ambasador\u00ebt nuk duhet ta pengojn\u00eb Serbin\u00eb - Lajme nga Ulqini","isPartOf":{"@id":"https:\/\/www.visit-ulcinj.com\/blog\/#website"},"primaryImageOfPage":{"@id":"https:\/\/www.visit-ulcinj.com\/blog\/2009\/06\/04\/moore-ambasadoret-nuk-duhet-ta-pengojne-serbine\/#primaryimage"},"datePublished":"2009-06-04T11:36:24+00:00","dateModified":"2009-06-04T11:36:24+00:00","author":{"@id":"https:\/\/www.visit-ulcinj.com\/blog\/#\/schema\/person\/dcab619c614d3038751c63bc2aadc06d"},"description":"Ambasadori i Shteteve t\u00eb Bashkuara n\u00eb Mal t\u00eb Zi, Roderick Moore, tha se k\u00ebmbimi eventual i ambasador\u00ebve nd\u00ebrmjet Malit t\u00eb Zi dhe Kosov\u00ebs, nuk do t\u00eb duhej","breadcrumb":{"@id":"https:\/\/www.visit-ulcinj.com\/blog\/2009\/06\/04\/moore-ambasadoret-nuk-duhet-ta-pengojne-serbine\/#breadcrumb"},"inLanguage":"en-US","potentialAction":[{"@type":"ReadAction","target":["https:\/\/www.visit-ulcinj.com\/blog\/2009\/06\/04\/moore-ambasadoret-nuk-duhet-ta-pengojne-serbine\/"]}]},{"@type":"BreadcrumbList","@id":"https:\/\/www.visit-ulcinj.com\/blog\/2009\/06\/04\/moore-ambasadoret-nuk-duhet-ta-pengojne-serbine\/#breadcrumb","itemListElement":[{"@type":"ListItem","position":1,"name":"Moore: Ambasador\u00ebt nuk duhet ta pengojn\u00eb Serbin\u00eb"}]},{"@type":"Person","@id":"https:\/\/www.visit-ulcinj.com\/blog\/#\/schema\/person\/dcab619c614d3038751c63bc2aadc06d","name":"ulqini","sameAs":["http:\/\/www.visit-ulcinj.com"],"url":"https:\/\/www.visit-ulcinj.com\/blog\/author\/admin\/"}]}},"jetpack_featured_media_url":"","jetpack_sharing_enabled":true,"jetpack_shortlink":"https:\/\/wp.me\/pe6lTn-5Q3","_links":{"self":[{"href":"https:\/\/www.visit-ulcinj.com\/blog\/wp-json\/wp\/v2\/posts\/22447"}],"collection":[{"href":"https:\/\/www.visit-ulcinj.com\/blog\/wp-json\/wp\/v2\/posts"}],"about":[{"href":"https:\/\/www.visit-ulcinj.com\/blog\/wp-json\/wp\/v2\/types\/post"}],"author":[{"embeddable":true,"href":"https:\/\/www.visit-ulcinj.com\/blog\/wp-json\/wp\/v2\/users\/1"}],"replies":[{"embeddable":true,"href":"https:\/\/www.visit-ulcinj.com\/blog\/wp-json\/wp\/v2\/comments?post=22447"}],"version-history":[{"count":0,"href":"https:\/\/www.visit-ulcinj.com\/blog\/wp-json\/wp\/v2\/posts\/22447\/revisions"}],"wp:attachment":[{"href":"https:\/\/www.visit-ulcinj.com\/blog\/wp-json\/wp\/v2\/media?parent=22447"}],"wp:term":[{"taxonomy":"category","embeddable":true,"href":"https:\/\/www.visit-ulcinj.com\/blog\/wp-json\/wp\/v2\/categories?post=22447"},{"taxonomy":"post_tag","embeddable":true,"href":"https:\/\/www.visit-ulcinj.com\/blog\/wp-json\/wp\/v2\/tags?post=22447"}],"curies":[{"name":"wp","href":"https:\/\/api.w.org\/{rel}","templated":true}]}}